{"id":79761002,"date":"2026-01-23T15:11:40","date_gmt":"2026-01-23T18:11:40","guid":{"rendered":"https:\/\/faculdade.grancursosonline.com.br\/blog\/?p=79761002"},"modified":"2026-01-23T15:51:07","modified_gmt":"2026-01-23T18:51:07","slug":"edital-fies-2026","status":"publish","type":"post","link":"https:\/\/faculdade.grancursosonline.com.br\/blog\/edital-fies-2026\/","title":{"rendered":"Fies 2026: edital publicado! Confira datas e crit\u00e9rios de sele\u00e7\u00e3o"},"content":{"rendered":"\n<p>O Minist\u00e9rio da Educa\u00e7\u00e3o acaba de dar o sinal verde para quem busca o financiamento da gradua\u00e7\u00e3o: o edital Fies 2026 para o primeiro semestre j\u00e1 est\u00e1 dispon\u00edvel e nele voc\u00ea pode conferir todas as informa\u00e7\u00f5es sobre a sele\u00e7\u00e3o deste ano.<\/p>\n\n\n\n<p>Com as datas oficialmente confirmadas, agora come\u00e7a a corrida contra o tempo para organizar a documenta\u00e7\u00e3o e entender as mudan\u00e7as desta edi\u00e7\u00e3o. <\/p>\n\n\n\n<p>Se voc\u00ea pretende utilizar sua nota do Enem para financiar seus estudos em 2026, confira abaixo os pontos principais do edital e prepare-se para garantir a sua vaga.<\/p>\n\n\n\n<div class=\"wp-block-columns is-layout-flex wp-container-core-columns-is-layout-9d6595d7 wp-block-columns-is-layout-flex\">\n<div class=\"wp-block-column is-layout-flow wp-block-column-is-layout-flow\" style=\"flex-basis:100%\"><div class=\"wp-block-image\">\n<figure class=\"aligncenter size-full\"><a href=\"https:\/\/whatsapp.com\/channel\/0029VaG1sChI7Be7PNndhL43\" target=\"_blank\" rel=\"noopener\"><img decoding=\"async\" src=\"https:\/\/blog-es-static.infra.grancursosonline.com.br\/wp-content\/uploads\/2025\/09\/09112354\/banner-wp-600x142-80.webp\" alt=\"Acesse o canal do WhatsApp da Gran Faculdade\" class=\"wp-image-79751904\"\/><\/a><\/figure>\n<\/div><\/div>\n<\/div>\n\n\n\n<p>Continue lendo o post ou navegue pelo \u00edndice:<\/p>\n\n\n\n<ul class=\"wp-block-list\">\n<li><a href=\"#h-calendario-fies-2026-confira-as-datas-das-inscricoes-e-resultados\">Calend\u00e1rio Fies 2026: Confira as datas das inscri\u00e7\u00f5es e resultados<\/a><\/li>\n\n\n\n<li><a href=\"#h-quem-pode-se-inscrever-no-fies-do-1\u00ba-semestre\">Quem pode se inscrever no Fies do 1\u00ba semestre?<\/a><\/li>\n\n\n\n<li><a href=\"#h-vagas-fies-2026\">Vagas Fies 2026<\/a><\/li>\n\n\n\n<li><a href=\"#h-como-se-inscrever-no-fies-2026\">Como se inscrever no Fies 2026?<\/a><\/li>\n\n\n\n<li><a href=\"#h-como-funciona-a-selecao-do-fies-do-1\u00ba-semestre\">Como funciona a sele\u00e7\u00e3o do Fies do 1\u00ba semestre?<\/a><\/li>\n\n\n\n<li><a href=\"#h-quem-nao-pode-participar-do-fies-2026\">Quem n\u00e3o pode participar do Fies 2026?<\/a><\/li>\n\n\n\n<li><a href=\"#h-fies-social-entenda-as-condicoes-para-o-financiamento\">Fies Social: Entenda as condi\u00e7\u00f5es para o financiamento<\/a><\/li>\n\n\n\n<li><a href=\"#h-vem-pra-gran-faculdade\">Vem pra Gran Faculdade!<\/a><\/li>\n<\/ul>\n\n\n\n<h2 class=\"wp-block-heading\" id=\"h-calendario-fies-2026-confira-as-datas-das-inscricoes-e-resultados\">Calend\u00e1rio Fies 2026: confira as datas das inscri\u00e7\u00f5es e resultados<\/h2>\n\n\n\n<p><br>O cronograma do primeiro semestre de 2026 j\u00e1 est\u00e1 definido e o per\u00edodo de inscri\u00e7\u00f5es \u00e9 curto, exigindo aten\u00e7\u00e3o redobrada dos candidatos.<\/p>\n\n\n\n<p>Por isso, \u00e9 fundamental realizar o acesso ao sistema logo nos primeiros dias para evitar congestionamentos e garantir que sua escolha de curso seja registrada com sucesso.<\/p>\n\n\n\n<p>De acordo com o <a href=\"https:\/\/blog-es-static.infra.grancursosonline.com.br\/wp-content\/uploads\/2026\/01\/23152505\/edital-fies-2026-completo.pdf\" target=\"_blank\" rel=\"noopener\">edital publicado pelo MEC<\/a>, as principais datas que voc\u00ea precisa salvar no seu calend\u00e1rio s\u00e3o:<\/p>\n\n\n\n<ul class=\"wp-block-list\">\n<li><strong>Inscri\u00e7\u00f5es<\/strong>: de 3 a 6 de fevereiro de 2026;<\/li>\n\n\n\n<li><strong>Resultado (chamada \u00fanica)<\/strong>: 19 de fevereiro de 2026;<\/li>\n\n\n\n<li><strong>Complementa\u00e7\u00e3o da inscri\u00e7\u00e3o (aprovados)<\/strong>: 20 a 24 de fevereiro de 2026;<\/li>\n\n\n\n<li><strong>Pr\u00e9-sele\u00e7\u00e3o da lista de espera<\/strong>: 26 de fevereiro a 10 de abril de 2026.<\/li>\n<\/ul>\n\n\n\n<h2 class=\"wp-block-heading\" id=\"h-quem-pode-se-inscrever-no-fies-do-1\u00ba-semestre\">Quem pode se inscrever no Fies do 1\u00ba semestre?<\/h2>\n\n\n\n<p>Para participar do processo seletivo do Fies neste primeiro semestre, o estudante precisa cumprir requisitos b\u00e1sicos de desempenho no Enem e perfil socioecon\u00f4mico.<\/p>\n\n\n\n<p>Isso porque, diferente de outros programas, o Fies permite o uso de notas de edi\u00e7\u00f5es mais antigas, o que amplia as chances de quem j\u00e1 vem tentando uma vaga. <\/p>\n\n\n\n<p>Os crit\u00e9rios s\u00e3o:<\/p>\n\n\n\n<ul class=\"wp-block-list\">\n<li><strong>Enem<\/strong>: Ter participado de qualquer edi\u00e7\u00e3o do exame a partir de 2010;<\/li>\n\n\n\n<li><strong>Desempenho<\/strong>: M\u00e9dia m\u00ednima de 450 pontos nas provas e nota superior a zero na reda\u00e7\u00e3o do Enem. Al\u00e9m disso, n\u00e3o ter participado na condi\u00e7\u00e3o de treineiro;<\/li>\n\n\n\n<li><strong>Renda<\/strong>: Possuir renda familiar bruta mensal de at\u00e9 3 sal\u00e1rios m\u00ednimos por pessoa;<\/li>\n\n\n\n<li><strong>V\u00ednculo<\/strong>: Ser\u00e3o vetados os candidatos que estiverem com financiamento ativo pelo Fies ou ter conclu\u00eddo curso superior com financiamento do Fies anteriormente.<\/li>\n<\/ul>\n\n\n\n<h3 class=\"wp-block-heading\" id=\"h-vagas-fies-2026\"><a href=\"#h-vagas-fies-2026\">Vagas Fies 2026<\/a><\/h3>\n\n\n\n<p>Ao longo do ano de 2026, o MEC ofertar\u00e1 cerca de 112 mil vagas de ingresso no ensino superior atrav\u00e9s do Fies.<\/p>\n\n\n\n<p>Para este primeiro semestre, ser\u00e3o disponibilizadas 67.301 vagas para financiamento.<\/p>\n\n\n\n<h2 class=\"wp-block-heading\" id=\"h-como-se-inscrever-no-fies-2026\">Como se inscrever no Fies 2026?<\/h2>\n\n\n\n<p>Conforme descrito no edital Fies 2026, as inscri\u00e7\u00f5es ser\u00e3o feitas exclusivamente pela internet, atrav\u00e9s do Portal de Acesso \u00danico ao Ensino Superior (acessounico.mec.gov.br\/fies).<\/p>\n\n\n\n<p>Para efetivar a candidatura, \u00e9 obrigat\u00f3rio possuir uma conta no sistema gov.br. Caso ainda n\u00e3o tenha, o estudante deve criar o cadastro antes de prosseguir com a inscri\u00e7\u00e3o.<\/p>\n\n\n\n<h2 class=\"wp-block-heading\" id=\"h-como-funciona-a-selecao-do-fies-do-1\u00ba-semestre\">Como funciona a sele\u00e7\u00e3o do Fies do 1\u00ba semestre?<\/h2>\n\n\n\n<p>A sele\u00e7\u00e3o de candidatos para participar do Fies 2026 \u00e9 feita de acordo com as seguintes condi\u00e7\u00f5es:<\/p>\n\n\n\n<ul class=\"wp-block-list\">\n<li><strong>Melhor nota<\/strong>: o sistema utilizar\u00e1 automaticamente a edi\u00e7\u00e3o do Enem em que o candidato obteve a maior m\u00e9dia para fins de classifica\u00e7\u00e3o;<\/li>\n\n\n\n<li><strong>Pr\u00e9-sele\u00e7\u00e3o<\/strong>: o edital prev\u00ea que cumprir os requisitos de nota e renda garante a inscri\u00e7\u00e3o, mas a concess\u00e3o do financiamento depende da classifica\u00e7\u00e3o final e da disponibilidade de vagas.<\/li>\n<\/ul>\n\n\n\n<p>Neste sentido, ser\u00e1 priorizada a seguinte ordem de classifica\u00e7\u00e3o dos candidatos:<\/p>\n\n\n\n<ol class=\"wp-block-list\">\n<li>Estudantes que n\u00e3o tenham terminado o ensino superior e n\u00e3o tenham sido beneficiados pelo Fies;<\/li>\n\n\n\n<li>Estudantes que n\u00e3o tenham conclu\u00eddo o ensino superior, tenham sido beneficiados pelo Fies e o tenham quitado;<\/li>\n\n\n\n<li>Estudantes que j\u00e1 tenham conclu\u00eddo o ensino superior e n\u00e3o tenham sido beneficiados pelo Fies;<\/li>\n\n\n\n<li>Estudantes que j\u00e1 tenham conclu\u00eddo o ensino superior, tenham sido beneficiados pelo Fies e o tenham quitado.<\/li>\n<\/ol>\n\n\n\n<h3 class=\"wp-block-heading\" id=\"h-quem-nao-pode-participar-do-fies-2026\">Quem n\u00e3o pode participar do Fies 2026?<\/h3>\n\n\n\n<p>Al\u00e9m dos crit\u00e9rios de sele\u00e7\u00e3o, o edital Fies 2026 tamb\u00e9m menciona as condi\u00e7\u00f5es que restringem a participa\u00e7\u00e3o no programa. S\u00e3o elas:<\/p>\n\n\n\n<ul class=\"wp-block-list\">\n<li>Quem tem uma inscri\u00e7\u00e3o postergada de processos seletivos passados precisar\u00e1 concordar com o cancelamento dela para iniciar uma nova;<\/li>\n\n\n\n<li>Candidatos que n\u00e3o quitaram financiamentos anteriores do Fies ou do antigo CREDUC;<\/li>\n\n\n\n<li>Candidatos que j\u00e1 estejam usufruindo de outro financiamento estudantil ativo.<\/li>\n<\/ul>\n\n\n\n<h2 class=\"wp-block-heading\" id=\"h-fies-social-entenda-as-condicoes-para-o-financiamento\">Fies Social: entenda as condi\u00e7\u00f5es para o financiamento <\/h2>\n\n\n\n<p>Os estudantes que t\u00eam cadastro ativo no Cad\u00danico e possuem renda familiar de at\u00e9 meio sal\u00e1rio m\u00ednimo, ser\u00e3o beneficiados por uma reserva de 50% das vagas destinada \u00e0 este grupo.<\/p>\n\n\n\n<p>Se o estudante pr\u00e9-selecionado atender \u00e0s regras do Fies Social, ser\u00e1 poss\u00edvel fazer a contrata\u00e7\u00e3o do financiamento integral, no qual at\u00e9 10% dos encargos educacionais tamb\u00e9m s\u00e3o cobertos.<\/p>\n\n\n\n<p>De acordo com o MEC, os estudantes ativos no Cad\u00danico podem ser dispensados da comprova\u00e7\u00e3o de renda familiar, mas poder\u00e3o ser chamados para a valida\u00e7\u00e3o de informa\u00e7\u00f5es junto \u00e0 Comiss\u00e3o Permanente de Supervis\u00e3o e Acompanhamento (CPSA).<\/p>\n\n\n\n<h2 class=\"wp-block-heading\" id=\"h-vem-pra-gran-faculdade\">Vem pra Gran Faculdade!<\/h2>\n\n\n\n<p>A Gran Faculdade vem mudando a vida de milhares de pessoas por meio de cursos \u00e0 dist\u00e2ncia de <a href=\"https:\/\/faculdade.grancursosonline.com.br\/\" target=\"_blank\" rel=\"noreferrer noopener\">gradua\u00e7\u00e3o<\/a>, <a href=\"https:\/\/pos.grancursosonline.com.br\/\" target=\"_blank\" rel=\"noreferrer noopener\">p\u00f3s-gradua\u00e7\u00e3o<\/a> e <a href=\"https:\/\/pos.grancursosonline.com.br\/mba\" target=\"_blank\" rel=\"noreferrer noopener\">MBA<\/a>. Seja no digital ou em nosso <a href=\"https:\/\/presencial.grancursosonline.com.br\/\" target=\"_blank\" rel=\"noreferrer noopener\">Campus Presencial em Curitiba<\/a>, a nossa miss\u00e3o \u00e9 transformar a educa\u00e7\u00e3o superior.<\/p>\n\n\n\n<p>Como parte de Sistema Gran de Ensino, que \u00e9 reconhecido como marca aprovadora h\u00e1 mais de 10 anos, constru\u00edmos uma renomada reputa\u00e7\u00e3o na \u00e1rea de educa\u00e7\u00e3o.<\/p>\n\n\n\n<p>Veja algumas de nossas conquistas:<\/p>\n\n\n\n<ul class=\"wp-block-list\">\n<li>Reconhecido pela Amazon como um dos projetos mais relevantes do mundo na \u00e1rea de Tecnologia e Educa\u00e7\u00e3o;<\/li>\n\n\n\n<li>Foi eleito pelo Project Management Institute (PMI), um dos 50 Projetos Mais Influentes do mundo;<\/li>\n\n\n\n<li>Somos o site de educa\u00e7\u00e3o mais acessado do Brasil;<\/li>\n\n\n\n<li>Somos avaliados com a nota m\u00e1xima pelo MEC;<\/li>\n\n\n\n<li>Aqui o semestre come\u00e7a quando quiser: entrada imediata e cont\u00ednua!<\/li>\n\n\n\n<li>Melhores pre\u00e7os do mercado;<\/li>\n\n\n\n<li>Mais de 800 mil alunos pagantes e mais de 1000 funcion\u00e1rios;<\/li>\n\n\n\n<li>Diversas ferramentas de estudo: PDFs, audiobooks, mapas mentais, videoaulas, quest\u00f5es, gerenciador de estudos e muito mais!<\/li>\n\n\n\n<li>Professores experientes e capacitados;<\/li>\n\n\n\n<li>Acesso imediato e 100% online.<\/li>\n<\/ul>\n\n\n\n<p class=\"has-text-align-center has-text-align-center\"><strong><a href=\"https:\/\/faculdade.grancursosonline.com.br\/\">Quero ser aluno da Gran Faculdade<\/a><\/strong><\/p>\n\n\n\n<p>Gostou das vantagens de estudar na Gran Faculdade? Caso o financiamento estudantil n\u00e3o seja uma realidade para voc\u00ea agora, a Gran Faculdade disponibiliza cupons de desconto que democratizam o acesso ao ensino superior por meio de um corpo docente renomado e matriz curricular avaliada com nota m\u00e1xima pelo MEC.<\/p>\n\n\n\n<div class=\"wp-block-group\"><div class=\"wp-block-group__inner-container is-layout-constrained wp-block-group-is-layout-constrained\">\n<h3 class=\"wp-block-heading\" id=\"h-cupons-de-desconto-graduacao-ead\">Cupons de desconto Gradua\u00e7\u00e3o EAD<\/h3>\n\n\n\n<p>Confira os descontos abaixo e selecione a op\u00e7\u00e3o que melhor se encaixa para voc\u00ea (<strong>valores v\u00e1lidos at\u00e9 o preenchimento das vagas<\/strong> <strong>dispon\u00edveis<\/strong>, os valores para sua matr\u00edcula ser\u00e3o os exibidos no site de compra na hora de fazer sua matr\u00edcula):<\/p>\n\n\n\n<figure class=\"wp-block-table\"><div class=\"container-tabela\"><table><tbody><tr><td>Categoria<\/td><td>Valor mensal<\/td><td>Cupom<\/td><\/tr><tr><td>Gradua\u00e7\u00e3o Social + Mulher<\/td><td>a partir de 12x de <strong><strong><strong><strong>R$ 89,90<\/strong><\/strong><\/strong><\/strong> <\/td><td>GRADSOCIALGRAN<\/td><\/tr><tr><td>Gradua\u00e7\u00e3o Alunos e Ex-alunos Gran<\/td><td>a partir de 12x de <strong><strong><strong><strong>R$ 89,90<\/strong><\/strong><\/strong><\/strong> <\/td><td>GRADALUNOGRAN<\/td><\/tr><tr><td>Gradua\u00e7\u00e3o Novos Alunos<\/td><td>a partir de 12x de <strong><strong><strong><strong>R$ 99,90<\/strong><\/strong><\/strong><\/strong><\/td><td>NOVOGRADGRAN<\/td><\/tr><\/tbody><\/table><\/div><\/figure>\n\n\n\n<p>Al\u00e9m disso, voc\u00ea pode obter 5% de desconto fazendo o pagamento \u00e0 vista!<\/p>\n\n\n\n<p class=\"has-text-align-center\"><strong><a href=\"https:\/\/faculdade.grancursosonline.com.br\/\" target=\"_blank\" rel=\"noopener\">Garanta sua matr\u00edcula com desconto!<\/a><\/strong><\/p>\n<\/div><\/div>\n\n\n\n<div class=\"wp-block-group\"><div class=\"wp-block-group__inner-container is-layout-constrained wp-block-group-is-layout-constrained\">\n<div class=\"wp-block-group\"><div class=\"wp-block-group__inner-container is-layout-constrained wp-block-group-is-layout-constrained\">\n<section style=\"text-align: center;\">\n<p>Quer ficar por dentro da Faculdade Digital mais inovadora do Brasil?<\/p>\n<nav>\n<p class=\"has-background has-dark-bluish-background-color\" style=\"font-size: 25px; text-align: center; background: #f0f0f0; color: #ffffff; padding: 4px 0px 4xp 0px;\"><a style=\"color: #0d134c; text-decoration: underline;\" href=\"https:\/\/faculdade.grancursosonline.com.br\/\" target=\"_blank\" rel=\"noopener\">GRADUA\u00c7\u00c3O<\/a><\/p>\n<p class=\"has-background has-dark-bluish-background-color\" style=\"font-size: 25px; text-align: center; background: #f0f0f0; color: #ffffff; padding: 4px 0px 4xp 0px;\"><a style=\"color: #0d134c; text-decoration: underline;\" href=\"https:\/\/pos.grancursosonline.com.br\/\" target=\"_blank\" rel=\"noopener\">P\u00d3S-GRADUA\u00c7\u00c3O<\/a><\/p>\n<p class=\"has-background has-dark-bluish-background-color\" style=\"font-size: 25px; text-align: center; background: #f0f0f0; color: #ffffff; padding: 4px 0px 4xp 0px;\"><a style=\"color: #0d134c; text-decoration: underline;\" href=\"https:\/\/faculdade.grancursosonline.com.br\/nossos-cursos\/\" target=\"_blank\" rel=\"noopener\">TUDO SOBRE A GRAN FACULDADE<\/a><\/p>\n<\/nav>\n<p><strong>Receba <span style=\"color: #cf1e25;\">gratuitamente<\/span> no seu celular as principais not\u00edcias sobre a Gran Faculdade! <br \/>Clique no link abaixo e inscreva-se:<\/strong><\/p>\n<p class=\"has-background has-dark-bluish-background-color\" style=\"font-size: 25px; text-align: center; background: #f0f0f0; color: #ffffff; padding: 4px 0px 4xp 0px;\"><a style=\"color: #0d134c; text-decoration: underline;\" href=\"https:\/\/whatsapp.com\/channel\/0029VaG1sChI7Be7PNndhL43\" target=\"_blank\" rel=\"noopener noreferrer\">WHATSAPP<\/a><\/p>\n<p class=\"has-background has-dark-bluish-background-color\" style=\"font-size: 25px; text-align: center; background: #f0f0f0; color: #ffffff; padding: 4px 0px 4xp 0px;\"><a style=\"color: #0d134c; text-decoration: underline;\" href=\"https:\/\/t.me\/GranFaculdade\" target=\"_blank\" rel=\"noopener noreferrer\">TELEGRAM<\/a><\/p>\n<\/section>\n<\/div><\/div>\n<\/div><\/div>\n","protected":false},"excerpt":{"rendered":"<p>O Minist\u00e9rio da Educa\u00e7\u00e3o acaba de dar o sinal verde para quem busca o financiamento da gradua\u00e7\u00e3o: o edital Fies 2026 para o primeiro semestre j\u00e1 est\u00e1 dispon\u00edvel e nele voc\u00ea pode conferir todas as informa\u00e7\u00f5es sobre a sele\u00e7\u00e3o deste ano. Com as datas oficialmente confirmadas, agora come\u00e7a a corrida contra o tempo para organizar&hellip;<\/p>\n","protected":false},"author":513,"featured_media":79761004,"comment_status":"open","ping_status":"open","sticky":false,"template":"","format":"standard","meta":{"_acf_changed":false,"content-type":"","footnotes":""},"categories":[218665,2],"tags":[],"class_list":["post-79761002","post","type-post","status-publish","format-standard","has-post-thumbnail","hentry","category-fies","category-ultimas-noticias"],"acf":[],"yoast_head":"<!-- This site is optimized with the Yoast SEO Premium plugin v27.2 (Yoast SEO v27.2) - https:\/\/yoast.com\/product\/yoast-seo-premium-wordpress\/ -->\n<title>Fies 2026: edital publicado! Confira datas e crit\u00e9rios de sele\u00e7\u00e3o<\/title>\n<meta name=\"description\" content=\"O edital Fies 2026 foi publicado nesta sexta-feira. Clique e saiba mais sobre o financiamento, as etapas e prazos do programa.\" \/>\n<meta name=\"robots\" content=\"index, follow, max-snippet:-1, max-image-preview:large, max-video-preview:-1\" \/>\n<link rel=\"canonical\" href=\"https:\/\/faculdade.grancursosonline.com.br\/blog\/edital-fies-2026\/\" \/>\n<meta property=\"og:locale\" content=\"pt_BR\" \/>\n<meta property=\"og:type\" content=\"article\" \/>\n<meta property=\"og:title\" content=\"Fies 2026: edital publicado! Confira datas e crit\u00e9rios de sele\u00e7\u00e3o\" \/>\n<meta property=\"og:description\" content=\"O edital Fies 2026 foi publicado nesta sexta-feira. Clique e saiba mais sobre o financiamento, as etapas e prazos do programa.\" \/>\n<meta property=\"og:url\" content=\"https:\/\/faculdade.grancursosonline.com.br\/blog\/edital-fies-2026\/\" \/>\n<meta property=\"og:site_name\" content=\"Blog Gran Faculdade\" \/>\n<meta property=\"article:publisher\" content=\"https:\/\/www.facebook.com\/grancursosonline\/\" \/>\n<meta property=\"article:published_time\" content=\"2026-01-23T18:11:40+00:00\" \/>\n<meta property=\"article:modified_time\" content=\"2026-01-23T18:51:07+00:00\" \/>\n<meta property=\"og:image\" content=\"https:\/\/blog-es-static.infra.grancursosonline.com.br\/wp-content\/uploads\/2026\/01\/23145553\/edital_fies_2026.jpg\" \/>\n\t<meta property=\"og:image:width\" content=\"1001\" \/>\n\t<meta property=\"og:image:height\" content=\"601\" \/>\n\t<meta property=\"og:image:type\" content=\"image\/jpeg\" \/>\n<meta name=\"author\" content=\"Larissa de Fran\u00e7a\" \/>\n<meta name=\"twitter:card\" content=\"summary_large_image\" \/>\n<meta name=\"twitter:creator\" content=\"@gran_online\" \/>\n<meta name=\"twitter:site\" content=\"@gran_online\" \/>\n<meta name=\"twitter:label1\" content=\"Written by\" \/>\n\t<meta name=\"twitter:data1\" content=\"Larissa de Fran\u00e7a\" \/>\n\t<meta name=\"twitter:label2\" content=\"Est. reading time\" \/>\n\t<meta name=\"twitter:data2\" content=\"8 minutos\" \/>\n<script type=\"application\/ld+json\" class=\"yoast-schema-graph\">{\"@context\":\"https:\/\/schema.org\",\"@graph\":[{\"@type\":\"NewsArticle\",\"@id\":\"https:\/\/faculdade.grancursosonline.com.br\/blog\/edital-fies-2026\/#article\",\"isPartOf\":{\"@id\":\"https:\/\/faculdade.grancursosonline.com.br\/blog\/edital-fies-2026\/\"},\"author\":{\"name\":\"Larissa de Fran\u00e7a\",\"@id\":\"https:\/\/faculdade.grancursosonline.com.br\/blog\/#\/schema\/person\/e41590de43e91fa2adf3cf8b740a6a34\"},\"headline\":\"Fies 2026: edital publicado! Confira datas e crit\u00e9rios de sele\u00e7\u00e3o\",\"datePublished\":\"2026-01-23T18:11:40+00:00\",\"dateModified\":\"2026-01-23T18:51:07+00:00\",\"mainEntityOfPage\":{\"@id\":\"https:\/\/faculdade.grancursosonline.com.br\/blog\/edital-fies-2026\/\"},\"wordCount\":954,\"commentCount\":0,\"publisher\":{\"@id\":\"https:\/\/faculdade.grancursosonline.com.br\/blog\/#organization\"},\"image\":{\"@id\":\"https:\/\/faculdade.grancursosonline.com.br\/blog\/edital-fies-2026\/#primaryimage\"},\"thumbnailUrl\":\"https:\/\/blog-es-static.infra.grancursosonline.com.br\/wp-content\/uploads\/2026\/01\/23145553\/edital_fies_2026.jpg\",\"articleSection\":[\"FIES\",\"\u00daltimas Not\u00edcias\"],\"inLanguage\":\"pt-BR\",\"potentialAction\":[{\"@type\":\"CommentAction\",\"name\":\"Comment\",\"target\":[\"https:\/\/faculdade.grancursosonline.com.br\/blog\/edital-fies-2026\/#respond\"]}],\"copyrightYear\":\"2026\",\"copyrightHolder\":{\"@id\":\"https:\/\/faculdade.grancursosonline.com.br\/blog\/#organization\"}},{\"@type\":\"WebPage\",\"@id\":\"https:\/\/faculdade.grancursosonline.com.br\/blog\/edital-fies-2026\/\",\"url\":\"https:\/\/faculdade.grancursosonline.com.br\/blog\/edital-fies-2026\/\",\"name\":\"Fies 2026: edital publicado! Confira datas e crit\u00e9rios de sele\u00e7\u00e3o\",\"isPartOf\":{\"@id\":\"https:\/\/faculdade.grancursosonline.com.br\/blog\/#website\"},\"primaryImageOfPage\":{\"@id\":\"https:\/\/faculdade.grancursosonline.com.br\/blog\/edital-fies-2026\/#primaryimage\"},\"image\":{\"@id\":\"https:\/\/faculdade.grancursosonline.com.br\/blog\/edital-fies-2026\/#primaryimage\"},\"thumbnailUrl\":\"https:\/\/blog-es-static.infra.grancursosonline.com.br\/wp-content\/uploads\/2026\/01\/23145553\/edital_fies_2026.jpg\",\"datePublished\":\"2026-01-23T18:11:40+00:00\",\"dateModified\":\"2026-01-23T18:51:07+00:00\",\"description\":\"O edital Fies 2026 foi publicado nesta sexta-feira. Clique e saiba mais sobre o financiamento, as etapas e prazos do programa.\",\"breadcrumb\":{\"@id\":\"https:\/\/faculdade.grancursosonline.com.br\/blog\/edital-fies-2026\/#breadcrumb\"},\"inLanguage\":\"pt-BR\",\"potentialAction\":[{\"@type\":\"ReadAction\",\"target\":[\"https:\/\/faculdade.grancursosonline.com.br\/blog\/edital-fies-2026\/\"]}]},{\"@type\":\"ImageObject\",\"inLanguage\":\"pt-BR\",\"@id\":\"https:\/\/faculdade.grancursosonline.com.br\/blog\/edital-fies-2026\/#primaryimage\",\"url\":\"https:\/\/blog-es-static.infra.grancursosonline.com.br\/wp-content\/uploads\/2026\/01\/23145553\/edital_fies_2026.jpg\",\"contentUrl\":\"https:\/\/blog-es-static.infra.grancursosonline.com.br\/wp-content\/uploads\/2026\/01\/23145553\/edital_fies_2026.jpg\",\"width\":1001,\"height\":601},{\"@type\":\"BreadcrumbList\",\"@id\":\"https:\/\/faculdade.grancursosonline.com.br\/blog\/edital-fies-2026\/#breadcrumb\",\"itemListElement\":[{\"@type\":\"ListItem\",\"position\":1,\"name\":\"In\u00edcio\",\"item\":\"https:\/\/faculdade.grancursosonline.com.br\/blog\/\"},{\"@type\":\"ListItem\",\"position\":2,\"name\":\"FIES\",\"item\":\"https:\/\/faculdade.grancursosonline.com.br\/blog\/categoria\/fies\/\"},{\"@type\":\"ListItem\",\"position\":3,\"name\":\"Fies 2026: edital publicado! Confira datas e crit\u00e9rios de sele\u00e7\u00e3o\"}]},{\"@type\":\"WebSite\",\"@id\":\"https:\/\/faculdade.grancursosonline.com.br\/blog\/#website\",\"url\":\"https:\/\/faculdade.grancursosonline.com.br\/blog\/\",\"name\":\"Blog Gran Faculdade\",\"description\":\"Tudo sobre ensino superior, p\u00f3s-gradua\u00e7\u00e3o, enem e carreira.\",\"publisher\":{\"@id\":\"https:\/\/faculdade.grancursosonline.com.br\/blog\/#organization\"},\"potentialAction\":[{\"@type\":\"SearchAction\",\"target\":{\"@type\":\"EntryPoint\",\"urlTemplate\":\"https:\/\/faculdade.grancursosonline.com.br\/blog\/?s={search_term_string}\"},\"query-input\":{\"@type\":\"PropertyValueSpecification\",\"valueRequired\":true,\"valueName\":\"search_term_string\"}}],\"inLanguage\":\"pt-BR\"},{\"@type\":\"Organization\",\"@id\":\"https:\/\/faculdade.grancursosonline.com.br\/blog\/#organization\",\"name\":\"Gran Cursos Online\",\"url\":\"https:\/\/faculdade.grancursosonline.com.br\/blog\/\",\"logo\":{\"@type\":\"ImageObject\",\"inLanguage\":\"pt-BR\",\"@id\":\"https:\/\/faculdade.grancursosonline.com.br\/blog\/#\/schema\/logo\/image\/\",\"url\":\"https:\/\/blog-es-static.infra.grancursosonline.com.br\/wp-content\/uploads\/2019\/08\/03123934\/logo.png\",\"contentUrl\":\"https:\/\/blog-es-static.infra.grancursosonline.com.br\/wp-content\/uploads\/2019\/08\/03123934\/logo.png\",\"width\":300,\"height\":57,\"caption\":\"Gran Cursos Online\"},\"image\":{\"@id\":\"https:\/\/faculdade.grancursosonline.com.br\/blog\/#\/schema\/logo\/image\/\"},\"sameAs\":[\"https:\/\/www.facebook.com\/grancursosonline\/\",\"https:\/\/x.com\/gran_online\",\"https:\/\/www.instagram.com\/grancursosonline\/\",\"https:\/\/www.youtube.com\/user\/grancursostv\"]},{\"@type\":\"Person\",\"@id\":\"https:\/\/faculdade.grancursosonline.com.br\/blog\/#\/schema\/person\/e41590de43e91fa2adf3cf8b740a6a34\",\"name\":\"Larissa de Fran\u00e7a\",\"url\":\"https:\/\/faculdade.grancursosonline.com.br\/blog\/author\/larisa-leonardo\/\"}]}<\/script>\n<!-- \/ Yoast SEO Premium plugin. -->","yoast_head_json":{"title":"Fies 2026: edital publicado! Confira datas e crit\u00e9rios de sele\u00e7\u00e3o","description":"O edital Fies 2026 foi publicado nesta sexta-feira. Clique e saiba mais sobre o financiamento, as etapas e prazos do programa.","robots":{"index":"index","follow":"follow","max-snippet":"max-snippet:-1","max-image-preview":"max-image-preview:large","max-video-preview":"max-video-preview:-1"},"canonical":"https:\/\/faculdade.grancursosonline.com.br\/blog\/edital-fies-2026\/","og_locale":"pt_BR","og_type":"article","og_title":"Fies 2026: edital publicado! Confira datas e crit\u00e9rios de sele\u00e7\u00e3o","og_description":"O edital Fies 2026 foi publicado nesta sexta-feira. Clique e saiba mais sobre o financiamento, as etapas e prazos do programa.","og_url":"https:\/\/faculdade.grancursosonline.com.br\/blog\/edital-fies-2026\/","og_site_name":"Blog Gran Faculdade","article_publisher":"https:\/\/www.facebook.com\/grancursosonline\/","article_published_time":"2026-01-23T18:11:40+00:00","article_modified_time":"2026-01-23T18:51:07+00:00","og_image":[{"width":1001,"height":601,"url":"https:\/\/blog-es-static.infra.grancursosonline.com.br\/wp-content\/uploads\/2026\/01\/23145553\/edital_fies_2026.jpg","type":"image\/jpeg"}],"author":"Larissa de Fran\u00e7a","twitter_card":"summary_large_image","twitter_creator":"@gran_online","twitter_site":"@gran_online","twitter_misc":{"Written by":"Larissa de Fran\u00e7a","Est. reading time":"8 minutos"},"schema":{"@context":"https:\/\/schema.org","@graph":[{"@type":"NewsArticle","@id":"https:\/\/faculdade.grancursosonline.com.br\/blog\/edital-fies-2026\/#article","isPartOf":{"@id":"https:\/\/faculdade.grancursosonline.com.br\/blog\/edital-fies-2026\/"},"author":{"name":"Larissa de Fran\u00e7a","@id":"https:\/\/faculdade.grancursosonline.com.br\/blog\/#\/schema\/person\/e41590de43e91fa2adf3cf8b740a6a34"},"headline":"Fies 2026: edital publicado! Confira datas e crit\u00e9rios de sele\u00e7\u00e3o","datePublished":"2026-01-23T18:11:40+00:00","dateModified":"2026-01-23T18:51:07+00:00","mainEntityOfPage":{"@id":"https:\/\/faculdade.grancursosonline.com.br\/blog\/edital-fies-2026\/"},"wordCount":954,"commentCount":0,"publisher":{"@id":"https:\/\/faculdade.grancursosonline.com.br\/blog\/#organization"},"image":{"@id":"https:\/\/faculdade.grancursosonline.com.br\/blog\/edital-fies-2026\/#primaryimage"},"thumbnailUrl":"https:\/\/blog-es-static.infra.grancursosonline.com.br\/wp-content\/uploads\/2026\/01\/23145553\/edital_fies_2026.jpg","articleSection":["FIES","\u00daltimas Not\u00edcias"],"inLanguage":"pt-BR","potentialAction":[{"@type":"CommentAction","name":"Comment","target":["https:\/\/faculdade.grancursosonline.com.br\/blog\/edital-fies-2026\/#respond"]}],"copyrightYear":"2026","copyrightHolder":{"@id":"https:\/\/faculdade.grancursosonline.com.br\/blog\/#organization"}},{"@type":"WebPage","@id":"https:\/\/faculdade.grancursosonline.com.br\/blog\/edital-fies-2026\/","url":"https:\/\/faculdade.grancursosonline.com.br\/blog\/edital-fies-2026\/","name":"Fies 2026: edital publicado! Confira datas e crit\u00e9rios de sele\u00e7\u00e3o","isPartOf":{"@id":"https:\/\/faculdade.grancursosonline.com.br\/blog\/#website"},"primaryImageOfPage":{"@id":"https:\/\/faculdade.grancursosonline.com.br\/blog\/edital-fies-2026\/#primaryimage"},"image":{"@id":"https:\/\/faculdade.grancursosonline.com.br\/blog\/edital-fies-2026\/#primaryimage"},"thumbnailUrl":"https:\/\/blog-es-static.infra.grancursosonline.com.br\/wp-content\/uploads\/2026\/01\/23145553\/edital_fies_2026.jpg","datePublished":"2026-01-23T18:11:40+00:00","dateModified":"2026-01-23T18:51:07+00:00","description":"O edital Fies 2026 foi publicado nesta sexta-feira. Clique e saiba mais sobre o financiamento, as etapas e prazos do programa.","breadcrumb":{"@id":"https:\/\/faculdade.grancursosonline.com.br\/blog\/edital-fies-2026\/#breadcrumb"},"inLanguage":"pt-BR","potentialAction":[{"@type":"ReadAction","target":["https:\/\/faculdade.grancursosonline.com.br\/blog\/edital-fies-2026\/"]}]},{"@type":"ImageObject","inLanguage":"pt-BR","@id":"https:\/\/faculdade.grancursosonline.com.br\/blog\/edital-fies-2026\/#primaryimage","url":"https:\/\/blog-es-static.infra.grancursosonline.com.br\/wp-content\/uploads\/2026\/01\/23145553\/edital_fies_2026.jpg","contentUrl":"https:\/\/blog-es-static.infra.grancursosonline.com.br\/wp-content\/uploads\/2026\/01\/23145553\/edital_fies_2026.jpg","width":1001,"height":601},{"@type":"BreadcrumbList","@id":"https:\/\/faculdade.grancursosonline.com.br\/blog\/edital-fies-2026\/#breadcrumb","itemListElement":[{"@type":"ListItem","position":1,"name":"In\u00edcio","item":"https:\/\/faculdade.grancursosonline.com.br\/blog\/"},{"@type":"ListItem","position":2,"name":"FIES","item":"https:\/\/faculdade.grancursosonline.com.br\/blog\/categoria\/fies\/"},{"@type":"ListItem","position":3,"name":"Fies 2026: edital publicado! Confira datas e crit\u00e9rios de sele\u00e7\u00e3o"}]},{"@type":"WebSite","@id":"https:\/\/faculdade.grancursosonline.com.br\/blog\/#website","url":"https:\/\/faculdade.grancursosonline.com.br\/blog\/","name":"Blog Gran Faculdade","description":"Tudo sobre ensino superior, p\u00f3s-gradua\u00e7\u00e3o, enem e carreira.","publisher":{"@id":"https:\/\/faculdade.grancursosonline.com.br\/blog\/#organization"},"potentialAction":[{"@type":"SearchAction","target":{"@type":"EntryPoint","urlTemplate":"https:\/\/faculdade.grancursosonline.com.br\/blog\/?s={search_term_string}"},"query-input":{"@type":"PropertyValueSpecification","valueRequired":true,"valueName":"search_term_string"}}],"inLanguage":"pt-BR"},{"@type":"Organization","@id":"https:\/\/faculdade.grancursosonline.com.br\/blog\/#organization","name":"Gran Cursos Online","url":"https:\/\/faculdade.grancursosonline.com.br\/blog\/","logo":{"@type":"ImageObject","inLanguage":"pt-BR","@id":"https:\/\/faculdade.grancursosonline.com.br\/blog\/#\/schema\/logo\/image\/","url":"https:\/\/blog-es-static.infra.grancursosonline.com.br\/wp-content\/uploads\/2019\/08\/03123934\/logo.png","contentUrl":"https:\/\/blog-es-static.infra.grancursosonline.com.br\/wp-content\/uploads\/2019\/08\/03123934\/logo.png","width":300,"height":57,"caption":"Gran Cursos Online"},"image":{"@id":"https:\/\/faculdade.grancursosonline.com.br\/blog\/#\/schema\/logo\/image\/"},"sameAs":["https:\/\/www.facebook.com\/grancursosonline\/","https:\/\/x.com\/gran_online","https:\/\/www.instagram.com\/grancursosonline\/","https:\/\/www.youtube.com\/user\/grancursostv"]},{"@type":"Person","@id":"https:\/\/faculdade.grancursosonline.com.br\/blog\/#\/schema\/person\/e41590de43e91fa2adf3cf8b740a6a34","name":"Larissa de Fran\u00e7a","url":"https:\/\/faculdade.grancursosonline.com.br\/blog\/author\/larisa-leonardo\/"}]}},"_links":{"self":[{"href":"https:\/\/faculdade.grancursosonline.com.br\/blog\/wp-json\/wp\/v2\/posts\/79761002","targetHints":{"allow":["GET"]}}],"collection":[{"href":"https:\/\/faculdade.grancursosonline.com.br\/blog\/wp-json\/wp\/v2\/posts"}],"about":[{"href":"https:\/\/faculdade.grancursosonline.com.br\/blog\/wp-json\/wp\/v2\/types\/post"}],"author":[{"embeddable":true,"href":"https:\/\/faculdade.grancursosonline.com.br\/blog\/wp-json\/wp\/v2\/users\/513"}],"replies":[{"embeddable":true,"href":"https:\/\/faculdade.grancursosonline.com.br\/blog\/wp-json\/wp\/v2\/comments?post=79761002"}],"version-history":[{"count":9,"href":"https:\/\/faculdade.grancursosonline.com.br\/blog\/wp-json\/wp\/v2\/posts\/79761002\/revisions"}],"predecessor-version":[{"id":79761030,"href":"https:\/\/faculdade.grancursosonline.com.br\/blog\/wp-json\/wp\/v2\/posts\/79761002\/revisions\/79761030"}],"wp:featuredmedia":[{"embeddable":true,"href":"https:\/\/faculdade.grancursosonline.com.br\/blog\/wp-json\/wp\/v2\/media\/79761004"}],"wp:attachment":[{"href":"https:\/\/faculdade.grancursosonline.com.br\/blog\/wp-json\/wp\/v2\/media?parent=79761002"}],"wp:term":[{"taxonomy":"category","embeddable":true,"href":"https:\/\/faculdade.grancursosonline.com.br\/blog\/wp-json\/wp\/v2\/categories?post=79761002"},{"taxonomy":"post_tag","embeddable":true,"href":"https:\/\/faculdade.grancursosonline.com.br\/blog\/wp-json\/wp\/v2\/tags?post=79761002"}],"curies":[{"name":"wp","href":"https:\/\/api.w.org\/{rel}","templated":true}]}}