{"id":79761041,"date":"2026-01-23T17:39:07","date_gmt":"2026-01-23T20:39:07","guid":{"rendered":"https:\/\/faculdade.grancursosonline.com.br\/blog\/?p=79761041"},"modified":"2026-02-04T12:35:02","modified_gmt":"2026-02-04T15:35:02","slug":"mindfulness","status":"publish","type":"post","link":"https:\/\/faculdade.grancursosonline.com.br\/blog\/mindfulness\/","title":{"rendered":"Mindfulness: o que \u00e9 e como a aten\u00e7\u00e3o plena pode transformar sua rotina"},"content":{"rendered":"\n<p>Em um mundo cada vez mais din\u00e2mico, encontrar um momento de clareza mental tornou-se um verdadeiro desafio. O Mindfulness, ou aten\u00e7\u00e3o plena, surge como uma pr\u00e1tica para nos reconectar com o presente e reduzir o estresse di\u00e1rio.<\/p>\n\n\n\n<p>Ao aprender a focar no aqui e agora sem julgamentos, conseguimos transformar a maneira como reagimos aos problemas e \u00e0s press\u00f5es externas. Hoje, vamos descobrir como essa t\u00e9cnica simples pode revolucionar sua produtividade e trazer muito mais equil\u00edbrio para sua vida.<\/p>\n\n\n\n<p>Acompanhe o artigo na \u00edntegra ou navegue pelo \u00edndice:&nbsp;<\/p>\n\n\n\n<ul class=\"wp-block-list\">\n<li><a href=\"#h-mindfulness-o-que-e-e-qual-a-sua-origem\">Mindfulness: o que \u00e9 e qual a sua origem?<\/a><\/li>\n\n\n\n<li><a href=\"#h-os-principais-beneficios-da-atencao-plena-para-o-corpo-e-nbsp-mente\">Os principais benef\u00edcios da aten\u00e7\u00e3o plena para o corpo e a mente<\/a><\/li>\n\n\n\n<li><a href=\"#h-como-praticar-mindfulness-no-dia-a-dia-exercicios-simples\">Como praticar Mindfulness no dia a dia: exerc\u00edcios simples<\/a><\/li>\n\n\n\n<li><a href=\"#h-o-impacto-do-mindfulness-no-ambiente-de-trabalho-e-nos-estudos\">O impacto do Mindfulness no ambiente de trabalho e nos estudos<\/a><\/li>\n\n\n\n<li><a href=\"#h-diferenca-entre-mindfulness-e-meditacao-tradicional\">Diferen\u00e7a entre Mindfulness e medita\u00e7\u00e3o tradicional<\/a><\/li>\n<\/ul>\n\n\n\n<div class=\"wp-block-columns is-layout-flex wp-container-core-columns-is-layout-9d6595d7 wp-block-columns-is-layout-flex\">\n<div class=\"wp-block-column is-layout-flow wp-block-column-is-layout-flow\" style=\"flex-basis:100%\"><div class=\"wp-block-image\">\n<figure class=\"aligncenter size-full\"><a href=\"https:\/\/whatsapp.com\/channel\/0029VaG1sChI7Be7PNndhL43\" target=\"_blank\" rel=\"noopener\"><img decoding=\"async\" src=\"https:\/\/blog-es-static.infra.grancursosonline.com.br\/wp-content\/uploads\/2025\/09\/09112354\/banner-wp-600x142-80.webp\" alt=\"Acesse o canal do WhatsApp da Gran Faculdade\" class=\"wp-image-79751904\"\/><\/a><\/figure>\n<\/div><\/div>\n<\/div>\n\n\n\n<h2 class=\"wp-block-heading\" id=\"h-mindfulness-o-que-e-e-qual-a-sua-origem\"><strong>Mindfulness: o que \u00e9 e qual a sua origem?<\/strong><\/h2>\n\n\n\n<p>Sabe aquele momento em que voc\u00ea est\u00e1 tomando banho, mas sua mente j\u00e1 est\u00e1 na reuni\u00e3o das 9h ou na lista de compras? O Mindfulness \u00e9 este momento em que voc\u00ea mal come\u00e7ou o dia e j\u00e1 pensa no caminho de volta para casa.&nbsp;<\/p>\n\n\n\n<p>Em vez de ser um conceito complexo, ele \u00e9 apenas a habilidade de &#8220;estar onde seus p\u00e9s est\u00e3o&#8221;, observando o que acontece dentro e fora de voc\u00ea sem tentar consertar nada imediatamente.&nbsp;<\/p>\n\n\n\n<p>Embora tenha ficado famoso nos \u00faltimos anos atrav\u00e9s de aplicativos e cursos corporativos, essa &#8220;tecnologia&#8221; da mente tem mais de 2.500 anos e nasceu nas tradi\u00e7\u00f5es meditativas do Oriente.&nbsp;<\/p>\n\n\n\n<p>O grande salto aconteceu quando a ci\u00eancia ocidental percebeu que essa presen\u00e7a absoluta n\u00e3o era m\u00edstica, mas sim um exerc\u00edcio de muscula\u00e7\u00e3o para o nosso c\u00e9rebro.&nbsp;<\/p>\n\n\n\n<p>Hoje, praticar aten\u00e7\u00e3o plena \u00e9 um ato de resist\u00eancia contra o bombardeio de notifica\u00e7\u00f5es e a pressa constante. \u00c9 a escolha consciente de n\u00e3o ser apenas um passageiro da sua pr\u00f3pria vida, mas sim o observador atento que decide onde colocar sua energia a cada segundo.<\/p>\n\n\n\n<h2 class=\"wp-block-heading\" id=\"h-os-principais-beneficios-da-atencao-plena-para-o-corpo-e-nbsp-mente\"><strong>Os principais benef\u00edcios da aten\u00e7\u00e3o plena para o corpo e&nbsp; mente<\/strong><\/h2>\n\n\n\n<p>Quando voc\u00ea come\u00e7a a praticar, n\u00e3o \u00e9 apenas a sua mente que agradece, o seu corpo inteiro entra em um novo ritmo de funcionamento. \u00c9 como se voc\u00ea instalasse um filtro que impede que o ru\u00eddo do mundo se transforme em tens\u00e3o f\u00edsica e cansa\u00e7o cr\u00f4nico. Confira os benef\u00edcios:<\/p>\n\n\n\n<ul class=\"wp-block-list\">\n<li><strong>Sossego para o sistema nervoso:<\/strong> Voc\u00ea ensina seu corpo que nem toda pend\u00eancia \u00e9 uma amea\u00e7a de &#8220;luta ou fuga&#8221;, o que reduz drasticamente o estresse acumulado;<\/li>\n\n\n\n<li><strong>Clareza nos momentos de press\u00e3o:<\/strong> Sabe aquela sensa\u00e7\u00e3o de &#8220;branco&#8221; ou confus\u00e3o? A aten\u00e7\u00e3o plena ajuda a limpar a n\u00e9voa mental, permitindo que voc\u00ea enxergue solu\u00e7\u00f5es que j\u00e1 estavam ali;<\/li>\n\n\n\n<li><strong>Uma rela\u00e7\u00e3o melhor com suas emo\u00e7\u00f5es:<\/strong> Em vez de ser atropelado pela raiva ou pela tristeza, voc\u00ea aprende a criar um espa\u00e7o de respiro entre o que acontece e como voc\u00ea reage;<\/li>\n\n\n\n<li><strong>Sono de mais qualidade:<\/strong> Ao acalmar o fluxo de pensamentos antes de deitar, seu corpo entende que o dia acabou, facilitando um descanso profundo e reparador.<\/li>\n<\/ul>\n\n\n\n<h2 class=\"wp-block-heading\" id=\"h-como-praticar-mindfulness-no-dia-a-dia-exercicios-simples\"><strong>Como praticar Mindfulness no dia a dia: exerc\u00edcios simples<\/strong><\/h2>\n\n\n\n<p>A boa not\u00edcia \u00e9 que voc\u00ea n\u00e3o precisa de uma montanha silenciosa ou de incensos para ser algu\u00e9m atento, voc\u00ea s\u00f3 precisa do seu corpo. Tente inserir esses pequenos rituais na sua rotina e veja como a percep\u00e7\u00e3o do seu dia muda completamente:<\/p>\n\n\n\n<ol class=\"wp-block-list\">\n<li><strong>O caf\u00e9 da manh\u00e3 sem telas:<\/strong> Amanh\u00e3, tente sentir o calor da x\u00edcara nas m\u00e3os e o aroma do caf\u00e9 antes de dar o primeiro gole, sem checar o celular. Sinta apenas o sabor;<\/li>\n\n\n\n<li><strong>O sem\u00e1foro da mente:<\/strong> Toda vez que estiver esperando algo, um elevador ou uma p\u00e1gina carregar, fa\u00e7a tr\u00eas respira\u00e7\u00f5es profundas sentindo o ar expandir seu peito;<\/li>\n\n\n\n<li><strong>Check-in corporal:<\/strong> Durante o trabalho, perceba se seus ombros est\u00e3o colados nas orelhas ou se voc\u00ea est\u00e1 travando a mand\u00edbula. Solte o peso e relaxe por cinco segundos;<\/li>\n\n\n\n<li><a href=\"https:\/\/faculdade.grancursosonline.com.br\/blog\/escuta-ativa\/\" target=\"_blank\" rel=\"noopener\"><strong>Escuta ativa<\/strong><\/a><strong>:<\/strong> Quando algu\u00e9m falar com voc\u00ea, ou\u00e7a as palavras sem preparar a resposta na sua cabe\u00e7a enquanto a pessoa ainda est\u00e1 falando. Esteja apenas ali.<\/li>\n<\/ol>\n\n\n\n<h2 class=\"wp-block-heading\" id=\"h-o-impacto-do-mindfulness-no-ambiente-de-trabalho-e-nos-estudos\"><strong>O impacto do Mindfulness no ambiente de trabalho e nos estudos<\/strong><\/h2>\n\n\n\n<p>Para quem est\u00e1 em uma jornada de estudos ou liderando equipes, o Mindfulness \u00e9 o diferencial entre o esgotamento e a alta performance sustent\u00e1vel. Ele permite que voc\u00ea estude um tema complexo com uma profundidade que a tentativa de fazer mil coisas ao mesmo tempo jamais permitiria, economizando horas de revis\u00e3o.&nbsp;<\/p>\n\n\n\n<p>No trabalho, essa presen\u00e7a evita que voc\u00ea cometa erros bobos por distra\u00e7\u00e3o, que geralmente custam caro para o cronograma.&nbsp;<\/p>\n\n\n\n<p>Al\u00e9m disso, a pr\u00e1tica desenvolve uma empatia real: voc\u00ea passa a ouvir seus colegas e liderados com muito mais qualidade, melhorando o clima de toda a equipe.&nbsp;<\/p>\n\n\n\n<p>Estar presente \u00e9 a maior estrat\u00e9gia de produtividade atualmente, pois uma mente focada faz em duas horas o que uma mente distra\u00edda leva o dia todo para tentar terminar. \u00c9 sobre trabalhar e estudar com intelig\u00eancia, respeitando seus limites e mantendo a sa\u00fade mental em dia.<\/p>\n\n\n\n<h2 class=\"wp-block-heading\" id=\"h-diferenca-entre-mindfulness-e-meditacao-tradicional\"><strong>Diferen\u00e7a entre Mindfulness e medita\u00e7\u00e3o tradicional<\/strong><\/h2>\n\n\n\n<p>\u00c9 muito comum as pessoas acharem que as duas coisas s\u00e3o as mesmas, mas existe uma diferen\u00e7a pr\u00e1tica que vai facilitar a sua vida. Pense na medita\u00e7\u00e3o como o treinamento em uma sala fechada, aquele momento sagrado em que voc\u00ea para tudo para exercitar o foco.&nbsp;<\/p>\n\n\n\n<p>J\u00e1 o Mindfulness \u00e9 a aplica\u00e7\u00e3o desse treino na vida real, &#8220;no meio do tiroteio&#8221; do cotidiano. Voc\u00ea pode n\u00e3o ter tempo para meditar por 20 minutos hoje, mas voc\u00ea sempre tem tempo para ser mindful enquanto dirige ou enquanto responde a um e-mail importante.&nbsp;<\/p>\n\n\n\n<p>A medita\u00e7\u00e3o \u00e9 a ferramenta, mas o Mindfulness \u00e9 o resultado: uma vida vivida com mais consci\u00eancia, presen\u00e7a e menos reatividade. Ambos caminham juntos, mas a aten\u00e7\u00e3o plena \u00e9 o que voc\u00ea leva no bolso para usar em qualquer lugar, a qualquer hora.<\/p>\n\n\n\n<h2 class=\"wp-block-heading\" id=\"h-vem-pra-gran-faculdade\">Vem pra Gran Faculdade!<\/h2>\n\n\n\n<p>A Gran Faculdade vem mudando a vida de milhares de pessoas por meio de cursos \u00e0 dist\u00e2ncia de <a href=\"https:\/\/faculdade.grancursosonline.com.br\/\" target=\"_blank\" rel=\"noreferrer noopener\">gradua\u00e7\u00e3o<\/a>, <a href=\"https:\/\/pos.grancursosonline.com.br\/\" target=\"_blank\" rel=\"noreferrer noopener\">p\u00f3s-gradua\u00e7\u00e3o<\/a> e <a href=\"https:\/\/pos.grancursosonline.com.br\/mba\" target=\"_blank\" rel=\"noreferrer noopener\">MBA<\/a>. Seja no digital ou em nosso <a href=\"https:\/\/presencial.grancursosonline.com.br\/\" target=\"_blank\" rel=\"noreferrer noopener\">Campus Presencial em Curitiba<\/a>, a nossa miss\u00e3o \u00e9 transformar a educa\u00e7\u00e3o superior.<\/p>\n\n\n\n<p>Como parte de Sistema Gran de Ensino, que \u00e9 reconhecido como marca aprovadora h\u00e1 mais de 10 anos, constru\u00edmos uma renomada reputa\u00e7\u00e3o na \u00e1rea de educa\u00e7\u00e3o.<\/p>\n\n\n\n<p>Veja algumas de nossas conquistas:<\/p>\n\n\n\n<ul class=\"wp-block-list\">\n<li>Reconhecido pela Amazon como um dos projetos mais relevantes do mundo na \u00e1rea de Tecnologia e Educa\u00e7\u00e3o;<\/li>\n\n\n\n<li>Foi eleito pelo Project Management Institute (PMI), um dos 50 Projetos Mais Influentes do mundo;<\/li>\n\n\n\n<li>Somos o site de educa\u00e7\u00e3o mais acessado do Brasil;<\/li>\n\n\n\n<li>Somos avaliados com a nota m\u00e1xima pelo MEC;<\/li>\n\n\n\n<li>Aqui o semestre come\u00e7a quando quiser: entrada imediata e cont\u00ednua!<\/li>\n\n\n\n<li>Melhores pre\u00e7os do mercado;<\/li>\n\n\n\n<li>Mais de 800 mil alunos pagantes e mais de 1000 funcion\u00e1rios;<\/li>\n\n\n\n<li>Diversas ferramentas de estudo: PDFs, audiobooks, mapas mentais, videoaulas, quest\u00f5es, gerenciador de estudos e muito mais!<\/li>\n\n\n\n<li>Professores experientes e capacitados;<\/li>\n\n\n\n<li>Acesso imediato e 100% online.<\/li>\n<\/ul>\n\n\n\n<p class=\"has-text-align-center has-text-align-center\"><strong><a href=\"https:\/\/faculdade.grancursosonline.com.br\/\">Quero ser aluno da Gran Faculdade<\/a><\/strong><\/p>\n\n\n\n<h2 class=\"wp-block-heading\" id=\"h-participe-de-uma-imersao-exclusiva-com-especialistas-em-ia-e-transforme-sua-carreira\">Participe de uma imers\u00e3o exclusiva com especialistas em IA e transforme sua carreira<\/h2>\n\n\n<div class=\"wp-block-image\">\n<figure class=\"aligncenter size-large is-resized\"><a href=\"https:\/\/lp.grancursosonline.com.br\/imersao-em-ia\/?utm_source=Wordpress&amp;utm_medium=sidebar&amp;utm_campaign=Capta%C3%A7%C3%A3o+Imers%C3%A3o+em+IA+-+Abril%2F2026+-+Blog+Ensino+Superior+-+Conte%C3%BAdo+e+SEO&amp;utm_id=Capta%C3%A7%C3%A3o+Imers%C3%A3o+em+IA+-+Abril%2F2026+-+Blog+Ensino+Superior+-+Conte%C3%BAdo+e+SEO\" target=\"_blank\" rel=\" noreferrer noopener\"><img loading=\"lazy\" decoding=\"async\" width=\"1024\" height=\"576\" src=\"https:\/\/blog-es-static.infra.grancursosonline.com.br\/wp-content\/uploads\/2026\/03\/31105919\/imersao_em_ia-1024x576.webp\" alt=\"\" class=\"wp-image-79763836\" style=\"width:488px;height:auto\"\/><\/a><\/figure>\n<\/div>\n\n\n<p><strong>Se voc\u00ea quer sair do b\u00e1sico e entender, na pr\u00e1tica, como a Intelig\u00eancia Artificial (IA) est\u00e1 moldando o mercado, esta \u00e9 a sua oportunidade.<\/strong> <\/p>\n\n\n\n<p>A Imers\u00e3o em IA re\u00fane especialistas renomados do mercado, incluindo profissionais com experi\u00eancia em grandes empresas de tecnologia como Google e Amazon, que v\u00e3o compartilhar<strong> insights estrat\u00e9gicos e aplica\u00e7\u00f5es reais<\/strong> para acelerar sua evolu\u00e7\u00e3o profissional.<\/p>\n\n\n\n<p>O evento acontecer\u00e1 em <strong>tr\u00eas encontros ao vivo, a partir do dia 13 de abril, sempre \u00e0s 20h<\/strong> (hor\u00e1rio de Bras\u00edlia), com uma programa\u00e7\u00e3o estruturada para levar voc\u00ea do entendimento dos conceitos at\u00e9 a aplica\u00e7\u00e3o pr\u00e1tica de agentes de IA.<\/p>\n\n\n\n<p>Clique no link abaixo e garanta sua participa\u00e7\u00e3o nesta experi\u00eancia <strong>gratuita, ao vivo e com potencial real de impacto na sua carreira<\/strong>.<\/p>\n\n\n\n<p class=\"has-text-align-center\"><strong><a href=\"https:\/\/lp.grancursosonline.com.br\/imersao-em-ia\/?utm_source=Wordpress&amp;utm_medium=sidebar&amp;utm_campaign=Capta%C3%A7%C3%A3o+Imers%C3%A3o+em+IA+-+Abril%2F2026+-+Blog+Ensino+Superior+-+Conte%C3%BAdo+e+SEO&amp;utm_id=Capta%C3%A7%C3%A3o+Imers%C3%A3o+em+IA+-+Abril%2F2026+-+Blog+Ensino+Superior+-+Conte%C3%BAdo+e+SEO\" target=\"_blank\" rel=\"noreferrer noopener\">Quero participar da Imers\u00e3o para aprender mais sobre IA<\/a><\/strong><\/p>\n\n\n\n<div class=\"wp-block-group has-background\" style=\"background-color:#8dd2fc7a\"><div class=\"wp-block-group__inner-container is-layout-constrained wp-block-group-is-layout-constrained\">\n<p><strong>Outras not\u00edcias em destaque:<\/strong><\/p>\n\n\n\n<ul class=\"wp-block-list\">\n<li><a href=\"https:\/\/faculdade.grancursosonline.com.br\/blog\/medicina-integrativa\/\" target=\"_blank\" rel=\"noopener\">Medicina Integrativa: saiba o que \u00e9, suas vantagens e como trabalhar na \u00e1rea. Confira!<\/a><\/li>\n\n\n\n<li><a href=\"https:\/\/faculdade.grancursosonline.com.br\/blog\/indice-felicidade-trabalho\/\" target=\"_blank\" rel=\"noopener\">O que \u00e9 \u00cdndice de Felicidade no Trabalho (IFT) e como medir?<\/a><\/li>\n\n\n\n<li><a href=\"https:\/\/faculdade.grancursosonline.com.br\/blog\/metodologias-ensino\/\" target=\"_blank\" rel=\"noopener\">Metodologias de ensino: o que \u00e9 e 15 tipos diferentes<\/a><\/li>\n<\/ul>\n<\/div><\/div>\n\n\n\n<div class=\"wp-block-group\"><div class=\"wp-block-group__inner-container is-layout-constrained wp-block-group-is-layout-constrained\">\n<div class=\"wp-block-group\"><div class=\"wp-block-group__inner-container is-layout-constrained wp-block-group-is-layout-constrained\">\n<section style=\"text-align: center;\">\n<p>Quer ficar por dentro da Faculdade Digital mais inovadora do Brasil?<\/p>\n<nav>\n<p class=\"has-background has-dark-bluish-background-color\" style=\"font-size: 25px; text-align: center; background: #f0f0f0; color: #ffffff; padding: 4px 0px 4xp 0px;\"><a style=\"color: #0d134c; text-decoration: underline;\" href=\"https:\/\/faculdade.grancursosonline.com.br\/\" target=\"_blank\" rel=\"noopener\">GRADUA\u00c7\u00c3O<\/a><\/p>\n<p class=\"has-background has-dark-bluish-background-color\" style=\"font-size: 25px; text-align: center; background: #f0f0f0; color: #ffffff; padding: 4px 0px 4xp 0px;\"><a style=\"color: #0d134c; text-decoration: underline;\" href=\"https:\/\/pos.grancursosonline.com.br\/\" target=\"_blank\" rel=\"noopener\">P\u00d3S-GRADUA\u00c7\u00c3O<\/a><\/p>\n<p class=\"has-background has-dark-bluish-background-color\" style=\"font-size: 25px; text-align: center; background: #f0f0f0; color: #ffffff; padding: 4px 0px 4xp 0px;\"><a style=\"color: #0d134c; text-decoration: underline;\" href=\"https:\/\/faculdade.grancursosonline.com.br\/nossos-cursos\/\" target=\"_blank\" rel=\"noopener\">TUDO SOBRE A GRAN FACULDADE<\/a><\/p>\n<\/nav>\n<p><strong>Receba <span style=\"color: #cf1e25;\">gratuitamente<\/span> no seu celular as principais not\u00edcias sobre a Gran Faculdade! <br \/>Clique no link abaixo e inscreva-se:<\/strong><\/p>\n<p class=\"has-background has-dark-bluish-background-color\" style=\"font-size: 25px; text-align: center; background: #f0f0f0; color: #ffffff; padding: 4px 0px 4xp 0px;\"><a style=\"color: #0d134c; text-decoration: underline;\" href=\"https:\/\/whatsapp.com\/channel\/0029VaG1sChI7Be7PNndhL43\" target=\"_blank\" rel=\"noopener noreferrer\">WHATSAPP<\/a><\/p>\n<p class=\"has-background has-dark-bluish-background-color\" style=\"font-size: 25px; text-align: center; background: #f0f0f0; color: #ffffff; padding: 4px 0px 4xp 0px;\"><a style=\"color: #0d134c; text-decoration: underline;\" href=\"https:\/\/t.me\/GranFaculdade\" target=\"_blank\" rel=\"noopener noreferrer\">TELEGRAM<\/a><\/p>\n<\/section>\n<\/div><\/div>\n<\/div><\/div>\n","protected":false},"excerpt":{"rendered":"<p>Em um mundo cada vez mais din\u00e2mico, encontrar um momento de clareza mental tornou-se um verdadeiro desafio. O Mindfulness, ou aten\u00e7\u00e3o plena, surge como uma pr\u00e1tica para nos reconectar com o presente e reduzir o estresse di\u00e1rio. Ao aprender a focar no aqui e agora sem julgamentos, conseguimos transformar a maneira como reagimos aos problemas&hellip;<\/p>\n","protected":false},"author":514,"featured_media":79761548,"comment_status":"open","ping_status":"open","sticky":false,"template":"","format":"standard","meta":{"_acf_changed":false,"content-type":"","footnotes":""},"categories":[218669,2],"tags":[],"class_list":["post-79761041","post","type-post","status-publish","format-standard","has-post-thumbnail","hentry","category-empregabilidade","category-ultimas-noticias"],"acf":[],"yoast_head":"<!-- This site is optimized with the Yoast SEO Premium plugin v27.2 (Yoast SEO v27.2) - https:\/\/yoast.com\/product\/yoast-seo-premium-wordpress\/ -->\n<title>Mindfulness: o que \u00e9 e como a aten\u00e7\u00e3o plena pode transformar sua rotina<\/title>\n<meta name=\"description\" content=\"Sentindo o peso da rotina? Descubra o que \u00e9 Mindfulness e como pequenos exerc\u00edcios podem devolver o foco e a paz ao seu dia a dia.\" \/>\n<meta name=\"robots\" content=\"index, follow, max-snippet:-1, max-image-preview:large, max-video-preview:-1\" \/>\n<link rel=\"canonical\" href=\"https:\/\/faculdade.grancursosonline.com.br\/blog\/mindfulness\/\" \/>\n<meta property=\"og:locale\" content=\"pt_BR\" \/>\n<meta property=\"og:type\" content=\"article\" \/>\n<meta property=\"og:title\" content=\"Mindfulness: o que \u00e9 e como a aten\u00e7\u00e3o plena pode transformar sua rotina\" \/>\n<meta property=\"og:description\" content=\"Sentindo o peso da rotina? Descubra o que \u00e9 Mindfulness e como pequenos exerc\u00edcios podem devolver o foco e a paz ao seu dia a dia.\" \/>\n<meta property=\"og:url\" content=\"https:\/\/faculdade.grancursosonline.com.br\/blog\/mindfulness\/\" \/>\n<meta property=\"og:site_name\" content=\"Blog Gran Faculdade\" \/>\n<meta property=\"article:publisher\" content=\"https:\/\/www.facebook.com\/grancursosonline\/\" \/>\n<meta property=\"article:published_time\" content=\"2026-01-23T20:39:07+00:00\" \/>\n<meta property=\"article:modified_time\" content=\"2026-02-04T15:35:02+00:00\" \/>\n<meta property=\"og:image\" content=\"https:\/\/blog-es-static.infra.grancursosonline.com.br\/wp-content\/uploads\/2026\/01\/04123444\/mindfulness-2.jpg\" \/>\n\t<meta property=\"og:image:width\" content=\"511\" \/>\n\t<meta property=\"og:image:height\" content=\"311\" \/>\n\t<meta property=\"og:image:type\" content=\"image\/jpeg\" \/>\n<meta name=\"author\" content=\"Guilherme Henrique\" \/>\n<meta name=\"twitter:card\" content=\"summary_large_image\" \/>\n<meta name=\"twitter:creator\" content=\"@gran_online\" \/>\n<meta name=\"twitter:site\" content=\"@gran_online\" \/>\n<meta name=\"twitter:label1\" content=\"Written by\" \/>\n\t<meta name=\"twitter:data1\" content=\"Guilherme Henrique\" \/>\n\t<meta name=\"twitter:label2\" content=\"Est. reading time\" \/>\n\t<meta name=\"twitter:data2\" content=\"28 minutos\" \/>\n<script type=\"application\/ld+json\" class=\"yoast-schema-graph\">{\"@context\":\"https:\/\/schema.org\",\"@graph\":[{\"@type\":\"NewsArticle\",\"@id\":\"https:\/\/faculdade.grancursosonline.com.br\/blog\/mindfulness\/#article\",\"isPartOf\":{\"@id\":\"https:\/\/faculdade.grancursosonline.com.br\/blog\/mindfulness\/\"},\"author\":{\"name\":\"Guilherme Henrique\",\"@id\":\"https:\/\/faculdade.grancursosonline.com.br\/blog\/#\/schema\/person\/9745f9b6db8976613c1f439dbcfe717d\"},\"headline\":\"Mindfulness: o que \u00e9 e como a aten\u00e7\u00e3o plena pode transformar sua rotina\",\"datePublished\":\"2026-01-23T20:39:07+00:00\",\"dateModified\":\"2026-02-04T15:35:02+00:00\",\"mainEntityOfPage\":{\"@id\":\"https:\/\/faculdade.grancursosonline.com.br\/blog\/mindfulness\/\"},\"wordCount\":1090,\"commentCount\":0,\"publisher\":{\"@id\":\"https:\/\/faculdade.grancursosonline.com.br\/blog\/#organization\"},\"image\":{\"@id\":\"https:\/\/faculdade.grancursosonline.com.br\/blog\/mindfulness\/#primaryimage\"},\"thumbnailUrl\":\"https:\/\/blog-es-static.infra.grancursosonline.com.br\/wp-content\/uploads\/2026\/01\/04123433\/mindfulness.jpg\",\"articleSection\":[\"Empregabilidade\",\"\u00daltimas Not\u00edcias\"],\"inLanguage\":\"pt-BR\",\"potentialAction\":[{\"@type\":\"CommentAction\",\"name\":\"Comment\",\"target\":[\"https:\/\/faculdade.grancursosonline.com.br\/blog\/mindfulness\/#respond\"]}],\"copyrightYear\":\"2026\",\"copyrightHolder\":{\"@id\":\"https:\/\/faculdade.grancursosonline.com.br\/blog\/#organization\"}},{\"@type\":\"WebPage\",\"@id\":\"https:\/\/faculdade.grancursosonline.com.br\/blog\/mindfulness\/\",\"url\":\"https:\/\/faculdade.grancursosonline.com.br\/blog\/mindfulness\/\",\"name\":\"Mindfulness: o que \u00e9 e como a aten\u00e7\u00e3o plena pode transformar sua rotina\",\"isPartOf\":{\"@id\":\"https:\/\/faculdade.grancursosonline.com.br\/blog\/#website\"},\"primaryImageOfPage\":{\"@id\":\"https:\/\/faculdade.grancursosonline.com.br\/blog\/mindfulness\/#primaryimage\"},\"image\":{\"@id\":\"https:\/\/faculdade.grancursosonline.com.br\/blog\/mindfulness\/#primaryimage\"},\"thumbnailUrl\":\"https:\/\/blog-es-static.infra.grancursosonline.com.br\/wp-content\/uploads\/2026\/01\/04123433\/mindfulness.jpg\",\"datePublished\":\"2026-01-23T20:39:07+00:00\",\"dateModified\":\"2026-02-04T15:35:02+00:00\",\"description\":\"Sentindo o peso da rotina? Descubra o que \u00e9 Mindfulness e como pequenos exerc\u00edcios podem devolver o foco e a paz ao seu dia a dia.\",\"breadcrumb\":{\"@id\":\"https:\/\/faculdade.grancursosonline.com.br\/blog\/mindfulness\/#breadcrumb\"},\"inLanguage\":\"pt-BR\",\"potentialAction\":[{\"@type\":\"ReadAction\",\"target\":[\"https:\/\/faculdade.grancursosonline.com.br\/blog\/mindfulness\/\"]}]},{\"@type\":\"ImageObject\",\"inLanguage\":\"pt-BR\",\"@id\":\"https:\/\/faculdade.grancursosonline.com.br\/blog\/mindfulness\/#primaryimage\",\"url\":\"https:\/\/blog-es-static.infra.grancursosonline.com.br\/wp-content\/uploads\/2026\/01\/04123433\/mindfulness.jpg\",\"contentUrl\":\"https:\/\/blog-es-static.infra.grancursosonline.com.br\/wp-content\/uploads\/2026\/01\/04123433\/mindfulness.jpg\",\"width\":1001,\"height\":601,\"caption\":\"Mindfulness: o que \u00e9 e como a aten\u00e7\u00e3o plena pode transformar sua rotina em 2026\"},{\"@type\":\"BreadcrumbList\",\"@id\":\"https:\/\/faculdade.grancursosonline.com.br\/blog\/mindfulness\/#breadcrumb\",\"itemListElement\":[{\"@type\":\"ListItem\",\"position\":1,\"name\":\"In\u00edcio\",\"item\":\"https:\/\/faculdade.grancursosonline.com.br\/blog\/\"},{\"@type\":\"ListItem\",\"position\":2,\"name\":\"Empregabilidade\",\"item\":\"https:\/\/faculdade.grancursosonline.com.br\/blog\/categoria\/empregabilidade\/\"},{\"@type\":\"ListItem\",\"position\":3,\"name\":\"Mindfulness: o que \u00e9 e como a aten\u00e7\u00e3o plena pode transformar sua rotina\"}]},{\"@type\":\"WebSite\",\"@id\":\"https:\/\/faculdade.grancursosonline.com.br\/blog\/#website\",\"url\":\"https:\/\/faculdade.grancursosonline.com.br\/blog\/\",\"name\":\"Blog Gran Faculdade\",\"description\":\"Tudo sobre ensino superior, p\u00f3s-gradua\u00e7\u00e3o, enem e carreira.\",\"publisher\":{\"@id\":\"https:\/\/faculdade.grancursosonline.com.br\/blog\/#organization\"},\"potentialAction\":[{\"@type\":\"SearchAction\",\"target\":{\"@type\":\"EntryPoint\",\"urlTemplate\":\"https:\/\/faculdade.grancursosonline.com.br\/blog\/?s={search_term_string}\"},\"query-input\":{\"@type\":\"PropertyValueSpecification\",\"valueRequired\":true,\"valueName\":\"search_term_string\"}}],\"inLanguage\":\"pt-BR\"},{\"@type\":\"Organization\",\"@id\":\"https:\/\/faculdade.grancursosonline.com.br\/blog\/#organization\",\"name\":\"Gran Cursos Online\",\"url\":\"https:\/\/faculdade.grancursosonline.com.br\/blog\/\",\"logo\":{\"@type\":\"ImageObject\",\"inLanguage\":\"pt-BR\",\"@id\":\"https:\/\/faculdade.grancursosonline.com.br\/blog\/#\/schema\/logo\/image\/\",\"url\":\"https:\/\/blog-es-static.infra.grancursosonline.com.br\/wp-content\/uploads\/2019\/08\/03123934\/logo.png\",\"contentUrl\":\"https:\/\/blog-es-static.infra.grancursosonline.com.br\/wp-content\/uploads\/2019\/08\/03123934\/logo.png\",\"width\":300,\"height\":57,\"caption\":\"Gran Cursos Online\"},\"image\":{\"@id\":\"https:\/\/faculdade.grancursosonline.com.br\/blog\/#\/schema\/logo\/image\/\"},\"sameAs\":[\"https:\/\/www.facebook.com\/grancursosonline\/\",\"https:\/\/x.com\/gran_online\",\"https:\/\/www.instagram.com\/grancursosonline\/\",\"https:\/\/www.youtube.com\/user\/grancursostv\"]},{\"@type\":\"Person\",\"@id\":\"https:\/\/faculdade.grancursosonline.com.br\/blog\/#\/schema\/person\/9745f9b6db8976613c1f439dbcfe717d\",\"name\":\"Guilherme Henrique\",\"url\":\"https:\/\/faculdade.grancursosonline.com.br\/blog\/author\/guilherme-lourenco\/\"}]}<\/script>\n<!-- \/ Yoast SEO Premium plugin. -->","yoast_head_json":{"title":"Mindfulness: o que \u00e9 e como a aten\u00e7\u00e3o plena pode transformar sua rotina","description":"Sentindo o peso da rotina? Descubra o que \u00e9 Mindfulness e como pequenos exerc\u00edcios podem devolver o foco e a paz ao seu dia a dia.","robots":{"index":"index","follow":"follow","max-snippet":"max-snippet:-1","max-image-preview":"max-image-preview:large","max-video-preview":"max-video-preview:-1"},"canonical":"https:\/\/faculdade.grancursosonline.com.br\/blog\/mindfulness\/","og_locale":"pt_BR","og_type":"article","og_title":"Mindfulness: o que \u00e9 e como a aten\u00e7\u00e3o plena pode transformar sua rotina","og_description":"Sentindo o peso da rotina? Descubra o que \u00e9 Mindfulness e como pequenos exerc\u00edcios podem devolver o foco e a paz ao seu dia a dia.","og_url":"https:\/\/faculdade.grancursosonline.com.br\/blog\/mindfulness\/","og_site_name":"Blog Gran Faculdade","article_publisher":"https:\/\/www.facebook.com\/grancursosonline\/","article_published_time":"2026-01-23T20:39:07+00:00","article_modified_time":"2026-02-04T15:35:02+00:00","og_image":[{"width":511,"height":311,"url":"https:\/\/blog-es-static.infra.grancursosonline.com.br\/wp-content\/uploads\/2026\/01\/04123444\/mindfulness-2.jpg","type":"image\/jpeg"}],"author":"Guilherme Henrique","twitter_card":"summary_large_image","twitter_creator":"@gran_online","twitter_site":"@gran_online","twitter_misc":{"Written by":"Guilherme Henrique","Est. reading time":"28 minutos"},"schema":{"@context":"https:\/\/schema.org","@graph":[{"@type":"NewsArticle","@id":"https:\/\/faculdade.grancursosonline.com.br\/blog\/mindfulness\/#article","isPartOf":{"@id":"https:\/\/faculdade.grancursosonline.com.br\/blog\/mindfulness\/"},"author":{"name":"Guilherme Henrique","@id":"https:\/\/faculdade.grancursosonline.com.br\/blog\/#\/schema\/person\/9745f9b6db8976613c1f439dbcfe717d"},"headline":"Mindfulness: o que \u00e9 e como a aten\u00e7\u00e3o plena pode transformar sua rotina","datePublished":"2026-01-23T20:39:07+00:00","dateModified":"2026-02-04T15:35:02+00:00","mainEntityOfPage":{"@id":"https:\/\/faculdade.grancursosonline.com.br\/blog\/mindfulness\/"},"wordCount":1090,"commentCount":0,"publisher":{"@id":"https:\/\/faculdade.grancursosonline.com.br\/blog\/#organization"},"image":{"@id":"https:\/\/faculdade.grancursosonline.com.br\/blog\/mindfulness\/#primaryimage"},"thumbnailUrl":"https:\/\/blog-es-static.infra.grancursosonline.com.br\/wp-content\/uploads\/2026\/01\/04123433\/mindfulness.jpg","articleSection":["Empregabilidade","\u00daltimas Not\u00edcias"],"inLanguage":"pt-BR","potentialAction":[{"@type":"CommentAction","name":"Comment","target":["https:\/\/faculdade.grancursosonline.com.br\/blog\/mindfulness\/#respond"]}],"copyrightYear":"2026","copyrightHolder":{"@id":"https:\/\/faculdade.grancursosonline.com.br\/blog\/#organization"}},{"@type":"WebPage","@id":"https:\/\/faculdade.grancursosonline.com.br\/blog\/mindfulness\/","url":"https:\/\/faculdade.grancursosonline.com.br\/blog\/mindfulness\/","name":"Mindfulness: o que \u00e9 e como a aten\u00e7\u00e3o plena pode transformar sua rotina","isPartOf":{"@id":"https:\/\/faculdade.grancursosonline.com.br\/blog\/#website"},"primaryImageOfPage":{"@id":"https:\/\/faculdade.grancursosonline.com.br\/blog\/mindfulness\/#primaryimage"},"image":{"@id":"https:\/\/faculdade.grancursosonline.com.br\/blog\/mindfulness\/#primaryimage"},"thumbnailUrl":"https:\/\/blog-es-static.infra.grancursosonline.com.br\/wp-content\/uploads\/2026\/01\/04123433\/mindfulness.jpg","datePublished":"2026-01-23T20:39:07+00:00","dateModified":"2026-02-04T15:35:02+00:00","description":"Sentindo o peso da rotina? Descubra o que \u00e9 Mindfulness e como pequenos exerc\u00edcios podem devolver o foco e a paz ao seu dia a dia.","breadcrumb":{"@id":"https:\/\/faculdade.grancursosonline.com.br\/blog\/mindfulness\/#breadcrumb"},"inLanguage":"pt-BR","potentialAction":[{"@type":"ReadAction","target":["https:\/\/faculdade.grancursosonline.com.br\/blog\/mindfulness\/"]}]},{"@type":"ImageObject","inLanguage":"pt-BR","@id":"https:\/\/faculdade.grancursosonline.com.br\/blog\/mindfulness\/#primaryimage","url":"https:\/\/blog-es-static.infra.grancursosonline.com.br\/wp-content\/uploads\/2026\/01\/04123433\/mindfulness.jpg","contentUrl":"https:\/\/blog-es-static.infra.grancursosonline.com.br\/wp-content\/uploads\/2026\/01\/04123433\/mindfulness.jpg","width":1001,"height":601,"caption":"Mindfulness: o que \u00e9 e como a aten\u00e7\u00e3o plena pode transformar sua rotina em 2026"},{"@type":"BreadcrumbList","@id":"https:\/\/faculdade.grancursosonline.com.br\/blog\/mindfulness\/#breadcrumb","itemListElement":[{"@type":"ListItem","position":1,"name":"In\u00edcio","item":"https:\/\/faculdade.grancursosonline.com.br\/blog\/"},{"@type":"ListItem","position":2,"name":"Empregabilidade","item":"https:\/\/faculdade.grancursosonline.com.br\/blog\/categoria\/empregabilidade\/"},{"@type":"ListItem","position":3,"name":"Mindfulness: o que \u00e9 e como a aten\u00e7\u00e3o plena pode transformar sua rotina"}]},{"@type":"WebSite","@id":"https:\/\/faculdade.grancursosonline.com.br\/blog\/#website","url":"https:\/\/faculdade.grancursosonline.com.br\/blog\/","name":"Blog Gran Faculdade","description":"Tudo sobre ensino superior, p\u00f3s-gradua\u00e7\u00e3o, enem e carreira.","publisher":{"@id":"https:\/\/faculdade.grancursosonline.com.br\/blog\/#organization"},"potentialAction":[{"@type":"SearchAction","target":{"@type":"EntryPoint","urlTemplate":"https:\/\/faculdade.grancursosonline.com.br\/blog\/?s={search_term_string}"},"query-input":{"@type":"PropertyValueSpecification","valueRequired":true,"valueName":"search_term_string"}}],"inLanguage":"pt-BR"},{"@type":"Organization","@id":"https:\/\/faculdade.grancursosonline.com.br\/blog\/#organization","name":"Gran Cursos Online","url":"https:\/\/faculdade.grancursosonline.com.br\/blog\/","logo":{"@type":"ImageObject","inLanguage":"pt-BR","@id":"https:\/\/faculdade.grancursosonline.com.br\/blog\/#\/schema\/logo\/image\/","url":"https:\/\/blog-es-static.infra.grancursosonline.com.br\/wp-content\/uploads\/2019\/08\/03123934\/logo.png","contentUrl":"https:\/\/blog-es-static.infra.grancursosonline.com.br\/wp-content\/uploads\/2019\/08\/03123934\/logo.png","width":300,"height":57,"caption":"Gran Cursos Online"},"image":{"@id":"https:\/\/faculdade.grancursosonline.com.br\/blog\/#\/schema\/logo\/image\/"},"sameAs":["https:\/\/www.facebook.com\/grancursosonline\/","https:\/\/x.com\/gran_online","https:\/\/www.instagram.com\/grancursosonline\/","https:\/\/www.youtube.com\/user\/grancursostv"]},{"@type":"Person","@id":"https:\/\/faculdade.grancursosonline.com.br\/blog\/#\/schema\/person\/9745f9b6db8976613c1f439dbcfe717d","name":"Guilherme Henrique","url":"https:\/\/faculdade.grancursosonline.com.br\/blog\/author\/guilherme-lourenco\/"}]}},"_links":{"self":[{"href":"https:\/\/faculdade.grancursosonline.com.br\/blog\/wp-json\/wp\/v2\/posts\/79761041","targetHints":{"allow":["GET"]}}],"collection":[{"href":"https:\/\/faculdade.grancursosonline.com.br\/blog\/wp-json\/wp\/v2\/posts"}],"about":[{"href":"https:\/\/faculdade.grancursosonline.com.br\/blog\/wp-json\/wp\/v2\/types\/post"}],"author":[{"embeddable":true,"href":"https:\/\/faculdade.grancursosonline.com.br\/blog\/wp-json\/wp\/v2\/users\/514"}],"replies":[{"embeddable":true,"href":"https:\/\/faculdade.grancursosonline.com.br\/blog\/wp-json\/wp\/v2\/comments?post=79761041"}],"version-history":[{"count":1,"href":"https:\/\/faculdade.grancursosonline.com.br\/blog\/wp-json\/wp\/v2\/posts\/79761041\/revisions"}],"predecessor-version":[{"id":79761044,"href":"https:\/\/faculdade.grancursosonline.com.br\/blog\/wp-json\/wp\/v2\/posts\/79761041\/revisions\/79761044"}],"wp:featuredmedia":[{"embeddable":true,"href":"https:\/\/faculdade.grancursosonline.com.br\/blog\/wp-json\/wp\/v2\/media\/79761548"}],"wp:attachment":[{"href":"https:\/\/faculdade.grancursosonline.com.br\/blog\/wp-json\/wp\/v2\/media?parent=79761041"}],"wp:term":[{"taxonomy":"category","embeddable":true,"href":"https:\/\/faculdade.grancursosonline.com.br\/blog\/wp-json\/wp\/v2\/categories?post=79761041"},{"taxonomy":"post_tag","embeddable":true,"href":"https:\/\/faculdade.grancursosonline.com.br\/blog\/wp-json\/wp\/v2\/tags?post=79761041"}],"curies":[{"name":"wp","href":"https:\/\/api.w.org\/{rel}","templated":true}]}}