{"id":79761042,"date":"2026-01-23T17:58:22","date_gmt":"2026-01-23T20:58:22","guid":{"rendered":"https:\/\/faculdade.grancursosonline.com.br\/blog\/?p=79761042"},"modified":"2026-01-28T10:09:17","modified_gmt":"2026-01-28T13:09:17","slug":"como-conciliar-trabalho-e-faculdade","status":"publish","type":"post","link":"https:\/\/faculdade.grancursosonline.com.br\/blog\/como-conciliar-trabalho-e-faculdade\/","title":{"rendered":"Como conciliar trabalho e faculdade: dicas para equilibrar estudo, emprego e vida pessoal"},"content":{"rendered":"\n<p><strong>Conciliar faculdade e trabalho<\/strong> \u00e9 o desafio di\u00e1rio de milhares de brasileiros. Com o mercado cada vez mais competitivo, a busca pelo equil\u00edbrio entre o sustento financeiro e a forma\u00e7\u00e3o acad\u00eamica exige mais do que apenas &#8220;for\u00e7a de vontade&#8221;, exige estrat\u00e9gia.<\/p>\n\n\n\n<p>Se voc\u00ea sente que as 24 horas do dia n\u00e3o s\u00e3o suficientes para estudar e trabalhar, confira algumas dicas de como organizar sua rotina!<\/p>\n\n\n\n<p>Se preferir, navegue pelo \u00edndice:<\/p>\n\n\n\n<ul class=\"wp-block-list\">\n<li><a href=\"#h-desafios-de-conciliar-trabalho-e-faculdade\">Desafios de conciliar trabalho e faculdade<\/a><\/li>\n\n\n\n<li><a href=\"#h-5-dicas-fundamentais-para-conciliar-faculdade-e-trabalho\">5 dicas fundamentais para conciliar faculdade e trabalho<\/a><\/li>\n\n\n\n<li><a href=\"#h-planejamento-cronograma-de-estudo-para-quem-trabalha\">Planejamento: cronograma de estudo para quem trabalha<\/a><\/li>\n\n\n\n<li><a href=\"#h-como-conciliar-faculdade-integral-e-trabalho\">Como conciliar faculdade integral e trabalho?<\/a><\/li>\n\n\n\n<li><a href=\"#h-o-papel-da-faculdade-na-sua-rotina\">O papel da faculdade na sua rotina<\/a><\/li>\n\n\n\n<li><a href=\"#h-perguntas-frequentes-faq\">Perguntas Frequentes (FAQ)<\/a><\/li>\n\n\n\n<li><a href=\"#h-estude-com-a-gran-faculdade\">Estude com a Gran Faculdade!<\/a><\/li>\n<\/ul>\n\n\n\n<div class=\"wp-block-columns is-layout-flex wp-container-core-columns-is-layout-9d6595d7 wp-block-columns-is-layout-flex\">\n<div class=\"wp-block-column is-layout-flow wp-block-column-is-layout-flow\" style=\"flex-basis:100%\"><div class=\"wp-block-image\">\n<figure class=\"aligncenter size-full\"><a href=\"https:\/\/whatsapp.com\/channel\/0029VaG1sChI7Be7PNndhL43\" target=\"_blank\" rel=\"noopener\"><img decoding=\"async\" src=\"https:\/\/blog-es-static.infra.grancursosonline.com.br\/wp-content\/uploads\/2025\/09\/09112354\/banner-wp-600x142-80.webp\" alt=\"Acesse o canal do WhatsApp da Gran Faculdade\" class=\"wp-image-79751904\"\/><\/a><\/figure>\n<\/div><\/div>\n<\/div>\n\n\n\n<h2 class=\"wp-block-heading\" id=\"h-desafios-de-conciliar-trabalho-e-faculdade\">Desafios de conciliar trabalho e faculdade<\/h2>\n\n\n\n<p>Entre os principais desafios enfrentados por quem precisa conciliar faculdade e trabalho, est\u00e3o:<\/p>\n\n\n\n<ul class=\"wp-block-list\">\n<li>Falta de tempo para estudar fora da sala de aula;<\/li>\n\n\n\n<li>Cansa\u00e7o f\u00edsico e mental, que afeta a concentra\u00e7\u00e3o;<\/li>\n\n\n\n<li>Dificuldade em manter uma rotina de estudos consistente;<\/li>\n\n\n\n<li>Pouco tempo para lazer, descanso e vida pessoal;<\/li>\n\n\n\n<li>Sensa\u00e7\u00e3o constante de estar \u201catrasado\u201d ou sobrecarregado.<\/li>\n<\/ul>\n\n\n\n<p>Esses obst\u00e1culos s\u00e3o ainda maiores quando falamos de faculdade integral, est\u00e1gios obrigat\u00f3rios ou jornadas de trabalho extensas. Por isso, aprender a conciliar trabalho e estudo n\u00e3o \u00e9 um luxo, \u00e9 uma necessidade.<\/p>\n\n\n\n<p>Se voc\u00ea se encontra nessa realidade, calma, existem solu\u00e7\u00f5es que podem ajudar a aliviar a rotina.<\/p>\n\n\n\n<h2 class=\"wp-block-heading\" id=\"h-5-dicas-fundamentais-para-conciliar-faculdade-e-trabalho\">5 dicas fundamentais para conciliar faculdade e trabalho<\/h2>\n\n\n\n<p>Confira as melhores estrat\u00e9gias pr\u00e1ticas que v\u00e3o te ajudar a equilibrar estudos e emprego:<\/p>\n\n\n\n<ol class=\"wp-block-list\">\n<li><strong>Crie um cronograma de estudo para quem trabalha<\/strong><br>O erro comum \u00e9 tentar estudar horas a fio no fim de semana. A ci\u00eancia da aprendizagem mostra que o contato di\u00e1rio, mesmo que curto, \u00e9 mais eficaz. Reserve 30 minutos focados por dia.<\/li>\n\n\n\n<li><strong>Comunique sua empresa e sua faculdade<\/strong><br>O trabalho e o estudo n\u00e3o precisam ser inimigos. Muitas empresas possuem pol\u00edticas de incentivo \u00e0 educa\u00e7\u00e3o. Informe seu gestor sobre seus hor\u00e1rios de prova e tente negociar sa\u00eddas antecipadas em dias cr\u00edticos.<\/li>\n\n\n\n<li><strong>Otimize os &#8220;tempos mortos&#8221;<\/strong><br>Seu deslocamento no \u00f4nibus ou o tempo na fila do banco podem ser transformados em tempo de estudo. Use aplicativos de flashcards ou assista a videoaulas curtas.<\/li>\n\n\n\n<li><strong>Cuide da sua sa\u00fade mental<\/strong><br>N\u00e3o adianta passar no Sisu (ou entrar via ingresso direto) e desistir no segundo semestre por exaust\u00e3o. Estabele\u00e7a um dia da semana para &#8220;desconectar&#8221; totalmente de obriga\u00e7\u00f5es empresariais e acad\u00eamicas.<\/li>\n\n\n\n<li><strong>Escolha a modalidade certa<\/strong><br>Para quem tem uma rotina pesada no trabalho, o ensino digital ou h\u00edbrido \u00e9 a melhor escolha. A Gran Faculdade oferece essa flexibilidade, permitindo que voc\u00ea ajuste o ritmo das aulas conforme sua demanda profissional.<\/li>\n<\/ol>\n\n\n\n<h2 class=\"wp-block-heading\" id=\"h-planejamento-cronograma-de-estudo-para-quem-trabalha\">Planejamento: cronograma de estudo para quem trabalha<\/h2>\n\n\n\n<p>Para quem precisa trabalhar e estudar, o segredo n\u00e3o \u00e9 a quantidade de horas, mas a const\u00e2ncia.<\/p>\n\n\n\n<p>Um cronograma eficiente deve ser realista e prever imprevistos. A ideia \u00e9 aproveitar os &#8220;micro-momentos&#8221; do dia para que o estudo n\u00e3o se torne um fardo acumulado para o final de semana.<\/p>\n\n\n\n<figure class=\"wp-block-table\"><div class=\"container-tabela\"><table class=\"has-fixed-layout\"><tbody><tr><td>Per\u00edodo<\/td><td>Segunda a Sexta<\/td><td>S\u00e1bado<\/td><td>Domingo<\/td><\/tr><tr><td>Manh\u00e3<\/td><td>Revis\u00e3o r\u00e1pida no trajeto (Flashcards\/\u00c1udio)<\/td><td>Bloco de 2h de estudo profundo<\/td><td>Descanso total \/ Lazer<\/td><\/tr><tr><td>Tarde<\/td><td>Foco total no trabalho empresarial<\/td><td>Produ\u00e7\u00e3o de trabalhos e TCC<\/td><td>Organiza\u00e7\u00e3o da semana<\/td><\/tr><tr><td>Noite<\/td><td>Assistir aulas e fazer anota\u00e7\u00f5es b\u00e1sicas<\/td><td>Revis\u00e3o da semana (1h)<\/td><td>Preparo de marmitas\/roupas<\/td><\/tr><\/tbody><\/table><\/div><\/figure>\n\n\n\n<h2 class=\"wp-block-heading\" id=\"h-como-conciliar-faculdade-integral-e-trabalho\">Como conciliar faculdade integral e trabalho?<\/h2>\n\n\n\n<p>Esta \u00e9 uma das maiores dores de quem busca conciliar faculdade e trabalho, j\u00e1 que o curso integral ocupa os dois turnos principais. Embora desafiador, existem caminhos vi\u00e1veis:<\/p>\n\n\n\n<ul class=\"wp-block-list\">\n<li><strong>Trabalho remoto ou freelancer<\/strong>: busque fun\u00e7\u00f5es que permitam entregas por demanda (como reda\u00e7\u00e3o, design, programa\u00e7\u00e3o ou gest\u00e3o de redes sociais) para trabalhar \u00e0 noite ou nos fins de semana;<\/li>\n\n\n\n<li><strong>Est\u00e1gios estrat\u00e9gicos<\/strong>: o est\u00e1gio \u00e9 a forma mais segura de conciliar, pois a carga hor\u00e1ria \u00e9 reduzida (m\u00e1ximo 6h) e h\u00e1 prote\u00e7\u00e3o legal para per\u00edodos de prova;<\/li>\n\n\n\n<li><strong>Monitorias e bolsas de pesquisa<\/strong>: verifique se a institui\u00e7\u00e3o oferece aux\u00edlios remunerados dentro do campus. Isso elimina o tempo de deslocamento entre o emprego e a sala de aula;<\/li>\n\n\n\n<li><strong>Vagas de final de semana<\/strong>: setores de eventos, hotelaria e varejo costumam contratar profissionais especificamente para s\u00e1bados e domingos.<\/li>\n<\/ul>\n\n\n\n<p>O ideal \u00e9 ser realista. Um cronograma imposs\u00edvel de cumprir gera frustra\u00e7\u00e3o e abandono da rotina.<\/p>\n\n\n\n<h2 class=\"wp-block-heading\" id=\"h-o-papel-da-faculdade-na-sua-rotina\">O papel da faculdade na sua rotina<\/h2>\n\n\n\n<p>A escolha da institui\u00e7\u00e3o de ensino \u00e9 o fator determinante entre o sucesso e o burnout. Para o profissional moderno, a faculdade n\u00e3o pode ser um obst\u00e1culo, mas uma parceira no desenvolvimento de sua carreira nos neg\u00f3cios.<\/p>\n\n\n\n<p>Uma institui\u00e7\u00e3o alinhada com quem precisa conciliar deve oferecer:<\/p>\n\n\n\n<ol class=\"wp-block-list\">\n<li><strong>Flexibilidade de hor\u00e1rios:<\/strong> possibilidade de assistir aulas gravadas ou participar de encontros s\u00edncronos flex\u00edveis;<\/li>\n\n\n\n<li><strong>Tecnologia intuitiva:<\/strong> uma plataforma de aprendizagem que funcione bem no celular para que voc\u00ea possa estudar em qualquer lugar;<\/li>\n\n\n\n<li><strong>Metodologia direta ao ponto:<\/strong> menos burocracia acad\u00eamica e mais foco em compet\u00eancias que voc\u00ea j\u00e1 aplica no seu trabalho.<\/li>\n<\/ol>\n\n\n\n<p>A Gran Faculdade, por exemplo, cumpre esse papel ao oferecer cursos 100% digitais com nota m\u00e1xima no MEC, permitindo que o aluno dite o ritmo da sua gradua\u00e7\u00e3o.<\/p>\n\n\n\n<p>Com o apoio de uma faculdade que entende a realidade de quem trabalha, a jornada rumo ao diploma se torna muito mais leve e sustent\u00e1vel.<\/p>\n\n\n\n<h2 class=\"wp-block-heading\" id=\"h-perguntas-frequentes-faq\">Perguntas Frequentes (FAQ)<\/h2>\n\n\n\n<p><strong>\u00c9 poss\u00edvel trabalhar 8h e fazer faculdade?<\/strong><\/p>\n\n\n\n<p>Sim, mas exige um alto n\u00edvel de disciplina e o uso de metodologias de estudo ativo para otimizar o pouco tempo dispon\u00edvel.<\/p>\n\n\n\n<p><strong>Como n\u00e3o cansar tanto trabalhando e estudando?<\/strong><\/p>\n\n\n\n<p>A chave est\u00e1 na alimenta\u00e7\u00e3o e no sono. Al\u00e9m disso, evite a &#8220;multitarefa&#8221;: quando estiver no trabalho, foque no trabalho; quando estiver estudando, desligue as notifica\u00e7\u00f5es do celular.<\/p>\n\n\n\n<p><strong>\u00c9 poss\u00edvel trabalhar e estudar ao mesmo tempo?<\/strong><\/p>\n\n\n\n<p>Sim. Com planejamento, disciplina e uma rotina bem definida, \u00e9 totalmente poss\u00edvel conciliar trabalho e estudo.<\/p>\n\n\n\n<h2 class=\"wp-block-heading\" id=\"h-estude-com-a-gran-faculdade\">Estude com a Gran Faculdade!<\/h2>\n\n\n\n<p>A Gran Faculdade vem mudando a vida de milhares de pessoas por meio de cursos \u00e0 dist\u00e2ncia de <a href=\"https:\/\/faculdade.grancursosonline.com.br\/\" target=\"_blank\" rel=\"noreferrer noopener\">gradua\u00e7\u00e3o<\/a>, <a href=\"https:\/\/pos.grancursosonline.com.br\/\" target=\"_blank\" rel=\"noreferrer noopener\">p\u00f3s-gradua\u00e7\u00e3o<\/a> e <a href=\"https:\/\/pos.grancursosonline.com.br\/mba\" target=\"_blank\" rel=\"noreferrer noopener\">MBA<\/a>. Seja no digital ou em nosso <a href=\"https:\/\/presencial.grancursosonline.com.br\/\" target=\"_blank\" rel=\"noreferrer noopener\">Campus Presencial em Curitiba<\/a>, a nossa miss\u00e3o \u00e9 transformar a educa\u00e7\u00e3o superior.<\/p>\n\n\n\n<p>Como parte de Sistema Gran de Ensino, que \u00e9 reconhecido como marca aprovadora h\u00e1 mais de 10 anos, constru\u00edmos uma renomada reputa\u00e7\u00e3o na \u00e1rea de educa\u00e7\u00e3o.<\/p>\n\n\n\n<p>Veja algumas de nossas conquistas:<\/p>\n\n\n\n<ul class=\"wp-block-list\">\n<li>Reconhecido pela Amazon como um dos projetos mais relevantes do mundo na \u00e1rea de Tecnologia e Educa\u00e7\u00e3o;<\/li>\n\n\n\n<li>Foi eleito pelo Project Management Institute (PMI), um dos 50 Projetos Mais Influentes do mundo;<\/li>\n\n\n\n<li>Somos o site de educa\u00e7\u00e3o mais acessado do Brasil;<\/li>\n\n\n\n<li>Somos avaliados com a nota m\u00e1xima pelo MEC;<\/li>\n\n\n\n<li>Aqui o semestre come\u00e7a quando quiser: entrada imediata e cont\u00ednua!<\/li>\n\n\n\n<li>Melhores pre\u00e7os do mercado;<\/li>\n\n\n\n<li>Mais de 800 mil alunos pagantes e mais de 1000 funcion\u00e1rios;<\/li>\n\n\n\n<li>Diversas ferramentas de estudo: PDFs, audiobooks, mapas mentais, videoaulas, quest\u00f5es, gerenciador de estudos e muito mais!<\/li>\n\n\n\n<li>Professores experientes e capacitados;<\/li>\n\n\n\n<li>Acesso imediato e 100% online.<\/li>\n<\/ul>\n\n\n\n<p class=\"has-text-align-center has-text-align-center\"><strong><a href=\"https:\/\/faculdade.grancursosonline.com.br\/\">Quero ser aluno da Gran Faculdade<\/a><\/strong><\/p>\n\n\n\n<h2 class=\"wp-block-heading\" id=\"h-participe-de-uma-imersao-exclusiva-com-especialistas-em-ia-e-transforme-sua-carreira\">Participe de uma imers\u00e3o exclusiva com especialistas em IA e transforme sua carreira<\/h2>\n\n\n<div class=\"wp-block-image\">\n<figure class=\"aligncenter size-large is-resized\"><a href=\"https:\/\/lp.grancursosonline.com.br\/imersao-em-ia\/?utm_source=Wordpress&amp;utm_medium=sidebar&amp;utm_campaign=Capta%C3%A7%C3%A3o+Imers%C3%A3o+em+IA+-+Abril%2F2026+-+Blog+Ensino+Superior+-+Conte%C3%BAdo+e+SEO&amp;utm_id=Capta%C3%A7%C3%A3o+Imers%C3%A3o+em+IA+-+Abril%2F2026+-+Blog+Ensino+Superior+-+Conte%C3%BAdo+e+SEO\" target=\"_blank\" rel=\" noreferrer noopener\"><img loading=\"lazy\" decoding=\"async\" width=\"1024\" height=\"576\" src=\"https:\/\/blog-es-static.infra.grancursosonline.com.br\/wp-content\/uploads\/2026\/03\/31105919\/imersao_em_ia-1024x576.webp\" alt=\"\" class=\"wp-image-79763836\" style=\"width:488px;height:auto\"\/><\/a><\/figure>\n<\/div>\n\n\n<p><strong>Se voc\u00ea quer sair do b\u00e1sico e entender, na pr\u00e1tica, como a Intelig\u00eancia Artificial (IA) est\u00e1 moldando o mercado, esta \u00e9 a sua oportunidade.<\/strong> <\/p>\n\n\n\n<p>A Imers\u00e3o em IA re\u00fane especialistas renomados do mercado, incluindo profissionais com experi\u00eancia em grandes empresas de tecnologia como Google e Amazon, que v\u00e3o compartilhar<strong> insights estrat\u00e9gicos e aplica\u00e7\u00f5es reais<\/strong> para acelerar sua evolu\u00e7\u00e3o profissional.<\/p>\n\n\n\n<p>O evento acontecer\u00e1 em <strong>tr\u00eas encontros ao vivo, a partir do dia 13 de abril, sempre \u00e0s 20h<\/strong> (hor\u00e1rio de Bras\u00edlia), com uma programa\u00e7\u00e3o estruturada para levar voc\u00ea do entendimento dos conceitos at\u00e9 a aplica\u00e7\u00e3o pr\u00e1tica de agentes de IA.<\/p>\n\n\n\n<p>Clique no link abaixo e garanta sua participa\u00e7\u00e3o nesta experi\u00eancia <strong>gratuita, ao vivo e com potencial real de impacto na sua carreira<\/strong>.<\/p>\n\n\n\n<p class=\"has-text-align-center\"><strong><a href=\"https:\/\/lp.grancursosonline.com.br\/imersao-em-ia\/?utm_source=Wordpress&amp;utm_medium=sidebar&amp;utm_campaign=Capta%C3%A7%C3%A3o+Imers%C3%A3o+em+IA+-+Abril%2F2026+-+Blog+Ensino+Superior+-+Conte%C3%BAdo+e+SEO&amp;utm_id=Capta%C3%A7%C3%A3o+Imers%C3%A3o+em+IA+-+Abril%2F2026+-+Blog+Ensino+Superior+-+Conte%C3%BAdo+e+SEO\" target=\"_blank\" rel=\"noreferrer noopener\">Quero participar da Imers\u00e3o para aprender mais sobre IA<\/a><\/strong><\/p>\n\n\n\n<div class=\"wp-block-group has-background\" style=\"background-color:#8dd2fc7a\"><div class=\"wp-block-group__inner-container is-layout-constrained wp-block-group-is-layout-constrained\">\n<p><strong>Outras not\u00edcias em destaque:<\/strong>  <\/p>\n\n\n\n<ul class=\"wp-block-list\">\n<li><a href=\"https:\/\/faculdade.grancursosonline.com.br\/blog\/branding-pessoal\/\" target=\"_blank\" rel=\"noopener\">Branding pessoal: o que \u00e9, como funciona, exemplos e estrat\u00e9gias para 2026<\/a><\/li>\n\n\n\n<li><a href=\"https:\/\/faculdade.grancursosonline.com.br\/blog\/habilidades-mais-buscadas-em-2026\/\" target=\"_blank\" rel=\"noopener\">Habilidades mais buscadas em 2026: o que as empresas realmente esperam de voc\u00ea<\/a><\/li>\n\n\n\n<li><a href=\"https:\/\/faculdade.grancursosonline.com.br\/blog\/ergonomia-no-trabalho\/\" target=\"_blank\" rel=\"noopener\">Ergonomia no trabalho: entenda para que serve, sua import\u00e2ncia e como aplicar?<\/a><\/li>\n<\/ul>\n<\/div><\/div>\n\n\n\n<div class=\"wp-block-group\"><div class=\"wp-block-group__inner-container is-layout-constrained wp-block-group-is-layout-constrained\">\n<div class=\"wp-block-group\"><div class=\"wp-block-group__inner-container is-layout-constrained wp-block-group-is-layout-constrained\">\n<section style=\"text-align: center;\">\n<p>Quer ficar por dentro da Faculdade Digital mais inovadora do Brasil?<\/p>\n<nav>\n<p class=\"has-background has-dark-bluish-background-color\" style=\"font-size: 25px; text-align: center; background: #f0f0f0; color: #ffffff; padding: 4px 0px 4xp 0px;\"><a style=\"color: #0d134c; text-decoration: underline;\" href=\"https:\/\/faculdade.grancursosonline.com.br\/\" target=\"_blank\" rel=\"noopener\">GRADUA\u00c7\u00c3O<\/a><\/p>\n<p class=\"has-background has-dark-bluish-background-color\" style=\"font-size: 25px; text-align: center; background: #f0f0f0; color: #ffffff; padding: 4px 0px 4xp 0px;\"><a style=\"color: #0d134c; text-decoration: underline;\" href=\"https:\/\/pos.grancursosonline.com.br\/\" target=\"_blank\" rel=\"noopener\">P\u00d3S-GRADUA\u00c7\u00c3O<\/a><\/p>\n<p class=\"has-background has-dark-bluish-background-color\" style=\"font-size: 25px; text-align: center; background: #f0f0f0; color: #ffffff; padding: 4px 0px 4xp 0px;\"><a style=\"color: #0d134c; text-decoration: underline;\" href=\"https:\/\/faculdade.grancursosonline.com.br\/nossos-cursos\/\" target=\"_blank\" rel=\"noopener\">TUDO SOBRE A GRAN FACULDADE<\/a><\/p>\n<\/nav>\n<p><strong>Receba <span style=\"color: #cf1e25;\">gratuitamente<\/span> no seu celular as principais not\u00edcias sobre a Gran Faculdade! <br \/>Clique no link abaixo e inscreva-se:<\/strong><\/p>\n<p class=\"has-background has-dark-bluish-background-color\" style=\"font-size: 25px; text-align: center; background: #f0f0f0; color: #ffffff; padding: 4px 0px 4xp 0px;\"><a style=\"color: #0d134c; text-decoration: underline;\" href=\"https:\/\/whatsapp.com\/channel\/0029VaG1sChI7Be7PNndhL43\" target=\"_blank\" rel=\"noopener noreferrer\">WHATSAPP<\/a><\/p>\n<p class=\"has-background has-dark-bluish-background-color\" style=\"font-size: 25px; text-align: center; background: #f0f0f0; color: #ffffff; padding: 4px 0px 4xp 0px;\"><a style=\"color: #0d134c; text-decoration: underline;\" href=\"https:\/\/t.me\/GranFaculdade\" target=\"_blank\" rel=\"noopener noreferrer\">TELEGRAM<\/a><\/p>\n<\/section>\n<\/div><\/div>\n<\/div><\/div>\n","protected":false},"excerpt":{"rendered":"<p>Conciliar faculdade e trabalho \u00e9 o desafio di\u00e1rio de milhares de brasileiros. Com o mercado cada vez mais competitivo, a busca pelo equil\u00edbrio entre o sustento financeiro e a forma\u00e7\u00e3o acad\u00eamica exige mais do que apenas &#8220;for\u00e7a de vontade&#8221;, exige estrat\u00e9gia. Se voc\u00ea sente que as 24 horas do dia n\u00e3o s\u00e3o suficientes para estudar&hellip;<\/p>\n","protected":false},"author":525,"featured_media":79761245,"comment_status":"open","ping_status":"open","sticky":false,"template":"","format":"standard","meta":{"_acf_changed":false,"content-type":"","footnotes":""},"categories":[218669,2],"tags":[],"class_list":["post-79761042","post","type-post","status-publish","format-standard","has-post-thumbnail","hentry","category-empregabilidade","category-ultimas-noticias"],"acf":[],"yoast_head":"<!-- This site is optimized with the Yoast SEO Premium plugin v27.2 (Yoast SEO v27.2) - https:\/\/yoast.com\/product\/yoast-seo-premium-wordpress\/ -->\n<title>Como conciliar trabalho e faculdade: dicas para equilibrar estudo, emprego e vida pessoal<\/title>\n<meta name=\"description\" content=\"Trabalhar e estudar \u00e9 um desafio! Confira dicas pr\u00e1ticas e um cronograma para conciliar trabalho e faculdade com sucesso. Clique!\" \/>\n<meta name=\"robots\" content=\"index, follow, max-snippet:-1, max-image-preview:large, max-video-preview:-1\" \/>\n<link rel=\"canonical\" href=\"https:\/\/faculdade.grancursosonline.com.br\/blog\/como-conciliar-trabalho-e-faculdade\/\" \/>\n<meta property=\"og:locale\" content=\"pt_BR\" \/>\n<meta property=\"og:type\" content=\"article\" \/>\n<meta property=\"og:title\" content=\"Como conciliar trabalho e faculdade: dicas para equilibrar estudo, emprego e vida pessoal\" \/>\n<meta property=\"og:description\" content=\"Trabalhar e estudar \u00e9 um desafio! Confira dicas pr\u00e1ticas e um cronograma para conciliar trabalho e faculdade com sucesso. Clique!\" \/>\n<meta property=\"og:url\" content=\"https:\/\/faculdade.grancursosonline.com.br\/blog\/como-conciliar-trabalho-e-faculdade\/\" \/>\n<meta property=\"og:site_name\" content=\"Blog Gran Faculdade\" \/>\n<meta property=\"article:publisher\" content=\"https:\/\/www.facebook.com\/grancursosonline\/\" \/>\n<meta property=\"article:published_time\" content=\"2026-01-23T20:58:22+00:00\" \/>\n<meta property=\"article:modified_time\" content=\"2026-01-28T13:09:17+00:00\" \/>\n<meta property=\"og:image\" content=\"https:\/\/blog-es-static.infra.grancursosonline.com.br\/wp-content\/uploads\/2026\/01\/28100851\/Artes-para-o-blog-Ensino-Superior-Pos-Graduacao_11-Destaque_510x310-1.jpg\" \/>\n\t<meta property=\"og:image:width\" content=\"511\" \/>\n\t<meta property=\"og:image:height\" content=\"311\" \/>\n\t<meta property=\"og:image:type\" content=\"image\/jpeg\" \/>\n<meta name=\"author\" content=\"Aline Damettos\" \/>\n<meta name=\"twitter:card\" content=\"summary_large_image\" \/>\n<meta name=\"twitter:creator\" content=\"@gran_online\" \/>\n<meta name=\"twitter:site\" content=\"@gran_online\" \/>\n<meta name=\"twitter:label1\" content=\"Written by\" \/>\n\t<meta name=\"twitter:data1\" content=\"Aline Damettos\" \/>\n\t<meta name=\"twitter:label2\" content=\"Est. reading time\" \/>\n\t<meta name=\"twitter:data2\" content=\"28 minutos\" \/>\n<script type=\"application\/ld+json\" class=\"yoast-schema-graph\">{\"@context\":\"https:\/\/schema.org\",\"@graph\":[{\"@type\":\"NewsArticle\",\"@id\":\"https:\/\/faculdade.grancursosonline.com.br\/blog\/como-conciliar-trabalho-e-faculdade\/#article\",\"isPartOf\":{\"@id\":\"https:\/\/faculdade.grancursosonline.com.br\/blog\/como-conciliar-trabalho-e-faculdade\/\"},\"author\":{\"name\":\"Aline Damettos\",\"@id\":\"https:\/\/faculdade.grancursosonline.com.br\/blog\/#\/schema\/person\/14e0fa771c0614c4b7434ee70589c075\"},\"headline\":\"Como conciliar trabalho e faculdade: dicas para equilibrar estudo, emprego e vida pessoal\",\"datePublished\":\"2026-01-23T20:58:22+00:00\",\"dateModified\":\"2026-01-28T13:09:17+00:00\",\"mainEntityOfPage\":{\"@id\":\"https:\/\/faculdade.grancursosonline.com.br\/blog\/como-conciliar-trabalho-e-faculdade\/\"},\"wordCount\":1062,\"commentCount\":0,\"publisher\":{\"@id\":\"https:\/\/faculdade.grancursosonline.com.br\/blog\/#organization\"},\"image\":{\"@id\":\"https:\/\/faculdade.grancursosonline.com.br\/blog\/como-conciliar-trabalho-e-faculdade\/#primaryimage\"},\"thumbnailUrl\":\"https:\/\/blog-es-static.infra.grancursosonline.com.br\/wp-content\/uploads\/2026\/01\/28100836\/Artes-para-o-blog-Ensino-Superior-Pos-Graduacao_11-1000x600-2.jpg\",\"articleSection\":[\"Empregabilidade\",\"\u00daltimas Not\u00edcias\"],\"inLanguage\":\"pt-BR\",\"potentialAction\":[{\"@type\":\"CommentAction\",\"name\":\"Comment\",\"target\":[\"https:\/\/faculdade.grancursosonline.com.br\/blog\/como-conciliar-trabalho-e-faculdade\/#respond\"]}],\"copyrightYear\":\"2026\",\"copyrightHolder\":{\"@id\":\"https:\/\/faculdade.grancursosonline.com.br\/blog\/#organization\"}},{\"@type\":\"WebPage\",\"@id\":\"https:\/\/faculdade.grancursosonline.com.br\/blog\/como-conciliar-trabalho-e-faculdade\/\",\"url\":\"https:\/\/faculdade.grancursosonline.com.br\/blog\/como-conciliar-trabalho-e-faculdade\/\",\"name\":\"Como conciliar trabalho e faculdade: dicas para equilibrar estudo, emprego e vida pessoal\",\"isPartOf\":{\"@id\":\"https:\/\/faculdade.grancursosonline.com.br\/blog\/#website\"},\"primaryImageOfPage\":{\"@id\":\"https:\/\/faculdade.grancursosonline.com.br\/blog\/como-conciliar-trabalho-e-faculdade\/#primaryimage\"},\"image\":{\"@id\":\"https:\/\/faculdade.grancursosonline.com.br\/blog\/como-conciliar-trabalho-e-faculdade\/#primaryimage\"},\"thumbnailUrl\":\"https:\/\/blog-es-static.infra.grancursosonline.com.br\/wp-content\/uploads\/2026\/01\/28100836\/Artes-para-o-blog-Ensino-Superior-Pos-Graduacao_11-1000x600-2.jpg\",\"datePublished\":\"2026-01-23T20:58:22+00:00\",\"dateModified\":\"2026-01-28T13:09:17+00:00\",\"description\":\"Trabalhar e estudar \u00e9 um desafio! Confira dicas pr\u00e1ticas e um cronograma para conciliar trabalho e faculdade com sucesso. Clique!\",\"breadcrumb\":{\"@id\":\"https:\/\/faculdade.grancursosonline.com.br\/blog\/como-conciliar-trabalho-e-faculdade\/#breadcrumb\"},\"inLanguage\":\"pt-BR\",\"potentialAction\":[{\"@type\":\"ReadAction\",\"target\":[\"https:\/\/faculdade.grancursosonline.com.br\/blog\/como-conciliar-trabalho-e-faculdade\/\"]}]},{\"@type\":\"ImageObject\",\"inLanguage\":\"pt-BR\",\"@id\":\"https:\/\/faculdade.grancursosonline.com.br\/blog\/como-conciliar-trabalho-e-faculdade\/#primaryimage\",\"url\":\"https:\/\/blog-es-static.infra.grancursosonline.com.br\/wp-content\/uploads\/2026\/01\/28100836\/Artes-para-o-blog-Ensino-Superior-Pos-Graduacao_11-1000x600-2.jpg\",\"contentUrl\":\"https:\/\/blog-es-static.infra.grancursosonline.com.br\/wp-content\/uploads\/2026\/01\/28100836\/Artes-para-o-blog-Ensino-Superior-Pos-Graduacao_11-1000x600-2.jpg\",\"width\":1001,\"height\":601},{\"@type\":\"BreadcrumbList\",\"@id\":\"https:\/\/faculdade.grancursosonline.com.br\/blog\/como-conciliar-trabalho-e-faculdade\/#breadcrumb\",\"itemListElement\":[{\"@type\":\"ListItem\",\"position\":1,\"name\":\"In\u00edcio\",\"item\":\"https:\/\/faculdade.grancursosonline.com.br\/blog\/\"},{\"@type\":\"ListItem\",\"position\":2,\"name\":\"Empregabilidade\",\"item\":\"https:\/\/faculdade.grancursosonline.com.br\/blog\/categoria\/empregabilidade\/\"},{\"@type\":\"ListItem\",\"position\":3,\"name\":\"Como conciliar trabalho e faculdade: dicas para equilibrar estudo, emprego e vida pessoal\"}]},{\"@type\":\"WebSite\",\"@id\":\"https:\/\/faculdade.grancursosonline.com.br\/blog\/#website\",\"url\":\"https:\/\/faculdade.grancursosonline.com.br\/blog\/\",\"name\":\"Blog Gran Faculdade\",\"description\":\"Tudo sobre ensino superior, p\u00f3s-gradua\u00e7\u00e3o, enem e carreira.\",\"publisher\":{\"@id\":\"https:\/\/faculdade.grancursosonline.com.br\/blog\/#organization\"},\"potentialAction\":[{\"@type\":\"SearchAction\",\"target\":{\"@type\":\"EntryPoint\",\"urlTemplate\":\"https:\/\/faculdade.grancursosonline.com.br\/blog\/?s={search_term_string}\"},\"query-input\":{\"@type\":\"PropertyValueSpecification\",\"valueRequired\":true,\"valueName\":\"search_term_string\"}}],\"inLanguage\":\"pt-BR\"},{\"@type\":\"Organization\",\"@id\":\"https:\/\/faculdade.grancursosonline.com.br\/blog\/#organization\",\"name\":\"Gran Cursos Online\",\"url\":\"https:\/\/faculdade.grancursosonline.com.br\/blog\/\",\"logo\":{\"@type\":\"ImageObject\",\"inLanguage\":\"pt-BR\",\"@id\":\"https:\/\/faculdade.grancursosonline.com.br\/blog\/#\/schema\/logo\/image\/\",\"url\":\"https:\/\/blog-es-static.infra.grancursosonline.com.br\/wp-content\/uploads\/2019\/08\/03123934\/logo.png\",\"contentUrl\":\"https:\/\/blog-es-static.infra.grancursosonline.com.br\/wp-content\/uploads\/2019\/08\/03123934\/logo.png\",\"width\":300,\"height\":57,\"caption\":\"Gran Cursos Online\"},\"image\":{\"@id\":\"https:\/\/faculdade.grancursosonline.com.br\/blog\/#\/schema\/logo\/image\/\"},\"sameAs\":[\"https:\/\/www.facebook.com\/grancursosonline\/\",\"https:\/\/x.com\/gran_online\",\"https:\/\/www.instagram.com\/grancursosonline\/\",\"https:\/\/www.youtube.com\/user\/grancursostv\"]},{\"@type\":\"Person\",\"@id\":\"https:\/\/faculdade.grancursosonline.com.br\/blog\/#\/schema\/person\/14e0fa771c0614c4b7434ee70589c075\",\"name\":\"Aline Damettos\",\"url\":\"https:\/\/faculdade.grancursosonline.com.br\/blog\/author\/aline-damettos\/\"}]}<\/script>\n<!-- \/ Yoast SEO Premium plugin. -->","yoast_head_json":{"title":"Como conciliar trabalho e faculdade: dicas para equilibrar estudo, emprego e vida pessoal","description":"Trabalhar e estudar \u00e9 um desafio! Confira dicas pr\u00e1ticas e um cronograma para conciliar trabalho e faculdade com sucesso. Clique!","robots":{"index":"index","follow":"follow","max-snippet":"max-snippet:-1","max-image-preview":"max-image-preview:large","max-video-preview":"max-video-preview:-1"},"canonical":"https:\/\/faculdade.grancursosonline.com.br\/blog\/como-conciliar-trabalho-e-faculdade\/","og_locale":"pt_BR","og_type":"article","og_title":"Como conciliar trabalho e faculdade: dicas para equilibrar estudo, emprego e vida pessoal","og_description":"Trabalhar e estudar \u00e9 um desafio! Confira dicas pr\u00e1ticas e um cronograma para conciliar trabalho e faculdade com sucesso. Clique!","og_url":"https:\/\/faculdade.grancursosonline.com.br\/blog\/como-conciliar-trabalho-e-faculdade\/","og_site_name":"Blog Gran Faculdade","article_publisher":"https:\/\/www.facebook.com\/grancursosonline\/","article_published_time":"2026-01-23T20:58:22+00:00","article_modified_time":"2026-01-28T13:09:17+00:00","og_image":[{"width":511,"height":311,"url":"https:\/\/blog-es-static.infra.grancursosonline.com.br\/wp-content\/uploads\/2026\/01\/28100851\/Artes-para-o-blog-Ensino-Superior-Pos-Graduacao_11-Destaque_510x310-1.jpg","type":"image\/jpeg"}],"author":"Aline Damettos","twitter_card":"summary_large_image","twitter_creator":"@gran_online","twitter_site":"@gran_online","twitter_misc":{"Written by":"Aline Damettos","Est. reading time":"28 minutos"},"schema":{"@context":"https:\/\/schema.org","@graph":[{"@type":"NewsArticle","@id":"https:\/\/faculdade.grancursosonline.com.br\/blog\/como-conciliar-trabalho-e-faculdade\/#article","isPartOf":{"@id":"https:\/\/faculdade.grancursosonline.com.br\/blog\/como-conciliar-trabalho-e-faculdade\/"},"author":{"name":"Aline Damettos","@id":"https:\/\/faculdade.grancursosonline.com.br\/blog\/#\/schema\/person\/14e0fa771c0614c4b7434ee70589c075"},"headline":"Como conciliar trabalho e faculdade: dicas para equilibrar estudo, emprego e vida pessoal","datePublished":"2026-01-23T20:58:22+00:00","dateModified":"2026-01-28T13:09:17+00:00","mainEntityOfPage":{"@id":"https:\/\/faculdade.grancursosonline.com.br\/blog\/como-conciliar-trabalho-e-faculdade\/"},"wordCount":1062,"commentCount":0,"publisher":{"@id":"https:\/\/faculdade.grancursosonline.com.br\/blog\/#organization"},"image":{"@id":"https:\/\/faculdade.grancursosonline.com.br\/blog\/como-conciliar-trabalho-e-faculdade\/#primaryimage"},"thumbnailUrl":"https:\/\/blog-es-static.infra.grancursosonline.com.br\/wp-content\/uploads\/2026\/01\/28100836\/Artes-para-o-blog-Ensino-Superior-Pos-Graduacao_11-1000x600-2.jpg","articleSection":["Empregabilidade","\u00daltimas Not\u00edcias"],"inLanguage":"pt-BR","potentialAction":[{"@type":"CommentAction","name":"Comment","target":["https:\/\/faculdade.grancursosonline.com.br\/blog\/como-conciliar-trabalho-e-faculdade\/#respond"]}],"copyrightYear":"2026","copyrightHolder":{"@id":"https:\/\/faculdade.grancursosonline.com.br\/blog\/#organization"}},{"@type":"WebPage","@id":"https:\/\/faculdade.grancursosonline.com.br\/blog\/como-conciliar-trabalho-e-faculdade\/","url":"https:\/\/faculdade.grancursosonline.com.br\/blog\/como-conciliar-trabalho-e-faculdade\/","name":"Como conciliar trabalho e faculdade: dicas para equilibrar estudo, emprego e vida pessoal","isPartOf":{"@id":"https:\/\/faculdade.grancursosonline.com.br\/blog\/#website"},"primaryImageOfPage":{"@id":"https:\/\/faculdade.grancursosonline.com.br\/blog\/como-conciliar-trabalho-e-faculdade\/#primaryimage"},"image":{"@id":"https:\/\/faculdade.grancursosonline.com.br\/blog\/como-conciliar-trabalho-e-faculdade\/#primaryimage"},"thumbnailUrl":"https:\/\/blog-es-static.infra.grancursosonline.com.br\/wp-content\/uploads\/2026\/01\/28100836\/Artes-para-o-blog-Ensino-Superior-Pos-Graduacao_11-1000x600-2.jpg","datePublished":"2026-01-23T20:58:22+00:00","dateModified":"2026-01-28T13:09:17+00:00","description":"Trabalhar e estudar \u00e9 um desafio! Confira dicas pr\u00e1ticas e um cronograma para conciliar trabalho e faculdade com sucesso. Clique!","breadcrumb":{"@id":"https:\/\/faculdade.grancursosonline.com.br\/blog\/como-conciliar-trabalho-e-faculdade\/#breadcrumb"},"inLanguage":"pt-BR","potentialAction":[{"@type":"ReadAction","target":["https:\/\/faculdade.grancursosonline.com.br\/blog\/como-conciliar-trabalho-e-faculdade\/"]}]},{"@type":"ImageObject","inLanguage":"pt-BR","@id":"https:\/\/faculdade.grancursosonline.com.br\/blog\/como-conciliar-trabalho-e-faculdade\/#primaryimage","url":"https:\/\/blog-es-static.infra.grancursosonline.com.br\/wp-content\/uploads\/2026\/01\/28100836\/Artes-para-o-blog-Ensino-Superior-Pos-Graduacao_11-1000x600-2.jpg","contentUrl":"https:\/\/blog-es-static.infra.grancursosonline.com.br\/wp-content\/uploads\/2026\/01\/28100836\/Artes-para-o-blog-Ensino-Superior-Pos-Graduacao_11-1000x600-2.jpg","width":1001,"height":601},{"@type":"BreadcrumbList","@id":"https:\/\/faculdade.grancursosonline.com.br\/blog\/como-conciliar-trabalho-e-faculdade\/#breadcrumb","itemListElement":[{"@type":"ListItem","position":1,"name":"In\u00edcio","item":"https:\/\/faculdade.grancursosonline.com.br\/blog\/"},{"@type":"ListItem","position":2,"name":"Empregabilidade","item":"https:\/\/faculdade.grancursosonline.com.br\/blog\/categoria\/empregabilidade\/"},{"@type":"ListItem","position":3,"name":"Como conciliar trabalho e faculdade: dicas para equilibrar estudo, emprego e vida pessoal"}]},{"@type":"WebSite","@id":"https:\/\/faculdade.grancursosonline.com.br\/blog\/#website","url":"https:\/\/faculdade.grancursosonline.com.br\/blog\/","name":"Blog Gran Faculdade","description":"Tudo sobre ensino superior, p\u00f3s-gradua\u00e7\u00e3o, enem e carreira.","publisher":{"@id":"https:\/\/faculdade.grancursosonline.com.br\/blog\/#organization"},"potentialAction":[{"@type":"SearchAction","target":{"@type":"EntryPoint","urlTemplate":"https:\/\/faculdade.grancursosonline.com.br\/blog\/?s={search_term_string}"},"query-input":{"@type":"PropertyValueSpecification","valueRequired":true,"valueName":"search_term_string"}}],"inLanguage":"pt-BR"},{"@type":"Organization","@id":"https:\/\/faculdade.grancursosonline.com.br\/blog\/#organization","name":"Gran Cursos Online","url":"https:\/\/faculdade.grancursosonline.com.br\/blog\/","logo":{"@type":"ImageObject","inLanguage":"pt-BR","@id":"https:\/\/faculdade.grancursosonline.com.br\/blog\/#\/schema\/logo\/image\/","url":"https:\/\/blog-es-static.infra.grancursosonline.com.br\/wp-content\/uploads\/2019\/08\/03123934\/logo.png","contentUrl":"https:\/\/blog-es-static.infra.grancursosonline.com.br\/wp-content\/uploads\/2019\/08\/03123934\/logo.png","width":300,"height":57,"caption":"Gran Cursos Online"},"image":{"@id":"https:\/\/faculdade.grancursosonline.com.br\/blog\/#\/schema\/logo\/image\/"},"sameAs":["https:\/\/www.facebook.com\/grancursosonline\/","https:\/\/x.com\/gran_online","https:\/\/www.instagram.com\/grancursosonline\/","https:\/\/www.youtube.com\/user\/grancursostv"]},{"@type":"Person","@id":"https:\/\/faculdade.grancursosonline.com.br\/blog\/#\/schema\/person\/14e0fa771c0614c4b7434ee70589c075","name":"Aline Damettos","url":"https:\/\/faculdade.grancursosonline.com.br\/blog\/author\/aline-damettos\/"}]}},"_links":{"self":[{"href":"https:\/\/faculdade.grancursosonline.com.br\/blog\/wp-json\/wp\/v2\/posts\/79761042","targetHints":{"allow":["GET"]}}],"collection":[{"href":"https:\/\/faculdade.grancursosonline.com.br\/blog\/wp-json\/wp\/v2\/posts"}],"about":[{"href":"https:\/\/faculdade.grancursosonline.com.br\/blog\/wp-json\/wp\/v2\/types\/post"}],"author":[{"embeddable":true,"href":"https:\/\/faculdade.grancursosonline.com.br\/blog\/wp-json\/wp\/v2\/users\/525"}],"replies":[{"embeddable":true,"href":"https:\/\/faculdade.grancursosonline.com.br\/blog\/wp-json\/wp\/v2\/comments?post=79761042"}],"version-history":[{"count":2,"href":"https:\/\/faculdade.grancursosonline.com.br\/blog\/wp-json\/wp\/v2\/posts\/79761042\/revisions"}],"predecessor-version":[{"id":79761050,"href":"https:\/\/faculdade.grancursosonline.com.br\/blog\/wp-json\/wp\/v2\/posts\/79761042\/revisions\/79761050"}],"wp:featuredmedia":[{"embeddable":true,"href":"https:\/\/faculdade.grancursosonline.com.br\/blog\/wp-json\/wp\/v2\/media\/79761245"}],"wp:attachment":[{"href":"https:\/\/faculdade.grancursosonline.com.br\/blog\/wp-json\/wp\/v2\/media?parent=79761042"}],"wp:term":[{"taxonomy":"category","embeddable":true,"href":"https:\/\/faculdade.grancursosonline.com.br\/blog\/wp-json\/wp\/v2\/categories?post=79761042"},{"taxonomy":"post_tag","embeddable":true,"href":"https:\/\/faculdade.grancursosonline.com.br\/blog\/wp-json\/wp\/v2\/tags?post=79761042"}],"curies":[{"name":"wp","href":"https:\/\/api.w.org\/{rel}","templated":true}]}}