{"id":79761049,"date":"2026-01-23T18:03:29","date_gmt":"2026-01-23T21:03:29","guid":{"rendered":"https:\/\/faculdade.grancursosonline.com.br\/blog\/?p=79761049"},"modified":"2026-03-31T08:47:52","modified_gmt":"2026-03-31T11:47:52","slug":"renda-per-capita-prouni","status":"publish","type":"post","link":"https:\/\/faculdade.grancursosonline.com.br\/blog\/renda-per-capita-prouni\/","title":{"rendered":"Renda per capita Prouni: aprenda como calcular e garantir sua bolsa em 2026"},"content":{"rendered":"\n<p>Um dos maiores obst\u00e1culos entre o sonho da gradua\u00e7\u00e3o e a conquista da vaga \u00e9 a d\u00favida sobre o c\u00e1lculo da renda per capita Prouni. Muitas vezes, o candidato possui a nota necess\u00e1ria, mas fica inseguro na hora de declarar os ganhos da fam\u00edlia.<\/p>\n\n\n\n<p>Entender como o MEC avalia o perfil financeiro da sua fam\u00edlia \u00e9 o primeiro passo para garantir sua bolsa integral ou parcial em 2026. Preparamos este guia pr\u00e1tico para que voc\u00ea aprenda a somar, dividir e comprovar sua renda sem complica\u00e7\u00f5es.<\/p>\n\n\n\n<p>Acompanhe o artigo na \u00edntegra, ou navegue pelo \u00edndice se preferir:<\/p>\n\n\n\n<ul class=\"wp-block-list\">\n<li><a href=\"#h-o-que-e-renda-per-capita-prouni-e-qual-o-limite-para-2026\">O que \u00e9 renda per capita Prouni e qual o limite para 2026?<\/a><\/li>\n\n\n\n<li><a href=\"#h-passo-a-passo-aprenda-como-calcular-a-renda-per-capita-da-sua-familia\">Passo a passo: aprenda como calcular a renda per capita da sua fam\u00edlia<\/a><\/li>\n\n\n\n<li><a href=\"#h-quem-deve-ser-incluido-no-grupo-familiar-para-o-calculo\">Quem deve ser inclu\u00eddo no grupo familiar para o c\u00e1lculo?<\/a><\/li>\n\n\n\n<li><a href=\"#h-o-que-conta-e-o-que-nao-conta-como-renda-no-prouni\">O que conta (e o que n\u00e3o conta) como renda no Prouni?<\/a><\/li>\n\n\n\n<li><a href=\"#h-como-comprovar-a-renda-declarada-no-dia-da-matricula\">Como comprovar a renda declarada no dia da matr\u00edcula?<\/a><\/li>\n\n\n\n<li><a href=\"#h-cronograma-prouni-2026-nao-perca-os-prazos-da-renda\">Cronograma Prouni 2026: n\u00e3o perca os prazos da renda<\/a><\/li>\n\n\n\n<li><a href=\"#h-perguntas-frequentes-sobre-a-renda-per-capita-prouni\">Perguntas frequentes sobre a renda per capita Prouni<\/a><\/li>\n<\/ul>\n\n\n\n<h2 class=\"wp-block-heading\" id=\"h-o-que-e-renda-per-capita-prouni-e-qual-o-limite-para-2026\"><strong>O que \u00e9 renda per capita prouni e qual o limite para 2026?<\/strong><\/h2>\n\n\n\n<p>A renda per capita Prouni \u00e9, em termos simples, o valor m\u00e9dio que cada pessoa da sua casa teria se todo o dinheiro ganho pela fam\u00edlia fosse dividido igualmente entre todos.&nbsp;<\/p>\n\n\n\n<p>Esse c\u00e1lculo \u00e9 o filtro principal que o Minist\u00e9rio da Educa\u00e7\u00e3o utiliza para garantir que as bolsas cheguem a quem realmente precisa de apoio financeiro para cursar o ensino superior. Para o processo seletivo de 2026, os limites seguem atrelados ao sal\u00e1rio m\u00ednimo vigente.&nbsp;<\/p>\n\n\n\n<p>Para conquistar a <strong>bolsa integral (100%)<\/strong>, a sua renda per capita Prouni n\u00e3o pode ultrapassar 1,5 sal\u00e1rio m\u00ednimo por pessoa; j\u00e1 para a <strong>bolsa parcial (50%)<\/strong>, o limite m\u00e1ximo permitido \u00e9 de at\u00e9 3 sal\u00e1rios m\u00ednimos por cada integrante do grupo familiar.<\/p>\n\n\n\n<p>\u00c9 fundamental ter esses n\u00fameros em mente antes mesmo de escolher o curso no sistema, pois a comprova\u00e7\u00e3o documental ser\u00e1 rigorosa. Saber exatamente como est\u00e1 a sua renda per capita prouni evita frustra\u00e7\u00f5es na hora da matr\u00edcula e garante que voc\u00ea concorra \u00e0 vaga correta de acordo com a sua realidade financeira.<\/p>\n\n\n\n<p>Confira sobre: <a href=\"https:\/\/faculdade.grancursosonline.com.br\/blog\/calendario-pe-de-meia-2026\/\" target=\"_blank\" rel=\"noopener\">Calend\u00e1rio P\u00e9-de-Meia 2026 primeira parcela<\/a><\/p>\n\n\n\n<h2 class=\"wp-block-heading\" id=\"h-passo-a-passo-aprenda-como-calcular-a-renda-per-capita-da-sua-familia\"><strong>Passo a passo: aprenda como calcular a renda per capita da sua fam\u00edlia<\/strong><\/h2>\n\n\n\n<p>Calcular esse valor n\u00e3o exige f\u00f3rmulas complexas, mas sim organiza\u00e7\u00e3o para n\u00e3o esquecer nenhum rendimento importante. O segredo para chegar \u00e0 renda per capita Prouni correta \u00e9 considerar sempre o valor bruto (aquele que aparece antes dos descontos de INSS ou Imposto de Renda no holerite). Veja como fazer:<\/p>\n\n\n\n<ol class=\"wp-block-list\">\n<li><strong>Some os rendimentos:<\/strong> Pegue o sal\u00e1rio bruto de todas as pessoas da casa que possuem renda fixa ou vari\u00e1vel;<\/li>\n\n\n\n<li><strong>Calcule a m\u00e9dia mensal:<\/strong> O ideal \u00e9 somar os \u00faltimos tr\u00eas sal\u00e1rios brutos de cada um e dividir por tr\u00eas para chegar a uma m\u00e9dia correta;<\/li>\n\n\n\n<li><strong>Divida pelo n\u00famero de pessoas:<\/strong> Pegue o valor total da soma da fam\u00edlia e divida pelo n\u00famero total de moradores da casa (incluindo crian\u00e7as e idosos);<\/li>\n\n\n\n<li><strong>Compare com o limite:<\/strong> Veja se o resultado da sua renda per capita prouni est\u00e1 dentro dos limites de 1,5 ou 3 sal\u00e1rios m\u00ednimos vigentes em 2026.<\/li>\n<\/ol>\n\n\n\n<h2 class=\"wp-block-heading\" id=\"h-quem-deve-ser-incluido-no-grupo-familiar-para-o-calculo\"><strong>Quem deve ser inclu\u00eddo no grupo familiar para o c\u00e1lculo?<\/strong><\/h2>\n\n\n\n<p>Essa \u00e9 uma das d\u00favidas mais comuns, e a regra para definir a renda per capita Prouni \u00e9 clara: o grupo familiar \u00e9 composto por todas as pessoas que residem na mesma moradia e que contribuem para a renda ou dependem dela.&nbsp;<\/p>\n\n\n\n<p>N\u00e3o importa se s\u00e3o parentes distantes, se dividem o teto e as despesas, entram na conta. Geralmente, isso inclui pais, padrastos, c\u00f4njuges, companheiros, irm\u00e3os e filhos.&nbsp;<\/p>\n\n\n\n<p>Lembre-se de que beb\u00eas e crian\u00e7as, embora n\u00e3o possuam renda, s\u00e3o pe\u00e7as-chave, pois eles ajudam a diminuir o valor final da renda per capita prouni ao serem inclu\u00eddos como divisores na conta da fam\u00edlia.<\/p>\n\n\n\n<p>Veja sobre: <a href=\"https:\/\/faculdade.grancursosonline.com.br\/blog\/enem-certificado-de-conclusao-do-ensino-medio\/\">Saiba como usar o Enem certificado de conclus\u00e3o do ensino m\u00e9dio<\/a><\/p>\n\n\n\n<h2 class=\"wp-block-heading\" id=\"h-o-que-conta-e-o-que-nao-conta-como-renda-no-prouni\"><strong>O que conta (e o que n\u00e3o conta) como renda no Prouni?<\/strong><\/h2>\n\n\n\n<p>Nem todo dinheiro que entra na conta da sua fam\u00edlia deve ser somado para o c\u00e1lculo. O MEC foca em rendas provenientes de trabalho, aposentadorias e bens, mas abre exce\u00e7\u00f5es importantes para aux\u00edlios assistenciais que n\u00e3o devem inflar a sua renda per capita Prouni.<\/p>\n\n\n\n<ul class=\"wp-block-list\">\n<li><strong>O que entra na conta:<\/strong> Sal\u00e1rios brutos, comiss\u00f5es, pr\u00f3-labore, rendimentos de alugu\u00e9is e pens\u00f5es aliment\u00edcias;<\/li>\n\n\n\n<li><strong>O que N\u00c3O entra na conta:<\/strong> Valores de programas sociais como o Bolsa Fam\u00edlia ou o Aux\u00edlio G\u00e1s n\u00e3o devem ser somados \u00e0 sua renda per capita prouni.<\/li>\n<\/ul>\n\n\n\n<h2 class=\"wp-block-heading\" id=\"h-como-comprovar-a-renda-declarada-no-dia-da-matricula\"><strong>Como comprovar a renda declarada no dia da matr\u00edcula?<\/strong><\/h2>\n\n\n\n<p>A fase de comprova\u00e7\u00e3o \u00e9 o momento de &#8220;provar&#8221; que a sua renda per capita Prouni declarada no site est\u00e1 correta. A faculdade solicitar\u00e1 comprovantes dos \u00faltimos tr\u00eas meses para quem tem renda fixa, como holerites, e extratos banc\u00e1rios ou declara\u00e7\u00f5es espec\u00edficas para trabalhadores aut\u00f4nomos.<\/p>\n\n\n\n<p>Al\u00e9m da renda, voc\u00ea precisar\u00e1 levar os documentos de identifica\u00e7\u00e3o de todos os membros da fam\u00edlia que listou. Se algu\u00e9m na casa n\u00e3o trabalha, ser\u00e1 necess\u00e1rio apresentar a Carteira de Trabalho comprovando a aus\u00eancia de v\u00ednculo ativo para justificar o c\u00e1lculo da renda per capita Prouni apresentado.<\/p>\n\n\n\n<h2 class=\"wp-block-heading\" id=\"h-cronograma-prouni-2026-nao-perca-os-prazos-da-renda\"><strong>Cronograma Prouni 2026: n\u00e3o perca os prazos da renda<\/strong><\/h2>\n\n\n\n<p id=\"h-ficar-atento-as-datas-e-tao-importante-quanto-saber-calcular-a-sua-renda-per-capita-prouni-pois-o-prazo-para-entrega-de-documentos-costuma-ser-curto-se-voce-for-pre-selecionado-tera-poucos-dias-para-levar-os-comprovantes-de-rendimentos-ate-a-instituicao-de-ensino\">Ficar atento \u00e0s datas \u00e9 t\u00e3o importante quanto saber calcular a sua renda per capita Prouni, pois o prazo para entrega de documentos costuma ser curto. Se voc\u00ea for pr\u00e9-selecionado, ter\u00e1 poucos dias para levar os comprovantes de rendimentos at\u00e9 a institui\u00e7\u00e3o de ensino.<\/p>\n\n\n\n<p id=\"h-confira-as-datas-principais-para-o-primeiro-semestre-de-2026\">Confira as datas principais para o primeiro semestre de 2026:<\/p>\n\n\n\n<ul class=\"wp-block-list\">\n<li><strong>Inscri\u00e7\u00f5es:<\/strong> 26 a 29 de janeiro de 2026;<\/li>\n\n\n\n<li><strong>Resultado da 1\u00aa chamada:<\/strong> 3 de fevereiro de 2026;<\/li>\n\n\n\n<li><strong>Resultado da 2\u00aa chamada:<\/strong> 2 de mar\u00e7o de 2026;<\/li>\n\n\n\n<li><strong>Lista de espera (Manifesta\u00e7\u00e3o de interesse):<\/strong> 25 e 26 de mar\u00e7o de 2026;<\/li>\n\n\n\n<li><strong>Resultado da lista de espera<\/strong>: 31 de mar\u00e7o de 2026.<\/li>\n<\/ul>\n\n\n\n<h2 class=\"wp-block-heading\" id=\"h-perguntas-frequentes-sobre-a-renda-per-capita-prouni\"><strong>Perguntas frequentes sobre a renda per capita Prouni<\/strong><\/h2>\n\n\n\n<p id=\"h-sabemos-que-mesmo-com-o-calculo-em-maos-algumas-situacoes-especificas-do-dia-a-dia-podem-gerar-duvidas-separamos-as-perguntas-mais-comuns-para-te-ajudar-a-declarar-sua-renda-per-capita-prouni-com-total-seguranca\">Sabemos que, mesmo com o c\u00e1lculo em m\u00e3os, algumas situa\u00e7\u00f5es espec\u00edficas do dia a dia podem gerar d\u00favidas. Separamos as perguntas mais comuns para te ajudar a declarar sua renda per capita Prouni com total seguran\u00e7a:<\/p>\n\n\n\n<h3 class=\"wp-block-heading\" id=\"h-o-que-fazer-se-um-membro-da-familia-esta-desempregado-nbsp\"><strong>O que fazer se um membro da fam\u00edlia est\u00e1 desempregado?<\/strong>&nbsp;<\/h3>\n\n\n\n<p id=\"h-voce-deve-inclui-lo-no-calculo-com-renda-zero-e-apresentar-a-carteira-de-trabalho-fisica-ou-digital-para-comprovar-a-ausencia-de-vinculo-no-dia-da-matricula\">Voc\u00ea deve inclu\u00ed-lo no c\u00e1lculo com renda zero e apresentar a Carteira de Trabalho (f\u00edsica ou digital) para comprovar a aus\u00eancia de v\u00ednculo no dia da matr\u00edcula.<\/p>\n\n\n\n<h3 class=\"wp-block-heading\" id=\"h-como-calcular-a-renda-de-quem-trabalha-como-autonomo-ou-informal-nbsp\"><strong>Como calcular a renda de quem trabalha como aut\u00f4nomo ou informal?<\/strong>&nbsp;<\/h3>\n\n\n\n<p id=\"h-nesses-casos-a-renda-per-capita-prouni-e-comprovada-atraves-de-extratos-bancarios-dos-ultimos-tres-meses-ou-por-meio-de-uma-declaracao-de-renda-assinada-e-por-vezes-registrada-em-cartorio\">Nesses casos, a renda per capita Prouni \u00e9 comprovada atrav\u00e9s de extratos banc\u00e1rios dos \u00faltimos tr\u00eas meses ou por meio de uma declara\u00e7\u00e3o de renda assinada e, por vezes, registrada em cart\u00f3rio.<\/p>\n\n\n\n<h3 class=\"wp-block-heading\" id=\"h-estagiarios-precisam-declarar-o-valor-da-bolsa-nbsp\"><strong>Estagi\u00e1rios precisam declarar o valor da bolsa?<\/strong>&nbsp;<\/h3>\n\n\n\n<p id=\"h-sim-o-valor-recebido-em-estagios-ou-contratos-de-jovem-aprendiz-entra-na-soma-total-da-familia-para-o-calculo-da-renda-per-capita-prouni-pois-e-considerado-um-rendimento\">Sim. O valor recebido em est\u00e1gios ou contratos de jovem aprendiz entra na soma total da fam\u00edlia para o c\u00e1lculo da renda per capita Prouni, pois \u00e9 considerado um rendimento.<\/p>\n\n\n\n<h3 class=\"wp-block-heading\" id=\"h-moro-com-amigos-eles-entram-no-meu-grupo-familiar-nbsp\"><strong>Moro com amigos, eles entram no meu grupo familiar?<\/strong>&nbsp;<\/h3>\n\n\n\n<p id=\"h-nao-o-grupo-familiar-para-o-prouni-e-composto-por-pessoas-que-residem-no-mesmo-endereco-e-possuem-lacos-de-parentesco-ou-dependencia-financeira-como-conjuges-amigos-sao-considerados-unidades-familiares-distintas\">N\u00e3o. O grupo familiar para o Prouni \u00e9 composto por pessoas que residem no mesmo endere\u00e7o e possuem la\u00e7os de parentesco ou depend\u00eancia financeira (como c\u00f4njuges). Amigos s\u00e3o considerados unidades familiares distintas.<\/p>\n\n\n\n<h3 class=\"wp-block-heading\" id=\"h-o-que-acontece-se-eu-errar-o-calculo-da-renda-no-site-nbsp\"><strong>O que acontece se eu errar o c\u00e1lculo da renda no site?<\/strong>&nbsp;<\/h3>\n\n\n\n<p id=\"h-se-na-hora-de-entregar-os-documentos-a-faculdade-perceber-que-sua-renda-per-capita-prouni-real-ultrapassa-o-limite-da-bolsa-escolhida-voce-infelizmente-sera-desclassificado-por-isso-a-conferencia-previa-e-fundamental\">Se na hora de entregar os documentos a faculdade perceber que sua renda per capita Prouni real ultrapassa o limite da bolsa escolhida, voc\u00ea infelizmente ser\u00e1 desclassificado. Por isso, a confer\u00eancia pr\u00e9via \u00e9 fundamental.<\/p>\n\n\n\n<h2 class=\"wp-block-heading\" id=\"h-vem-pra-gran-faculdade\">Vem pra Gran Faculdade!<\/h2>\n\n\n\n<p>A Gran Faculdade vem mudando a vida de milhares de pessoas por meio de cursos \u00e0 dist\u00e2ncia de <a href=\"https:\/\/faculdade.grancursosonline.com.br\/\" target=\"_blank\" rel=\"noreferrer noopener\">gradua\u00e7\u00e3o<\/a>, <a href=\"https:\/\/pos.grancursosonline.com.br\/\" target=\"_blank\" rel=\"noreferrer noopener\">p\u00f3s-gradua\u00e7\u00e3o<\/a> e <a href=\"https:\/\/pos.grancursosonline.com.br\/mba\" target=\"_blank\" rel=\"noreferrer noopener\">MBA<\/a>. Seja no digital ou em nosso <a href=\"https:\/\/presencial.grancursosonline.com.br\/\" target=\"_blank\" rel=\"noreferrer noopener\">Campus Presencial em Curitiba<\/a>, a nossa miss\u00e3o \u00e9 transformar a educa\u00e7\u00e3o superior.<\/p>\n\n\n\n<p>Como parte de Sistema Gran de Ensino, que \u00e9 reconhecido como marca aprovadora h\u00e1 mais de 10 anos, constru\u00edmos uma renomada reputa\u00e7\u00e3o na \u00e1rea de educa\u00e7\u00e3o.<\/p>\n\n\n\n<p>Veja algumas de nossas conquistas:<\/p>\n\n\n\n<ul class=\"wp-block-list\">\n<li>Reconhecido pela Amazon como um dos projetos mais relevantes do mundo na \u00e1rea de Tecnologia e Educa\u00e7\u00e3o;<\/li>\n\n\n\n<li>Foi eleito pelo Project Management Institute (PMI), um dos 50 Projetos Mais Influentes do mundo;<\/li>\n\n\n\n<li>Somos o site de educa\u00e7\u00e3o mais acessado do Brasil;<\/li>\n\n\n\n<li>Somos avaliados com a nota m\u00e1xima pelo MEC;<\/li>\n\n\n\n<li>Aqui o semestre come\u00e7a quando quiser: entrada imediata e cont\u00ednua!<\/li>\n\n\n\n<li>Melhores pre\u00e7os do mercado;<\/li>\n\n\n\n<li>Mais de 800 mil alunos pagantes e mais de 1000 funcion\u00e1rios;<\/li>\n\n\n\n<li>Diversas ferramentas de estudo: PDFs, audiobooks, mapas mentais, videoaulas, quest\u00f5es, gerenciador de estudos e muito mais!<\/li>\n\n\n\n<li>Professores experientes e capacitados;<\/li>\n\n\n\n<li>Acesso imediato e 100% online.<\/li>\n<\/ul>\n\n\n\n<p class=\"has-text-align-center has-text-align-center\"><strong><a href=\"https:\/\/faculdade.grancursosonline.com.br\/\">Quero ser aluno da Gran Faculdade<\/a><\/strong><\/p>\n\n\n\n<h2 class=\"wp-block-heading\" id=\"h-participe-de-uma-imersao-exclusiva-com-especialistas-em-ia-e-transforme-sua-carreira\">Participe de uma imers\u00e3o exclusiva com especialistas em IA e transforme sua carreira<\/h2>\n\n\n<div class=\"wp-block-image\">\n<figure class=\"aligncenter size-large is-resized\"><a href=\"https:\/\/lp.grancursosonline.com.br\/imersao-em-ia\/?utm_source=Wordpress&amp;utm_medium=sidebar&amp;utm_campaign=Capta%C3%A7%C3%A3o+Imers%C3%A3o+em+IA+-+Abril%2F2026+-+Blog+Ensino+Superior+-+Conte%C3%BAdo+e+SEO&amp;utm_id=Capta%C3%A7%C3%A3o+Imers%C3%A3o+em+IA+-+Abril%2F2026+-+Blog+Ensino+Superior+-+Conte%C3%BAdo+e+SEO\" target=\"_blank\" rel=\" noreferrer noopener\"><img loading=\"lazy\" decoding=\"async\" width=\"1024\" height=\"576\" src=\"https:\/\/blog-es-static.infra.grancursosonline.com.br\/wp-content\/uploads\/2026\/03\/31105919\/imersao_em_ia-1024x576.webp\" alt=\"\" class=\"wp-image-79763836\" style=\"width:488px;height:auto\"\/><\/a><\/figure>\n<\/div>\n\n\n<p><strong>Se voc\u00ea quer sair do b\u00e1sico e entender, na pr\u00e1tica, como a Intelig\u00eancia Artificial (IA) est\u00e1 moldando o mercado, esta \u00e9 a sua oportunidade.<\/strong> <\/p>\n\n\n\n<p>A Imers\u00e3o em IA re\u00fane especialistas renomados do mercado, incluindo profissionais com experi\u00eancia em grandes empresas de tecnologia como Google e Amazon, que v\u00e3o compartilhar<strong> insights estrat\u00e9gicos e aplica\u00e7\u00f5es reais<\/strong> para acelerar sua evolu\u00e7\u00e3o profissional.<\/p>\n\n\n\n<p>O evento acontecer\u00e1 em <strong>tr\u00eas encontros ao vivo, a partir do dia 13 de abril, sempre \u00e0s 20h<\/strong> (hor\u00e1rio de Bras\u00edlia), com uma programa\u00e7\u00e3o estruturada para levar voc\u00ea do entendimento dos conceitos at\u00e9 a aplica\u00e7\u00e3o pr\u00e1tica de agentes de IA.<\/p>\n\n\n\n<p>Clique no link abaixo e garanta sua participa\u00e7\u00e3o nesta experi\u00eancia <strong>gratuita, ao vivo e com potencial real de impacto na sua carreira<\/strong>.<\/p>\n\n\n\n<p class=\"has-text-align-center\"><strong><a href=\"https:\/\/lp.grancursosonline.com.br\/imersao-em-ia\/?utm_source=Wordpress&amp;utm_medium=sidebar&amp;utm_campaign=Capta%C3%A7%C3%A3o+Imers%C3%A3o+em+IA+-+Abril%2F2026+-+Blog+Ensino+Superior+-+Conte%C3%BAdo+e+SEO&amp;utm_id=Capta%C3%A7%C3%A3o+Imers%C3%A3o+em+IA+-+Abril%2F2026+-+Blog+Ensino+Superior+-+Conte%C3%BAdo+e+SEO\" target=\"_blank\" rel=\"noreferrer noopener\">Quero participar da Imers\u00e3o para aprender mais sobre IA<\/a><\/strong><\/p>\n\n\n\n<div class=\"wp-block-group has-background\" style=\"background-color:#8dd2fc7a\"><div class=\"wp-block-group__inner-container is-layout-constrained wp-block-group-is-layout-constrained\">\n<p><strong>Outras not\u00edcias em destaque:<\/strong><\/p>\n\n\n\n<ul class=\"wp-block-list\">\n<li><a href=\"https:\/\/faculdade.grancursosonline.com.br\/blog\/bolsa-de-estudos-prouni-2026\/\" target=\"_blank\" rel=\"noopener\">Bolsa de estudos Prouni 2026: o que \u00e9, regras, prazos e como conseguir uma<\/a><\/li>\n\n\n\n<li><a href=\"https:\/\/faculdade.grancursosonline.com.br\/blog\/sisu-prouni-fies-diferenca\/\" target=\"_blank\" rel=\"noopener\">SISU, PROUNI e FIES: como se inscrever e qual a diferen\u00e7a?<\/a><\/li>\n\n\n\n<li><a href=\"https:\/\/faculdade.grancursosonline.com.br\/blog\/novas-regras-prouni-2026\/\" target=\"_blank\" rel=\"noopener\">Novas regras Prouni 2026: confira o calend\u00e1rio e mudan\u00e7as no edital<\/a><\/li>\n<\/ul>\n<\/div><\/div>\n\n\n\n<div class=\"wp-block-group\"><div class=\"wp-block-group__inner-container is-layout-constrained wp-block-group-is-layout-constrained\">\n<div class=\"wp-block-group\"><div class=\"wp-block-group__inner-container is-layout-constrained wp-block-group-is-layout-constrained\">\n<section style=\"text-align: center;\">\n<p>Quer ficar por dentro da Faculdade Digital mais inovadora do Brasil?<\/p>\n<nav>\n<p class=\"has-background has-dark-bluish-background-color\" style=\"font-size: 25px; text-align: center; background: #f0f0f0; color: #ffffff; padding: 4px 0px 4xp 0px;\"><a style=\"color: #0d134c; text-decoration: underline;\" href=\"https:\/\/faculdade.grancursosonline.com.br\/\" target=\"_blank\" rel=\"noopener\">GRADUA\u00c7\u00c3O<\/a><\/p>\n<p class=\"has-background has-dark-bluish-background-color\" style=\"font-size: 25px; text-align: center; background: #f0f0f0; color: #ffffff; padding: 4px 0px 4xp 0px;\"><a style=\"color: #0d134c; text-decoration: underline;\" href=\"https:\/\/pos.grancursosonline.com.br\/\" target=\"_blank\" rel=\"noopener\">P\u00d3S-GRADUA\u00c7\u00c3O<\/a><\/p>\n<p class=\"has-background has-dark-bluish-background-color\" style=\"font-size: 25px; text-align: center; background: #f0f0f0; color: #ffffff; padding: 4px 0px 4xp 0px;\"><a style=\"color: #0d134c; text-decoration: underline;\" href=\"https:\/\/faculdade.grancursosonline.com.br\/nossos-cursos\/\" target=\"_blank\" rel=\"noopener\">TUDO SOBRE A GRAN FACULDADE<\/a><\/p>\n<\/nav>\n<p><strong>Receba <span style=\"color: #cf1e25;\">gratuitamente<\/span> no seu celular as principais not\u00edcias sobre a Gran Faculdade! <br \/>Clique no link abaixo e inscreva-se:<\/strong><\/p>\n<p class=\"has-background has-dark-bluish-background-color\" style=\"font-size: 25px; text-align: center; background: #f0f0f0; color: #ffffff; padding: 4px 0px 4xp 0px;\"><a style=\"color: #0d134c; text-decoration: underline;\" href=\"https:\/\/whatsapp.com\/channel\/0029VaG1sChI7Be7PNndhL43\" target=\"_blank\" rel=\"noopener noreferrer\">WHATSAPP<\/a><\/p>\n<p class=\"has-background has-dark-bluish-background-color\" style=\"font-size: 25px; text-align: center; background: #f0f0f0; color: #ffffff; padding: 4px 0px 4xp 0px;\"><a style=\"color: #0d134c; text-decoration: underline;\" href=\"https:\/\/t.me\/GranFaculdade\" target=\"_blank\" rel=\"noopener noreferrer\">TELEGRAM<\/a><\/p>\n<\/section>\n<\/div><\/div>\n<\/div><\/div>\n","protected":false},"excerpt":{"rendered":"<p>Um dos maiores obst\u00e1culos entre o sonho da gradua\u00e7\u00e3o e a conquista da vaga \u00e9 a d\u00favida sobre o c\u00e1lculo da renda per capita Prouni. Muitas vezes, o candidato possui a nota necess\u00e1ria, mas fica inseguro na hora de declarar os ganhos da fam\u00edlia. Entender como o MEC avalia o perfil financeiro da sua fam\u00edlia&hellip;<\/p>\n","protected":false},"author":514,"featured_media":79761544,"comment_status":"open","ping_status":"open","sticky":false,"template":"","format":"standard","meta":{"_acf_changed":false,"content-type":"","footnotes":""},"categories":[1543,218668,2],"tags":[],"class_list":["post-79761049","post","type-post","status-publish","format-standard","has-post-thumbnail","hentry","category-enem","category-prouni","category-ultimas-noticias"],"acf":[],"yoast_head":"<!-- This site is optimized with the Yoast SEO Premium plugin v27.2 (Yoast SEO v27.2) - https:\/\/yoast.com\/product\/yoast-seo-premium-wordpress\/ -->\n<title>Renda per capita Prouni: aprenda como calcular e garantir sua bolsa em 2026<\/title>\n<meta name=\"description\" content=\"Tem d\u00favidas sobre a renda per capita Prouni? Aprenda a calcular o valor por pessoa da sua fam\u00edlia e garanta a bolsa de estudos sem erros de c\u00e1lculo.\" \/>\n<meta name=\"robots\" content=\"index, follow, max-snippet:-1, max-image-preview:large, max-video-preview:-1\" \/>\n<link rel=\"canonical\" href=\"https:\/\/faculdade.grancursosonline.com.br\/blog\/renda-per-capita-prouni\/\" \/>\n<meta property=\"og:locale\" content=\"pt_BR\" \/>\n<meta property=\"og:type\" content=\"article\" \/>\n<meta property=\"og:title\" content=\"Renda per capita Prouni: aprenda como calcular e garantir sua bolsa em 2026\" \/>\n<meta property=\"og:description\" content=\"Tem d\u00favidas sobre a renda per capita Prouni? Aprenda a calcular o valor por pessoa da sua fam\u00edlia e garanta a bolsa de estudos sem erros de c\u00e1lculo.\" \/>\n<meta property=\"og:url\" content=\"https:\/\/faculdade.grancursosonline.com.br\/blog\/renda-per-capita-prouni\/\" \/>\n<meta property=\"og:site_name\" content=\"Blog Gran Faculdade\" \/>\n<meta property=\"article:publisher\" content=\"https:\/\/www.facebook.com\/grancursosonline\/\" \/>\n<meta property=\"article:published_time\" content=\"2026-01-23T21:03:29+00:00\" \/>\n<meta property=\"article:modified_time\" content=\"2026-03-31T11:47:52+00:00\" \/>\n<meta property=\"og:image\" content=\"https:\/\/blog-es-static.infra.grancursosonline.com.br\/wp-content\/uploads\/2026\/01\/04123004\/renda-per-capita-Prouni-2.jpg\" \/>\n\t<meta property=\"og:image:width\" content=\"511\" \/>\n\t<meta property=\"og:image:height\" content=\"311\" \/>\n\t<meta property=\"og:image:type\" content=\"image\/jpeg\" \/>\n<meta name=\"author\" content=\"Guilherme Henrique\" \/>\n<meta name=\"twitter:card\" content=\"summary_large_image\" \/>\n<meta name=\"twitter:creator\" content=\"@gran_online\" \/>\n<meta name=\"twitter:site\" content=\"@gran_online\" \/>\n<meta name=\"twitter:label1\" content=\"Written by\" \/>\n\t<meta name=\"twitter:data1\" content=\"Guilherme Henrique\" \/>\n\t<meta name=\"twitter:label2\" content=\"Est. reading time\" \/>\n\t<meta name=\"twitter:data2\" content=\"9 minutos\" \/>\n<script type=\"application\/ld+json\" class=\"yoast-schema-graph\">{\"@context\":\"https:\/\/schema.org\",\"@graph\":[{\"@type\":\"NewsArticle\",\"@id\":\"https:\/\/faculdade.grancursosonline.com.br\/blog\/renda-per-capita-prouni\/#article\",\"isPartOf\":{\"@id\":\"https:\/\/faculdade.grancursosonline.com.br\/blog\/renda-per-capita-prouni\/\"},\"author\":{\"name\":\"Guilherme Henrique\",\"@id\":\"https:\/\/faculdade.grancursosonline.com.br\/blog\/#\/schema\/person\/9745f9b6db8976613c1f439dbcfe717d\"},\"headline\":\"Renda per capita Prouni: aprenda como calcular e garantir sua bolsa em 2026\",\"datePublished\":\"2026-01-23T21:03:29+00:00\",\"dateModified\":\"2026-03-31T11:47:52+00:00\",\"mainEntityOfPage\":{\"@id\":\"https:\/\/faculdade.grancursosonline.com.br\/blog\/renda-per-capita-prouni\/\"},\"wordCount\":1361,\"commentCount\":0,\"publisher\":{\"@id\":\"https:\/\/faculdade.grancursosonline.com.br\/blog\/#organization\"},\"image\":{\"@id\":\"https:\/\/faculdade.grancursosonline.com.br\/blog\/renda-per-capita-prouni\/#primaryimage\"},\"thumbnailUrl\":\"https:\/\/blog-es-static.infra.grancursosonline.com.br\/wp-content\/uploads\/2026\/01\/04122953\/renda-per-capita-Prouni.jpg\",\"articleSection\":[\"ENEM\",\"PROUNI\",\"\u00daltimas Not\u00edcias\"],\"inLanguage\":\"pt-BR\",\"potentialAction\":[{\"@type\":\"CommentAction\",\"name\":\"Comment\",\"target\":[\"https:\/\/faculdade.grancursosonline.com.br\/blog\/renda-per-capita-prouni\/#respond\"]}],\"copyrightYear\":\"2026\",\"copyrightHolder\":{\"@id\":\"https:\/\/faculdade.grancursosonline.com.br\/blog\/#organization\"}},{\"@type\":\"WebPage\",\"@id\":\"https:\/\/faculdade.grancursosonline.com.br\/blog\/renda-per-capita-prouni\/\",\"url\":\"https:\/\/faculdade.grancursosonline.com.br\/blog\/renda-per-capita-prouni\/\",\"name\":\"Renda per capita Prouni: aprenda como calcular e garantir sua bolsa em 2026\",\"isPartOf\":{\"@id\":\"https:\/\/faculdade.grancursosonline.com.br\/blog\/#website\"},\"primaryImageOfPage\":{\"@id\":\"https:\/\/faculdade.grancursosonline.com.br\/blog\/renda-per-capita-prouni\/#primaryimage\"},\"image\":{\"@id\":\"https:\/\/faculdade.grancursosonline.com.br\/blog\/renda-per-capita-prouni\/#primaryimage\"},\"thumbnailUrl\":\"https:\/\/blog-es-static.infra.grancursosonline.com.br\/wp-content\/uploads\/2026\/01\/04122953\/renda-per-capita-Prouni.jpg\",\"datePublished\":\"2026-01-23T21:03:29+00:00\",\"dateModified\":\"2026-03-31T11:47:52+00:00\",\"description\":\"Tem d\u00favidas sobre a renda per capita Prouni? Aprenda a calcular o valor por pessoa da sua fam\u00edlia e garanta a bolsa de estudos sem erros de c\u00e1lculo.\",\"breadcrumb\":{\"@id\":\"https:\/\/faculdade.grancursosonline.com.br\/blog\/renda-per-capita-prouni\/#breadcrumb\"},\"inLanguage\":\"pt-BR\",\"potentialAction\":[{\"@type\":\"ReadAction\",\"target\":[\"https:\/\/faculdade.grancursosonline.com.br\/blog\/renda-per-capita-prouni\/\"]}]},{\"@type\":\"ImageObject\",\"inLanguage\":\"pt-BR\",\"@id\":\"https:\/\/faculdade.grancursosonline.com.br\/blog\/renda-per-capita-prouni\/#primaryimage\",\"url\":\"https:\/\/blog-es-static.infra.grancursosonline.com.br\/wp-content\/uploads\/2026\/01\/04122953\/renda-per-capita-Prouni.jpg\",\"contentUrl\":\"https:\/\/blog-es-static.infra.grancursosonline.com.br\/wp-content\/uploads\/2026\/01\/04122953\/renda-per-capita-Prouni.jpg\",\"width\":1001,\"height\":601,\"caption\":\"Renda per capita Prouni: aprenda como calcular e garantir sua bolsa em 2026\"},{\"@type\":\"BreadcrumbList\",\"@id\":\"https:\/\/faculdade.grancursosonline.com.br\/blog\/renda-per-capita-prouni\/#breadcrumb\",\"itemListElement\":[{\"@type\":\"ListItem\",\"position\":1,\"name\":\"In\u00edcio\",\"item\":\"https:\/\/faculdade.grancursosonline.com.br\/blog\/\"},{\"@type\":\"ListItem\",\"position\":2,\"name\":\"PROUNI\",\"item\":\"https:\/\/faculdade.grancursosonline.com.br\/blog\/categoria\/prouni\/\"},{\"@type\":\"ListItem\",\"position\":3,\"name\":\"Renda per capita Prouni: aprenda como calcular e garantir sua bolsa em 2026\"}]},{\"@type\":\"WebSite\",\"@id\":\"https:\/\/faculdade.grancursosonline.com.br\/blog\/#website\",\"url\":\"https:\/\/faculdade.grancursosonline.com.br\/blog\/\",\"name\":\"Blog Gran Faculdade\",\"description\":\"Tudo sobre ensino superior, p\u00f3s-gradua\u00e7\u00e3o, enem e carreira.\",\"publisher\":{\"@id\":\"https:\/\/faculdade.grancursosonline.com.br\/blog\/#organization\"},\"potentialAction\":[{\"@type\":\"SearchAction\",\"target\":{\"@type\":\"EntryPoint\",\"urlTemplate\":\"https:\/\/faculdade.grancursosonline.com.br\/blog\/?s={search_term_string}\"},\"query-input\":{\"@type\":\"PropertyValueSpecification\",\"valueRequired\":true,\"valueName\":\"search_term_string\"}}],\"inLanguage\":\"pt-BR\"},{\"@type\":\"Organization\",\"@id\":\"https:\/\/faculdade.grancursosonline.com.br\/blog\/#organization\",\"name\":\"Gran Cursos Online\",\"url\":\"https:\/\/faculdade.grancursosonline.com.br\/blog\/\",\"logo\":{\"@type\":\"ImageObject\",\"inLanguage\":\"pt-BR\",\"@id\":\"https:\/\/faculdade.grancursosonline.com.br\/blog\/#\/schema\/logo\/image\/\",\"url\":\"https:\/\/blog-es-static.infra.grancursosonline.com.br\/wp-content\/uploads\/2019\/08\/03123934\/logo.png\",\"contentUrl\":\"https:\/\/blog-es-static.infra.grancursosonline.com.br\/wp-content\/uploads\/2019\/08\/03123934\/logo.png\",\"width\":300,\"height\":57,\"caption\":\"Gran Cursos Online\"},\"image\":{\"@id\":\"https:\/\/faculdade.grancursosonline.com.br\/blog\/#\/schema\/logo\/image\/\"},\"sameAs\":[\"https:\/\/www.facebook.com\/grancursosonline\/\",\"https:\/\/x.com\/gran_online\",\"https:\/\/www.instagram.com\/grancursosonline\/\",\"https:\/\/www.youtube.com\/user\/grancursostv\"]},{\"@type\":\"Person\",\"@id\":\"https:\/\/faculdade.grancursosonline.com.br\/blog\/#\/schema\/person\/9745f9b6db8976613c1f439dbcfe717d\",\"name\":\"Guilherme Henrique\",\"url\":\"https:\/\/faculdade.grancursosonline.com.br\/blog\/author\/guilherme-lourenco\/\"}]}<\/script>\n<!-- \/ Yoast SEO Premium plugin. -->","yoast_head_json":{"title":"Renda per capita Prouni: aprenda como calcular e garantir sua bolsa em 2026","description":"Tem d\u00favidas sobre a renda per capita Prouni? Aprenda a calcular o valor por pessoa da sua fam\u00edlia e garanta a bolsa de estudos sem erros de c\u00e1lculo.","robots":{"index":"index","follow":"follow","max-snippet":"max-snippet:-1","max-image-preview":"max-image-preview:large","max-video-preview":"max-video-preview:-1"},"canonical":"https:\/\/faculdade.grancursosonline.com.br\/blog\/renda-per-capita-prouni\/","og_locale":"pt_BR","og_type":"article","og_title":"Renda per capita Prouni: aprenda como calcular e garantir sua bolsa em 2026","og_description":"Tem d\u00favidas sobre a renda per capita Prouni? Aprenda a calcular o valor por pessoa da sua fam\u00edlia e garanta a bolsa de estudos sem erros de c\u00e1lculo.","og_url":"https:\/\/faculdade.grancursosonline.com.br\/blog\/renda-per-capita-prouni\/","og_site_name":"Blog Gran Faculdade","article_publisher":"https:\/\/www.facebook.com\/grancursosonline\/","article_published_time":"2026-01-23T21:03:29+00:00","article_modified_time":"2026-03-31T11:47:52+00:00","og_image":[{"width":511,"height":311,"url":"https:\/\/blog-es-static.infra.grancursosonline.com.br\/wp-content\/uploads\/2026\/01\/04123004\/renda-per-capita-Prouni-2.jpg","type":"image\/jpeg"}],"author":"Guilherme Henrique","twitter_card":"summary_large_image","twitter_creator":"@gran_online","twitter_site":"@gran_online","twitter_misc":{"Written by":"Guilherme Henrique","Est. reading time":"9 minutos"},"schema":{"@context":"https:\/\/schema.org","@graph":[{"@type":"NewsArticle","@id":"https:\/\/faculdade.grancursosonline.com.br\/blog\/renda-per-capita-prouni\/#article","isPartOf":{"@id":"https:\/\/faculdade.grancursosonline.com.br\/blog\/renda-per-capita-prouni\/"},"author":{"name":"Guilherme Henrique","@id":"https:\/\/faculdade.grancursosonline.com.br\/blog\/#\/schema\/person\/9745f9b6db8976613c1f439dbcfe717d"},"headline":"Renda per capita Prouni: aprenda como calcular e garantir sua bolsa em 2026","datePublished":"2026-01-23T21:03:29+00:00","dateModified":"2026-03-31T11:47:52+00:00","mainEntityOfPage":{"@id":"https:\/\/faculdade.grancursosonline.com.br\/blog\/renda-per-capita-prouni\/"},"wordCount":1361,"commentCount":0,"publisher":{"@id":"https:\/\/faculdade.grancursosonline.com.br\/blog\/#organization"},"image":{"@id":"https:\/\/faculdade.grancursosonline.com.br\/blog\/renda-per-capita-prouni\/#primaryimage"},"thumbnailUrl":"https:\/\/blog-es-static.infra.grancursosonline.com.br\/wp-content\/uploads\/2026\/01\/04122953\/renda-per-capita-Prouni.jpg","articleSection":["ENEM","PROUNI","\u00daltimas Not\u00edcias"],"inLanguage":"pt-BR","potentialAction":[{"@type":"CommentAction","name":"Comment","target":["https:\/\/faculdade.grancursosonline.com.br\/blog\/renda-per-capita-prouni\/#respond"]}],"copyrightYear":"2026","copyrightHolder":{"@id":"https:\/\/faculdade.grancursosonline.com.br\/blog\/#organization"}},{"@type":"WebPage","@id":"https:\/\/faculdade.grancursosonline.com.br\/blog\/renda-per-capita-prouni\/","url":"https:\/\/faculdade.grancursosonline.com.br\/blog\/renda-per-capita-prouni\/","name":"Renda per capita Prouni: aprenda como calcular e garantir sua bolsa em 2026","isPartOf":{"@id":"https:\/\/faculdade.grancursosonline.com.br\/blog\/#website"},"primaryImageOfPage":{"@id":"https:\/\/faculdade.grancursosonline.com.br\/blog\/renda-per-capita-prouni\/#primaryimage"},"image":{"@id":"https:\/\/faculdade.grancursosonline.com.br\/blog\/renda-per-capita-prouni\/#primaryimage"},"thumbnailUrl":"https:\/\/blog-es-static.infra.grancursosonline.com.br\/wp-content\/uploads\/2026\/01\/04122953\/renda-per-capita-Prouni.jpg","datePublished":"2026-01-23T21:03:29+00:00","dateModified":"2026-03-31T11:47:52+00:00","description":"Tem d\u00favidas sobre a renda per capita Prouni? Aprenda a calcular o valor por pessoa da sua fam\u00edlia e garanta a bolsa de estudos sem erros de c\u00e1lculo.","breadcrumb":{"@id":"https:\/\/faculdade.grancursosonline.com.br\/blog\/renda-per-capita-prouni\/#breadcrumb"},"inLanguage":"pt-BR","potentialAction":[{"@type":"ReadAction","target":["https:\/\/faculdade.grancursosonline.com.br\/blog\/renda-per-capita-prouni\/"]}]},{"@type":"ImageObject","inLanguage":"pt-BR","@id":"https:\/\/faculdade.grancursosonline.com.br\/blog\/renda-per-capita-prouni\/#primaryimage","url":"https:\/\/blog-es-static.infra.grancursosonline.com.br\/wp-content\/uploads\/2026\/01\/04122953\/renda-per-capita-Prouni.jpg","contentUrl":"https:\/\/blog-es-static.infra.grancursosonline.com.br\/wp-content\/uploads\/2026\/01\/04122953\/renda-per-capita-Prouni.jpg","width":1001,"height":601,"caption":"Renda per capita Prouni: aprenda como calcular e garantir sua bolsa em 2026"},{"@type":"BreadcrumbList","@id":"https:\/\/faculdade.grancursosonline.com.br\/blog\/renda-per-capita-prouni\/#breadcrumb","itemListElement":[{"@type":"ListItem","position":1,"name":"In\u00edcio","item":"https:\/\/faculdade.grancursosonline.com.br\/blog\/"},{"@type":"ListItem","position":2,"name":"PROUNI","item":"https:\/\/faculdade.grancursosonline.com.br\/blog\/categoria\/prouni\/"},{"@type":"ListItem","position":3,"name":"Renda per capita Prouni: aprenda como calcular e garantir sua bolsa em 2026"}]},{"@type":"WebSite","@id":"https:\/\/faculdade.grancursosonline.com.br\/blog\/#website","url":"https:\/\/faculdade.grancursosonline.com.br\/blog\/","name":"Blog Gran Faculdade","description":"Tudo sobre ensino superior, p\u00f3s-gradua\u00e7\u00e3o, enem e carreira.","publisher":{"@id":"https:\/\/faculdade.grancursosonline.com.br\/blog\/#organization"},"potentialAction":[{"@type":"SearchAction","target":{"@type":"EntryPoint","urlTemplate":"https:\/\/faculdade.grancursosonline.com.br\/blog\/?s={search_term_string}"},"query-input":{"@type":"PropertyValueSpecification","valueRequired":true,"valueName":"search_term_string"}}],"inLanguage":"pt-BR"},{"@type":"Organization","@id":"https:\/\/faculdade.grancursosonline.com.br\/blog\/#organization","name":"Gran Cursos Online","url":"https:\/\/faculdade.grancursosonline.com.br\/blog\/","logo":{"@type":"ImageObject","inLanguage":"pt-BR","@id":"https:\/\/faculdade.grancursosonline.com.br\/blog\/#\/schema\/logo\/image\/","url":"https:\/\/blog-es-static.infra.grancursosonline.com.br\/wp-content\/uploads\/2019\/08\/03123934\/logo.png","contentUrl":"https:\/\/blog-es-static.infra.grancursosonline.com.br\/wp-content\/uploads\/2019\/08\/03123934\/logo.png","width":300,"height":57,"caption":"Gran Cursos Online"},"image":{"@id":"https:\/\/faculdade.grancursosonline.com.br\/blog\/#\/schema\/logo\/image\/"},"sameAs":["https:\/\/www.facebook.com\/grancursosonline\/","https:\/\/x.com\/gran_online","https:\/\/www.instagram.com\/grancursosonline\/","https:\/\/www.youtube.com\/user\/grancursostv"]},{"@type":"Person","@id":"https:\/\/faculdade.grancursosonline.com.br\/blog\/#\/schema\/person\/9745f9b6db8976613c1f439dbcfe717d","name":"Guilherme Henrique","url":"https:\/\/faculdade.grancursosonline.com.br\/blog\/author\/guilherme-lourenco\/"}]}},"_links":{"self":[{"href":"https:\/\/faculdade.grancursosonline.com.br\/blog\/wp-json\/wp\/v2\/posts\/79761049","targetHints":{"allow":["GET"]}}],"collection":[{"href":"https:\/\/faculdade.grancursosonline.com.br\/blog\/wp-json\/wp\/v2\/posts"}],"about":[{"href":"https:\/\/faculdade.grancursosonline.com.br\/blog\/wp-json\/wp\/v2\/types\/post"}],"author":[{"embeddable":true,"href":"https:\/\/faculdade.grancursosonline.com.br\/blog\/wp-json\/wp\/v2\/users\/514"}],"replies":[{"embeddable":true,"href":"https:\/\/faculdade.grancursosonline.com.br\/blog\/wp-json\/wp\/v2\/comments?post=79761049"}],"version-history":[{"count":3,"href":"https:\/\/faculdade.grancursosonline.com.br\/blog\/wp-json\/wp\/v2\/posts\/79761049\/revisions"}],"predecessor-version":[{"id":79763806,"href":"https:\/\/faculdade.grancursosonline.com.br\/blog\/wp-json\/wp\/v2\/posts\/79761049\/revisions\/79763806"}],"wp:featuredmedia":[{"embeddable":true,"href":"https:\/\/faculdade.grancursosonline.com.br\/blog\/wp-json\/wp\/v2\/media\/79761544"}],"wp:attachment":[{"href":"https:\/\/faculdade.grancursosonline.com.br\/blog\/wp-json\/wp\/v2\/media?parent=79761049"}],"wp:term":[{"taxonomy":"category","embeddable":true,"href":"https:\/\/faculdade.grancursosonline.com.br\/blog\/wp-json\/wp\/v2\/categories?post=79761049"},{"taxonomy":"post_tag","embeddable":true,"href":"https:\/\/faculdade.grancursosonline.com.br\/blog\/wp-json\/wp\/v2\/tags?post=79761049"}],"curies":[{"name":"wp","href":"https:\/\/api.w.org\/{rel}","templated":true}]}}