{"id":79761055,"date":"2026-01-26T01:00:00","date_gmt":"2026-01-26T04:00:00","guid":{"rendered":"https:\/\/faculdade.grancursosonline.com.br\/blog\/?p=79761055"},"modified":"2026-03-31T08:46:23","modified_gmt":"2026-03-31T11:46:23","slug":"prouni-2026-inscricoes-abertas","status":"publish","type":"post","link":"https:\/\/faculdade.grancursosonline.com.br\/blog\/prouni-2026-inscricoes-abertas\/","title":{"rendered":"Prouni 2026: inscri\u00e7\u00f5es abertas! Saiba como se candidatar"},"content":{"rendered":"\n<p>O momento t\u00e3o esperado por milhares de estudantes chegou: a inscri\u00e7\u00e3o Prouni 2026 come\u00e7ou oficialmente nesta segunda-feira, dia 26 de janeiro.&nbsp;<\/p>\n\n\n\n<p>Se o seu objetivo \u00e9 conquistar uma bolsa de estudos integral ou parcial em uma faculdade privada, esta semana&nbsp; \u00e9 o per\u00edodo decisivo para transformar sua nota do Enem em uma vaga.<\/p>\n\n\n\n<p>Acompanhe o artigo na \u00edntegra para saber mais ou navegue pelo \u00edndice:&nbsp;<\/p>\n\n\n\n<ul class=\"wp-block-list\">\n<li><a href=\"#h-quando-comecam-as-inscricoes-prouni-2026\">Quando come\u00e7a a inscri\u00e7\u00e3o Prouni 2026?<\/a><\/li>\n\n\n\n<li><a href=\"#h-como-fazer-a-prouni-inscricao\">Como fazer a inscri\u00e7\u00e3o Prouni?<\/a><\/li>\n\n\n\n<li><a href=\"#h-cronograma-completo-do-prouni-2026-1\">Cronograma completo do Prouni 2026.1<\/a><\/li>\n\n\n\n<li><a href=\"#h-quem-pode-participar-do-prouni-2026\">Quem pode participar do Prouni 2026?&nbsp;<\/a><\/li>\n\n\n\n<li><a href=\"#h-documentos-necessarios-para-o-prouni-2026\">Documentos necess\u00e1rio para o Prouni 2026<\/a><\/li>\n\n\n\n<li><a href=\"#h-notas-de-corte-e-lista-de-espera-prouni-2026\">Notas de corte Prouni 2026 e lista de espera<\/a><\/li>\n\n\n\n<li><a href=\"#h-perguntas-frequentes-sobre-o-prouni-2026\">Perguntas frequentes sobre o Prouni 2026<\/a><\/li>\n\n\n\n<li><a href=\"#h-fui-aprovado-na-gran-faculdade-pelo-prouni-e-agora\">Fui aprovado na Gran Faculdade pelo Prouni, e agora?&nbsp;<\/a><\/li>\n<\/ul>\n\n\n\n<div class=\"wp-block-columns is-layout-flex wp-container-core-columns-is-layout-9d6595d7 wp-block-columns-is-layout-flex\">\n<div class=\"wp-block-column is-layout-flow wp-block-column-is-layout-flow\" style=\"flex-basis:100%\"><div class=\"wp-block-image\">\n<figure class=\"aligncenter size-full\"><a href=\"https:\/\/whatsapp.com\/channel\/0029VaG1sChI7Be7PNndhL43\" target=\"_blank\" rel=\"noopener\"><img decoding=\"async\" src=\"https:\/\/blog-es-static.infra.grancursosonline.com.br\/wp-content\/uploads\/2025\/09\/09112354\/banner-wp-600x142-80.webp\" alt=\"Acesse o canal do WhatsApp da Gran Faculdade\" class=\"wp-image-79751904\"\/><\/a><\/figure>\n<\/div><\/div>\n<\/div>\n\n\n\n<h2 class=\"wp-block-heading\" id=\"h-quando-comeca-a-inscricao-prouni-2026\"><strong>Quando come\u00e7a a inscri\u00e7\u00e3o Prouni 2026?<\/strong><\/h2>\n\n\n\n<p>A inscri\u00e7\u00e3o Prouni 2026 come\u00e7ou oficialmente nesta segunda-feira, 26 de janeiro, e seguem abertas at\u00e9 o dia 29 de janeiro.&nbsp;<\/p>\n\n\n\n<p>Os candidatos ter\u00e3o quatro dias para acessar o portal oficial do MEC e realizar suas escolhas, garantindo a participa\u00e7\u00e3o no Prouni deste primeiro semestre. \u00c9 fundamental ficar atento ao encerramento do prazo, que ocorre \u00e0s 23h59 (hor\u00e1rio de Bras\u00edlia) do \u00faltimo dia.<\/p>\n\n\n\n<p>Veja mais sobre: <a href=\"https:\/\/faculdade.grancursosonline.com.br\/blog\/enem-certificado-de-conclusao-do-ensino-medio\/\" target=\"_blank\" rel=\"noopener\">Como conseguir o certificado do Ensino M\u00e9dio usando a nota do Enem em 2026?<\/a><\/p>\n\n\n\n<h2 class=\"wp-block-heading\" id=\"h-como-fazer-a-prouni-inscricao\"><strong>Como fazer a Prouni inscri\u00e7\u00e3o?<\/strong><\/h2>\n\n\n\n<p>O processo de inscri\u00e7\u00e3o \u00e9 totalmente gratuito e realizado exclusivamente pela internet, atrav\u00e9s do Portal \u00danico de Acesso ao Ensino Superior.&nbsp;<\/p>\n\n\n\n<p>Para garantir sua vaga, \u00e9 preciso ter em m\u00e3os os dados de acesso da sua conta Gov.br e seguir este passo a passo pr\u00e1tico para n\u00e3o cometer erros:<\/p>\n\n\n\n<ul class=\"wp-block-list\">\n<li><strong>Acesse o site oficial:<\/strong> Entre no portal do Prouni (https:\/\/prounialuno.mec.gov.br\/) e fa\u00e7a o login com seu CPF e senha da conta Gov.br;<\/li>\n\n\n\n<li><strong>Preencha seus dados:<\/strong> Atualize suas informa\u00e7\u00f5es de contato e responda ao question\u00e1rio socioecon\u00f4mico exigido pelo sistema;<\/li>\n\n\n\n<li><strong>Escolha suas op\u00e7\u00f5es:<\/strong> Selecione at\u00e9 duas op\u00e7\u00f5es de curso, turno e institui\u00e7\u00e3o, por ordem de prefer\u00eancia;<\/li>\n\n\n\n<li><strong>Confirme a modalidade:<\/strong> Escolha se deseja concorrer pelas vagas de ampla concorr\u00eancia ou pelo sistema de cotas (<a href=\"https:\/\/faculdade.grancursosonline.com.br\/blog\/ppi-o-que-e-e-como-funciona\/\">PPI<\/a> ou PCD);<\/li>\n\n\n\n<li><strong>Acompanhe as notas de corte:<\/strong> Durante o per\u00edodo de inscri\u00e7\u00e3o, monitore o sistema diariamente para ver se sua nota ainda \u00e9 competitiva nas op\u00e7\u00f5es escolhidas.<\/li>\n<\/ul>\n\n\n\n<p>Confira sobre: <a href=\"https:\/\/faculdade.grancursosonline.com.br\/blog\/calendario-pe-de-meia-2026\/\">Calend\u00e1rio P\u00e9-de-Meia 2026 primeira parcela<\/a><\/p>\n\n\n\n<h2 class=\"wp-block-heading\" id=\"h-cronograma-completo-do-prouni-2026-1\"><strong>Cronograma completo do Prouni 2026.1<\/strong><\/h2>\n\n\n\n<p>Manter as datas salvas no celular \u00e9 o que evita a perda da oportunidade por esquecimento. Confira o calend\u00e1rio oficial para este primeiro semestre:<\/p>\n\n\n\n<ul class=\"wp-block-list\">\n<li><strong>Inscri\u00e7\u00e3o Prouni 2026:<\/strong> 26 a 29 de janeiro de 2026;<\/li>\n\n\n\n<li><strong>Resultado da 1\u00aa Chamada:<\/strong> 3 de fevereiro de 2026;<\/li>\n\n\n\n<li><strong>Resultado da 2\u00aa Chamada:<\/strong> 2 de mar\u00e7o de 2026;<\/li>\n\n\n\n<li><strong>Manifesta\u00e7\u00e3o de interesse na lista de espera:<\/strong> 25 e 26 de mar\u00e7o de 2026;<\/li>\n\n\n\n<li><strong>Resultado da Lista de Espera:<\/strong> 31 de mar\u00e7o de 2026.<\/li>\n<\/ul>\n\n\n\n<h2 class=\"wp-block-heading\" id=\"h-quem-pode-participar-do-prouni-2026\"><strong>Quem pode participar do Prouni 2026?<\/strong><\/h2>\n\n\n\n<p>Para participar do programa, o candidato deve atender a crit\u00e9rios espec\u00edficos de desempenho no Enem e perfil socioecon\u00f4mico. Veja os requisitos principais:<\/p>\n\n\n\n<ul class=\"wp-block-list\">\n<li><strong>Enem:<\/strong> Ter apresentado um desempenho igual ou superior a 450 pontos nas provas do Enem nas edi\u00e7\u00f5es de 2024 ou 2025, ter nota maior que zero na reda\u00e7\u00e3o e n\u00e3o ter participado do exame na condi\u00e7\u00e3o de treineiro;<\/li>\n\n\n\n<li><strong>Escolaridade:<\/strong> Ter cursado o ensino m\u00e9dio completo em escola p\u00fablica, ou como bolsista integral em escola particular;<\/li>\n\n\n\n<li><strong>Renda para bolsa de 100%:<\/strong> Renda familiar bruta mensal de at\u00e9 1,5 sal\u00e1rio m\u00ednimo por pessoa;<\/li>\n\n\n\n<li><strong>Renda para bolsa de 50%:<\/strong> Renda familiar bruta mensal de at\u00e9 3 sal\u00e1rios m\u00ednimos por pessoa;<\/li>\n\n\n\n<li><strong>Docentes da rede p\u00fablica:<\/strong> Professores em exerc\u00edcio podem concorrer a bolsas em cursos de licenciatura e pedagogia sem a necessidade de comprovar renda;<\/li>\n\n\n\n<li><strong>Diploma:<\/strong> N\u00e3o possuir curso superior completo (exceto para os docentes mencionados acima que buscam licenciatura)<strong>.<\/strong><\/li>\n<\/ul>\n\n\n\n<h2 class=\"wp-block-heading\" id=\"h-documentos-necessarios-para-o-prouni-2026\"><strong>Documentos necess\u00e1rios para o Prouni 2026<\/strong><\/h2>\n\n\n\n<p>Se voc\u00ea for pr\u00e9-selecionado, precisar\u00e1 comprovar todas as informa\u00e7\u00f5es prestadas no ato da inscri\u00e7\u00e3o. J\u00e1 deixe separados os seguintes documentos (originais e c\u00f3pias):<\/p>\n\n\n\n<ul class=\"wp-block-list\">\n<li><strong>Documentos de identifica\u00e7\u00e3o:<\/strong> RG e CPF de todos os membros do grupo familiar;<\/li>\n\n\n\n<li><strong>Comprovantes de resid\u00eancia:<\/strong> Contas de luz, \u00e1gua ou telefone atualizadas;<\/li>\n\n\n\n<li><strong>Comprovantes de renda:<\/strong> Holerites, declara\u00e7\u00e3o de imposto de renda ou extratos banc\u00e1rios (conforme a ocupa\u00e7\u00e3o);<\/li>\n\n\n\n<li><strong>Hist\u00f3rico Escolar:<\/strong> Comprovante de conclus\u00e3o do ensino m\u00e9dio e, se aplic\u00e1vel, declara\u00e7\u00e3o de bolsista.<\/li>\n<\/ul>\n\n\n\n<h2 class=\"wp-block-heading\" id=\"h-notas-de-corte-e-lista-de-espera-prouni-2026\"><strong>Notas de corte e lista de espera Prouni 2026<\/strong><\/h2>\n\n\n\n<p>As notas de corte s\u00e3o as menores pontua\u00e7\u00f5es necess\u00e1rias para ficar entre os selecionados em um curso espec\u00edfico e variam conforme a procura. Elas s\u00e3o atualizadas uma vez por dia durante o per\u00edodo de inscri\u00e7\u00e3o, servindo como um term\u00f4metro para voc\u00ea avaliar se precisa trocar de op\u00e7\u00e3o.&nbsp;<\/p>\n\n\n\n<p>Estar acima da nota de corte no \u00faltimo dia \u00e9 o primeiro passo para garantir sua pr\u00e9-aprova\u00e7\u00e3o. Caso voc\u00ea n\u00e3o seja selecionado nas duas primeiras chamadas, n\u00e3o desanime, pois ainda existe a chance da lista de espera.&nbsp;<\/p>\n\n\n\n<p>\u00c9 necess\u00e1rio manifestar interesse no portal do MEC dentro do prazo estabelecido no cronograma para continuar concorrendo \u00e0s vagas remanescentes. Muitas vezes, a desist\u00eancia de outros candidatos abre a porta para quem acreditou at\u00e9 o fim do processo.<\/p>\n\n\n\n<p>A lista de espera costuma rodar bastante em cursos de alta demanda, ent\u00e3o o segredo \u00e9 o monitoramento constante do site da institui\u00e7\u00e3o escolhida.&nbsp;<\/p>\n\n\n\n<h2 class=\"wp-block-heading\" id=\"h-perguntas-frequentes-sobre-o-prouni-2026\"><strong>Perguntas frequentes sobre o Prouni 2026<\/strong><\/h2>\n\n\n\n<h3 class=\"wp-block-heading\" id=\"h-posso-participar-do-prouni-e-do-sisu-ao-mesmo-tempo-nbsp\"><strong>Posso participar do Prouni e do Sisu ao mesmo tempo?<\/strong>&nbsp;<\/h3>\n\n\n\n<p>Sim, voc\u00ea pode se inscrever nos dois, mas se for aprovado em ambos, ter\u00e1 que escolher apenas uma vaga.<\/p>\n\n\n\n<h3 class=\"wp-block-heading\" id=\"h-quem-fez-o-enem-como-treineiro-pode-participar-nbsp\"><strong>Quem fez o Enem como treineiro pode participar?<\/strong>&nbsp;<\/h3>\n\n\n\n<p>N\u00e3o, o Prouni exige que o candidato tenha conclu\u00eddo o ensino m\u00e9dio.<\/p>\n\n\n\n<h3 class=\"wp-block-heading\" id=\"h-o-prouni-vale-para-cursos-ead-nbsp\"><strong>O Prouni vale para cursos EAD?<\/strong>&nbsp;<\/h3>\n\n\n\n<p>Sim, existem diversas vagas para gradua\u00e7\u00f5es a dist\u00e2ncia, inclusive na Gran Faculdade.<\/p>\n\n\n\n<h3 class=\"wp-block-heading\" id=\"h-o-que-acontece-se-eu-perder-o-prazo-da-documentacao-nbsp\"><strong>O que acontece se eu perder o prazo da documenta\u00e7\u00e3o?<\/strong>&nbsp;<\/h3>\n\n\n\n<p>Infelizmente, voc\u00ea perde o direito \u00e0 bolsa naquela chamada, por isso a organiza\u00e7\u00e3o \u00e9 fundamental.<\/p>\n\n\n\n<h3 class=\"wp-block-heading\" id=\"h-preciso-pagar-alguma-taxa-para-me-inscrever-nbsp\"><strong>Preciso pagar alguma taxa para me inscrever?<\/strong>&nbsp;<\/h3>\n\n\n\n<p>N\u00e3o, todo o processo de inscri\u00e7\u00e3o no portal do MEC \u00e9 totalmente gratuito.<\/p>\n\n\n\n<h2 class=\"wp-block-heading\" id=\"h-fui-aprovado-na-gran-faculdade-pelo-prouni-e-agora\"><strong>Fui aprovado na Gran Faculdade pelo Prouni, e agora?<\/strong><\/h2>\n\n\n\n<p>Conquistar sua vaga na Gran Faculdade pelo Prouni \u00e9 o marco inicial de uma trajet\u00f3ria guiada por quem \u00e9 refer\u00eancia em aprova\u00e7\u00e3o no Brasil.&nbsp;<\/p>\n\n\n\n<p>Nossa institui\u00e7\u00e3o carrega o DNA de sucesso do Gran, que h\u00e1 mais de uma d\u00e9cada transforma a vida de centenas de milhares de alunos com tecnologia de ponta e ensino focado no que o mercado realmente exige.<\/p>\n\n\n\n<p>Ao se tornar um aluno da Gran Faculdade, voc\u00ea ter\u00e1 o suporte de uma plataforma moderna e professores que s\u00e3o refer\u00eancias em suas \u00e1reas.&nbsp; Sinta-se em casa e orgulhe-se dessa vit\u00f3ria! Estamos prontos para caminhar ao seu lado, transformando seu esfor\u00e7o em uma forma\u00e7\u00e3o s\u00f3lida, est\u00e1vel e pronta para os desafios da sua nova carreira.<\/p>\n\n\n\n<p>Al\u00e9m das bolsas do governo, vale lembrar que sua nota do Enem tamb\u00e9m garante descontos exclusivos aqui com a gente, valorizando cada ponto que voc\u00ea conquistou.<\/p>\n\n\n\n<h2 class=\"wp-block-heading\" id=\"h-participe-de-uma-imersao-exclusiva-com-especialistas-em-ia-e-transforme-sua-carreira\">Participe de uma imers\u00e3o exclusiva com especialistas em IA e transforme sua carreira<\/h2>\n\n\n<div class=\"wp-block-image\">\n<figure class=\"aligncenter size-large is-resized\"><a href=\"https:\/\/lp.grancursosonline.com.br\/imersao-em-ia\/?utm_source=Wordpress&amp;utm_medium=sidebar&amp;utm_campaign=Capta%C3%A7%C3%A3o+Imers%C3%A3o+em+IA+-+Abril%2F2026+-+Blog+Ensino+Superior+-+Conte%C3%BAdo+e+SEO&amp;utm_id=Capta%C3%A7%C3%A3o+Imers%C3%A3o+em+IA+-+Abril%2F2026+-+Blog+Ensino+Superior+-+Conte%C3%BAdo+e+SEO\" target=\"_blank\" rel=\" noreferrer noopener\"><img loading=\"lazy\" decoding=\"async\" width=\"1024\" height=\"576\" src=\"https:\/\/blog-es-static.infra.grancursosonline.com.br\/wp-content\/uploads\/2026\/03\/31105919\/imersao_em_ia-1024x576.webp\" alt=\"\" class=\"wp-image-79763836\" style=\"width:488px;height:auto\"\/><\/a><\/figure>\n<\/div>\n\n\n<p><strong>Se voc\u00ea quer sair do b\u00e1sico e entender, na pr\u00e1tica, como a Intelig\u00eancia Artificial (IA) est\u00e1 moldando o mercado, esta \u00e9 a sua oportunidade.<\/strong> <\/p>\n\n\n\n<p>A Imers\u00e3o em IA re\u00fane especialistas renomados do mercado, incluindo profissionais com experi\u00eancia em grandes empresas de tecnologia como Google e Amazon, que v\u00e3o compartilhar<strong> insights estrat\u00e9gicos e aplica\u00e7\u00f5es reais<\/strong> para acelerar sua evolu\u00e7\u00e3o profissional.<\/p>\n\n\n\n<p>O evento acontecer\u00e1 em <strong>tr\u00eas encontros ao vivo, a partir do dia 13 de abril, sempre \u00e0s 20h<\/strong> (hor\u00e1rio de Bras\u00edlia), com uma programa\u00e7\u00e3o estruturada para levar voc\u00ea do entendimento dos conceitos at\u00e9 a aplica\u00e7\u00e3o pr\u00e1tica de agentes de IA.<\/p>\n\n\n\n<p>Clique no link abaixo e garanta sua participa\u00e7\u00e3o nesta experi\u00eancia <strong>gratuita, ao vivo e com potencial real de impacto na sua carreira<\/strong>.<\/p>\n\n\n\n<p class=\"has-text-align-center\"><strong><a href=\"https:\/\/lp.grancursosonline.com.br\/imersao-em-ia\/?utm_source=Wordpress&amp;utm_medium=sidebar&amp;utm_campaign=Capta%C3%A7%C3%A3o+Imers%C3%A3o+em+IA+-+Abril%2F2026+-+Blog+Ensino+Superior+-+Conte%C3%BAdo+e+SEO&amp;utm_id=Capta%C3%A7%C3%A3o+Imers%C3%A3o+em+IA+-+Abril%2F2026+-+Blog+Ensino+Superior+-+Conte%C3%BAdo+e+SEO\" target=\"_blank\" rel=\"noreferrer noopener\">Quero participar da Imers\u00e3o para aprender mais sobre IA<\/a><\/strong><\/p>\n\n\n\n<div class=\"wp-block-group has-background\" style=\"background-color:#8dd2fc7a\"><div class=\"wp-block-group__inner-container is-layout-constrained wp-block-group-is-layout-constrained\">\n<p><strong>Outras not\u00edcias em destaque:<\/strong><\/p>\n\n\n\n<ul class=\"wp-block-list\">\n<li><a href=\"https:\/\/faculdade.grancursosonline.com.br\/blog\/renda-per-capita-prouni\/\" target=\"_blank\" rel=\"noopener\">Renda per capita Prouni: aprenda como calcular e garantir sua bolsa em 2026<\/a><\/li>\n\n\n\n<li><a href=\"https:\/\/faculdade.grancursosonline.com.br\/blog\/bolsa-de-estudos-prouni-2026\/\" target=\"_blank\" rel=\"noopener\">Bolsa de estudos Prouni 2026: o que \u00e9, regras, prazos e como conseguir uma<\/a><\/li>\n\n\n\n<li><a href=\"https:\/\/faculdade.grancursosonline.com.br\/blog\/sisu-prouni-fies-diferenca\/\" target=\"_blank\" rel=\"noopener\">SISU, PROUNI e FIES: como se inscrever e qual a diferen\u00e7a?<\/a><\/li>\n<\/ul>\n<\/div><\/div>\n\n\n\n<div class=\"wp-block-group\"><div class=\"wp-block-group__inner-container is-layout-constrained wp-block-group-is-layout-constrained\">\n<div class=\"wp-block-group\"><div class=\"wp-block-group__inner-container is-layout-constrained wp-block-group-is-layout-constrained\">\n<section style=\"text-align: center;\">\n<p>Quer ficar por dentro da Faculdade Digital mais inovadora do Brasil?<\/p>\n<nav>\n<p class=\"has-background has-dark-bluish-background-color\" style=\"font-size: 25px; text-align: center; background: #f0f0f0; color: #ffffff; padding: 4px 0px 4xp 0px;\"><a style=\"color: #0d134c; text-decoration: underline;\" href=\"https:\/\/faculdade.grancursosonline.com.br\/\" target=\"_blank\" rel=\"noopener\">GRADUA\u00c7\u00c3O<\/a><\/p>\n<p class=\"has-background has-dark-bluish-background-color\" style=\"font-size: 25px; text-align: center; background: #f0f0f0; color: #ffffff; padding: 4px 0px 4xp 0px;\"><a style=\"color: #0d134c; text-decoration: underline;\" href=\"https:\/\/pos.grancursosonline.com.br\/\" target=\"_blank\" rel=\"noopener\">P\u00d3S-GRADUA\u00c7\u00c3O<\/a><\/p>\n<p class=\"has-background has-dark-bluish-background-color\" style=\"font-size: 25px; text-align: center; background: #f0f0f0; color: #ffffff; padding: 4px 0px 4xp 0px;\"><a style=\"color: #0d134c; text-decoration: underline;\" href=\"https:\/\/faculdade.grancursosonline.com.br\/nossos-cursos\/\" target=\"_blank\" rel=\"noopener\">TUDO SOBRE A GRAN FACULDADE<\/a><\/p>\n<\/nav>\n<p><strong>Receba <span style=\"color: #cf1e25;\">gratuitamente<\/span> no seu celular as principais not\u00edcias sobre a Gran Faculdade! <br \/>Clique no link abaixo e inscreva-se:<\/strong><\/p>\n<p class=\"has-background has-dark-bluish-background-color\" style=\"font-size: 25px; text-align: center; background: #f0f0f0; color: #ffffff; padding: 4px 0px 4xp 0px;\"><a style=\"color: #0d134c; text-decoration: underline;\" href=\"https:\/\/whatsapp.com\/channel\/0029VaG1sChI7Be7PNndhL43\" target=\"_blank\" rel=\"noopener noreferrer\">WHATSAPP<\/a><\/p>\n<p class=\"has-background has-dark-bluish-background-color\" style=\"font-size: 25px; text-align: center; background: #f0f0f0; color: #ffffff; padding: 4px 0px 4xp 0px;\"><a style=\"color: #0d134c; text-decoration: underline;\" href=\"https:\/\/t.me\/GranFaculdade\" target=\"_blank\" rel=\"noopener noreferrer\">TELEGRAM<\/a><\/p>\n<\/section>\n<\/div><\/div>\n<\/div><\/div>\n","protected":false},"excerpt":{"rendered":"<p>O momento t\u00e3o esperado por milhares de estudantes chegou: a inscri\u00e7\u00e3o Prouni 2026 come\u00e7ou oficialmente nesta segunda-feira, dia 26 de janeiro.&nbsp; Se o seu objetivo \u00e9 conquistar uma bolsa de estudos integral ou parcial em uma faculdade privada, esta semana&nbsp; \u00e9 o per\u00edodo decisivo para transformar sua nota do Enem em uma vaga. Acompanhe o&hellip;<\/p>\n","protected":false},"author":514,"featured_media":79761056,"comment_status":"open","ping_status":"open","sticky":false,"template":"","format":"standard","meta":{"_acf_changed":false,"content-type":"","footnotes":""},"categories":[1543,218668,2],"tags":[],"class_list":["post-79761055","post","type-post","status-publish","format-standard","has-post-thumbnail","hentry","category-enem","category-prouni","category-ultimas-noticias"],"acf":[],"yoast_head":"<!-- This site is optimized with the Yoast SEO Premium plugin v27.2 (Yoast SEO v27.2) - https:\/\/yoast.com\/product\/yoast-seo-premium-wordpress\/ -->\n<title>Prouni 2026: inscri\u00e7\u00f5es abertas! Saiba como se candidatar<\/title>\n<meta name=\"description\" content=\"Saiba como fazer sua inscri\u00e7\u00e3o no Prouni 2026, veja as notas de corte e n\u00e3o perca os prazos oficiais do MEC.\" \/>\n<meta name=\"robots\" content=\"index, follow, max-snippet:-1, max-image-preview:large, max-video-preview:-1\" \/>\n<link rel=\"canonical\" href=\"https:\/\/faculdade.grancursosonline.com.br\/blog\/prouni-2026-inscricoes-abertas\/\" \/>\n<meta property=\"og:locale\" content=\"pt_BR\" \/>\n<meta property=\"og:type\" content=\"article\" \/>\n<meta property=\"og:title\" content=\"Prouni 2026: inscri\u00e7\u00f5es abertas! Saiba como se candidatar\" \/>\n<meta property=\"og:description\" content=\"Saiba como fazer sua inscri\u00e7\u00e3o no Prouni 2026, veja as notas de corte e n\u00e3o perca os prazos oficiais do MEC.\" \/>\n<meta property=\"og:url\" content=\"https:\/\/faculdade.grancursosonline.com.br\/blog\/prouni-2026-inscricoes-abertas\/\" \/>\n<meta property=\"og:site_name\" content=\"Blog Gran Faculdade\" \/>\n<meta property=\"article:publisher\" content=\"https:\/\/www.facebook.com\/grancursosonline\/\" \/>\n<meta property=\"article:published_time\" content=\"2026-01-26T04:00:00+00:00\" \/>\n<meta property=\"article:modified_time\" content=\"2026-03-31T11:46:23+00:00\" \/>\n<meta property=\"og:image\" content=\"https:\/\/blog-es-static.infra.grancursosonline.com.br\/wp-content\/uploads\/2026\/01\/23182926\/Prouni-2026-inscricoes-abertas.webp\" \/>\n\t<meta property=\"og:image:width\" content=\"511\" \/>\n\t<meta property=\"og:image:height\" content=\"311\" \/>\n\t<meta property=\"og:image:type\" content=\"image\/webp\" \/>\n<meta name=\"author\" content=\"Guilherme Henrique\" \/>\n<meta name=\"twitter:card\" content=\"summary_large_image\" \/>\n<meta name=\"twitter:creator\" content=\"@gran_online\" \/>\n<meta name=\"twitter:site\" content=\"@gran_online\" \/>\n<meta name=\"twitter:label1\" content=\"Written by\" \/>\n\t<meta name=\"twitter:data1\" content=\"Guilherme Henrique\" \/>\n\t<meta name=\"twitter:label2\" content=\"Est. reading time\" \/>\n\t<meta name=\"twitter:data2\" content=\"8 minutos\" \/>\n<script type=\"application\/ld+json\" class=\"yoast-schema-graph\">{\"@context\":\"https:\/\/schema.org\",\"@graph\":[{\"@type\":\"NewsArticle\",\"@id\":\"https:\/\/faculdade.grancursosonline.com.br\/blog\/prouni-2026-inscricoes-abertas\/#article\",\"isPartOf\":{\"@id\":\"https:\/\/faculdade.grancursosonline.com.br\/blog\/prouni-2026-inscricoes-abertas\/\"},\"author\":{\"name\":\"Guilherme Henrique\",\"@id\":\"https:\/\/faculdade.grancursosonline.com.br\/blog\/#\/schema\/person\/9745f9b6db8976613c1f439dbcfe717d\"},\"headline\":\"Prouni 2026: inscri\u00e7\u00f5es abertas! Saiba como se candidatar\",\"datePublished\":\"2026-01-26T04:00:00+00:00\",\"dateModified\":\"2026-03-31T11:46:23+00:00\",\"mainEntityOfPage\":{\"@id\":\"https:\/\/faculdade.grancursosonline.com.br\/blog\/prouni-2026-inscricoes-abertas\/\"},\"wordCount\":1231,\"commentCount\":0,\"publisher\":{\"@id\":\"https:\/\/faculdade.grancursosonline.com.br\/blog\/#organization\"},\"image\":{\"@id\":\"https:\/\/faculdade.grancursosonline.com.br\/blog\/prouni-2026-inscricoes-abertas\/#primaryimage\"},\"thumbnailUrl\":\"https:\/\/blog-es-static.infra.grancursosonline.com.br\/wp-content\/uploads\/2026\/01\/23182908\/Prouni-2026-inscricoes-abertas.jpg\",\"articleSection\":[\"ENEM\",\"PROUNI\",\"\u00daltimas Not\u00edcias\"],\"inLanguage\":\"pt-BR\",\"potentialAction\":[{\"@type\":\"CommentAction\",\"name\":\"Comment\",\"target\":[\"https:\/\/faculdade.grancursosonline.com.br\/blog\/prouni-2026-inscricoes-abertas\/#respond\"]}],\"copyrightYear\":\"2026\",\"copyrightHolder\":{\"@id\":\"https:\/\/faculdade.grancursosonline.com.br\/blog\/#organization\"}},{\"@type\":\"WebPage\",\"@id\":\"https:\/\/faculdade.grancursosonline.com.br\/blog\/prouni-2026-inscricoes-abertas\/\",\"url\":\"https:\/\/faculdade.grancursosonline.com.br\/blog\/prouni-2026-inscricoes-abertas\/\",\"name\":\"Prouni 2026: inscri\u00e7\u00f5es abertas! Saiba como se candidatar\",\"isPartOf\":{\"@id\":\"https:\/\/faculdade.grancursosonline.com.br\/blog\/#website\"},\"primaryImageOfPage\":{\"@id\":\"https:\/\/faculdade.grancursosonline.com.br\/blog\/prouni-2026-inscricoes-abertas\/#primaryimage\"},\"image\":{\"@id\":\"https:\/\/faculdade.grancursosonline.com.br\/blog\/prouni-2026-inscricoes-abertas\/#primaryimage\"},\"thumbnailUrl\":\"https:\/\/blog-es-static.infra.grancursosonline.com.br\/wp-content\/uploads\/2026\/01\/23182908\/Prouni-2026-inscricoes-abertas.jpg\",\"datePublished\":\"2026-01-26T04:00:00+00:00\",\"dateModified\":\"2026-03-31T11:46:23+00:00\",\"description\":\"Saiba como fazer sua inscri\u00e7\u00e3o no Prouni 2026, veja as notas de corte e n\u00e3o perca os prazos oficiais do MEC.\",\"breadcrumb\":{\"@id\":\"https:\/\/faculdade.grancursosonline.com.br\/blog\/prouni-2026-inscricoes-abertas\/#breadcrumb\"},\"inLanguage\":\"pt-BR\",\"potentialAction\":[{\"@type\":\"ReadAction\",\"target\":[\"https:\/\/faculdade.grancursosonline.com.br\/blog\/prouni-2026-inscricoes-abertas\/\"]}]},{\"@type\":\"ImageObject\",\"inLanguage\":\"pt-BR\",\"@id\":\"https:\/\/faculdade.grancursosonline.com.br\/blog\/prouni-2026-inscricoes-abertas\/#primaryimage\",\"url\":\"https:\/\/blog-es-static.infra.grancursosonline.com.br\/wp-content\/uploads\/2026\/01\/23182908\/Prouni-2026-inscricoes-abertas.jpg\",\"contentUrl\":\"https:\/\/blog-es-static.infra.grancursosonline.com.br\/wp-content\/uploads\/2026\/01\/23182908\/Prouni-2026-inscricoes-abertas.jpg\",\"width\":1001,\"height\":601,\"caption\":\"Prouni 2026 inscri\u00e7\u00f5es abertas! Saiba como se candidatar\"},{\"@type\":\"BreadcrumbList\",\"@id\":\"https:\/\/faculdade.grancursosonline.com.br\/blog\/prouni-2026-inscricoes-abertas\/#breadcrumb\",\"itemListElement\":[{\"@type\":\"ListItem\",\"position\":1,\"name\":\"In\u00edcio\",\"item\":\"https:\/\/faculdade.grancursosonline.com.br\/blog\/\"},{\"@type\":\"ListItem\",\"position\":2,\"name\":\"PROUNI\",\"item\":\"https:\/\/faculdade.grancursosonline.com.br\/blog\/categoria\/prouni\/\"},{\"@type\":\"ListItem\",\"position\":3,\"name\":\"Prouni 2026: inscri\u00e7\u00f5es abertas! Saiba como se candidatar\"}]},{\"@type\":\"WebSite\",\"@id\":\"https:\/\/faculdade.grancursosonline.com.br\/blog\/#website\",\"url\":\"https:\/\/faculdade.grancursosonline.com.br\/blog\/\",\"name\":\"Blog Gran Faculdade\",\"description\":\"Tudo sobre ensino superior, p\u00f3s-gradua\u00e7\u00e3o, enem e carreira.\",\"publisher\":{\"@id\":\"https:\/\/faculdade.grancursosonline.com.br\/blog\/#organization\"},\"potentialAction\":[{\"@type\":\"SearchAction\",\"target\":{\"@type\":\"EntryPoint\",\"urlTemplate\":\"https:\/\/faculdade.grancursosonline.com.br\/blog\/?s={search_term_string}\"},\"query-input\":{\"@type\":\"PropertyValueSpecification\",\"valueRequired\":true,\"valueName\":\"search_term_string\"}}],\"inLanguage\":\"pt-BR\"},{\"@type\":\"Organization\",\"@id\":\"https:\/\/faculdade.grancursosonline.com.br\/blog\/#organization\",\"name\":\"Gran Cursos Online\",\"url\":\"https:\/\/faculdade.grancursosonline.com.br\/blog\/\",\"logo\":{\"@type\":\"ImageObject\",\"inLanguage\":\"pt-BR\",\"@id\":\"https:\/\/faculdade.grancursosonline.com.br\/blog\/#\/schema\/logo\/image\/\",\"url\":\"https:\/\/blog-es-static.infra.grancursosonline.com.br\/wp-content\/uploads\/2019\/08\/03123934\/logo.png\",\"contentUrl\":\"https:\/\/blog-es-static.infra.grancursosonline.com.br\/wp-content\/uploads\/2019\/08\/03123934\/logo.png\",\"width\":300,\"height\":57,\"caption\":\"Gran Cursos Online\"},\"image\":{\"@id\":\"https:\/\/faculdade.grancursosonline.com.br\/blog\/#\/schema\/logo\/image\/\"},\"sameAs\":[\"https:\/\/www.facebook.com\/grancursosonline\/\",\"https:\/\/x.com\/gran_online\",\"https:\/\/www.instagram.com\/grancursosonline\/\",\"https:\/\/www.youtube.com\/user\/grancursostv\"]},{\"@type\":\"Person\",\"@id\":\"https:\/\/faculdade.grancursosonline.com.br\/blog\/#\/schema\/person\/9745f9b6db8976613c1f439dbcfe717d\",\"name\":\"Guilherme Henrique\",\"url\":\"https:\/\/faculdade.grancursosonline.com.br\/blog\/author\/guilherme-lourenco\/\"}]}<\/script>\n<!-- \/ Yoast SEO Premium plugin. -->","yoast_head_json":{"title":"Prouni 2026: inscri\u00e7\u00f5es abertas! Saiba como se candidatar","description":"Saiba como fazer sua inscri\u00e7\u00e3o no Prouni 2026, veja as notas de corte e n\u00e3o perca os prazos oficiais do MEC.","robots":{"index":"index","follow":"follow","max-snippet":"max-snippet:-1","max-image-preview":"max-image-preview:large","max-video-preview":"max-video-preview:-1"},"canonical":"https:\/\/faculdade.grancursosonline.com.br\/blog\/prouni-2026-inscricoes-abertas\/","og_locale":"pt_BR","og_type":"article","og_title":"Prouni 2026: inscri\u00e7\u00f5es abertas! Saiba como se candidatar","og_description":"Saiba como fazer sua inscri\u00e7\u00e3o no Prouni 2026, veja as notas de corte e n\u00e3o perca os prazos oficiais do MEC.","og_url":"https:\/\/faculdade.grancursosonline.com.br\/blog\/prouni-2026-inscricoes-abertas\/","og_site_name":"Blog Gran Faculdade","article_publisher":"https:\/\/www.facebook.com\/grancursosonline\/","article_published_time":"2026-01-26T04:00:00+00:00","article_modified_time":"2026-03-31T11:46:23+00:00","og_image":[{"width":511,"height":311,"url":"https:\/\/blog-es-static.infra.grancursosonline.com.br\/wp-content\/uploads\/2026\/01\/23182926\/Prouni-2026-inscricoes-abertas.webp","type":"image\/webp"}],"author":"Guilherme Henrique","twitter_card":"summary_large_image","twitter_creator":"@gran_online","twitter_site":"@gran_online","twitter_misc":{"Written by":"Guilherme Henrique","Est. reading time":"8 minutos"},"schema":{"@context":"https:\/\/schema.org","@graph":[{"@type":"NewsArticle","@id":"https:\/\/faculdade.grancursosonline.com.br\/blog\/prouni-2026-inscricoes-abertas\/#article","isPartOf":{"@id":"https:\/\/faculdade.grancursosonline.com.br\/blog\/prouni-2026-inscricoes-abertas\/"},"author":{"name":"Guilherme Henrique","@id":"https:\/\/faculdade.grancursosonline.com.br\/blog\/#\/schema\/person\/9745f9b6db8976613c1f439dbcfe717d"},"headline":"Prouni 2026: inscri\u00e7\u00f5es abertas! Saiba como se candidatar","datePublished":"2026-01-26T04:00:00+00:00","dateModified":"2026-03-31T11:46:23+00:00","mainEntityOfPage":{"@id":"https:\/\/faculdade.grancursosonline.com.br\/blog\/prouni-2026-inscricoes-abertas\/"},"wordCount":1231,"commentCount":0,"publisher":{"@id":"https:\/\/faculdade.grancursosonline.com.br\/blog\/#organization"},"image":{"@id":"https:\/\/faculdade.grancursosonline.com.br\/blog\/prouni-2026-inscricoes-abertas\/#primaryimage"},"thumbnailUrl":"https:\/\/blog-es-static.infra.grancursosonline.com.br\/wp-content\/uploads\/2026\/01\/23182908\/Prouni-2026-inscricoes-abertas.jpg","articleSection":["ENEM","PROUNI","\u00daltimas Not\u00edcias"],"inLanguage":"pt-BR","potentialAction":[{"@type":"CommentAction","name":"Comment","target":["https:\/\/faculdade.grancursosonline.com.br\/blog\/prouni-2026-inscricoes-abertas\/#respond"]}],"copyrightYear":"2026","copyrightHolder":{"@id":"https:\/\/faculdade.grancursosonline.com.br\/blog\/#organization"}},{"@type":"WebPage","@id":"https:\/\/faculdade.grancursosonline.com.br\/blog\/prouni-2026-inscricoes-abertas\/","url":"https:\/\/faculdade.grancursosonline.com.br\/blog\/prouni-2026-inscricoes-abertas\/","name":"Prouni 2026: inscri\u00e7\u00f5es abertas! Saiba como se candidatar","isPartOf":{"@id":"https:\/\/faculdade.grancursosonline.com.br\/blog\/#website"},"primaryImageOfPage":{"@id":"https:\/\/faculdade.grancursosonline.com.br\/blog\/prouni-2026-inscricoes-abertas\/#primaryimage"},"image":{"@id":"https:\/\/faculdade.grancursosonline.com.br\/blog\/prouni-2026-inscricoes-abertas\/#primaryimage"},"thumbnailUrl":"https:\/\/blog-es-static.infra.grancursosonline.com.br\/wp-content\/uploads\/2026\/01\/23182908\/Prouni-2026-inscricoes-abertas.jpg","datePublished":"2026-01-26T04:00:00+00:00","dateModified":"2026-03-31T11:46:23+00:00","description":"Saiba como fazer sua inscri\u00e7\u00e3o no Prouni 2026, veja as notas de corte e n\u00e3o perca os prazos oficiais do MEC.","breadcrumb":{"@id":"https:\/\/faculdade.grancursosonline.com.br\/blog\/prouni-2026-inscricoes-abertas\/#breadcrumb"},"inLanguage":"pt-BR","potentialAction":[{"@type":"ReadAction","target":["https:\/\/faculdade.grancursosonline.com.br\/blog\/prouni-2026-inscricoes-abertas\/"]}]},{"@type":"ImageObject","inLanguage":"pt-BR","@id":"https:\/\/faculdade.grancursosonline.com.br\/blog\/prouni-2026-inscricoes-abertas\/#primaryimage","url":"https:\/\/blog-es-static.infra.grancursosonline.com.br\/wp-content\/uploads\/2026\/01\/23182908\/Prouni-2026-inscricoes-abertas.jpg","contentUrl":"https:\/\/blog-es-static.infra.grancursosonline.com.br\/wp-content\/uploads\/2026\/01\/23182908\/Prouni-2026-inscricoes-abertas.jpg","width":1001,"height":601,"caption":"Prouni 2026 inscri\u00e7\u00f5es abertas! Saiba como se candidatar"},{"@type":"BreadcrumbList","@id":"https:\/\/faculdade.grancursosonline.com.br\/blog\/prouni-2026-inscricoes-abertas\/#breadcrumb","itemListElement":[{"@type":"ListItem","position":1,"name":"In\u00edcio","item":"https:\/\/faculdade.grancursosonline.com.br\/blog\/"},{"@type":"ListItem","position":2,"name":"PROUNI","item":"https:\/\/faculdade.grancursosonline.com.br\/blog\/categoria\/prouni\/"},{"@type":"ListItem","position":3,"name":"Prouni 2026: inscri\u00e7\u00f5es abertas! Saiba como se candidatar"}]},{"@type":"WebSite","@id":"https:\/\/faculdade.grancursosonline.com.br\/blog\/#website","url":"https:\/\/faculdade.grancursosonline.com.br\/blog\/","name":"Blog Gran Faculdade","description":"Tudo sobre ensino superior, p\u00f3s-gradua\u00e7\u00e3o, enem e carreira.","publisher":{"@id":"https:\/\/faculdade.grancursosonline.com.br\/blog\/#organization"},"potentialAction":[{"@type":"SearchAction","target":{"@type":"EntryPoint","urlTemplate":"https:\/\/faculdade.grancursosonline.com.br\/blog\/?s={search_term_string}"},"query-input":{"@type":"PropertyValueSpecification","valueRequired":true,"valueName":"search_term_string"}}],"inLanguage":"pt-BR"},{"@type":"Organization","@id":"https:\/\/faculdade.grancursosonline.com.br\/blog\/#organization","name":"Gran Cursos Online","url":"https:\/\/faculdade.grancursosonline.com.br\/blog\/","logo":{"@type":"ImageObject","inLanguage":"pt-BR","@id":"https:\/\/faculdade.grancursosonline.com.br\/blog\/#\/schema\/logo\/image\/","url":"https:\/\/blog-es-static.infra.grancursosonline.com.br\/wp-content\/uploads\/2019\/08\/03123934\/logo.png","contentUrl":"https:\/\/blog-es-static.infra.grancursosonline.com.br\/wp-content\/uploads\/2019\/08\/03123934\/logo.png","width":300,"height":57,"caption":"Gran Cursos Online"},"image":{"@id":"https:\/\/faculdade.grancursosonline.com.br\/blog\/#\/schema\/logo\/image\/"},"sameAs":["https:\/\/www.facebook.com\/grancursosonline\/","https:\/\/x.com\/gran_online","https:\/\/www.instagram.com\/grancursosonline\/","https:\/\/www.youtube.com\/user\/grancursostv"]},{"@type":"Person","@id":"https:\/\/faculdade.grancursosonline.com.br\/blog\/#\/schema\/person\/9745f9b6db8976613c1f439dbcfe717d","name":"Guilherme Henrique","url":"https:\/\/faculdade.grancursosonline.com.br\/blog\/author\/guilherme-lourenco\/"}]}},"_links":{"self":[{"href":"https:\/\/faculdade.grancursosonline.com.br\/blog\/wp-json\/wp\/v2\/posts\/79761055","targetHints":{"allow":["GET"]}}],"collection":[{"href":"https:\/\/faculdade.grancursosonline.com.br\/blog\/wp-json\/wp\/v2\/posts"}],"about":[{"href":"https:\/\/faculdade.grancursosonline.com.br\/blog\/wp-json\/wp\/v2\/types\/post"}],"author":[{"embeddable":true,"href":"https:\/\/faculdade.grancursosonline.com.br\/blog\/wp-json\/wp\/v2\/users\/514"}],"replies":[{"embeddable":true,"href":"https:\/\/faculdade.grancursosonline.com.br\/blog\/wp-json\/wp\/v2\/comments?post=79761055"}],"version-history":[{"count":7,"href":"https:\/\/faculdade.grancursosonline.com.br\/blog\/wp-json\/wp\/v2\/posts\/79761055\/revisions"}],"predecessor-version":[{"id":79763805,"href":"https:\/\/faculdade.grancursosonline.com.br\/blog\/wp-json\/wp\/v2\/posts\/79761055\/revisions\/79763805"}],"wp:featuredmedia":[{"embeddable":true,"href":"https:\/\/faculdade.grancursosonline.com.br\/blog\/wp-json\/wp\/v2\/media\/79761056"}],"wp:attachment":[{"href":"https:\/\/faculdade.grancursosonline.com.br\/blog\/wp-json\/wp\/v2\/media?parent=79761055"}],"wp:term":[{"taxonomy":"category","embeddable":true,"href":"https:\/\/faculdade.grancursosonline.com.br\/blog\/wp-json\/wp\/v2\/categories?post=79761055"},{"taxonomy":"post_tag","embeddable":true,"href":"https:\/\/faculdade.grancursosonline.com.br\/blog\/wp-json\/wp\/v2\/tags?post=79761055"}],"curies":[{"name":"wp","href":"https:\/\/api.w.org\/{rel}","templated":true}]}}