{"id":79761185,"date":"2026-01-27T14:41:52","date_gmt":"2026-01-27T17:41:52","guid":{"rendered":"https:\/\/faculdade.grancursosonline.com.br\/blog\/?p=79761185"},"modified":"2026-02-02T10:08:41","modified_gmt":"2026-02-02T13:08:41","slug":"quem-pode-fazer-o-prouni","status":"publish","type":"post","link":"https:\/\/faculdade.grancursosonline.com.br\/blog\/quem-pode-fazer-o-prouni\/","title":{"rendered":"Quem pode fazer o Prouni? Entenda regras, renda e requisitos atualizados"},"content":{"rendered":"\n<p>O Programa Universidade para Todos (Prouni) \u00e9 uma das maiores oportunidades para ingressar no ensino superior privado sem o peso das mensalidades.<\/p>\n\n\n\n<p>No entanto, as regras mudaram nos \u00faltimos anos, e estar atento aos detalhes de renda e escolaridade \u00e9 fundamental para n\u00e3o ser desclassificado.<\/p>\n\n\n\n<p>Neste artigo, explicamos exatamente <strong>quem tem direito ao benef\u00edcio em 2026<\/strong> e como se preparar para a inscri\u00e7\u00e3o. Confira!<\/p>\n\n\n\n<p>Se preferir, navegue pelo \u00edndice:<\/p>\n\n\n\n<ul class=\"wp-block-list\">\n<li><a href=\"#h-quem-pode-fazer-o-prouni\">Quem pode fazer o Prouni?<\/a><\/li>\n\n\n\n<li><a href=\"#h-quem-ja-faz-uma-faculdade-pode-fazer-o-prouni\">Quem j\u00e1 faz uma faculdade pode fazer o Prouni?<\/a><\/li>\n\n\n\n<li><a href=\"#h-quem-ja-e-formado-pode-fazer-o-prouni-de-novo\">Quem j\u00e1 \u00e9 formado pode fazer o Prouni de novo?<\/a><\/li>\n\n\n\n<li><a href=\"#h-requisitos-de-escola-preciso-ter-estudado-em-escola-publica\">Requisitos de escola: preciso ter estudado em escola p\u00fablica?<\/a><\/li>\n\n\n\n<li><a href=\"#h-como-calcular-sua-renda-per-capita-para-o-prouni-2026\">Como calcular sua renda per capita para o Prouni 2026<\/a><\/li>\n\n\n\n<li><a href=\"#h-quando-fecham-as-inscricoes-do-prouni\">Quando fecham as inscri\u00e7\u00f5es do Prouni?<\/a><\/li>\n\n\n\n<li><a href=\"#h-perguntas-frequentes-faq\">Perguntas frequentes (FAQ)<\/a><\/li>\n\n\n\n<li><a href=\"#h-vem-pra-gran-faculdade\">Vem pra Gran Faculdade!<\/a><\/li>\n<\/ul>\n\n\n\n<div class=\"wp-block-columns is-layout-flex wp-container-core-columns-is-layout-9d6595d7 wp-block-columns-is-layout-flex\">\n<div class=\"wp-block-column is-layout-flow wp-block-column-is-layout-flow\" style=\"flex-basis:100%\"><div class=\"wp-block-image\">\n<figure class=\"aligncenter size-full\"><a href=\"https:\/\/whatsapp.com\/channel\/0029VaG1sChI7Be7PNndhL43\" target=\"_blank\" rel=\"noopener\"><img decoding=\"async\" src=\"https:\/\/blog-es-static.infra.grancursosonline.com.br\/wp-content\/uploads\/2025\/09\/09112354\/banner-wp-600x142-80.webp\" alt=\"Acesse o canal do WhatsApp da Gran Faculdade\" class=\"wp-image-79751904\"\/><\/a><\/figure>\n<\/div><\/div>\n<\/div>\n\n\n\n<h2 class=\"wp-block-heading\" id=\"h-quem-pode-fazer-o-prouni\">Quem pode fazer o Prouni?<\/h2>\n\n\n\n<p>Para participar do Prouni em 2026, o candidato deve atender a requisitos b\u00e1sicos de desempenho no Enem e crit\u00e9rios socioecon\u00f4micos. Os principais pilares s\u00e3o:<\/p>\n\n\n\n<ul class=\"wp-block-list\">\n<li><strong>Desempenho no Enem<\/strong>: \u00e9 necess\u00e1rio ter participado do Enem 2024 ou 2025, alcan\u00e7ando pelo menos 450 pontos na m\u00e9dia das cinco notas e n\u00e3o ter zerado a reda\u00e7\u00e3o;<\/li>\n\n\n\n<li><strong>Renda familiar<\/strong>: o programa \u00e9 voltado para estudantes com renda familiar bruta mensal per capita de at\u00e9 3 sal\u00e1rios m\u00ednimos;<\/li>\n\n\n\n<li><strong>Escolaridade<\/strong>: ter cursado o ensino m\u00e9dio completo (seja em escola p\u00fablica ou particular).<\/li>\n<\/ul>\n\n\n\n<p>Lembrando que o programa oferece bolsas integrais (100%) e bolsas parciais (50%), e os crit\u00e9rios variam principalmente de acordo com a renda familiar.<\/p>\n\n\n\n<h3 class=\"wp-block-heading\" id=\"h-inclusao-e-acessibilidade-pessoas-com-deficiencia-pcd\">Inclus\u00e3o e acessibilidade: pessoas com defici\u00eancia (PcD)<\/h3>\n\n\n\n<p>As pessoas com defici\u00eancia (PcD) t\u00eam direito garantido de participar do ProUni, desde que atendam aos crit\u00e9rios de renda e nota m\u00ednima no Enem.<\/p>\n\n\n\n<p>Um ponto importante \u00e9 que, para este grupo, a exig\u00eancia de ter cursado o ensino m\u00e9dio em escola p\u00fablica ou como bolsista integral em escola particular n\u00e3o se aplica.<\/p>\n\n\n\n<p>Al\u00e9m disso, candidatos com defici\u00eancia possuem prioridade na classifica\u00e7\u00e3o e na ocupa\u00e7\u00e3o das bolsas, refor\u00e7ando o car\u00e1ter inclusivo do programa.<\/p>\n\n\n\n<h3 class=\"wp-block-heading\" id=\"h-ppi-prouni-cotas-para-pretos-pardos-e-indigenas\">PPI Prouni: cotas para pretos, pardos e ind\u00edgenas<\/h3>\n\n\n\n<p>O Prouni reserva um percentual de bolsas para candidatos que se autodeclaram pretos, pardos ou ind\u00edgenas. No entanto, esse n\u00famero de vagas n\u00e3o \u00e9 fixo para todo o Brasil. Ele \u00e9 calculado com base no \u00faltimo censo do IBGE em cada estado.<\/p>\n\n\n\n<ul class=\"wp-block-list\">\n<li><strong>Como funciona<\/strong>: se um estado tem uma popula\u00e7\u00e3o PPI maior, a faculdade naquela regi\u00e3o ter\u00e1 mais bolsas reservadas para essa cota;<\/li>\n\n\n\n<li><strong>Requisito de renda<\/strong>: vale lembrar que a cota PPI n\u00e3o anula o crit\u00e9rio de renda. O candidato deve, obrigatoriamente, comprovar renda de at\u00e9 1,5 sal\u00e1rio (integral) ou 3 sal\u00e1rios (parcial) por pessoa;<\/li>\n\n\n\n<li><strong>Concorr\u00eancia espec\u00edfica<\/strong>: ao escolher a modalidade de cotas, voc\u00ea concorre apenas com outros candidatos PPI, o que geralmente resulta em notas de corte menores do que na grande concorr\u00eancia.<\/li>\n<\/ul>\n\n\n\n<h2 class=\"wp-block-heading\" id=\"h-quem-ja-faz-uma-faculdade-pode-fazer-o-prouni\">Quem j\u00e1 faz uma faculdade pode fazer o Prouni?<\/h2>\n\n\n\n<p>Sim! Esta \u00e9 uma d\u00favida muito comum. Se voc\u00ea j\u00e1 est\u00e1 matriculado em uma faculdade particular e paga as mensalidades integralmente, pode concorrer a uma bolsa do Prouni para o curso que j\u00e1 frequenta ou para um novo curso.<\/p>\n\n\n\n<p>Caso seja selecionado, a bolsa passar\u00e1 a valer para as mensalidades a partir da assinatura do termo de concess\u00e3o.<\/p>\n\n\n\n<p><strong>Importante<\/strong>: voc\u00ea n\u00e3o pode acumular a bolsa do Prouni com uma matr\u00edcula ativa em universidade p\u00fablica ou com outra bolsa do programa em curso diferente.<\/p>\n\n\n\n<h2 class=\"wp-block-heading\" id=\"h-quem-ja-e-formado-pode-fazer-o-prouni-de-novo\">Quem j\u00e1 \u00e9 formado pode fazer o Prouni de novo?<\/h2>\n\n\n\n<p>Em regra, quem j\u00e1 possui diploma de curso superior n\u00e3o pode participar do Prouni. O programa prioriza a forma\u00e7\u00e3o da primeira gradua\u00e7\u00e3o.<\/p>\n\n\n\n<p>A \u00fanica exce\u00e7\u00e3o \u00e9 para professores da rede p\u00fablica de ensino que no efetivo exerc\u00edcio do magist\u00e9rio da educa\u00e7\u00e3o b\u00e1sica e que integrem o quadro de pessoal permanente da institui\u00e7\u00e3o, podem concorrer a bolsas exclusivamente nos cursos de licenciatura e pedagogia, independentemente de j\u00e1 terem outra gradua\u00e7\u00e3o ou de sua renda familiar.<\/p>\n\n\n\n<h2 class=\"wp-block-heading\" id=\"h-requisitos-de-escola-preciso-ter-estudado-em-escola-publica\">Requisitos de escola: preciso ter estudado em escola p\u00fablica?<\/h2>\n\n\n\n<p>Desde a mudan\u00e7a na legisla\u00e7\u00e3o, n\u00e3o \u00e9 mais obrigat\u00f3rio ter estudado apenas em escola p\u00fablica. Agora, qualquer aluno que concluiu o ensino m\u00e9dio pode se inscrever.<\/p>\n\n\n\n<p>A diferen\u00e7a reside na ordem de prioridade para a ocupa\u00e7\u00e3o das vagas. O sistema do MEC classifica os candidatos na seguinte sequ\u00eancia:<\/p>\n\n\n\n<ul class=\"wp-block-list\">\n<li>Estudantes que cursaram o ensino m\u00e9dio em escola p\u00fablica;<\/li>\n\n\n\n<li>Estudantes que cursaram em escola particular como bolsistas integrais;<\/li>\n\n\n\n<li>Estudantes que cursaram em escola particular como bolsistas parciais ou sem bolsa.<\/li>\n<\/ul>\n\n\n\n<h2 class=\"wp-block-heading\" id=\"h-como-calcular-sua-renda-per-capita-para-o-prouni-2026\">Como calcular sua renda per capita para o Prouni 2026<\/h2>\n\n\n\n<p>O c\u00e1lculo da renda \u00e9 o que define se voc\u00ea ter\u00e1 direito \u00e0 bolsa de 100% ou 50%. Para o ProUni 2026.1, o sal\u00e1rio m\u00ednimo base considerado \u00e9 de R$ 1.621,00.<\/p>\n\n\n\n<p>A f\u00f3rmula \u00e9 simples:<\/p>\n\n\n\n<p>(Soma dos rendimentos brutos de todos os moradores da casa) \u00f7 (N\u00famero de moradores)<\/p>\n\n\n\n<ul class=\"wp-block-list\">\n<li>Bolsa Integral (100%): renda de at\u00e9 1,5 sal\u00e1rio m\u00ednimo por pessoa (at\u00e9 R$ 2.431,50);<\/li>\n\n\n\n<li>Bolsa Parcial (50%): Renda de at\u00e9 3 sal\u00e1rios m\u00ednimos por pessoa (at\u00e9 R$ 4.863,00).<\/li>\n<\/ul>\n\n\n\n<p>Se voc\u00ea busca uma bolsa integral, institui\u00e7\u00f5es como a Gran Faculdade facilitam o processo ao ofertarem apenas bolsas de 100% via Prouni, focando totalmente no aluno que precisa de gratuidade total.<\/p>\n\n\n\n<p>Portanto, entender se voc\u00ea se encaixa nos requisitos do Prouni \u00e9 o primeiro passo para conquistar sua gradua\u00e7\u00e3o.<\/p>\n\n\n\n<p>Com as notas do Enem em m\u00e3os e o c\u00e1lculo de renda feito, voc\u00ea estar\u00e1 pronto para escolher a melhor op\u00e7\u00e3o no portal do MEC.<\/p>\n\n\n\n<h2 class=\"wp-block-heading\" id=\"h-quando-fecham-as-inscricoes-do-prouni\">Quando fecham as inscri\u00e7\u00f5es do Prouni?<\/h2>\n\n\n\n<p>Fique atento ao cronograma oficial para n\u00e3o perder o prazo! As inscri\u00e7\u00f5es para o primeiro semestre do Prouni 2026 abriram no dia 26 de janeiro e fecham pontualmente \u00e0s 23h59 do dia 29 de janeiro (hor\u00e1rio de Bras\u00edlia).<\/p>\n\n\n\n<p>Como o sistema costuma ficar lento devido ao alto volume de acessos nos \u00faltimos minutos, a recomenda\u00e7\u00e3o estrat\u00e9gica \u00e9 finalizar sua escolha de cursos at\u00e9 o final da tarde do \u00faltimo dia. Ap\u00f3s esse hor\u00e1rio, o portal \u00e9 encerrado para o c\u00e1lculo das notas de corte finais e n\u00e3o s\u00e3o aceitas novas modifica\u00e7\u00f5es.<\/p>\n\n\n\n<h2 class=\"wp-block-heading\" id=\"h-perguntas-frequentes-faq\">Perguntas frequentes (FAQ)<\/h2>\n\n\n\n<p><strong>Treineiros podem usar a nota do Enem no Prouni?<\/strong><\/p>\n\n\n\n<p>N\u00e3o. Candidatos que fizeram o Enem apenas como treineiros n\u00e3o podem concorrer \u00e0s bolsas.<\/p>\n\n\n\n<p><strong>O Prouni exige comprova\u00e7\u00e3o de documentos?<\/strong><\/p>\n\n\n\n<p>Sim. Se voc\u00ea for pr\u00e9-selecionado, dever\u00e1 apresentar documentos que comprovem sua renda e escolaridade na faculdade escolhida.<\/p>\n\n\n\n<p><strong>Posso usar o Prouni e o Fies ao mesmo tempo?<\/strong><\/p>\n\n\n\n<p>Sim, desde que a bolsa do ProUni seja parcial (50%) e o Fies seja utilizado para financiar a outra metade da mensalidade no mesmo curso e institui\u00e7\u00e3o.<\/p>\n\n\n\n<h2 class=\"wp-block-heading\" id=\"h-vem-pra-gran-faculdade\">Vem pra Gran Faculdade!<\/h2>\n\n\n\n<p>A Gran Faculdade vem mudando a vida de milhares de pessoas por meio de cursos \u00e0 dist\u00e2ncia de <a href=\"https:\/\/faculdade.grancursosonline.com.br\/\" target=\"_blank\" rel=\"noreferrer noopener\">gradua\u00e7\u00e3o<\/a>, <a href=\"https:\/\/pos.grancursosonline.com.br\/\" target=\"_blank\" rel=\"noreferrer noopener\">p\u00f3s-gradua\u00e7\u00e3o<\/a> e <a href=\"https:\/\/pos.grancursosonline.com.br\/mba\" target=\"_blank\" rel=\"noreferrer noopener\">MBA<\/a>. Seja no digital ou em nosso <a href=\"https:\/\/presencial.grancursosonline.com.br\/\" target=\"_blank\" rel=\"noreferrer noopener\">Campus Presencial em Curitiba<\/a>, a nossa miss\u00e3o \u00e9 transformar a educa\u00e7\u00e3o superior.<\/p>\n\n\n\n<p>Como parte de Sistema Gran de Ensino, que \u00e9 reconhecido como marca aprovadora h\u00e1 mais de 10 anos, constru\u00edmos uma renomada reputa\u00e7\u00e3o na \u00e1rea de educa\u00e7\u00e3o.<\/p>\n\n\n\n<p>Veja algumas de nossas conquistas:<\/p>\n\n\n\n<ul class=\"wp-block-list\">\n<li>Reconhecido pela Amazon como um dos projetos mais relevantes do mundo na \u00e1rea de Tecnologia e Educa\u00e7\u00e3o;<\/li>\n\n\n\n<li>Foi eleito pelo Project Management Institute (PMI), um dos 50 Projetos Mais Influentes do mundo;<\/li>\n\n\n\n<li>Somos o site de educa\u00e7\u00e3o mais acessado do Brasil;<\/li>\n\n\n\n<li>Somos avaliados com a nota m\u00e1xima pelo MEC;<\/li>\n\n\n\n<li>Aqui o semestre come\u00e7a quando quiser: entrada imediata e cont\u00ednua!<\/li>\n\n\n\n<li>Melhores pre\u00e7os do mercado;<\/li>\n\n\n\n<li>Mais de 800 mil alunos pagantes e mais de 1000 funcion\u00e1rios;<\/li>\n\n\n\n<li>Diversas ferramentas de estudo: PDFs, audiobooks, mapas mentais, videoaulas, quest\u00f5es, gerenciador de estudos e muito mais!<\/li>\n\n\n\n<li>Professores experientes e capacitados;<\/li>\n\n\n\n<li>Acesso imediato e 100% online.<\/li>\n<\/ul>\n\n\n\n<p class=\"has-text-align-center has-text-align-center\"><strong><a href=\"https:\/\/faculdade.grancursosonline.com.br\/\">Quero ser aluno da Gran Faculdade<\/a><\/strong><\/p>\n\n\n\n<div class=\"wp-block-group has-background\" style=\"background-color:#8dd2fc7a\"><div class=\"wp-block-group__inner-container is-layout-constrained wp-block-group-is-layout-constrained\">\n<div class=\"wp-block-group\"><div class=\"wp-block-group__inner-container is-layout-constrained wp-block-group-is-layout-constrained\">\n<p><strong>Outras not\u00edcias em destaque:<\/strong><\/p>\n\n\n\n<ul class=\"wp-block-list\">\n<li><a href=\"https:\/\/faculdade.grancursosonline.com.br\/blog\/prouni\/\" target=\"_blank\" rel=\"noopener\">Prouni: Saiba tudo sobre o Programa Universidade para Todos!<\/a><\/li>\n\n\n\n<li><a href=\"https:\/\/faculdade.grancursosonline.com.br\/blog\/prouni-2026-inscricoes-abertas\/\">Prouni 2026: inscri\u00e7\u00f5es abertas! Saiba como se candidatar<\/a><\/li>\n\n\n\n<li><a href=\"https:\/\/faculdade.grancursosonline.com.br\/blog\/como-conseguir-bolsa-prouni\/\">Como conseguir bolsa 100% no Prouni? Confira 10 dicas!<\/a><\/li>\n<\/ul>\n<\/div><\/div>\n<\/div><\/div>\n\n\n\n<div class=\"wp-block-group\"><div class=\"wp-block-group__inner-container is-layout-constrained wp-block-group-is-layout-constrained\">\n<div class=\"wp-block-group\"><div class=\"wp-block-group__inner-container is-layout-constrained wp-block-group-is-layout-constrained\">\n<section style=\"text-align: center;\">\n<p>Quer ficar por dentro da Faculdade Digital mais inovadora do Brasil?<\/p>\n<nav>\n<p class=\"has-background has-dark-bluish-background-color\" style=\"font-size: 25px; text-align: center; background: #f0f0f0; color: #ffffff; padding: 4px 0px 4xp 0px;\"><a style=\"color: #0d134c; text-decoration: underline;\" href=\"https:\/\/faculdade.grancursosonline.com.br\/\" target=\"_blank\" rel=\"noopener\">GRADUA\u00c7\u00c3O<\/a><\/p>\n<p class=\"has-background has-dark-bluish-background-color\" style=\"font-size: 25px; text-align: center; background: #f0f0f0; color: #ffffff; padding: 4px 0px 4xp 0px;\"><a style=\"color: #0d134c; text-decoration: underline;\" href=\"https:\/\/pos.grancursosonline.com.br\/\" target=\"_blank\" rel=\"noopener\">P\u00d3S-GRADUA\u00c7\u00c3O<\/a><\/p>\n<p class=\"has-background has-dark-bluish-background-color\" style=\"font-size: 25px; text-align: center; background: #f0f0f0; color: #ffffff; padding: 4px 0px 4xp 0px;\"><a style=\"color: #0d134c; text-decoration: underline;\" href=\"https:\/\/faculdade.grancursosonline.com.br\/nossos-cursos\/\" target=\"_blank\" rel=\"noopener\">TUDO SOBRE A GRAN FACULDADE<\/a><\/p>\n<\/nav>\n<p><strong>Receba <span style=\"color: #cf1e25;\">gratuitamente<\/span> no seu celular as principais not\u00edcias sobre a Gran Faculdade! <br \/>Clique no link abaixo e inscreva-se:<\/strong><\/p>\n<p class=\"has-background has-dark-bluish-background-color\" style=\"font-size: 25px; text-align: center; background: #f0f0f0; color: #ffffff; padding: 4px 0px 4xp 0px;\"><a style=\"color: #0d134c; text-decoration: underline;\" href=\"https:\/\/whatsapp.com\/channel\/0029VaG1sChI7Be7PNndhL43\" target=\"_blank\" rel=\"noopener noreferrer\">WHATSAPP<\/a><\/p>\n<p class=\"has-background has-dark-bluish-background-color\" style=\"font-size: 25px; text-align: center; background: #f0f0f0; color: #ffffff; padding: 4px 0px 4xp 0px;\"><a style=\"color: #0d134c; text-decoration: underline;\" href=\"https:\/\/t.me\/GranFaculdade\" target=\"_blank\" rel=\"noopener noreferrer\">TELEGRAM<\/a><\/p>\n<\/section>\n<\/div><\/div>\n<\/div><\/div>\n","protected":false},"excerpt":{"rendered":"<p>O Programa Universidade para Todos (Prouni) \u00e9 uma das maiores oportunidades para ingressar no ensino superior privado sem o peso das mensalidades. No entanto, as regras mudaram nos \u00faltimos anos, e estar atento aos detalhes de renda e escolaridade \u00e9 fundamental para n\u00e3o ser desclassificado. Neste artigo, explicamos exatamente quem tem direito ao benef\u00edcio em&hellip;<\/p>\n","protected":false},"author":525,"featured_media":79761409,"comment_status":"open","ping_status":"open","sticky":false,"template":"","format":"standard","meta":{"_acf_changed":false,"content-type":"","footnotes":""},"categories":[218668,2],"tags":[],"class_list":["post-79761185","post","type-post","status-publish","format-standard","has-post-thumbnail","hentry","category-prouni","category-ultimas-noticias"],"acf":[],"yoast_head":"<!-- This site is optimized with the Yoast SEO Premium plugin v27.2 (Yoast SEO v27.2) - https:\/\/yoast.com\/product\/yoast-seo-premium-wordpress\/ -->\n<title>Quem pode fazer o Prouni? Entenda regras, renda e requisitos atualizados<\/title>\n<meta name=\"description\" content=\"Quem pode fazer o Prouni? Confira as regras de renda, requisitos do Enem e veja se quem j\u00e1 faz faculdade pode participar. Clique!\" \/>\n<meta name=\"robots\" content=\"index, follow, max-snippet:-1, max-image-preview:large, max-video-preview:-1\" \/>\n<link rel=\"canonical\" href=\"https:\/\/faculdade.grancursosonline.com.br\/blog\/quem-pode-fazer-o-prouni\/\" \/>\n<meta property=\"og:locale\" content=\"pt_BR\" \/>\n<meta property=\"og:type\" content=\"article\" \/>\n<meta property=\"og:title\" content=\"Quem pode fazer o Prouni? Entenda regras, renda e requisitos atualizados\" \/>\n<meta property=\"og:description\" content=\"Quem pode fazer o Prouni? Confira as regras de renda, requisitos do Enem e veja se quem j\u00e1 faz faculdade pode participar. Clique!\" \/>\n<meta property=\"og:url\" content=\"https:\/\/faculdade.grancursosonline.com.br\/blog\/quem-pode-fazer-o-prouni\/\" \/>\n<meta property=\"og:site_name\" content=\"Blog Gran Faculdade\" \/>\n<meta property=\"article:publisher\" content=\"https:\/\/www.facebook.com\/grancursosonline\/\" \/>\n<meta property=\"article:published_time\" content=\"2026-01-27T17:41:52+00:00\" \/>\n<meta property=\"article:modified_time\" content=\"2026-02-02T13:08:41+00:00\" \/>\n<meta property=\"og:image\" content=\"https:\/\/blog-es-static.infra.grancursosonline.com.br\/wp-content\/uploads\/2026\/01\/02100808\/CONTEUDO-SEO-Artes-para-o-Blog-Ensino-Superior-Graduacao-26-a-30-jan-DESTAQUE-510x310-copia-copy-80.jpg\" \/>\n\t<meta property=\"og:image:width\" content=\"511\" \/>\n\t<meta property=\"og:image:height\" content=\"311\" \/>\n\t<meta property=\"og:image:type\" content=\"image\/jpeg\" \/>\n<meta name=\"author\" content=\"Aline Damettos\" \/>\n<meta name=\"twitter:card\" content=\"summary_large_image\" \/>\n<meta name=\"twitter:creator\" content=\"@gran_online\" \/>\n<meta name=\"twitter:site\" content=\"@gran_online\" \/>\n<meta name=\"twitter:label1\" content=\"Written by\" \/>\n\t<meta name=\"twitter:data1\" content=\"Aline Damettos\" \/>\n\t<meta name=\"twitter:label2\" content=\"Est. reading time\" \/>\n\t<meta name=\"twitter:data2\" content=\"25 minutos\" \/>\n<script type=\"application\/ld+json\" class=\"yoast-schema-graph\">{\"@context\":\"https:\/\/schema.org\",\"@graph\":[{\"@type\":\"NewsArticle\",\"@id\":\"https:\/\/faculdade.grancursosonline.com.br\/blog\/quem-pode-fazer-o-prouni\/#article\",\"isPartOf\":{\"@id\":\"https:\/\/faculdade.grancursosonline.com.br\/blog\/quem-pode-fazer-o-prouni\/\"},\"author\":{\"name\":\"Aline Damettos\",\"@id\":\"https:\/\/faculdade.grancursosonline.com.br\/blog\/#\/schema\/person\/14e0fa771c0614c4b7434ee70589c075\"},\"headline\":\"Quem pode fazer o Prouni? Entenda regras, renda e requisitos atualizados\",\"datePublished\":\"2026-01-27T17:41:52+00:00\",\"dateModified\":\"2026-02-02T13:08:41+00:00\",\"mainEntityOfPage\":{\"@id\":\"https:\/\/faculdade.grancursosonline.com.br\/blog\/quem-pode-fazer-o-prouni\/\"},\"wordCount\":1162,\"commentCount\":0,\"publisher\":{\"@id\":\"https:\/\/faculdade.grancursosonline.com.br\/blog\/#organization\"},\"image\":{\"@id\":\"https:\/\/faculdade.grancursosonline.com.br\/blog\/quem-pode-fazer-o-prouni\/#primaryimage\"},\"thumbnailUrl\":\"https:\/\/blog-es-static.infra.grancursosonline.com.br\/wp-content\/uploads\/2026\/01\/02100754\/CONTEUDO-SEO-Artes-para-o-Blog-Ensino-Superior-Graduacao-26-a-30-jan-BLOG-1000x600-copia-copy-80.jpg\",\"articleSection\":[\"PROUNI\",\"\u00daltimas Not\u00edcias\"],\"inLanguage\":\"pt-BR\",\"potentialAction\":[{\"@type\":\"CommentAction\",\"name\":\"Comment\",\"target\":[\"https:\/\/faculdade.grancursosonline.com.br\/blog\/quem-pode-fazer-o-prouni\/#respond\"]}],\"copyrightYear\":\"2026\",\"copyrightHolder\":{\"@id\":\"https:\/\/faculdade.grancursosonline.com.br\/blog\/#organization\"}},{\"@type\":\"WebPage\",\"@id\":\"https:\/\/faculdade.grancursosonline.com.br\/blog\/quem-pode-fazer-o-prouni\/\",\"url\":\"https:\/\/faculdade.grancursosonline.com.br\/blog\/quem-pode-fazer-o-prouni\/\",\"name\":\"Quem pode fazer o Prouni? Entenda regras, renda e requisitos atualizados\",\"isPartOf\":{\"@id\":\"https:\/\/faculdade.grancursosonline.com.br\/blog\/#website\"},\"primaryImageOfPage\":{\"@id\":\"https:\/\/faculdade.grancursosonline.com.br\/blog\/quem-pode-fazer-o-prouni\/#primaryimage\"},\"image\":{\"@id\":\"https:\/\/faculdade.grancursosonline.com.br\/blog\/quem-pode-fazer-o-prouni\/#primaryimage\"},\"thumbnailUrl\":\"https:\/\/blog-es-static.infra.grancursosonline.com.br\/wp-content\/uploads\/2026\/01\/02100754\/CONTEUDO-SEO-Artes-para-o-Blog-Ensino-Superior-Graduacao-26-a-30-jan-BLOG-1000x600-copia-copy-80.jpg\",\"datePublished\":\"2026-01-27T17:41:52+00:00\",\"dateModified\":\"2026-02-02T13:08:41+00:00\",\"description\":\"Quem pode fazer o Prouni? Confira as regras de renda, requisitos do Enem e veja se quem j\u00e1 faz faculdade pode participar. Clique!\",\"breadcrumb\":{\"@id\":\"https:\/\/faculdade.grancursosonline.com.br\/blog\/quem-pode-fazer-o-prouni\/#breadcrumb\"},\"inLanguage\":\"pt-BR\",\"potentialAction\":[{\"@type\":\"ReadAction\",\"target\":[\"https:\/\/faculdade.grancursosonline.com.br\/blog\/quem-pode-fazer-o-prouni\/\"]}]},{\"@type\":\"ImageObject\",\"inLanguage\":\"pt-BR\",\"@id\":\"https:\/\/faculdade.grancursosonline.com.br\/blog\/quem-pode-fazer-o-prouni\/#primaryimage\",\"url\":\"https:\/\/blog-es-static.infra.grancursosonline.com.br\/wp-content\/uploads\/2026\/01\/02100754\/CONTEUDO-SEO-Artes-para-o-Blog-Ensino-Superior-Graduacao-26-a-30-jan-BLOG-1000x600-copia-copy-80.jpg\",\"contentUrl\":\"https:\/\/blog-es-static.infra.grancursosonline.com.br\/wp-content\/uploads\/2026\/01\/02100754\/CONTEUDO-SEO-Artes-para-o-Blog-Ensino-Superior-Graduacao-26-a-30-jan-BLOG-1000x600-copia-copy-80.jpg\",\"width\":1001,\"height\":601},{\"@type\":\"BreadcrumbList\",\"@id\":\"https:\/\/faculdade.grancursosonline.com.br\/blog\/quem-pode-fazer-o-prouni\/#breadcrumb\",\"itemListElement\":[{\"@type\":\"ListItem\",\"position\":1,\"name\":\"In\u00edcio\",\"item\":\"https:\/\/faculdade.grancursosonline.com.br\/blog\/\"},{\"@type\":\"ListItem\",\"position\":2,\"name\":\"PROUNI\",\"item\":\"https:\/\/faculdade.grancursosonline.com.br\/blog\/categoria\/prouni\/\"},{\"@type\":\"ListItem\",\"position\":3,\"name\":\"Quem pode fazer o Prouni? Entenda regras, renda e requisitos atualizados\"}]},{\"@type\":\"WebSite\",\"@id\":\"https:\/\/faculdade.grancursosonline.com.br\/blog\/#website\",\"url\":\"https:\/\/faculdade.grancursosonline.com.br\/blog\/\",\"name\":\"Blog Gran Faculdade\",\"description\":\"Tudo sobre ensino superior, p\u00f3s-gradua\u00e7\u00e3o, enem e carreira.\",\"publisher\":{\"@id\":\"https:\/\/faculdade.grancursosonline.com.br\/blog\/#organization\"},\"potentialAction\":[{\"@type\":\"SearchAction\",\"target\":{\"@type\":\"EntryPoint\",\"urlTemplate\":\"https:\/\/faculdade.grancursosonline.com.br\/blog\/?s={search_term_string}\"},\"query-input\":{\"@type\":\"PropertyValueSpecification\",\"valueRequired\":true,\"valueName\":\"search_term_string\"}}],\"inLanguage\":\"pt-BR\"},{\"@type\":\"Organization\",\"@id\":\"https:\/\/faculdade.grancursosonline.com.br\/blog\/#organization\",\"name\":\"Gran Cursos Online\",\"url\":\"https:\/\/faculdade.grancursosonline.com.br\/blog\/\",\"logo\":{\"@type\":\"ImageObject\",\"inLanguage\":\"pt-BR\",\"@id\":\"https:\/\/faculdade.grancursosonline.com.br\/blog\/#\/schema\/logo\/image\/\",\"url\":\"https:\/\/blog-es-static.infra.grancursosonline.com.br\/wp-content\/uploads\/2019\/08\/03123934\/logo.png\",\"contentUrl\":\"https:\/\/blog-es-static.infra.grancursosonline.com.br\/wp-content\/uploads\/2019\/08\/03123934\/logo.png\",\"width\":300,\"height\":57,\"caption\":\"Gran Cursos Online\"},\"image\":{\"@id\":\"https:\/\/faculdade.grancursosonline.com.br\/blog\/#\/schema\/logo\/image\/\"},\"sameAs\":[\"https:\/\/www.facebook.com\/grancursosonline\/\",\"https:\/\/x.com\/gran_online\",\"https:\/\/www.instagram.com\/grancursosonline\/\",\"https:\/\/www.youtube.com\/user\/grancursostv\"]},{\"@type\":\"Person\",\"@id\":\"https:\/\/faculdade.grancursosonline.com.br\/blog\/#\/schema\/person\/14e0fa771c0614c4b7434ee70589c075\",\"name\":\"Aline Damettos\",\"url\":\"https:\/\/faculdade.grancursosonline.com.br\/blog\/author\/aline-damettos\/\"}]}<\/script>\n<!-- \/ Yoast SEO Premium plugin. -->","yoast_head_json":{"title":"Quem pode fazer o Prouni? Entenda regras, renda e requisitos atualizados","description":"Quem pode fazer o Prouni? Confira as regras de renda, requisitos do Enem e veja se quem j\u00e1 faz faculdade pode participar. Clique!","robots":{"index":"index","follow":"follow","max-snippet":"max-snippet:-1","max-image-preview":"max-image-preview:large","max-video-preview":"max-video-preview:-1"},"canonical":"https:\/\/faculdade.grancursosonline.com.br\/blog\/quem-pode-fazer-o-prouni\/","og_locale":"pt_BR","og_type":"article","og_title":"Quem pode fazer o Prouni? Entenda regras, renda e requisitos atualizados","og_description":"Quem pode fazer o Prouni? Confira as regras de renda, requisitos do Enem e veja se quem j\u00e1 faz faculdade pode participar. Clique!","og_url":"https:\/\/faculdade.grancursosonline.com.br\/blog\/quem-pode-fazer-o-prouni\/","og_site_name":"Blog Gran Faculdade","article_publisher":"https:\/\/www.facebook.com\/grancursosonline\/","article_published_time":"2026-01-27T17:41:52+00:00","article_modified_time":"2026-02-02T13:08:41+00:00","og_image":[{"width":511,"height":311,"url":"https:\/\/blog-es-static.infra.grancursosonline.com.br\/wp-content\/uploads\/2026\/01\/02100808\/CONTEUDO-SEO-Artes-para-o-Blog-Ensino-Superior-Graduacao-26-a-30-jan-DESTAQUE-510x310-copia-copy-80.jpg","type":"image\/jpeg"}],"author":"Aline Damettos","twitter_card":"summary_large_image","twitter_creator":"@gran_online","twitter_site":"@gran_online","twitter_misc":{"Written by":"Aline Damettos","Est. reading time":"25 minutos"},"schema":{"@context":"https:\/\/schema.org","@graph":[{"@type":"NewsArticle","@id":"https:\/\/faculdade.grancursosonline.com.br\/blog\/quem-pode-fazer-o-prouni\/#article","isPartOf":{"@id":"https:\/\/faculdade.grancursosonline.com.br\/blog\/quem-pode-fazer-o-prouni\/"},"author":{"name":"Aline Damettos","@id":"https:\/\/faculdade.grancursosonline.com.br\/blog\/#\/schema\/person\/14e0fa771c0614c4b7434ee70589c075"},"headline":"Quem pode fazer o Prouni? Entenda regras, renda e requisitos atualizados","datePublished":"2026-01-27T17:41:52+00:00","dateModified":"2026-02-02T13:08:41+00:00","mainEntityOfPage":{"@id":"https:\/\/faculdade.grancursosonline.com.br\/blog\/quem-pode-fazer-o-prouni\/"},"wordCount":1162,"commentCount":0,"publisher":{"@id":"https:\/\/faculdade.grancursosonline.com.br\/blog\/#organization"},"image":{"@id":"https:\/\/faculdade.grancursosonline.com.br\/blog\/quem-pode-fazer-o-prouni\/#primaryimage"},"thumbnailUrl":"https:\/\/blog-es-static.infra.grancursosonline.com.br\/wp-content\/uploads\/2026\/01\/02100754\/CONTEUDO-SEO-Artes-para-o-Blog-Ensino-Superior-Graduacao-26-a-30-jan-BLOG-1000x600-copia-copy-80.jpg","articleSection":["PROUNI","\u00daltimas Not\u00edcias"],"inLanguage":"pt-BR","potentialAction":[{"@type":"CommentAction","name":"Comment","target":["https:\/\/faculdade.grancursosonline.com.br\/blog\/quem-pode-fazer-o-prouni\/#respond"]}],"copyrightYear":"2026","copyrightHolder":{"@id":"https:\/\/faculdade.grancursosonline.com.br\/blog\/#organization"}},{"@type":"WebPage","@id":"https:\/\/faculdade.grancursosonline.com.br\/blog\/quem-pode-fazer-o-prouni\/","url":"https:\/\/faculdade.grancursosonline.com.br\/blog\/quem-pode-fazer-o-prouni\/","name":"Quem pode fazer o Prouni? Entenda regras, renda e requisitos atualizados","isPartOf":{"@id":"https:\/\/faculdade.grancursosonline.com.br\/blog\/#website"},"primaryImageOfPage":{"@id":"https:\/\/faculdade.grancursosonline.com.br\/blog\/quem-pode-fazer-o-prouni\/#primaryimage"},"image":{"@id":"https:\/\/faculdade.grancursosonline.com.br\/blog\/quem-pode-fazer-o-prouni\/#primaryimage"},"thumbnailUrl":"https:\/\/blog-es-static.infra.grancursosonline.com.br\/wp-content\/uploads\/2026\/01\/02100754\/CONTEUDO-SEO-Artes-para-o-Blog-Ensino-Superior-Graduacao-26-a-30-jan-BLOG-1000x600-copia-copy-80.jpg","datePublished":"2026-01-27T17:41:52+00:00","dateModified":"2026-02-02T13:08:41+00:00","description":"Quem pode fazer o Prouni? Confira as regras de renda, requisitos do Enem e veja se quem j\u00e1 faz faculdade pode participar. Clique!","breadcrumb":{"@id":"https:\/\/faculdade.grancursosonline.com.br\/blog\/quem-pode-fazer-o-prouni\/#breadcrumb"},"inLanguage":"pt-BR","potentialAction":[{"@type":"ReadAction","target":["https:\/\/faculdade.grancursosonline.com.br\/blog\/quem-pode-fazer-o-prouni\/"]}]},{"@type":"ImageObject","inLanguage":"pt-BR","@id":"https:\/\/faculdade.grancursosonline.com.br\/blog\/quem-pode-fazer-o-prouni\/#primaryimage","url":"https:\/\/blog-es-static.infra.grancursosonline.com.br\/wp-content\/uploads\/2026\/01\/02100754\/CONTEUDO-SEO-Artes-para-o-Blog-Ensino-Superior-Graduacao-26-a-30-jan-BLOG-1000x600-copia-copy-80.jpg","contentUrl":"https:\/\/blog-es-static.infra.grancursosonline.com.br\/wp-content\/uploads\/2026\/01\/02100754\/CONTEUDO-SEO-Artes-para-o-Blog-Ensino-Superior-Graduacao-26-a-30-jan-BLOG-1000x600-copia-copy-80.jpg","width":1001,"height":601},{"@type":"BreadcrumbList","@id":"https:\/\/faculdade.grancursosonline.com.br\/blog\/quem-pode-fazer-o-prouni\/#breadcrumb","itemListElement":[{"@type":"ListItem","position":1,"name":"In\u00edcio","item":"https:\/\/faculdade.grancursosonline.com.br\/blog\/"},{"@type":"ListItem","position":2,"name":"PROUNI","item":"https:\/\/faculdade.grancursosonline.com.br\/blog\/categoria\/prouni\/"},{"@type":"ListItem","position":3,"name":"Quem pode fazer o Prouni? Entenda regras, renda e requisitos atualizados"}]},{"@type":"WebSite","@id":"https:\/\/faculdade.grancursosonline.com.br\/blog\/#website","url":"https:\/\/faculdade.grancursosonline.com.br\/blog\/","name":"Blog Gran Faculdade","description":"Tudo sobre ensino superior, p\u00f3s-gradua\u00e7\u00e3o, enem e carreira.","publisher":{"@id":"https:\/\/faculdade.grancursosonline.com.br\/blog\/#organization"},"potentialAction":[{"@type":"SearchAction","target":{"@type":"EntryPoint","urlTemplate":"https:\/\/faculdade.grancursosonline.com.br\/blog\/?s={search_term_string}"},"query-input":{"@type":"PropertyValueSpecification","valueRequired":true,"valueName":"search_term_string"}}],"inLanguage":"pt-BR"},{"@type":"Organization","@id":"https:\/\/faculdade.grancursosonline.com.br\/blog\/#organization","name":"Gran Cursos Online","url":"https:\/\/faculdade.grancursosonline.com.br\/blog\/","logo":{"@type":"ImageObject","inLanguage":"pt-BR","@id":"https:\/\/faculdade.grancursosonline.com.br\/blog\/#\/schema\/logo\/image\/","url":"https:\/\/blog-es-static.infra.grancursosonline.com.br\/wp-content\/uploads\/2019\/08\/03123934\/logo.png","contentUrl":"https:\/\/blog-es-static.infra.grancursosonline.com.br\/wp-content\/uploads\/2019\/08\/03123934\/logo.png","width":300,"height":57,"caption":"Gran Cursos Online"},"image":{"@id":"https:\/\/faculdade.grancursosonline.com.br\/blog\/#\/schema\/logo\/image\/"},"sameAs":["https:\/\/www.facebook.com\/grancursosonline\/","https:\/\/x.com\/gran_online","https:\/\/www.instagram.com\/grancursosonline\/","https:\/\/www.youtube.com\/user\/grancursostv"]},{"@type":"Person","@id":"https:\/\/faculdade.grancursosonline.com.br\/blog\/#\/schema\/person\/14e0fa771c0614c4b7434ee70589c075","name":"Aline Damettos","url":"https:\/\/faculdade.grancursosonline.com.br\/blog\/author\/aline-damettos\/"}]}},"_links":{"self":[{"href":"https:\/\/faculdade.grancursosonline.com.br\/blog\/wp-json\/wp\/v2\/posts\/79761185","targetHints":{"allow":["GET"]}}],"collection":[{"href":"https:\/\/faculdade.grancursosonline.com.br\/blog\/wp-json\/wp\/v2\/posts"}],"about":[{"href":"https:\/\/faculdade.grancursosonline.com.br\/blog\/wp-json\/wp\/v2\/types\/post"}],"author":[{"embeddable":true,"href":"https:\/\/faculdade.grancursosonline.com.br\/blog\/wp-json\/wp\/v2\/users\/525"}],"replies":[{"embeddable":true,"href":"https:\/\/faculdade.grancursosonline.com.br\/blog\/wp-json\/wp\/v2\/comments?post=79761185"}],"version-history":[{"count":4,"href":"https:\/\/faculdade.grancursosonline.com.br\/blog\/wp-json\/wp\/v2\/posts\/79761185\/revisions"}],"predecessor-version":[{"id":79761193,"href":"https:\/\/faculdade.grancursosonline.com.br\/blog\/wp-json\/wp\/v2\/posts\/79761185\/revisions\/79761193"}],"wp:featuredmedia":[{"embeddable":true,"href":"https:\/\/faculdade.grancursosonline.com.br\/blog\/wp-json\/wp\/v2\/media\/79761409"}],"wp:attachment":[{"href":"https:\/\/faculdade.grancursosonline.com.br\/blog\/wp-json\/wp\/v2\/media?parent=79761185"}],"wp:term":[{"taxonomy":"category","embeddable":true,"href":"https:\/\/faculdade.grancursosonline.com.br\/blog\/wp-json\/wp\/v2\/categories?post=79761185"},{"taxonomy":"post_tag","embeddable":true,"href":"https:\/\/faculdade.grancursosonline.com.br\/blog\/wp-json\/wp\/v2\/tags?post=79761185"}],"curies":[{"name":"wp","href":"https:\/\/api.w.org\/{rel}","templated":true}]}}