{"id":79761339,"date":"2026-01-29T17:07:22","date_gmt":"2026-01-29T20:07:22","guid":{"rendered":"https:\/\/faculdade.grancursosonline.com.br\/blog\/?p=79761339"},"modified":"2026-02-02T10:22:06","modified_gmt":"2026-02-02T13:22:06","slug":"segunda-chamada-prouni","status":"publish","type":"post","link":"https:\/\/faculdade.grancursosonline.com.br\/blog\/segunda-chamada-prouni\/","title":{"rendered":"Segunda chamada Prouni 2026: saiba quando sai o resultado e como consultar"},"content":{"rendered":"\n<p>N\u00e3o foi selecionado na primeira chamada do Programa Universidade para Todos? N\u00e3o desanime!<\/p>\n\n\n\n<p>A <strong>segunda chamada Prouni<\/strong> \u00e9 a oportunidade reservada para preencher as bolsas que n\u00e3o tiveram a documenta\u00e7\u00e3o aprovada ou que n\u00e3o registraram matr\u00edcula na primeira etapa.<\/p>\n\n\n\n<p>Nesta edi\u00e7\u00e3o de 2026, com oferta recorde de vagas, as chances de a lista trazer mais oportunidades s\u00e3o ainda maiores. Confira abaixo tudo o que voc\u00ea precisa saber para n\u00e3o perder a sua bolsa.<\/p>\n\n\n\n<p>Se preferir, navegue pelo \u00edndice:<\/p>\n\n\n\n<ul class=\"wp-block-list\">\n<li><a href=\"#h-quando-sai-a-segunda-chamada-do-prouni\">Quando sai a segunda chamada do Prouni?<\/a><\/li>\n\n\n\n<li><a href=\"#h-como-funciona-a-segunda-chamada-do-prouni\">Como funciona a segunda chamada do Prouni?<\/a><\/li>\n\n\n\n<li><a href=\"#h-onde-ver-o-resultado-da-segunda-chamada-do-prouni\">Onde ver o resultado da segunda chamada do Prouni?<\/a><\/li>\n\n\n\n<li><a href=\"#h-que-horas-sai-o-resultado-da-segunda-chamada-do-prouni\">Que horas sai o resultado da segunda chamada do Prouni?<\/a><\/li>\n\n\n\n<li><a href=\"#h-nao-fui-selecionado-na-segunda-chamada-e-agora\">N\u00e3o fui selecionado na segunda chamada, e agora?<\/a><\/li>\n\n\n\n<li><a href=\"#h-perguntas-frequentes-faq\">Perguntas frequentes<\/a><\/li>\n\n\n\n<li><a href=\"#h-vem-pra-gran-faculdade\">Vem pra Gran Faculdade!<\/a><\/li>\n<\/ul>\n\n\n\n<div class=\"wp-block-columns is-layout-flex wp-container-core-columns-is-layout-9d6595d7 wp-block-columns-is-layout-flex\">\n<div class=\"wp-block-column is-layout-flow wp-block-column-is-layout-flow\" style=\"flex-basis:100%\"><div class=\"wp-block-image\">\n<figure class=\"aligncenter size-full\"><a href=\"https:\/\/whatsapp.com\/channel\/0029VaG1sChI7Be7PNndhL43\" target=\"_blank\" rel=\"noopener\"><img decoding=\"async\" src=\"https:\/\/blog-es-static.infra.grancursosonline.com.br\/wp-content\/uploads\/2025\/09\/09112354\/banner-wp-600x142-80.webp\" alt=\"Acesse o canal do WhatsApp da Gran Faculdade\" class=\"wp-image-79751904\"\/><\/a><\/figure>\n<\/div><\/div>\n<\/div>\n\n\n\n<h2 class=\"wp-block-heading\" id=\"h-quando-sai-a-segunda-chamada-do-prouni\">Quando sai a segunda chamada do Prouni?<\/h2>\n\n\n\n<p>O resultado da <strong>segunda chamada do Prouni 2026<\/strong> est\u00e1 previsto para ser divulgado no dia 2 de mar\u00e7o de 2026.<\/p>\n\n\n\n<p>Esta data \u00e9 oficial e consta no edital publicado pelo Minist\u00e9rio da Educa\u00e7\u00e3o (MEC). \u00c9 importante marcar este dia no calend\u00e1rio, pois o prazo para a comprova\u00e7\u00e3o de informa\u00e7\u00f5es dos pr\u00e9-selecionados come\u00e7a imediatamente ap\u00f3s a divulga\u00e7\u00e3o da lista.<\/p>\n\n\n\n<h2 class=\"wp-block-heading\" id=\"h-como-funciona-a-segunda-chamada-do-prouni\">Como funciona a segunda chamada do Prouni?<\/h2>\n\n\n\n<p>A <strong>segunda chamada do Prouni<\/strong> funciona como uma nova rodada de convoca\u00e7\u00e3o autom\u00e1tica. O sistema do MEC identifica as bolsas remanescentes da primeira chamada e seleciona os pr\u00f3ximos candidatos com as melhores notas no Enem em cada curso, turno e modalidade de cotas.<\/p>\n\n\n\n<p>Diferente da lista de espera, voc\u00ea n\u00e3o precisa manifestar interesse para participar da segunda chamada. Se voc\u00ea se inscreveu no processo seletivo e n\u00e3o foi pr\u00e9-selecionado na primeira lista, seu nome j\u00e1 est\u00e1 concorrendo automaticamente nesta fase.<\/p>\n\n\n\n<h2 class=\"wp-block-heading\" id=\"h-onde-ver-o-resultado-da-segunda-chamada-do-prouni\">Onde ver o resultado da segunda chamada do Prouni?<\/h2>\n\n\n\n<p>Voc\u00ea deve consultar o resultado oficialmente atrav\u00e9s do Portal \u00danico de Acesso ao Ensino Superior, no site oficial do governo (acessounico.mec.gov.br\/prouni).<\/p>\n\n\n\n<p>Ao entrar, clique em \u201cresultado da 2\u00aa chamada\u201d e, para acessar, basta fazer o login com seus dados da conta <strong>gov.br<\/strong>.<\/p>\n\n\n\n<p>Al\u00e9m do portal oficial, as institui\u00e7\u00f5es de ensino participantes, como a Gran Faculdade, tamb\u00e9m costumam divulgar a lista de seus pr\u00e9-selecionados em seus sites pr\u00f3prios ou murais de atendimento.<\/p>\n\n\n\n<h2 class=\"wp-block-heading\" id=\"h-que-horas-sai-o-resultado-da-segunda-chamada-do-prouni\">Que horas sai o resultado da segunda chamada do Prouni?<\/h2>\n\n\n\n<p>Embora o MEC n\u00e3o defina um hor\u00e1rio fixo no edital, o resultado costuma ser liberado no <strong>per\u00edodo da manh\u00e3<\/strong>, geralmente entre <strong>08h e 11h<\/strong> (hor\u00e1rio de Bras\u00edlia).<\/p>\n\n\n\n<p>\u00c9 comum que o site apresente lentid\u00e3o nas primeiras horas devido ao alto volume de acessos simult\u00e2neos dos candidatos de todo o Brasil. Caso encontre dificuldades, aguarde alguns minutos e tente atualizar a p\u00e1gina.<\/p>\n\n\n\n<h2 class=\"wp-block-heading\" id=\"h-nao-fui-selecionado-na-segunda-chamada-e-agora\">N\u00e3o fui selecionado na segunda chamada, e agora?<\/h2>\n\n\n\n<p>Se o seu nome n\u00e3o aparecer no <strong>Prouni segunda chamada<\/strong>, voc\u00ea ainda tem uma \u00faltima oportunidade: a lista de espera.<\/p>\n\n\n\n<p>Diferente das etapas anteriores, a participa\u00e7\u00e3o na lista de espera n\u00e3o \u00e9 autom\u00e1tica. Voc\u00ea dever\u00e1 acessar o Portal \u00danico de Acesso nos dias <strong>25 e 26 de mar\u00e7o<\/strong> de 2026 e clicar no bot\u00e3o de manifesta\u00e7\u00e3o de interesse.<\/p>\n\n\n\n<p>O resultado desta \u00faltima fase ser\u00e1 divulgado no dia <strong>31 de mar\u00e7o<\/strong>.<\/p>\n\n\n\n<p>A <strong>segunda chamada do Prouni<\/strong> \u00e9 uma fase decisiva para quem busca ingressar no ensino superior com apoio financeiro, mas o segredo do sucesso est\u00e1 em acompanhar os prazos de perto e n\u00e3o desistir nas primeiras tentativas.<\/p>\n\n\n\n<p>Lembre-se de que a convoca\u00e7\u00e3o \u00e9 apenas a primeira etapa; garantir a sua bolsa depende da organiza\u00e7\u00e3o rigorosa da sua documenta\u00e7\u00e3o.<\/p>\n\n\n\n<p>E, caso as listas do governo n\u00e3o tragam o resultado esperado, saiba que existem outros caminhos, como o ingresso direto e as bolsas de estudo da <strong>Gran Faculdade<\/strong>, que permitem que voc\u00ea comece a transformar seu futuro hoje mesmo.<\/p>\n\n\n\n<p>Prepare seus documentos e boa sorte!<\/p>\n\n\n\n<h2 class=\"wp-block-heading\" id=\"h-perguntas-frequentes-faq\">Perguntas frequentes (FAQ)<\/h2>\n\n\n\n<h4 class=\"wp-block-heading\" id=\"h-quem-foi-selecionado-na-1\u00aa-chamada-pode-participar-da-2\u00aa\">Quem foi selecionado na 1\u00aa chamada pode participar da 2\u00aa?<\/h4>\n\n\n\n<p>N\u00e3o. A segunda chamada \u00e9 exclusiva para quem n\u00e3o foi pr\u00e9-selecionado em nenhuma das op\u00e7\u00f5es na primeira fase.<\/p>\n\n\n\n<h4 class=\"wp-block-heading\" id=\"h-qual-o-prazo-para-comprovar-os-documentos-na-segunda-chamada\">Qual o prazo para comprovar os documentos na segunda chamada?<\/h4>\n\n\n\n<p>Os candidatos pr\u00e9-selecionados na segunda chamada dever\u00e3o comparecer \u00e0 faculdade (ou enviar digitalmente) para comprovar as informa\u00e7\u00f5es de 2 a 13 de mar\u00e7o de 2026.<\/p>\n\n\n\n<h4 class=\"wp-block-heading\" id=\"h-e-necessario-ter-feito-o-enem-2025-para-a-segunda-chamada\">\u00c9 necess\u00e1rio ter feito o Enem 2025 para a segunda chamada?<\/h4>\n\n\n\n<p>O Prouni 2026 aceita as notas do Enem 2024 e do Enem 2025. O sistema utiliza a sua melhor pontua\u00e7\u00e3o para classificar voc\u00ea tanto na primeira quanto na segunda chamada.<\/p>\n\n\n\n<h2 class=\"wp-block-heading\" id=\"h-vem-pra-gran-faculdade\">Vem pra Gran Faculdade!<\/h2>\n\n\n\n<p>A Gran Faculdade vem mudando a vida de milhares de pessoas por meio de cursos \u00e0 dist\u00e2ncia de <a href=\"https:\/\/faculdade.grancursosonline.com.br\/\" target=\"_blank\" rel=\"noreferrer noopener\">gradua\u00e7\u00e3o<\/a>, <a href=\"https:\/\/pos.grancursosonline.com.br\/\" target=\"_blank\" rel=\"noreferrer noopener\">p\u00f3s-gradua\u00e7\u00e3o<\/a> e <a href=\"https:\/\/pos.grancursosonline.com.br\/mba\" target=\"_blank\" rel=\"noreferrer noopener\">MBA<\/a>. Seja no digital ou em nosso <a href=\"https:\/\/presencial.grancursosonline.com.br\/\" target=\"_blank\" rel=\"noreferrer noopener\">Campus Presencial em Curitiba<\/a>, a nossa miss\u00e3o \u00e9 transformar a educa\u00e7\u00e3o superior.<\/p>\n\n\n\n<p>Como parte de Sistema Gran de Ensino, que \u00e9 reconhecido como marca aprovadora h\u00e1 mais de 10 anos, constru\u00edmos uma renomada reputa\u00e7\u00e3o na \u00e1rea de educa\u00e7\u00e3o.<\/p>\n\n\n\n<p>Veja algumas de nossas conquistas:<\/p>\n\n\n\n<ul class=\"wp-block-list\">\n<li>Reconhecido pela Amazon como um dos projetos mais relevantes do mundo na \u00e1rea de Tecnologia e Educa\u00e7\u00e3o;<\/li>\n\n\n\n<li>Foi eleito pelo Project Management Institute (PMI), um dos 50 Projetos Mais Influentes do mundo;<\/li>\n\n\n\n<li>Somos o site de educa\u00e7\u00e3o mais acessado do Brasil;<\/li>\n\n\n\n<li>Somos avaliados com a nota m\u00e1xima pelo MEC;<\/li>\n\n\n\n<li>Aqui o semestre come\u00e7a quando quiser: entrada imediata e cont\u00ednua!<\/li>\n\n\n\n<li>Melhores pre\u00e7os do mercado;<\/li>\n\n\n\n<li>Mais de 800 mil alunos pagantes e mais de 1000 funcion\u00e1rios;<\/li>\n\n\n\n<li>Diversas ferramentas de estudo: PDFs, audiobooks, mapas mentais, videoaulas, quest\u00f5es, gerenciador de estudos e muito mais!<\/li>\n\n\n\n<li>Professores experientes e capacitados;<\/li>\n\n\n\n<li>Acesso imediato e 100% online.<\/li>\n<\/ul>\n\n\n\n<p class=\"has-text-align-center has-text-align-center\"><strong><a href=\"https:\/\/faculdade.grancursosonline.com.br\/\">Quero ser aluno da Gran Faculdade<\/a><\/strong><\/p>\n\n\n\n<div class=\"wp-block-group has-background\" style=\"background-color:#8dd2fc7a\"><div class=\"wp-block-group__inner-container is-layout-constrained wp-block-group-is-layout-constrained\">\n<p>Outras not\u00edcias em destaque:<\/p>\n\n\n\n<ul class=\"wp-block-list\">\n<li><a href=\"https:\/\/faculdade.grancursosonline.com.br\/blog\/bolsa-prouni\/\">Bolsa <\/a><a href=\"https:\/\/faculdade.grancursosonline.com.br\/blog\/bolsa-prouni\/\" target=\"_blank\" rel=\"noopener\">Prouni: como usar e como escolher uma faculdade ideal<\/a><\/li>\n\n\n\n<li><a href=\"https:\/\/faculdade.grancursosonline.com.br\/blog\/quem-pode-fazer-o-prouni\/\" target=\"_blank\" rel=\"noopener\">Quem pode fazer o Prouni? Entenda regras, renda e requisitos atualizados<\/a><\/li>\n\n\n\n<li><a href=\"https:\/\/faculdade.grancursosonline.com.br\/blog\/quem-pode-inscrever-prouni\/\" target=\"_blank\" rel=\"noopener\">Quem pode se inscrever no Prouni? Veja os requisitos!<\/a><\/li>\n<\/ul>\n<\/div><\/div>\n\n\n\n<div class=\"wp-block-group\"><div class=\"wp-block-group__inner-container is-layout-constrained wp-block-group-is-layout-constrained\">\n<div class=\"wp-block-group\"><div class=\"wp-block-group__inner-container is-layout-constrained wp-block-group-is-layout-constrained\">\n<section style=\"text-align: center;\">\n<p>Quer ficar por dentro da Faculdade Digital mais inovadora do Brasil?<\/p>\n<nav>\n<p class=\"has-background has-dark-bluish-background-color\" style=\"font-size: 25px; text-align: center; background: #f0f0f0; color: #ffffff; padding: 4px 0px 4xp 0px;\"><a style=\"color: #0d134c; text-decoration: underline;\" href=\"https:\/\/faculdade.grancursosonline.com.br\/\" target=\"_blank\" rel=\"noopener\">GRADUA\u00c7\u00c3O<\/a><\/p>\n<p class=\"has-background has-dark-bluish-background-color\" style=\"font-size: 25px; text-align: center; background: #f0f0f0; color: #ffffff; padding: 4px 0px 4xp 0px;\"><a style=\"color: #0d134c; text-decoration: underline;\" href=\"https:\/\/pos.grancursosonline.com.br\/\" target=\"_blank\" rel=\"noopener\">P\u00d3S-GRADUA\u00c7\u00c3O<\/a><\/p>\n<p class=\"has-background has-dark-bluish-background-color\" style=\"font-size: 25px; text-align: center; background: #f0f0f0; color: #ffffff; padding: 4px 0px 4xp 0px;\"><a style=\"color: #0d134c; text-decoration: underline;\" href=\"https:\/\/faculdade.grancursosonline.com.br\/nossos-cursos\/\" target=\"_blank\" rel=\"noopener\">TUDO SOBRE A GRAN FACULDADE<\/a><\/p>\n<\/nav>\n<p><strong>Receba <span style=\"color: #cf1e25;\">gratuitamente<\/span> no seu celular as principais not\u00edcias sobre a Gran Faculdade! <br \/>Clique no link abaixo e inscreva-se:<\/strong><\/p>\n<p class=\"has-background has-dark-bluish-background-color\" style=\"font-size: 25px; text-align: center; background: #f0f0f0; color: #ffffff; padding: 4px 0px 4xp 0px;\"><a style=\"color: #0d134c; text-decoration: underline;\" href=\"https:\/\/whatsapp.com\/channel\/0029VaG1sChI7Be7PNndhL43\" target=\"_blank\" rel=\"noopener noreferrer\">WHATSAPP<\/a><\/p>\n<p class=\"has-background has-dark-bluish-background-color\" style=\"font-size: 25px; text-align: center; background: #f0f0f0; color: #ffffff; padding: 4px 0px 4xp 0px;\"><a style=\"color: #0d134c; text-decoration: underline;\" href=\"https:\/\/t.me\/GranFaculdade\" target=\"_blank\" rel=\"noopener noreferrer\">TELEGRAM<\/a><\/p>\n<\/section>\n<\/div><\/div>\n<\/div><\/div>\n","protected":false},"excerpt":{"rendered":"<p>N\u00e3o foi selecionado na primeira chamada do Programa Universidade para Todos? N\u00e3o desanime! A segunda chamada Prouni \u00e9 a oportunidade reservada para preencher as bolsas que n\u00e3o tiveram a documenta\u00e7\u00e3o aprovada ou que n\u00e3o registraram matr\u00edcula na primeira etapa. Nesta edi\u00e7\u00e3o de 2026, com oferta recorde de vagas, as chances de a lista trazer mais&hellip;<\/p>\n","protected":false},"author":525,"featured_media":79761419,"comment_status":"open","ping_status":"open","sticky":false,"template":"","format":"standard","meta":{"_acf_changed":false,"content-type":"","footnotes":""},"categories":[218668,2],"tags":[],"class_list":["post-79761339","post","type-post","status-publish","format-standard","has-post-thumbnail","hentry","category-prouni","category-ultimas-noticias"],"acf":[],"yoast_head":"<!-- This site is optimized with the Yoast SEO Premium plugin v27.2 (Yoast SEO v27.2) - https:\/\/yoast.com\/product\/yoast-seo-premium-wordpress\/ -->\n<title>Segunda chamada Prouni 2026: saiba quando sai o resultado e como consultar<\/title>\n<meta name=\"description\" content=\"Saiba quando sai a segunda chamada do Prouni 2026, que horas sai o resultado e como consultar sua bolsa. N\u00e3o perca o prazo!\" \/>\n<meta name=\"robots\" content=\"index, follow, max-snippet:-1, max-image-preview:large, max-video-preview:-1\" \/>\n<link rel=\"canonical\" href=\"https:\/\/faculdade.grancursosonline.com.br\/blog\/segunda-chamada-prouni\/\" \/>\n<meta property=\"og:locale\" content=\"pt_BR\" \/>\n<meta property=\"og:type\" content=\"article\" \/>\n<meta property=\"og:title\" content=\"Segunda chamada Prouni 2026: saiba quando sai o resultado e como consultar\" \/>\n<meta property=\"og:description\" content=\"Saiba quando sai a segunda chamada do Prouni 2026, que horas sai o resultado e como consultar sua bolsa. N\u00e3o perca o prazo!\" \/>\n<meta property=\"og:url\" content=\"https:\/\/faculdade.grancursosonline.com.br\/blog\/segunda-chamada-prouni\/\" \/>\n<meta property=\"og:site_name\" content=\"Blog Gran Faculdade\" \/>\n<meta property=\"article:publisher\" content=\"https:\/\/www.facebook.com\/grancursosonline\/\" \/>\n<meta property=\"article:published_time\" content=\"2026-01-29T20:07:22+00:00\" \/>\n<meta property=\"article:modified_time\" content=\"2026-02-02T13:22:06+00:00\" \/>\n<meta property=\"og:image\" content=\"https:\/\/blog-es-static.infra.grancursosonline.com.br\/wp-content\/uploads\/2026\/01\/02102127\/CONTEUDO-SEO-Artes-para-o-Blog-Ensino-Superior-Graduacao-26-a-30-jan-DESTAQUE-510x310-copy-3-80.jpg\" \/>\n\t<meta property=\"og:image:width\" content=\"511\" \/>\n\t<meta property=\"og:image:height\" content=\"311\" \/>\n\t<meta property=\"og:image:type\" content=\"image\/jpeg\" \/>\n<meta name=\"author\" content=\"Aline Damettos\" \/>\n<meta name=\"twitter:card\" content=\"summary_large_image\" \/>\n<meta name=\"twitter:creator\" content=\"@gran_online\" \/>\n<meta name=\"twitter:site\" content=\"@gran_online\" \/>\n<meta name=\"twitter:label1\" content=\"Written by\" \/>\n\t<meta name=\"twitter:data1\" content=\"Aline Damettos\" \/>\n\t<meta name=\"twitter:label2\" content=\"Est. reading time\" \/>\n\t<meta name=\"twitter:data2\" content=\"17 minutos\" \/>\n<script type=\"application\/ld+json\" class=\"yoast-schema-graph\">{\"@context\":\"https:\/\/schema.org\",\"@graph\":[{\"@type\":\"NewsArticle\",\"@id\":\"https:\/\/faculdade.grancursosonline.com.br\/blog\/segunda-chamada-prouni\/#article\",\"isPartOf\":{\"@id\":\"https:\/\/faculdade.grancursosonline.com.br\/blog\/segunda-chamada-prouni\/\"},\"author\":{\"name\":\"Aline Damettos\",\"@id\":\"https:\/\/faculdade.grancursosonline.com.br\/blog\/#\/schema\/person\/14e0fa771c0614c4b7434ee70589c075\"},\"headline\":\"Segunda chamada Prouni 2026: saiba quando sai o resultado e como consultar\",\"datePublished\":\"2026-01-29T20:07:22+00:00\",\"dateModified\":\"2026-02-02T13:22:06+00:00\",\"mainEntityOfPage\":{\"@id\":\"https:\/\/faculdade.grancursosonline.com.br\/blog\/segunda-chamada-prouni\/\"},\"wordCount\":807,\"commentCount\":0,\"publisher\":{\"@id\":\"https:\/\/faculdade.grancursosonline.com.br\/blog\/#organization\"},\"image\":{\"@id\":\"https:\/\/faculdade.grancursosonline.com.br\/blog\/segunda-chamada-prouni\/#primaryimage\"},\"thumbnailUrl\":\"https:\/\/blog-es-static.infra.grancursosonline.com.br\/wp-content\/uploads\/2026\/01\/02102038\/CONTEUDO-SEO-Artes-para-o-Blog-Ensino-Superior-Graduacao-26-a-30-jan-BLOG-1000x600-copy-3-80.jpg\",\"articleSection\":[\"PROUNI\",\"\u00daltimas Not\u00edcias\"],\"inLanguage\":\"pt-BR\",\"potentialAction\":[{\"@type\":\"CommentAction\",\"name\":\"Comment\",\"target\":[\"https:\/\/faculdade.grancursosonline.com.br\/blog\/segunda-chamada-prouni\/#respond\"]}],\"copyrightYear\":\"2026\",\"copyrightHolder\":{\"@id\":\"https:\/\/faculdade.grancursosonline.com.br\/blog\/#organization\"}},{\"@type\":\"WebPage\",\"@id\":\"https:\/\/faculdade.grancursosonline.com.br\/blog\/segunda-chamada-prouni\/\",\"url\":\"https:\/\/faculdade.grancursosonline.com.br\/blog\/segunda-chamada-prouni\/\",\"name\":\"Segunda chamada Prouni 2026: saiba quando sai o resultado e como consultar\",\"isPartOf\":{\"@id\":\"https:\/\/faculdade.grancursosonline.com.br\/blog\/#website\"},\"primaryImageOfPage\":{\"@id\":\"https:\/\/faculdade.grancursosonline.com.br\/blog\/segunda-chamada-prouni\/#primaryimage\"},\"image\":{\"@id\":\"https:\/\/faculdade.grancursosonline.com.br\/blog\/segunda-chamada-prouni\/#primaryimage\"},\"thumbnailUrl\":\"https:\/\/blog-es-static.infra.grancursosonline.com.br\/wp-content\/uploads\/2026\/01\/02102038\/CONTEUDO-SEO-Artes-para-o-Blog-Ensino-Superior-Graduacao-26-a-30-jan-BLOG-1000x600-copy-3-80.jpg\",\"datePublished\":\"2026-01-29T20:07:22+00:00\",\"dateModified\":\"2026-02-02T13:22:06+00:00\",\"description\":\"Saiba quando sai a segunda chamada do Prouni 2026, que horas sai o resultado e como consultar sua bolsa. N\u00e3o perca o prazo!\",\"breadcrumb\":{\"@id\":\"https:\/\/faculdade.grancursosonline.com.br\/blog\/segunda-chamada-prouni\/#breadcrumb\"},\"inLanguage\":\"pt-BR\",\"potentialAction\":[{\"@type\":\"ReadAction\",\"target\":[\"https:\/\/faculdade.grancursosonline.com.br\/blog\/segunda-chamada-prouni\/\"]}]},{\"@type\":\"ImageObject\",\"inLanguage\":\"pt-BR\",\"@id\":\"https:\/\/faculdade.grancursosonline.com.br\/blog\/segunda-chamada-prouni\/#primaryimage\",\"url\":\"https:\/\/blog-es-static.infra.grancursosonline.com.br\/wp-content\/uploads\/2026\/01\/02102038\/CONTEUDO-SEO-Artes-para-o-Blog-Ensino-Superior-Graduacao-26-a-30-jan-BLOG-1000x600-copy-3-80.jpg\",\"contentUrl\":\"https:\/\/blog-es-static.infra.grancursosonline.com.br\/wp-content\/uploads\/2026\/01\/02102038\/CONTEUDO-SEO-Artes-para-o-Blog-Ensino-Superior-Graduacao-26-a-30-jan-BLOG-1000x600-copy-3-80.jpg\",\"width\":1001,\"height\":601},{\"@type\":\"BreadcrumbList\",\"@id\":\"https:\/\/faculdade.grancursosonline.com.br\/blog\/segunda-chamada-prouni\/#breadcrumb\",\"itemListElement\":[{\"@type\":\"ListItem\",\"position\":1,\"name\":\"In\u00edcio\",\"item\":\"https:\/\/faculdade.grancursosonline.com.br\/blog\/\"},{\"@type\":\"ListItem\",\"position\":2,\"name\":\"PROUNI\",\"item\":\"https:\/\/faculdade.grancursosonline.com.br\/blog\/categoria\/prouni\/\"},{\"@type\":\"ListItem\",\"position\":3,\"name\":\"Segunda chamada Prouni 2026: saiba quando sai o resultado e como consultar\"}]},{\"@type\":\"WebSite\",\"@id\":\"https:\/\/faculdade.grancursosonline.com.br\/blog\/#website\",\"url\":\"https:\/\/faculdade.grancursosonline.com.br\/blog\/\",\"name\":\"Blog Gran Faculdade\",\"description\":\"Tudo sobre ensino superior, p\u00f3s-gradua\u00e7\u00e3o, enem e carreira.\",\"publisher\":{\"@id\":\"https:\/\/faculdade.grancursosonline.com.br\/blog\/#organization\"},\"potentialAction\":[{\"@type\":\"SearchAction\",\"target\":{\"@type\":\"EntryPoint\",\"urlTemplate\":\"https:\/\/faculdade.grancursosonline.com.br\/blog\/?s={search_term_string}\"},\"query-input\":{\"@type\":\"PropertyValueSpecification\",\"valueRequired\":true,\"valueName\":\"search_term_string\"}}],\"inLanguage\":\"pt-BR\"},{\"@type\":\"Organization\",\"@id\":\"https:\/\/faculdade.grancursosonline.com.br\/blog\/#organization\",\"name\":\"Gran Cursos Online\",\"url\":\"https:\/\/faculdade.grancursosonline.com.br\/blog\/\",\"logo\":{\"@type\":\"ImageObject\",\"inLanguage\":\"pt-BR\",\"@id\":\"https:\/\/faculdade.grancursosonline.com.br\/blog\/#\/schema\/logo\/image\/\",\"url\":\"https:\/\/blog-es-static.infra.grancursosonline.com.br\/wp-content\/uploads\/2019\/08\/03123934\/logo.png\",\"contentUrl\":\"https:\/\/blog-es-static.infra.grancursosonline.com.br\/wp-content\/uploads\/2019\/08\/03123934\/logo.png\",\"width\":300,\"height\":57,\"caption\":\"Gran Cursos Online\"},\"image\":{\"@id\":\"https:\/\/faculdade.grancursosonline.com.br\/blog\/#\/schema\/logo\/image\/\"},\"sameAs\":[\"https:\/\/www.facebook.com\/grancursosonline\/\",\"https:\/\/x.com\/gran_online\",\"https:\/\/www.instagram.com\/grancursosonline\/\",\"https:\/\/www.youtube.com\/user\/grancursostv\"]},{\"@type\":\"Person\",\"@id\":\"https:\/\/faculdade.grancursosonline.com.br\/blog\/#\/schema\/person\/14e0fa771c0614c4b7434ee70589c075\",\"name\":\"Aline Damettos\",\"url\":\"https:\/\/faculdade.grancursosonline.com.br\/blog\/author\/aline-damettos\/\"}]}<\/script>\n<!-- \/ Yoast SEO Premium plugin. -->","yoast_head_json":{"title":"Segunda chamada Prouni 2026: saiba quando sai o resultado e como consultar","description":"Saiba quando sai a segunda chamada do Prouni 2026, que horas sai o resultado e como consultar sua bolsa. N\u00e3o perca o prazo!","robots":{"index":"index","follow":"follow","max-snippet":"max-snippet:-1","max-image-preview":"max-image-preview:large","max-video-preview":"max-video-preview:-1"},"canonical":"https:\/\/faculdade.grancursosonline.com.br\/blog\/segunda-chamada-prouni\/","og_locale":"pt_BR","og_type":"article","og_title":"Segunda chamada Prouni 2026: saiba quando sai o resultado e como consultar","og_description":"Saiba quando sai a segunda chamada do Prouni 2026, que horas sai o resultado e como consultar sua bolsa. N\u00e3o perca o prazo!","og_url":"https:\/\/faculdade.grancursosonline.com.br\/blog\/segunda-chamada-prouni\/","og_site_name":"Blog Gran Faculdade","article_publisher":"https:\/\/www.facebook.com\/grancursosonline\/","article_published_time":"2026-01-29T20:07:22+00:00","article_modified_time":"2026-02-02T13:22:06+00:00","og_image":[{"width":511,"height":311,"url":"https:\/\/blog-es-static.infra.grancursosonline.com.br\/wp-content\/uploads\/2026\/01\/02102127\/CONTEUDO-SEO-Artes-para-o-Blog-Ensino-Superior-Graduacao-26-a-30-jan-DESTAQUE-510x310-copy-3-80.jpg","type":"image\/jpeg"}],"author":"Aline Damettos","twitter_card":"summary_large_image","twitter_creator":"@gran_online","twitter_site":"@gran_online","twitter_misc":{"Written by":"Aline Damettos","Est. reading time":"17 minutos"},"schema":{"@context":"https:\/\/schema.org","@graph":[{"@type":"NewsArticle","@id":"https:\/\/faculdade.grancursosonline.com.br\/blog\/segunda-chamada-prouni\/#article","isPartOf":{"@id":"https:\/\/faculdade.grancursosonline.com.br\/blog\/segunda-chamada-prouni\/"},"author":{"name":"Aline Damettos","@id":"https:\/\/faculdade.grancursosonline.com.br\/blog\/#\/schema\/person\/14e0fa771c0614c4b7434ee70589c075"},"headline":"Segunda chamada Prouni 2026: saiba quando sai o resultado e como consultar","datePublished":"2026-01-29T20:07:22+00:00","dateModified":"2026-02-02T13:22:06+00:00","mainEntityOfPage":{"@id":"https:\/\/faculdade.grancursosonline.com.br\/blog\/segunda-chamada-prouni\/"},"wordCount":807,"commentCount":0,"publisher":{"@id":"https:\/\/faculdade.grancursosonline.com.br\/blog\/#organization"},"image":{"@id":"https:\/\/faculdade.grancursosonline.com.br\/blog\/segunda-chamada-prouni\/#primaryimage"},"thumbnailUrl":"https:\/\/blog-es-static.infra.grancursosonline.com.br\/wp-content\/uploads\/2026\/01\/02102038\/CONTEUDO-SEO-Artes-para-o-Blog-Ensino-Superior-Graduacao-26-a-30-jan-BLOG-1000x600-copy-3-80.jpg","articleSection":["PROUNI","\u00daltimas Not\u00edcias"],"inLanguage":"pt-BR","potentialAction":[{"@type":"CommentAction","name":"Comment","target":["https:\/\/faculdade.grancursosonline.com.br\/blog\/segunda-chamada-prouni\/#respond"]}],"copyrightYear":"2026","copyrightHolder":{"@id":"https:\/\/faculdade.grancursosonline.com.br\/blog\/#organization"}},{"@type":"WebPage","@id":"https:\/\/faculdade.grancursosonline.com.br\/blog\/segunda-chamada-prouni\/","url":"https:\/\/faculdade.grancursosonline.com.br\/blog\/segunda-chamada-prouni\/","name":"Segunda chamada Prouni 2026: saiba quando sai o resultado e como consultar","isPartOf":{"@id":"https:\/\/faculdade.grancursosonline.com.br\/blog\/#website"},"primaryImageOfPage":{"@id":"https:\/\/faculdade.grancursosonline.com.br\/blog\/segunda-chamada-prouni\/#primaryimage"},"image":{"@id":"https:\/\/faculdade.grancursosonline.com.br\/blog\/segunda-chamada-prouni\/#primaryimage"},"thumbnailUrl":"https:\/\/blog-es-static.infra.grancursosonline.com.br\/wp-content\/uploads\/2026\/01\/02102038\/CONTEUDO-SEO-Artes-para-o-Blog-Ensino-Superior-Graduacao-26-a-30-jan-BLOG-1000x600-copy-3-80.jpg","datePublished":"2026-01-29T20:07:22+00:00","dateModified":"2026-02-02T13:22:06+00:00","description":"Saiba quando sai a segunda chamada do Prouni 2026, que horas sai o resultado e como consultar sua bolsa. N\u00e3o perca o prazo!","breadcrumb":{"@id":"https:\/\/faculdade.grancursosonline.com.br\/blog\/segunda-chamada-prouni\/#breadcrumb"},"inLanguage":"pt-BR","potentialAction":[{"@type":"ReadAction","target":["https:\/\/faculdade.grancursosonline.com.br\/blog\/segunda-chamada-prouni\/"]}]},{"@type":"ImageObject","inLanguage":"pt-BR","@id":"https:\/\/faculdade.grancursosonline.com.br\/blog\/segunda-chamada-prouni\/#primaryimage","url":"https:\/\/blog-es-static.infra.grancursosonline.com.br\/wp-content\/uploads\/2026\/01\/02102038\/CONTEUDO-SEO-Artes-para-o-Blog-Ensino-Superior-Graduacao-26-a-30-jan-BLOG-1000x600-copy-3-80.jpg","contentUrl":"https:\/\/blog-es-static.infra.grancursosonline.com.br\/wp-content\/uploads\/2026\/01\/02102038\/CONTEUDO-SEO-Artes-para-o-Blog-Ensino-Superior-Graduacao-26-a-30-jan-BLOG-1000x600-copy-3-80.jpg","width":1001,"height":601},{"@type":"BreadcrumbList","@id":"https:\/\/faculdade.grancursosonline.com.br\/blog\/segunda-chamada-prouni\/#breadcrumb","itemListElement":[{"@type":"ListItem","position":1,"name":"In\u00edcio","item":"https:\/\/faculdade.grancursosonline.com.br\/blog\/"},{"@type":"ListItem","position":2,"name":"PROUNI","item":"https:\/\/faculdade.grancursosonline.com.br\/blog\/categoria\/prouni\/"},{"@type":"ListItem","position":3,"name":"Segunda chamada Prouni 2026: saiba quando sai o resultado e como consultar"}]},{"@type":"WebSite","@id":"https:\/\/faculdade.grancursosonline.com.br\/blog\/#website","url":"https:\/\/faculdade.grancursosonline.com.br\/blog\/","name":"Blog Gran Faculdade","description":"Tudo sobre ensino superior, p\u00f3s-gradua\u00e7\u00e3o, enem e carreira.","publisher":{"@id":"https:\/\/faculdade.grancursosonline.com.br\/blog\/#organization"},"potentialAction":[{"@type":"SearchAction","target":{"@type":"EntryPoint","urlTemplate":"https:\/\/faculdade.grancursosonline.com.br\/blog\/?s={search_term_string}"},"query-input":{"@type":"PropertyValueSpecification","valueRequired":true,"valueName":"search_term_string"}}],"inLanguage":"pt-BR"},{"@type":"Organization","@id":"https:\/\/faculdade.grancursosonline.com.br\/blog\/#organization","name":"Gran Cursos Online","url":"https:\/\/faculdade.grancursosonline.com.br\/blog\/","logo":{"@type":"ImageObject","inLanguage":"pt-BR","@id":"https:\/\/faculdade.grancursosonline.com.br\/blog\/#\/schema\/logo\/image\/","url":"https:\/\/blog-es-static.infra.grancursosonline.com.br\/wp-content\/uploads\/2019\/08\/03123934\/logo.png","contentUrl":"https:\/\/blog-es-static.infra.grancursosonline.com.br\/wp-content\/uploads\/2019\/08\/03123934\/logo.png","width":300,"height":57,"caption":"Gran Cursos Online"},"image":{"@id":"https:\/\/faculdade.grancursosonline.com.br\/blog\/#\/schema\/logo\/image\/"},"sameAs":["https:\/\/www.facebook.com\/grancursosonline\/","https:\/\/x.com\/gran_online","https:\/\/www.instagram.com\/grancursosonline\/","https:\/\/www.youtube.com\/user\/grancursostv"]},{"@type":"Person","@id":"https:\/\/faculdade.grancursosonline.com.br\/blog\/#\/schema\/person\/14e0fa771c0614c4b7434ee70589c075","name":"Aline Damettos","url":"https:\/\/faculdade.grancursosonline.com.br\/blog\/author\/aline-damettos\/"}]}},"_links":{"self":[{"href":"https:\/\/faculdade.grancursosonline.com.br\/blog\/wp-json\/wp\/v2\/posts\/79761339","targetHints":{"allow":["GET"]}}],"collection":[{"href":"https:\/\/faculdade.grancursosonline.com.br\/blog\/wp-json\/wp\/v2\/posts"}],"about":[{"href":"https:\/\/faculdade.grancursosonline.com.br\/blog\/wp-json\/wp\/v2\/types\/post"}],"author":[{"embeddable":true,"href":"https:\/\/faculdade.grancursosonline.com.br\/blog\/wp-json\/wp\/v2\/users\/525"}],"replies":[{"embeddable":true,"href":"https:\/\/faculdade.grancursosonline.com.br\/blog\/wp-json\/wp\/v2\/comments?post=79761339"}],"version-history":[{"count":3,"href":"https:\/\/faculdade.grancursosonline.com.br\/blog\/wp-json\/wp\/v2\/posts\/79761339\/revisions"}],"predecessor-version":[{"id":79761353,"href":"https:\/\/faculdade.grancursosonline.com.br\/blog\/wp-json\/wp\/v2\/posts\/79761339\/revisions\/79761353"}],"wp:featuredmedia":[{"embeddable":true,"href":"https:\/\/faculdade.grancursosonline.com.br\/blog\/wp-json\/wp\/v2\/media\/79761419"}],"wp:attachment":[{"href":"https:\/\/faculdade.grancursosonline.com.br\/blog\/wp-json\/wp\/v2\/media?parent=79761339"}],"wp:term":[{"taxonomy":"category","embeddable":true,"href":"https:\/\/faculdade.grancursosonline.com.br\/blog\/wp-json\/wp\/v2\/categories?post=79761339"},{"taxonomy":"post_tag","embeddable":true,"href":"https:\/\/faculdade.grancursosonline.com.br\/blog\/wp-json\/wp\/v2\/tags?post=79761339"}],"curies":[{"name":"wp","href":"https:\/\/api.w.org\/{rel}","templated":true}]}}