{"id":79762954,"date":"2026-03-09T16:29:18","date_gmt":"2026-03-09T19:29:18","guid":{"rendered":"https:\/\/faculdade.grancursosonline.com.br\/blog\/?p=79762954"},"modified":"2026-03-11T08:15:45","modified_gmt":"2026-03-11T11:15:45","slug":"geece","status":"publish","type":"post","link":"https:\/\/faculdade.grancursosonline.com.br\/blog\/geece\/","title":{"rendered":"GEECE 2026: participe do grupo de estudos e extens\u00e3o em conjuntura econ\u00f4mica"},"content":{"rendered":"\n<p>Voc\u00ea quer transformar a teoria econ\u00f4mica em pr\u00e1tica e ainda turbinar seu curr\u00edculo com uma certifica\u00e7\u00e3o exclusiva? A Gran Faculdade anuncia a abertura das inscri\u00e7\u00f5es para o <strong>GEECE (Grupo de Estudos e Extens\u00e3o em Conjuntura Econ\u00f4mica)<\/strong>.<\/p>\n\n\n\n<p>Esta \u00e9 a sua oportunidade de atuar na an\u00e1lise sistem\u00e1tica da economia brasileira, lidando com indicadores macroecon\u00f4micos, mercado de trabalho e finan\u00e7as p\u00fablicas sob a supervis\u00e3o de especialistas.<\/p>\n\n\n\n<p>Quer saber mais? <a href=\"https:\/\/omni-cms-static-prd.infra.grancursosonline.com.br\/wp-content\/uploads\/2026\/03\/edital-grupo-conjuntura-economica-2026.pdf\">Clique e leia o edital completo<\/a>!<\/p>\n\n\n\n<p>Se preferir, navegue pelo \u00edndice:<\/p>\n\n\n\n<ul class=\"wp-block-list\">\n<li><a href=\"#h-o-que-e-o-geece\">O que \u00e9 o GEECE?<\/a><\/li>\n\n\n\n<li><a href=\"#h-por-que-participar\">Por que participar?<\/a><\/li>\n\n\n\n<li><a href=\"#h-como-funciona-a-selecao-de-2026\">Como funciona a sele\u00e7\u00e3o de 2026<\/a><\/li>\n\n\n\n<li><a href=\"#h-requisitos-para-candidatura\">Requisitos para candidatura<\/a><\/li>\n\n\n\n<li><a href=\"#h-cronograma-e-inscricoes\">Cronograma e inscri\u00e7\u00f5es<\/a><\/li>\n\n\n\n<li><a href=\"#h-como-se-inscrever\">Como se inscrever?<\/a><\/li>\n\n\n\n<li><a href=\"#h-atividades-do-aluno-no-geece\">Atividades do aluno no GEECE<\/a><\/li>\n\n\n\n<li><a href=\"#h-vem-pra-gran-faculdade\">Vem pra Gran Faculdade!<\/a><\/li>\n<\/ul>\n\n\n<div class=\"wp-block-image\">\n<figure class=\"aligncenter size-large is-resized\"><img loading=\"lazy\" decoding=\"async\" width=\"1024\" height=\"559\" src=\"https:\/\/blog-es-static.infra.grancursosonline.com.br\/wp-content\/uploads\/2026\/03\/09162302\/geene-1024x559.png\" alt=\"\" class=\"wp-image-79762960\" style=\"aspect-ratio:1.8318695106649938;width:653px;height:auto\"\/><\/figure>\n<\/div>\n\n\n<p class=\"has-text-align-center\"><a href=\"https:\/\/faculdade.grancursosonline.com.br\/\" target=\"_blank\" rel=\"noopener\"><strong>Quero come\u00e7ar minha faculdade hoje<\/strong><\/a><\/p>\n\n\n\n<h2 class=\"wp-block-heading\" id=\"h-o-que-e-o-geece\">O que \u00e9 o GEECE?<\/h2>\n\n\n\n<p>O <strong>GEECE <\/strong>\u00e9 um espa\u00e7o de integra\u00e7\u00e3o entre ensino, pesquisa e extens\u00e3o. O programa visa complementar a forma\u00e7\u00e3o acad\u00eamica dos alunos por meio da viv\u00eancia pr\u00e1tica em an\u00e1lise de conjuntura.<\/p>\n\n\n\n<p>Os participantes desenvolvem compet\u00eancias cr\u00edticas no uso de dados e contribuem para o debate p\u00fablico, elaborando boletins e relat\u00f3rios acess\u00edveis \u00e0 sociedade.<\/p>\n\n\n\n<h2 class=\"wp-block-heading\" id=\"h-por-que-participar\">Por que participar?<\/h2>\n\n\n\n<p>Entenda alguns benef\u00edcios de participar do grupo:<\/p>\n\n\n\n<ul class=\"wp-block-list\">\n<li><strong>Certifica\u00e7\u00e3o exclusiva<\/strong>: Ao final, voc\u00ea recebe o certificado de &#8220;Analista J\u00fanior de Conjuntura Econ\u00f4mica&#8221;.<\/li>\n\n\n\n<li><strong>Horas complementares<\/strong>: a participa\u00e7\u00e3o garante 30 horas de Atividades Complementares;<\/li>\n\n\n\n<li><strong>Networking e Pr\u00e1tica<\/strong>: experi\u00eancia direta com dados do IBGE, IPEA, Banco Central e outras fontes oficiais;<\/li>\n\n\n\n<li><strong>Flexibilidade<\/strong>: a modalidade \u00e9 volunt\u00e1ria com dedica\u00e7\u00e3o de apenas 5 horas mensais.<\/li>\n<\/ul>\n\n\n\n<h2 class=\"wp-block-heading\" id=\"h-como-funciona-a-selecao-de-2026\">Como funciona a sele\u00e7\u00e3o de 2026<\/h2>\n\n\n\n<p>Para o primeiro semestre de 2026, ser\u00e3o ofertadas <strong>20 vagas<\/strong>. Os alunos selecionados atuar\u00e3o de abril a setembro em grupos de at\u00e9 5 pessoas, focando em indicadores espec\u00edficos como:<\/p>\n\n\n\n<ul class=\"wp-block-list\">\n<li>PIB e Setores da Economia;<\/li>\n\n\n\n<li>Pol\u00edtica Fiscal e Monet\u00e1ria;<\/li>\n\n\n\n<li>Infla\u00e7\u00e3o e Mercado de Trabalho;<\/li>\n\n\n\n<li>Setor Externo.<\/li>\n<\/ul>\n\n\n\n<h2 class=\"wp-block-heading\" id=\"h-requisitos-para-candidatura\">Requisitos para candidatura<\/h2>\n\n\n\n<p>Poder\u00e3o se candidatar os <strong>alunos da Gran Faculdade<\/strong> que cumprirem os seguintes crit\u00e9rios:<\/p>\n\n\n\n<ul class=\"wp-block-list\">\n<li>Estar regularmente matriculado;<\/li>\n\n\n\n<li>Possuir <strong>m\u00e9dia igual ou superior a 8,0<\/strong> nas disciplinas cursadas;<\/li>\n\n\n\n<li>Ter disponibilidade para cumprir a carga hor\u00e1ria de 5h\/m\u00eas;<\/li>\n\n\n\n<li>N\u00e3o ter desistido de projetos de pesquisa ou extens\u00e3o anteriores na institui\u00e7\u00e3o.<\/li>\n<\/ul>\n\n\n\n<h2 class=\"wp-block-heading\" id=\"h-cronograma-e-inscricoes\">Cronograma e inscri\u00e7\u00f5es<\/h2>\n\n\n\n<p>Fique atento aos prazos para n\u00e3o perder a chance de se tornar um analista j\u00fanior:<\/p>\n\n\n\n<figure class=\"wp-block-table\"><div class=\"container-tabela\"><table class=\"has-fixed-layout\"><tbody><tr><td>Etapa<\/td><td>Data \/ Prazo<\/td><\/tr><tr><td>Inscri\u00e7\u00f5es<\/td><td>06 de mar\u00e7o a 15 de mar\u00e7o de 2026 (at\u00e9 12h)<\/td><\/tr><tr><td>Sele\u00e7\u00e3o (An\u00e1lise, Prova e Entrevista)<\/td><td>16 a 24 de mar\u00e7o de 2026<\/td><\/tr><tr><td>Resultado Final (via e-mail)<\/td><td>25 de mar\u00e7o de 2026<\/td><\/tr><tr><td>Assinatura do Termo de Compromisso<\/td><td>At\u00e9 30 de mar\u00e7o de 2026<\/td><\/tr><tr><td>In\u00edcio das Atividades<\/td><td>01 de abril de 2026<\/td><\/tr><\/tbody><\/table><\/div><\/figure>\n\n\n\n<p><\/p>\n\n\n\n<p>Na hora da inscri\u00e7\u00e3o, voc\u00ea deve sinalizar at\u00e9 dois indicadores de interesse para an\u00e1lise. Prepare-se!<\/p>\n\n\n\n<h2 class=\"wp-block-heading\" id=\"h-como-se-inscrever\">Como se inscrever?<\/h2>\n\n\n\n<p>As inscri\u00e7\u00f5es devem ser realizadas exclusivamente pelo formul\u00e1rio oficial: <a href=\"https:\/\/forms.gle\/B4RdsFioRJopsqUw5\">acesse o link de inscri\u00e7\u00e3o aqui<\/a>.<\/p>\n\n\n\n<h2 class=\"wp-block-heading\" id=\"h-atividades-do-aluno-no-geece\">Atividades do aluno no GEECE<\/h2>\n\n\n\n<p>O dia a dia do integrante do GEECE envolve a coleta e organiza\u00e7\u00e3o de dados econ\u00f4micos (PNAD, CAGED, RAIS), reda\u00e7\u00e3o de textos anal\u00edticos com fundamenta\u00e7\u00e3o te\u00f3rica e participa\u00e7\u00e3o em discuss\u00f5es metodol\u00f3gicas para a cria\u00e7\u00e3o dos boletins institucionais.<\/p>\n\n\n\n<p>Garanta sua vaga e ajude a formular solu\u00e7\u00f5es baseadas em evid\u00eancias para os desafios econ\u00f4micos contempor\u00e2neos!<\/p>\n\n\n\n<h2 class=\"wp-block-heading\" id=\"h-vem-pra-gran-faculdade\">Vem pra Gran Faculdade!<\/h2>\n\n\n\n<p>A Gran Faculdade vem mudando a vida de milhares de pessoas por meio de cursos \u00e0 dist\u00e2ncia de <a href=\"https:\/\/faculdade.grancursosonline.com.br\/\" target=\"_blank\" rel=\"noreferrer noopener\">gradua\u00e7\u00e3o<\/a>, <a href=\"https:\/\/pos.grancursosonline.com.br\/\" target=\"_blank\" rel=\"noreferrer noopener\">p\u00f3s-gradua\u00e7\u00e3o<\/a> e <a href=\"https:\/\/pos.grancursosonline.com.br\/mba\" target=\"_blank\" rel=\"noreferrer noopener\">MBA<\/a>. Seja no digital ou em nosso <a href=\"https:\/\/presencial.grancursosonline.com.br\/\" target=\"_blank\" rel=\"noreferrer noopener\">Campus Presencial em Curitiba<\/a>, a nossa miss\u00e3o \u00e9 transformar a educa\u00e7\u00e3o superior.<\/p>\n\n\n\n<p>Como parte de Sistema Gran de Ensino, que \u00e9 reconhecido como marca aprovadora h\u00e1 mais de 10 anos, constru\u00edmos uma renomada reputa\u00e7\u00e3o na \u00e1rea de educa\u00e7\u00e3o.<\/p>\n\n\n\n<p>Veja algumas de nossas conquistas:<\/p>\n\n\n\n<ul class=\"wp-block-list\">\n<li>Reconhecido pela Amazon como um dos projetos mais relevantes do mundo na \u00e1rea de Tecnologia e Educa\u00e7\u00e3o;<\/li>\n\n\n\n<li>Foi eleito pelo Project Management Institute (PMI), um dos 50 Projetos Mais Influentes do mundo;<\/li>\n\n\n\n<li>Somos o site de educa\u00e7\u00e3o mais acessado do Brasil;<\/li>\n\n\n\n<li>Somos avaliados com a nota m\u00e1xima pelo MEC;<\/li>\n\n\n\n<li>Aqui o semestre come\u00e7a quando quiser: entrada imediata e cont\u00ednua!<\/li>\n\n\n\n<li>Melhores pre\u00e7os do mercado;<\/li>\n\n\n\n<li>Mais de 800 mil alunos pagantes e mais de 1000 funcion\u00e1rios;<\/li>\n\n\n\n<li>Diversas ferramentas de estudo: PDFs, audiobooks, mapas mentais, videoaulas, quest\u00f5es, gerenciador de estudos e muito mais!<\/li>\n\n\n\n<li>Professores experientes e capacitados;<\/li>\n\n\n\n<li>Acesso imediato e 100% online.<\/li>\n<\/ul>\n\n\n\n<p class=\"has-text-align-center has-text-align-center\"><strong><a href=\"https:\/\/faculdade.grancursosonline.com.br\/\">Quero ser aluno da Gran Faculdade<\/a><\/strong><\/p>\n\n\n\n<div class=\"wp-block-group has-background\" style=\"background-color:#8dd2fc7a\"><div class=\"wp-block-group__inner-container is-layout-constrained wp-block-group-is-layout-constrained\">\n<p><strong>Outras not\u00edcias em destaque:<\/strong><\/p>\n\n\n\n<ul class=\"wp-block-list\">\n<li><a href=\"https:\/\/faculdade.grancursosonline.com.br\/blog\/gran-faculdade-vestibular\/\">Gran Faculdade vestibular: como funciona, cursos e ingresso imediato<\/a><\/li>\n\n\n\n<li><a href=\"https:\/\/faculdade.grancursosonline.com.br\/blog\/area-de-estudo\/\" target=\"_blank\" rel=\"noopener\">Teste vocacional: Qual \u00e1rea de estudo mais combina com voc\u00ea?<\/a><\/li>\n\n\n\n<li><a href=\"https:\/\/faculdade.grancursosonline.com.br\/blog\/gran-faculdade-e-boa\/\" target=\"_blank\" rel=\"noopener\">Gran faculdade \u00e9 boa? Avalia\u00e7\u00e3o completa com custo-benef\u00edcio e notas do MEC<\/a><\/li>\n<\/ul>\n<\/div><\/div>\n\n\n\n<div class=\"wp-block-group\"><div class=\"wp-block-group__inner-container is-layout-constrained wp-block-group-is-layout-constrained\">\n<div class=\"wp-block-group\"><div class=\"wp-block-group__inner-container is-layout-constrained wp-block-group-is-layout-constrained\">\n<section style=\"text-align: center;\">\n<p>Quer ficar por dentro da Faculdade Digital mais inovadora do Brasil?<\/p>\n<nav>\n<p class=\"has-background has-dark-bluish-background-color\" style=\"font-size: 25px; text-align: center; background: #f0f0f0; color: #ffffff; padding: 4px 0px 4xp 0px;\"><a style=\"color: #0d134c; text-decoration: underline;\" href=\"https:\/\/faculdade.grancursosonline.com.br\/\" target=\"_blank\" rel=\"noopener\">GRADUA\u00c7\u00c3O<\/a><\/p>\n<p class=\"has-background has-dark-bluish-background-color\" style=\"font-size: 25px; text-align: center; background: #f0f0f0; color: #ffffff; padding: 4px 0px 4xp 0px;\"><a style=\"color: #0d134c; text-decoration: underline;\" href=\"https:\/\/pos.grancursosonline.com.br\/\" target=\"_blank\" rel=\"noopener\">P\u00d3S-GRADUA\u00c7\u00c3O<\/a><\/p>\n<p class=\"has-background has-dark-bluish-background-color\" style=\"font-size: 25px; text-align: center; background: #f0f0f0; color: #ffffff; padding: 4px 0px 4xp 0px;\"><a style=\"color: #0d134c; text-decoration: underline;\" href=\"https:\/\/faculdade.grancursosonline.com.br\/nossos-cursos\/\" target=\"_blank\" rel=\"noopener\">TUDO SOBRE A GRAN FACULDADE<\/a><\/p>\n<\/nav>\n<p><strong>Receba <span style=\"color: #cf1e25;\">gratuitamente<\/span> no seu celular as principais not\u00edcias sobre a Gran Faculdade! <br \/>Clique no link abaixo e inscreva-se:<\/strong><\/p>\n<p class=\"has-background has-dark-bluish-background-color\" style=\"font-size: 25px; text-align: center; background: #f0f0f0; color: #ffffff; padding: 4px 0px 4xp 0px;\"><a style=\"color: #0d134c; text-decoration: underline;\" href=\"https:\/\/whatsapp.com\/channel\/0029VaG1sChI7Be7PNndhL43\" target=\"_blank\" rel=\"noopener noreferrer\">WHATSAPP<\/a><\/p>\n<p class=\"has-background has-dark-bluish-background-color\" style=\"font-size: 25px; text-align: center; background: #f0f0f0; color: #ffffff; padding: 4px 0px 4xp 0px;\"><a style=\"color: #0d134c; text-decoration: underline;\" href=\"https:\/\/t.me\/GranFaculdade\" target=\"_blank\" rel=\"noopener noreferrer\">TELEGRAM<\/a><\/p>\n<\/section>\n<\/div><\/div>\n<\/div><\/div>\n","protected":false},"excerpt":{"rendered":"<p>Voc\u00ea quer transformar a teoria econ\u00f4mica em pr\u00e1tica e ainda turbinar seu curr\u00edculo com uma certifica\u00e7\u00e3o exclusiva? A Gran Faculdade anuncia a abertura das inscri\u00e7\u00f5es para o GEECE (Grupo de Estudos e Extens\u00e3o em Conjuntura Econ\u00f4mica). Esta \u00e9 a sua oportunidade de atuar na an\u00e1lise sistem\u00e1tica da economia brasileira, lidando com indicadores macroecon\u00f4micos, mercado de&hellip;<\/p>\n","protected":false},"author":525,"featured_media":79763006,"comment_status":"open","ping_status":"open","sticky":false,"template":"","format":"standard","meta":{"_acf_changed":false,"content-type":"","footnotes":""},"categories":[44,2],"tags":[],"class_list":["post-79762954","post","type-post","status-publish","format-standard","has-post-thumbnail","hentry","category-artigos","category-ultimas-noticias"],"acf":[],"yoast_head":"<!-- This site is optimized with the Yoast SEO Premium plugin v27.2 (Yoast SEO v27.2) - https:\/\/yoast.com\/product\/yoast-seo-premium-wordpress\/ -->\n<title>GEECE 2026: participe do grupo de estudos e extens\u00e3o em conjuntura econ\u00f4mica<\/title>\n<meta name=\"description\" content=\"Participe do GEECE 2026! Conquiste o certificado de Analista J\u00fanior de Conjuntura Econ\u00f4mica e ganhe 30h complementares. Clique!\" \/>\n<meta name=\"robots\" content=\"index, follow, max-snippet:-1, max-image-preview:large, max-video-preview:-1\" \/>\n<link rel=\"canonical\" href=\"https:\/\/faculdade.grancursosonline.com.br\/blog\/geece\/\" \/>\n<meta property=\"og:locale\" content=\"pt_BR\" \/>\n<meta property=\"og:type\" content=\"article\" \/>\n<meta property=\"og:title\" content=\"GEECE 2026: participe do grupo de estudos e extens\u00e3o em conjuntura econ\u00f4mica\" \/>\n<meta property=\"og:description\" content=\"Participe do GEECE 2026! Conquiste o certificado de Analista J\u00fanior de Conjuntura Econ\u00f4mica e ganhe 30h complementares. Clique!\" \/>\n<meta property=\"og:url\" content=\"https:\/\/faculdade.grancursosonline.com.br\/blog\/geece\/\" \/>\n<meta property=\"og:site_name\" content=\"Blog Gran Faculdade\" \/>\n<meta property=\"article:publisher\" content=\"https:\/\/www.facebook.com\/grancursosonline\/\" \/>\n<meta property=\"article:published_time\" content=\"2026-03-09T19:29:18+00:00\" \/>\n<meta property=\"article:modified_time\" content=\"2026-03-11T11:15:45+00:00\" \/>\n<meta property=\"og:image\" content=\"https:\/\/blog-es-static.infra.grancursosonline.com.br\/wp-content\/uploads\/2026\/03\/11081442\/CONTEUDO-SEO-Artes-para-o-Blog-Ensino-Superior-Graduacao-09-a-13-mar-DESTAQUE-510x310-copy-3-80.jpg\" \/>\n\t<meta property=\"og:image:width\" content=\"511\" \/>\n\t<meta property=\"og:image:height\" content=\"311\" \/>\n\t<meta property=\"og:image:type\" content=\"image\/jpeg\" \/>\n<meta name=\"author\" content=\"Aline Damettos\" \/>\n<meta name=\"twitter:card\" content=\"summary_large_image\" \/>\n<meta name=\"twitter:creator\" content=\"@gran_online\" \/>\n<meta name=\"twitter:site\" content=\"@gran_online\" \/>\n<meta name=\"twitter:label1\" content=\"Written by\" \/>\n\t<meta name=\"twitter:data1\" content=\"Aline Damettos\" \/>\n\t<meta name=\"twitter:label2\" content=\"Est. reading time\" \/>\n\t<meta name=\"twitter:data2\" content=\"10 minutos\" \/>\n<script type=\"application\/ld+json\" class=\"yoast-schema-graph\">{\"@context\":\"https:\/\/schema.org\",\"@graph\":[{\"@type\":\"NewsArticle\",\"@id\":\"https:\/\/faculdade.grancursosonline.com.br\/blog\/geece\/#article\",\"isPartOf\":{\"@id\":\"https:\/\/faculdade.grancursosonline.com.br\/blog\/geece\/\"},\"author\":{\"name\":\"Aline Damettos\",\"@id\":\"https:\/\/faculdade.grancursosonline.com.br\/blog\/#\/schema\/person\/14e0fa771c0614c4b7434ee70589c075\"},\"headline\":\"GEECE 2026: participe do grupo de estudos e extens\u00e3o em conjuntura econ\u00f4mica\",\"datePublished\":\"2026-03-09T19:29:18+00:00\",\"dateModified\":\"2026-03-11T11:15:45+00:00\",\"mainEntityOfPage\":{\"@id\":\"https:\/\/faculdade.grancursosonline.com.br\/blog\/geece\/\"},\"wordCount\":612,\"commentCount\":0,\"publisher\":{\"@id\":\"https:\/\/faculdade.grancursosonline.com.br\/blog\/#organization\"},\"image\":{\"@id\":\"https:\/\/faculdade.grancursosonline.com.br\/blog\/geece\/#primaryimage\"},\"thumbnailUrl\":\"https:\/\/blog-es-static.infra.grancursosonline.com.br\/wp-content\/uploads\/2026\/03\/11081420\/CONTEUDO-SEO-Artes-para-o-Blog-Ensino-Superior-Graduacao-09-a-13-mar-BLOG-1000x600-copy-3-80.jpg\",\"articleSection\":[\"Artigos\",\"\u00daltimas Not\u00edcias\"],\"inLanguage\":\"pt-BR\",\"potentialAction\":[{\"@type\":\"CommentAction\",\"name\":\"Comment\",\"target\":[\"https:\/\/faculdade.grancursosonline.com.br\/blog\/geece\/#respond\"]}],\"copyrightYear\":\"2026\",\"copyrightHolder\":{\"@id\":\"https:\/\/faculdade.grancursosonline.com.br\/blog\/#organization\"}},{\"@type\":\"WebPage\",\"@id\":\"https:\/\/faculdade.grancursosonline.com.br\/blog\/geece\/\",\"url\":\"https:\/\/faculdade.grancursosonline.com.br\/blog\/geece\/\",\"name\":\"GEECE 2026: participe do grupo de estudos e extens\u00e3o em conjuntura econ\u00f4mica\",\"isPartOf\":{\"@id\":\"https:\/\/faculdade.grancursosonline.com.br\/blog\/#website\"},\"primaryImageOfPage\":{\"@id\":\"https:\/\/faculdade.grancursosonline.com.br\/blog\/geece\/#primaryimage\"},\"image\":{\"@id\":\"https:\/\/faculdade.grancursosonline.com.br\/blog\/geece\/#primaryimage\"},\"thumbnailUrl\":\"https:\/\/blog-es-static.infra.grancursosonline.com.br\/wp-content\/uploads\/2026\/03\/11081420\/CONTEUDO-SEO-Artes-para-o-Blog-Ensino-Superior-Graduacao-09-a-13-mar-BLOG-1000x600-copy-3-80.jpg\",\"datePublished\":\"2026-03-09T19:29:18+00:00\",\"dateModified\":\"2026-03-11T11:15:45+00:00\",\"description\":\"Participe do GEECE 2026! Conquiste o certificado de Analista J\u00fanior de Conjuntura Econ\u00f4mica e ganhe 30h complementares. Clique!\",\"breadcrumb\":{\"@id\":\"https:\/\/faculdade.grancursosonline.com.br\/blog\/geece\/#breadcrumb\"},\"inLanguage\":\"pt-BR\",\"potentialAction\":[{\"@type\":\"ReadAction\",\"target\":[\"https:\/\/faculdade.grancursosonline.com.br\/blog\/geece\/\"]}]},{\"@type\":\"ImageObject\",\"inLanguage\":\"pt-BR\",\"@id\":\"https:\/\/faculdade.grancursosonline.com.br\/blog\/geece\/#primaryimage\",\"url\":\"https:\/\/blog-es-static.infra.grancursosonline.com.br\/wp-content\/uploads\/2026\/03\/11081420\/CONTEUDO-SEO-Artes-para-o-Blog-Ensino-Superior-Graduacao-09-a-13-mar-BLOG-1000x600-copy-3-80.jpg\",\"contentUrl\":\"https:\/\/blog-es-static.infra.grancursosonline.com.br\/wp-content\/uploads\/2026\/03\/11081420\/CONTEUDO-SEO-Artes-para-o-Blog-Ensino-Superior-Graduacao-09-a-13-mar-BLOG-1000x600-copy-3-80.jpg\",\"width\":1001,\"height\":601},{\"@type\":\"BreadcrumbList\",\"@id\":\"https:\/\/faculdade.grancursosonline.com.br\/blog\/geece\/#breadcrumb\",\"itemListElement\":[{\"@type\":\"ListItem\",\"position\":1,\"name\":\"In\u00edcio\",\"item\":\"https:\/\/faculdade.grancursosonline.com.br\/blog\/\"},{\"@type\":\"ListItem\",\"position\":2,\"name\":\"Artigos\",\"item\":\"https:\/\/faculdade.grancursosonline.com.br\/blog\/categoria\/artigos\/\"},{\"@type\":\"ListItem\",\"position\":3,\"name\":\"GEECE 2026: participe do grupo de estudos e extens\u00e3o em conjuntura econ\u00f4mica\"}]},{\"@type\":\"WebSite\",\"@id\":\"https:\/\/faculdade.grancursosonline.com.br\/blog\/#website\",\"url\":\"https:\/\/faculdade.grancursosonline.com.br\/blog\/\",\"name\":\"Blog Gran Faculdade\",\"description\":\"Tudo sobre ensino superior, p\u00f3s-gradua\u00e7\u00e3o, enem e carreira.\",\"publisher\":{\"@id\":\"https:\/\/faculdade.grancursosonline.com.br\/blog\/#organization\"},\"potentialAction\":[{\"@type\":\"SearchAction\",\"target\":{\"@type\":\"EntryPoint\",\"urlTemplate\":\"https:\/\/faculdade.grancursosonline.com.br\/blog\/?s={search_term_string}\"},\"query-input\":{\"@type\":\"PropertyValueSpecification\",\"valueRequired\":true,\"valueName\":\"search_term_string\"}}],\"inLanguage\":\"pt-BR\"},{\"@type\":\"Organization\",\"@id\":\"https:\/\/faculdade.grancursosonline.com.br\/blog\/#organization\",\"name\":\"Gran Cursos Online\",\"url\":\"https:\/\/faculdade.grancursosonline.com.br\/blog\/\",\"logo\":{\"@type\":\"ImageObject\",\"inLanguage\":\"pt-BR\",\"@id\":\"https:\/\/faculdade.grancursosonline.com.br\/blog\/#\/schema\/logo\/image\/\",\"url\":\"https:\/\/blog-es-static.infra.grancursosonline.com.br\/wp-content\/uploads\/2019\/08\/03123934\/logo.png\",\"contentUrl\":\"https:\/\/blog-es-static.infra.grancursosonline.com.br\/wp-content\/uploads\/2019\/08\/03123934\/logo.png\",\"width\":300,\"height\":57,\"caption\":\"Gran Cursos Online\"},\"image\":{\"@id\":\"https:\/\/faculdade.grancursosonline.com.br\/blog\/#\/schema\/logo\/image\/\"},\"sameAs\":[\"https:\/\/www.facebook.com\/grancursosonline\/\",\"https:\/\/x.com\/gran_online\",\"https:\/\/www.instagram.com\/grancursosonline\/\",\"https:\/\/www.youtube.com\/user\/grancursostv\"]},{\"@type\":\"Person\",\"@id\":\"https:\/\/faculdade.grancursosonline.com.br\/blog\/#\/schema\/person\/14e0fa771c0614c4b7434ee70589c075\",\"name\":\"Aline Damettos\",\"url\":\"https:\/\/faculdade.grancursosonline.com.br\/blog\/author\/aline-damettos\/\"}]}<\/script>\n<!-- \/ Yoast SEO Premium plugin. -->","yoast_head_json":{"title":"GEECE 2026: participe do grupo de estudos e extens\u00e3o em conjuntura econ\u00f4mica","description":"Participe do GEECE 2026! Conquiste o certificado de Analista J\u00fanior de Conjuntura Econ\u00f4mica e ganhe 30h complementares. Clique!","robots":{"index":"index","follow":"follow","max-snippet":"max-snippet:-1","max-image-preview":"max-image-preview:large","max-video-preview":"max-video-preview:-1"},"canonical":"https:\/\/faculdade.grancursosonline.com.br\/blog\/geece\/","og_locale":"pt_BR","og_type":"article","og_title":"GEECE 2026: participe do grupo de estudos e extens\u00e3o em conjuntura econ\u00f4mica","og_description":"Participe do GEECE 2026! Conquiste o certificado de Analista J\u00fanior de Conjuntura Econ\u00f4mica e ganhe 30h complementares. Clique!","og_url":"https:\/\/faculdade.grancursosonline.com.br\/blog\/geece\/","og_site_name":"Blog Gran Faculdade","article_publisher":"https:\/\/www.facebook.com\/grancursosonline\/","article_published_time":"2026-03-09T19:29:18+00:00","article_modified_time":"2026-03-11T11:15:45+00:00","og_image":[{"width":511,"height":311,"url":"https:\/\/blog-es-static.infra.grancursosonline.com.br\/wp-content\/uploads\/2026\/03\/11081442\/CONTEUDO-SEO-Artes-para-o-Blog-Ensino-Superior-Graduacao-09-a-13-mar-DESTAQUE-510x310-copy-3-80.jpg","type":"image\/jpeg"}],"author":"Aline Damettos","twitter_card":"summary_large_image","twitter_creator":"@gran_online","twitter_site":"@gran_online","twitter_misc":{"Written by":"Aline Damettos","Est. reading time":"10 minutos"},"schema":{"@context":"https:\/\/schema.org","@graph":[{"@type":"NewsArticle","@id":"https:\/\/faculdade.grancursosonline.com.br\/blog\/geece\/#article","isPartOf":{"@id":"https:\/\/faculdade.grancursosonline.com.br\/blog\/geece\/"},"author":{"name":"Aline Damettos","@id":"https:\/\/faculdade.grancursosonline.com.br\/blog\/#\/schema\/person\/14e0fa771c0614c4b7434ee70589c075"},"headline":"GEECE 2026: participe do grupo de estudos e extens\u00e3o em conjuntura econ\u00f4mica","datePublished":"2026-03-09T19:29:18+00:00","dateModified":"2026-03-11T11:15:45+00:00","mainEntityOfPage":{"@id":"https:\/\/faculdade.grancursosonline.com.br\/blog\/geece\/"},"wordCount":612,"commentCount":0,"publisher":{"@id":"https:\/\/faculdade.grancursosonline.com.br\/blog\/#organization"},"image":{"@id":"https:\/\/faculdade.grancursosonline.com.br\/blog\/geece\/#primaryimage"},"thumbnailUrl":"https:\/\/blog-es-static.infra.grancursosonline.com.br\/wp-content\/uploads\/2026\/03\/11081420\/CONTEUDO-SEO-Artes-para-o-Blog-Ensino-Superior-Graduacao-09-a-13-mar-BLOG-1000x600-copy-3-80.jpg","articleSection":["Artigos","\u00daltimas Not\u00edcias"],"inLanguage":"pt-BR","potentialAction":[{"@type":"CommentAction","name":"Comment","target":["https:\/\/faculdade.grancursosonline.com.br\/blog\/geece\/#respond"]}],"copyrightYear":"2026","copyrightHolder":{"@id":"https:\/\/faculdade.grancursosonline.com.br\/blog\/#organization"}},{"@type":"WebPage","@id":"https:\/\/faculdade.grancursosonline.com.br\/blog\/geece\/","url":"https:\/\/faculdade.grancursosonline.com.br\/blog\/geece\/","name":"GEECE 2026: participe do grupo de estudos e extens\u00e3o em conjuntura econ\u00f4mica","isPartOf":{"@id":"https:\/\/faculdade.grancursosonline.com.br\/blog\/#website"},"primaryImageOfPage":{"@id":"https:\/\/faculdade.grancursosonline.com.br\/blog\/geece\/#primaryimage"},"image":{"@id":"https:\/\/faculdade.grancursosonline.com.br\/blog\/geece\/#primaryimage"},"thumbnailUrl":"https:\/\/blog-es-static.infra.grancursosonline.com.br\/wp-content\/uploads\/2026\/03\/11081420\/CONTEUDO-SEO-Artes-para-o-Blog-Ensino-Superior-Graduacao-09-a-13-mar-BLOG-1000x600-copy-3-80.jpg","datePublished":"2026-03-09T19:29:18+00:00","dateModified":"2026-03-11T11:15:45+00:00","description":"Participe do GEECE 2026! Conquiste o certificado de Analista J\u00fanior de Conjuntura Econ\u00f4mica e ganhe 30h complementares. Clique!","breadcrumb":{"@id":"https:\/\/faculdade.grancursosonline.com.br\/blog\/geece\/#breadcrumb"},"inLanguage":"pt-BR","potentialAction":[{"@type":"ReadAction","target":["https:\/\/faculdade.grancursosonline.com.br\/blog\/geece\/"]}]},{"@type":"ImageObject","inLanguage":"pt-BR","@id":"https:\/\/faculdade.grancursosonline.com.br\/blog\/geece\/#primaryimage","url":"https:\/\/blog-es-static.infra.grancursosonline.com.br\/wp-content\/uploads\/2026\/03\/11081420\/CONTEUDO-SEO-Artes-para-o-Blog-Ensino-Superior-Graduacao-09-a-13-mar-BLOG-1000x600-copy-3-80.jpg","contentUrl":"https:\/\/blog-es-static.infra.grancursosonline.com.br\/wp-content\/uploads\/2026\/03\/11081420\/CONTEUDO-SEO-Artes-para-o-Blog-Ensino-Superior-Graduacao-09-a-13-mar-BLOG-1000x600-copy-3-80.jpg","width":1001,"height":601},{"@type":"BreadcrumbList","@id":"https:\/\/faculdade.grancursosonline.com.br\/blog\/geece\/#breadcrumb","itemListElement":[{"@type":"ListItem","position":1,"name":"In\u00edcio","item":"https:\/\/faculdade.grancursosonline.com.br\/blog\/"},{"@type":"ListItem","position":2,"name":"Artigos","item":"https:\/\/faculdade.grancursosonline.com.br\/blog\/categoria\/artigos\/"},{"@type":"ListItem","position":3,"name":"GEECE 2026: participe do grupo de estudos e extens\u00e3o em conjuntura econ\u00f4mica"}]},{"@type":"WebSite","@id":"https:\/\/faculdade.grancursosonline.com.br\/blog\/#website","url":"https:\/\/faculdade.grancursosonline.com.br\/blog\/","name":"Blog Gran Faculdade","description":"Tudo sobre ensino superior, p\u00f3s-gradua\u00e7\u00e3o, enem e carreira.","publisher":{"@id":"https:\/\/faculdade.grancursosonline.com.br\/blog\/#organization"},"potentialAction":[{"@type":"SearchAction","target":{"@type":"EntryPoint","urlTemplate":"https:\/\/faculdade.grancursosonline.com.br\/blog\/?s={search_term_string}"},"query-input":{"@type":"PropertyValueSpecification","valueRequired":true,"valueName":"search_term_string"}}],"inLanguage":"pt-BR"},{"@type":"Organization","@id":"https:\/\/faculdade.grancursosonline.com.br\/blog\/#organization","name":"Gran Cursos Online","url":"https:\/\/faculdade.grancursosonline.com.br\/blog\/","logo":{"@type":"ImageObject","inLanguage":"pt-BR","@id":"https:\/\/faculdade.grancursosonline.com.br\/blog\/#\/schema\/logo\/image\/","url":"https:\/\/blog-es-static.infra.grancursosonline.com.br\/wp-content\/uploads\/2019\/08\/03123934\/logo.png","contentUrl":"https:\/\/blog-es-static.infra.grancursosonline.com.br\/wp-content\/uploads\/2019\/08\/03123934\/logo.png","width":300,"height":57,"caption":"Gran Cursos Online"},"image":{"@id":"https:\/\/faculdade.grancursosonline.com.br\/blog\/#\/schema\/logo\/image\/"},"sameAs":["https:\/\/www.facebook.com\/grancursosonline\/","https:\/\/x.com\/gran_online","https:\/\/www.instagram.com\/grancursosonline\/","https:\/\/www.youtube.com\/user\/grancursostv"]},{"@type":"Person","@id":"https:\/\/faculdade.grancursosonline.com.br\/blog\/#\/schema\/person\/14e0fa771c0614c4b7434ee70589c075","name":"Aline Damettos","url":"https:\/\/faculdade.grancursosonline.com.br\/blog\/author\/aline-damettos\/"}]}},"_links":{"self":[{"href":"https:\/\/faculdade.grancursosonline.com.br\/blog\/wp-json\/wp\/v2\/posts\/79762954","targetHints":{"allow":["GET"]}}],"collection":[{"href":"https:\/\/faculdade.grancursosonline.com.br\/blog\/wp-json\/wp\/v2\/posts"}],"about":[{"href":"https:\/\/faculdade.grancursosonline.com.br\/blog\/wp-json\/wp\/v2\/types\/post"}],"author":[{"embeddable":true,"href":"https:\/\/faculdade.grancursosonline.com.br\/blog\/wp-json\/wp\/v2\/users\/525"}],"replies":[{"embeddable":true,"href":"https:\/\/faculdade.grancursosonline.com.br\/blog\/wp-json\/wp\/v2\/comments?post=79762954"}],"version-history":[{"count":3,"href":"https:\/\/faculdade.grancursosonline.com.br\/blog\/wp-json\/wp\/v2\/posts\/79762954\/revisions"}],"predecessor-version":[{"id":79762964,"href":"https:\/\/faculdade.grancursosonline.com.br\/blog\/wp-json\/wp\/v2\/posts\/79762954\/revisions\/79762964"}],"wp:featuredmedia":[{"embeddable":true,"href":"https:\/\/faculdade.grancursosonline.com.br\/blog\/wp-json\/wp\/v2\/media\/79763006"}],"wp:attachment":[{"href":"https:\/\/faculdade.grancursosonline.com.br\/blog\/wp-json\/wp\/v2\/media?parent=79762954"}],"wp:term":[{"taxonomy":"category","embeddable":true,"href":"https:\/\/faculdade.grancursosonline.com.br\/blog\/wp-json\/wp\/v2\/categories?post=79762954"},{"taxonomy":"post_tag","embeddable":true,"href":"https:\/\/faculdade.grancursosonline.com.br\/blog\/wp-json\/wp\/v2\/tags?post=79762954"}],"curies":[{"name":"wp","href":"https:\/\/api.w.org\/{rel}","templated":true}]}}