{"id":79763108,"date":"2026-03-16T17:42:23","date_gmt":"2026-03-16T20:42:23","guid":{"rendered":"https:\/\/faculdade.grancursosonline.com.br\/blog\/?p=79763108"},"modified":"2026-03-24T17:18:10","modified_gmt":"2026-03-24T20:18:10","slug":"combo-carreira-gran-faculdade","status":"publish","type":"post","link":"https:\/\/faculdade.grancursosonline.com.br\/blog\/combo-carreira-gran-faculdade\/","title":{"rendered":"Combo Carreira Gran: entenda como funciona e quais as vantagens"},"content":{"rendered":"\n<p>Quem estuda para <strong>concursos p\u00fablicos<\/strong> costuma olhar primeiro para o sal\u00e1rio inicial apresentado no edital. No entanto, esse valor nem sempre reflete o potencial de crescimento ao longo da carreira.<\/p>\n\n\n\n<p>Isso acontece porque muitos editais n\u00e3o explicam com clareza como fatores como prova de t\u00edtulos, progress\u00e3o funcional e adicional de qualifica\u00e7\u00e3o podem impactar a remunera\u00e7\u00e3o do servidor p\u00fablico.<\/p>\n\n\n\n<p class=\"has-text-align-center\"><a href=\"https:\/\/pos.grancursosonline.com.br\/\" target=\"_blank\" rel=\"noopener\"><strong>Quero ter meu diploma de P\u00f3s ainda este ano<\/strong><\/a><\/p>\n\n\n\n<p>Na pr\u00e1tica, investir em forma\u00e7\u00e3o acad\u00eamica estrat\u00e9gica, como uma p\u00f3s-gradua\u00e7\u00e3o alinhada \u00e0 carreira, pode representar mais oportunidades de crescimento e valoriza\u00e7\u00e3o profissional.<\/p>\n\n\n\n<p>Foi justamente pensando nessa jornada que surgiu o <strong>Combo Carreira da Gran Faculdade<\/strong>, uma solu\u00e7\u00e3o educacional desenvolvida para quem deseja planejar a carreira no servi\u00e7o p\u00fablico de forma mais estrat\u00e9gica.<\/p>\n\n\n\n<p>Continue lendo o artigo para saber mais ou, se preferir, navegue pelo \u00edndice:<\/p>\n\n\n\n<ul class=\"wp-block-list\">\n<li><a href=\"#h-o-que-e-o-combo-carreira\">O que \u00e9 o Combo Carreira?<\/a><\/li>\n\n\n\n<li><a href=\"#h-combo-carreira-gran-faculdade-quais-sao\">Combo Carreira Gran Faculdade: quais s\u00e3o?<\/a><\/li>\n\n\n\n<li><a href=\"#h-diferenciais-da-pos-graduacao-da-gran-faculdade\">Diferenciais da P\u00f3s-Gradua\u00e7\u00e3o da Gran Faculdade<\/a><\/li>\n\n\n\n<li><a href=\"#h-como-a-pos-graduacao-pode-ajudar-na-carreira-publica\">Como a p\u00f3s-gradua\u00e7\u00e3o pode ajudar na carreira p\u00fablica?<\/a><\/li>\n\n\n\n<li><a href=\"#h-vem-pra-gran-faculdade\">Vem pra Gran Faculdade!<\/a><\/li>\n<\/ul>\n\n\n<div class=\"wp-block-image\">\n<figure class=\"aligncenter size-large is-resized\"><img loading=\"lazy\" decoding=\"async\" width=\"1024\" height=\"536\" src=\"https:\/\/blog-es-static.infra.grancursosonline.com.br\/wp-content\/uploads\/2026\/03\/17142354\/gran_combo_carreira-1024x536.png\" alt=\"\" class=\"wp-image-79763211\" style=\"aspect-ratio:1.9105258853357323;width:667px;height:auto\"\/><\/figure>\n<\/div>\n\n\n<h2 class=\"wp-block-heading\" id=\"h-o-que-e-o-combo-carreira\"><br>O que \u00e9 o Combo Carreira?<\/h2>\n\n\n\n<p>No universo dos concursos p\u00fablicos, uma pergunta costuma surgir com frequ\u00eancia:<br>\u201cPara qual carreira voc\u00ea est\u00e1 estudando?\u201d<\/p>\n\n\n\n<p>A resposta para essa pergunta pode orientar n\u00e3o apenas os estudos para a prova, mas tamb\u00e9m as decis\u00f5es sobre forma\u00e7\u00e3o acad\u00eamica e especializa\u00e7\u00e3o profissional.<\/p>\n\n\n\n<p>Pensando nisso, a Gran Faculdade criou o <strong>Combo Carreira<\/strong>, uma proposta que re\u00fane <strong>duas p\u00f3s-gradua\u00e7\u00f5es estrat\u00e9gicas organizadas de acordo com as principais \u00e1reas do servi\u00e7o p\u00fablico<\/strong>.<\/p>\n\n\n\n<p>Cada combo \u00e9 estruturado a partir de uma curadoria acad\u00eamica especializada, com cursos que fazem sentido para aquela trajet\u00f3ria profissional espec\u00edfica.<\/p>\n\n\n\n<p>Al\u00e9m disso, os combos s\u00e3o recomendados por professores e coordenadores que tamb\u00e9m s\u00e3o servidores p\u00fablicos, profissionais que conhecem na pr\u00e1tica quais s\u00e3o:<\/p>\n\n\n\n<ul class=\"wp-block-list\">\n<li>as exig\u00eancias dos editais;<\/li>\n\n\n\n<li>os crit\u00e9rios de progress\u00e3o funcional;<\/li>\n\n\n\n<li>os caminhos de crescimento dentro da carreira p\u00fablica.<\/li>\n<\/ul>\n\n\n\n<p>Dessa forma, o Combo Carreira ajuda o aluno a investir em forma\u00e7\u00f5es que realmente contribuem para sua trajet\u00f3ria, otimizando tempo e foco nos estudos.<\/p>\n\n\n\n<p>Neste sentido, o <strong>Combo Carreira da Gran Faculdade<\/strong> foi pensado para oferecer:<\/p>\n\n\n\n<ul class=\"wp-block-list\">\n<li>cursos recomendados por coordenadores e professores especialistas;<\/li>\n\n\n\n<li>otimiza\u00e7\u00e3o do planejamento acad\u00eamico e profissional;<\/li>\n\n\n\n<li>p\u00f3s-gradua\u00e7\u00e3o alinhada aos principais concursos da carreira;<\/li>\n\n\n\n<li>disciplinas pensadas para a realidade do servi\u00e7o p\u00fablico;<\/li>\n\n\n\n<li>possibilidade de aproveitamento de disciplinas entre cursos;<\/li>\n\n\n\n<li>forma\u00e7\u00e3o que pode contribuir para provas de t\u00edtulos em concursos;<\/li>\n\n\n\n<li>potencial para adicional de qualifica\u00e7\u00e3o e progress\u00e3o salarial.<\/li>\n<\/ul>\n\n\n\n<p>Em outras palavras, trata-se de uma solu\u00e7\u00e3o educacional pensada para quem busca crescimento profissional no servi\u00e7o p\u00fablico por meio da educa\u00e7\u00e3o continuada.<\/p>\n\n\n\n<h2 class=\"wp-block-heading\" id=\"h-combo-carreira-gran-faculdade-quais-sao\">Combo Carreira Gran Faculdade: quais s\u00e3o?<\/h2>\n\n\n\n<p>Os Combos Carreira da Gran Faculdade est\u00e3o organizados de acordo com as principais \u00e1reas do servi\u00e7o p\u00fablico, permitindo que o aluno escolha forma\u00e7\u00f5es alinhadas ao seu objetivo profissional.<\/p>\n\n\n\n<p>Funciona da seguinte forma: voc\u00ea escolhe a \u00e1rea do concurso que voc\u00ea tem interesse (Jur\u00eddica, Administrativa, Educa\u00e7\u00e3o, Policial, entre outras) e o combo de sua escolha ser\u00e1 composto por dois cursos de p\u00f3s que ir\u00e3o complementar os seus estudos para o certame.<\/p>\n\n\n\n<p>Sendo assim, os combos dispon\u00edveis s\u00e3o:<\/p>\n\n\n\n<h3 class=\"wp-block-heading\" id=\"h-combos-para-carreira-juridica\">Combos para Carreira Jur\u00eddica<\/h3>\n\n\n\n<p>A \u00e1rea jur\u00eddica conta com quatro op\u00e7\u00f5es de combos, voltadas para diferentes especializa\u00e7\u00f5es dentro da carreira p\u00fablica:  <\/p>\n\n\n\n<h4 class=\"wp-block-heading\" id=\"h-combo-1-carreiras-juridicas\">Combo 1: Carreiras Jur\u00eddicas<\/h4>\n\n\n\n<p>P\u00f3s em Direito Administrativo + P\u00f3s em Direito P\u00fablico<\/p>\n\n\n\n<h4 class=\"wp-block-heading\" id=\"h-combo-2-investigacao-e-processo-criminal\">Combo 2: Investiga\u00e7\u00e3o e Processo Criminal<\/h4>\n\n\n\n<p>P\u00f3s em Processo Penal aplicado \u00e0 Advocacia Criminal + P\u00f3s em Seguran\u00e7a P\u00fablica e Investiga\u00e7\u00e3o Criminal<\/p>\n\n\n\n<h4 class=\"wp-block-heading\" id=\"h-combo-3-defensoria-publica\">Combo 3: Defensoria P\u00fablica<\/h4>\n\n\n\n<p>P\u00f3s em Direito e Defesa das Garantias Fundamentais Aplicada \u00e0 Defensoria P\u00fablica + P\u00f3s em Direito das Fam\u00edlias e Sucess\u00f5es<\/p>\n\n\n\n<h4 class=\"wp-block-heading\" id=\"h-combo-4-licitacoes-e-compras-publicas\">Combo 4: Licita\u00e7\u00f5es e Compras P\u00fablicas<\/h4>\n\n\n\n<p>P\u00f3s em Direito Administrativo + P\u00f3s em Licita\u00e7\u00f5es P\u00fablicas e Contratos Administrativos<\/p>\n\n\n\n<h3 class=\"wp-block-heading\" id=\"h-combos-para-carreiras-administrativas\">Combos para Carreiras Administrativas<\/h3>\n\n\n\n<p>A \u00e1rea administrativa conta com dois combos. S\u00e3o eles:<\/p>\n\n\n\n<h4 class=\"wp-block-heading\" id=\"h-combo-1-gestao-publica-governanca-e-compliance\">Combo 1: Gest\u00e3o P\u00fablica: Governan\u00e7a e Compliance<\/h4>\n\n\n\n<p>P\u00f3s em Gest\u00e3o P\u00fablica + P\u00f3s em Governan\u00e7a do Setor P\u00fablico<\/p>\n\n\n\n<h4 class=\"wp-block-heading\" id=\"h-combo-2-gestao-e-controladoria-publica\">Combo 2: Gest\u00e3o e Controladoria P\u00fablica<\/h4>\n\n\n\n<p>P\u00f3s em Gest\u00e3o P\u00fablica + P\u00f3s em Controladoria P\u00fablica<\/p>\n\n\n\n<h3 class=\"wp-block-heading\" id=\"h-combo-para-carreiras-legislativas\">Combo para Carreiras Legislativas<\/h3>\n\n\n\n<p>P\u00f3s em Processo Legislativo + P\u00f3s em Direito Constitucional<\/p>\n\n\n\n<h3 class=\"wp-block-heading\" id=\"h-combo-para-educacao\">Combo para Educa\u00e7\u00e3o<\/h3>\n\n\n\n<p>P\u00f3s em Coordena\u00e7\u00e3o Pedag\u00f3gica e Supervis\u00e3o Escolar + P\u00f3s em Gest\u00e3o Escolar<\/p>\n\n\n\n<h3 class=\"wp-block-heading\" id=\"h-combos-para-tribunais\">Combos para Tribunais<\/h3>\n\n\n\n<p>Para quem tem interesse em seguir carreiras em Tribunais, foram disponibilizados dois combos:<\/p>\n\n\n\n<h4 class=\"wp-block-heading\" id=\"h-combo-1-tribunais-regionais-do-trabalho-trts\">Combo 1: Tribunais Regionais do Trabalho (TRTs)<\/h4>\n\n\n\n<p>P\u00f3s em Direito do Trabalho e Processo do Trabalho + P\u00f3s em Ci\u00eancias Jur\u00eddicas Aplicadas aos Tribunais do Trabalho<\/p>\n\n\n\n<h4 class=\"wp-block-heading\" id=\"h-combo-2-tribunais-regionais-federais-trfs\">Combo 2: Tribunais Regionais Federais (TRFs)<\/h4>\n\n\n\n<p>P\u00f3s em Ci\u00eancias Jur\u00eddicas Aplicadas aos Tribunais Federais + P\u00f3s em Direito P\u00fablico<\/p>\n\n\n\n<h3 class=\"wp-block-heading\" id=\"h-combos-para-carreiras-policiais\">Combos para Carreiras Policiais<\/h3>\n\n\n\n<p>Os(as) interessadas em seguir carreira policial podem escolher entre os combos: <\/p>\n\n\n\n<h4 class=\"wp-block-heading\" id=\"h-combo-1-carreiras-policiais\">Combo 1: Carreiras Policiais<\/h4>\n\n\n\n<p>P\u00f3s em Direito Penal e Processo Penal + P\u00f3s em Ci\u00eancias Jur\u00eddicas Aplicadas \u00e0s Carreiras Policiais<\/p>\n\n\n\n<h4 class=\"wp-block-heading\" id=\"h-combo-2-delta-delegado\">Combo 2: Delta (Delegado)<\/h4>\n\n\n\n<p>P\u00f3s em Ci\u00eancias Jur\u00eddico Criminais Aplicadas \u00e0s Atividades do Delegado + P\u00f3s em Seguran\u00e7a P\u00fablica e Investiga\u00e7\u00e3o Criminal<\/p>\n\n\n\n<h3 class=\"wp-block-heading\" id=\"h-combo-para-carreira-fiscal\">Combo para Carreira Fiscal<\/h3>\n\n\n\n<p>Combo Fiscal<\/p>\n\n\n\n<p>Gest\u00e3o Fiscal e Tribut\u00e1ria<\/p>\n\n\n\n<p>Auditoria Fiscal<\/p>\n\n\n\n<h3 class=\"wp-block-heading\" id=\"h-combo-para-area-de-controle\">Combo para \u00e1rea de Controle<\/h3>\n\n\n\n<p>P\u00f3s em Controladoria P\u00fablica + P\u00f3s em Controladoria e Finan\u00e7as P\u00fablicas<\/p>\n\n\n<div class=\"wp-block-image\">\n<figure class=\"aligncenter size-full\"><img loading=\"lazy\" decoding=\"async\" width=\"510\" height=\"310\" src=\"https:\/\/blog-es-static.infra.grancursosonline.com.br\/wp-content\/uploads\/2026\/03\/17142425\/carreira_combo.png\" alt=\"\" class=\"wp-image-79763213\"\/><\/figure>\n<\/div>\n\n\n<h2 class=\"wp-block-heading\" id=\"h-diferenciais-da-pos-graduacao-da-gran-faculdade\">Diferenciais da P\u00f3s-Gradua\u00e7\u00e3o da Gran Faculdade<\/h2>\n\n\n\n<p>Al\u00e9m da estrutura dos combos, a p\u00f3s-gradua\u00e7\u00e3o da Gran Faculdade oferece uma s\u00e9rie de diferenciais acad\u00eamicos e tecnol\u00f3gicos, que tornam a experi\u00eancia de aprendizagem mais flex\u00edvel e acess\u00edvel. S\u00e3o eles:<\/p>\n\n\n\n<ul class=\"wp-block-list\">\n<li>reconhecimento acad\u00eamico;<\/li>\n\n\n\n<li>institui\u00e7\u00e3o de ensino reconhecida e com nota m\u00e1xima no MEC;<\/li>\n\n\n\n<li>todos os cursos s\u00e3o autorizados pelo MEC;<\/li>\n\n\n\n<li>qualidade acad\u00eamica reconhecida em todo o Brasil;<\/li>\n\n\n\n<li>professores especialistas e metodologias de ensino inovadoras;<\/li>\n\n\n\n<li>flexibilidade para estudar;<\/li>\n\n\n\n<li>possibilidade de conclus\u00e3o em apenas seis meses;<\/li>\n\n\n\n<li>TCC opcional;<\/li>\n\n\n\n<li>ingresso imediato em qualquer \u00e9poca do ano;<\/li>\n\n\n\n<li>calend\u00e1rio individualizado para realiza\u00e7\u00e3o das avalia\u00e7\u00f5es;<\/li>\n\n\n\n<li>ensino 100% digital com plataforma interativa e intuitiva;<\/li>\n\n\n\n<li>ambiente virtual acess\u00edvel por computador, tablet, celular ou TV;<\/li>\n\n\n\n<li>disciplinas em m\u00faltiplos formatos: videoaulas, aulas ao vivo, slides e artigos acad\u00eamicos;<\/li>\n\n\n\n<li>conte\u00fados atualizados e alinhados ao mercado e ao servi\u00e7o p\u00fablico.<\/li>\n<\/ul>\n\n\n\n<h2 class=\"wp-block-heading\" id=\"h-como-a-pos-graduacao-pode-ajudar-na-carreira-publica\">Como a p\u00f3s-gradua\u00e7\u00e3o pode ajudar na carreira p\u00fablica?<\/h2>\n\n\n\n<p>Para quem se prepara para concursos ou j\u00e1 atua no servi\u00e7o p\u00fablico, investir em forma\u00e7\u00e3o continuada pode trazer benef\u00edcios concretos para a carreira.<\/p>\n\n\n\n<p>Entre os principais, destacam-se:<\/p>\n\n\n\n<ul class=\"wp-block-list\">\n<li>pontua\u00e7\u00e3o adicional em provas de t\u00edtulos;<\/li>\n\n\n\n<li>possibilidade de adicional de qualifica\u00e7\u00e3o;<\/li>\n\n\n\n<li>cursos alinhados aos principais editais de concursos;<\/li>\n\n\n\n<li>professores que tamb\u00e9m s\u00e3o servidores p\u00fablicos.<\/li>\n<\/ul>\n\n\n\n<p>Al\u00e9m disso, a especializa\u00e7\u00e3o pode contribuir para:<\/p>\n\n\n\n<ul class=\"wp-block-list\">\n<li>crescimento e progress\u00e3o na carreira;<\/li>\n\n\n\n<li>aumento salarial;<\/li>\n\n\n\n<li>valoriza\u00e7\u00e3o profissional;<\/li>\n\n\n\n<li>amplia\u00e7\u00e3o de oportunidades no setor p\u00fablico.<\/li>\n<\/ul>\n\n\n\n<h2 class=\"wp-block-heading\" id=\"h-planeje-sua-carreira-no-servico-publico-com-o-combo-carreira\">Planeje sua carreira no servi\u00e7o p\u00fablico com o Combo Carreira<\/h2>\n\n\n\n<p>Se voc\u00ea pretende crescer no servi\u00e7o p\u00fablico ou deseja se preparar de forma estrat\u00e9gica para concursos, investir em uma p\u00f3s-gradua\u00e7\u00e3o alinhada \u00e0 sua carreira pode ser um diferencial importante.<\/p>\n\n\n\n<p>Com o Combo Carreira da Gran Faculdade, \u00e9 poss\u00edvel reunir forma\u00e7\u00f5es complementares que contribuem tanto para a evolu\u00e7\u00e3o acad\u00eamica quanto para o desenvolvimento profissional.<\/p>\n\n\n\n<h2 class=\"wp-block-heading\" id=\"h-pos-graduacao-faca-sua-especializacao-com-desconto\">P\u00f3s-Gradua\u00e7\u00e3o: fa\u00e7a sua especializa\u00e7\u00e3o com desconto!<\/h2>\n\n\n\n<p>Garanta sua matr\u00edcula em um dos novos cursos de p\u00f3s-gradua\u00e7\u00e3o da Gran P\u00f3s ou em&nbsp;<strong>qualquer uma das outras mais de 80 especializa\u00e7\u00f5es dispon\u00edveis na plataforma com at\u00e9 77% de desconto!<\/strong><\/p>\n\n\n\n<p>Queremos te ajudar a conquistar todos seus objetivos acad\u00eamicos e profissionais! Por isso, o Gran disponibiliza uma s\u00e9rie de promo\u00e7\u00f5es. Afinal, a educa\u00e7\u00e3o deve e pode ser para todos! <strong>Veja quais cupons s\u00e3o v\u00e1lidos at\u00e9 o preenchimento das vagas dispon\u00edveis:<\/strong><\/p>\n\n\n\n<figure class=\"wp-block-table\"><div class=\"container-tabela\"><table class=\"has-fixed-layout\"><thead><tr><th>Tipo de Desconto<\/th><th>Curso<\/th><th>Valores<\/th><th>Cupons<\/th><\/tr><\/thead><tbody><tr><td rowspan=\"2\">SOCIAL<\/td><td>P\u00f3s-Gradua\u00e7\u00e3o<\/td><td>12x de R$ 89,90<\/td><td>POSGRANSOCIAL<\/td><\/tr><tr><td>MBA<\/td><td>12x de R$ 89,90<\/td><td>MBAGRANSOCIAL<\/td><\/tr><tr><td rowspan=\"2\">ALUNOS GRAN<\/td><td>P\u00f3s-Gradua\u00e7\u00e3o<\/td><td>12x de R$ 89,90<\/td><td>SOUALUNOGRAN<\/td><\/tr><tr><td>MBA<\/td><td>12x de R$ 89,90<\/td><td>MBAALUNOGRAN<\/td><\/tr><tr><td rowspan=\"2\">EX-ALUNOS<\/td><td>P\u00f3s-Gradua\u00e7\u00e3o<\/td><td>12x de R$ 89,90<\/td><td>VOLTEIPROGRAN<\/td><\/tr><tr><td>MBA<\/td><td>12x de R$ 89,90<\/td><td>MBAVOLTEIPROGRAN<\/td><\/tr><tr><td rowspan=\"2\">NOVOS ALUNOS <\/td><td>P\u00f3s-Gradua\u00e7\u00e3o<\/td><td>12x de R$ 109,90<\/td><td>NOVONOGRAN<\/td><\/tr><tr><td>MBA<\/td><td>12x de R$ 109,90<\/td><td>MBANOVONOGRAN<\/td><\/tr><tr><td>COMBO CARREIRA<\/td><td>P\u00f3s-Gradua\u00e7\u00e3o<\/td><td>12x de R$ 109,90<\/td><td>COMBOCARREIRA<\/td><\/tr><tr><td>COMBO P\u00d3S*<\/td><td>P\u00f3s-Gradua\u00e7\u00e3o e\/ou MBA<\/td><td>12x de R$ 109,90<\/td><td>COMBOPOS<\/td><\/tr><\/tbody><\/table><\/div><figcaption class=\"wp-element-caption\">* A condi\u00e7\u00e3o de 2 cursos pelo pre\u00e7o de inclui os cursos de MBA<\/figcaption><\/figure>\n\n\n\n<p><strong>\u00c0 vista no PIX ou Boleto voc\u00ea ainda adquire MAIS 5% DE DESCONTO!<\/strong><\/p>\n\n\n\n<p>Para garantir os pre\u00e7os promocionais, basta acessar a p\u00e1gina da sua especializa\u00e7\u00e3o de prefer\u00eancia e visualizar todos os cupons ao lado do pre\u00e7o final! Se, por acaso, o desconto n\u00e3o for aplicado imediatamente, voc\u00ea tamb\u00e9m poder\u00e1 digitar o c\u00f3digo informado na tabela!<\/p>\n\n\n\n<p class=\"has-text-align-center has-text-align-center\"><a href=\"https:\/\/pos.grancursosonline.com.br\/\"><strong>Garanta sua matr\u00edcula com desconto!<\/strong><\/a><\/p>\n\n\n\n<h2 class=\"wp-block-heading\" id=\"h-vem-pra-gran-faculdade\">Vem pra Gran Faculdade!<\/h2>\n\n\n\n<p>A Gran Faculdade vem mudando a vida de milhares de pessoas por meio de cursos \u00e0 dist\u00e2ncia de <a href=\"https:\/\/faculdade.grancursosonline.com.br\/\" target=\"_blank\" rel=\"noreferrer noopener\">gradua\u00e7\u00e3o<\/a>, <a href=\"https:\/\/pos.grancursosonline.com.br\/\" target=\"_blank\" rel=\"noreferrer noopener\">p\u00f3s-gradua\u00e7\u00e3o<\/a> e <a href=\"https:\/\/pos.grancursosonline.com.br\/mba\" target=\"_blank\" rel=\"noreferrer noopener\">MBA<\/a>. Seja no digital ou em nosso <a href=\"https:\/\/presencial.grancursosonline.com.br\/\" target=\"_blank\" rel=\"noreferrer noopener\">Campus Presencial em Curitiba<\/a>, a nossa miss\u00e3o \u00e9 transformar a educa\u00e7\u00e3o superior.<\/p>\n\n\n\n<p>Como parte de Sistema Gran de Ensino, que \u00e9 reconhecido como marca aprovadora h\u00e1 mais de 10 anos, constru\u00edmos uma renomada reputa\u00e7\u00e3o na \u00e1rea de educa\u00e7\u00e3o.<\/p>\n\n\n\n<p>Veja algumas de nossas conquistas:<\/p>\n\n\n\n<ul class=\"wp-block-list\">\n<li>Reconhecido pela Amazon como um dos projetos mais relevantes do mundo na \u00e1rea de Tecnologia e Educa\u00e7\u00e3o;<\/li>\n\n\n\n<li>Foi eleito pelo Project Management Institute (PMI), um dos 50 Projetos Mais Influentes do mundo;<\/li>\n\n\n\n<li>Somos o site de educa\u00e7\u00e3o mais acessado do Brasil;<\/li>\n\n\n\n<li>Somos avaliados com a nota m\u00e1xima pelo MEC;<\/li>\n\n\n\n<li>Aqui o semestre come\u00e7a quando quiser: entrada imediata e cont\u00ednua!<\/li>\n\n\n\n<li>Melhores pre\u00e7os do mercado;<\/li>\n\n\n\n<li>Mais de 800 mil alunos pagantes e mais de 1000 funcion\u00e1rios;<\/li>\n\n\n\n<li>Diversas ferramentas de estudo: PDFs, audiobooks, mapas mentais, videoaulas, quest\u00f5es, gerenciador de estudos e muito mais!<\/li>\n\n\n\n<li>Professores experientes e capacitados;<\/li>\n\n\n\n<li>Acesso imediato e 100% online.<\/li>\n<\/ul>\n\n\n\n<p class=\"has-text-align-center has-text-align-center\"><strong><a href=\"https:\/\/faculdade.grancursosonline.com.br\/\">Quero ser aluno da Gran Faculdade<\/a><\/strong><\/p>\n\n\n\n<div class=\"wp-block-group has-background\" style=\"background-color:#8dd2fc7a\"><div class=\"wp-block-group__inner-container is-layout-constrained wp-block-group-is-layout-constrained\">\n<p><strong>Outras not\u00edcias em destaque:<\/strong><\/p>\n\n\n\n<ul class=\"wp-block-list\">\n<li><a href=\"https:\/\/faculdade.grancursosonline.com.br\/blog\/e-possivel-fazer-duas-pos-ao-mesmo-tempo\/\">\u00c9 poss\u00edvel fazer duas p\u00f3s ao mesmo tempo? Saiba o que diz o MEC e como se organizar<\/a><\/li>\n\n\n\n<li><a href=\"https:\/\/faculdade.grancursosonline.com.br\/blog\/autoridade-profissional-com-pos\/\">Constru\u00e7\u00e3o de autoridade profissional: como conseguir com uma p\u00f3s no curr\u00edculo? Entenda!<\/a><\/li>\n\n\n\n<li><a href=\"https:\/\/faculdade.grancursosonline.com.br\/blog\/o-que-considerar-antes-de-investir-em-uma-pos-graduacao\/\">O que considerar antes de investir em uma p\u00f3s-gradua\u00e7\u00e3o? Guia pr\u00e1tico<\/a><\/li>\n<\/ul>\n<\/div><\/div>\n\n\n\n<div class=\"wp-block-group\"><div class=\"wp-block-group__inner-container is-layout-constrained wp-block-group-is-layout-constrained\">\n<div class=\"wp-block-group\"><div class=\"wp-block-group__inner-container is-layout-constrained wp-block-group-is-layout-constrained\">\n<section style=\"text-align: center;\">\n<p>Quer ficar por dentro da Faculdade Digital mais inovadora do Brasil?<\/p>\n<nav>\n<p class=\"has-background has-dark-bluish-background-color\" style=\"font-size: 25px; text-align: center; background: #f0f0f0; color: #ffffff; padding: 4px 0px 4xp 0px;\"><a style=\"color: #0d134c; text-decoration: underline;\" href=\"https:\/\/faculdade.grancursosonline.com.br\/\" target=\"_blank\" rel=\"noopener\">GRADUA\u00c7\u00c3O<\/a><\/p>\n<p class=\"has-background has-dark-bluish-background-color\" style=\"font-size: 25px; text-align: center; background: #f0f0f0; color: #ffffff; padding: 4px 0px 4xp 0px;\"><a style=\"color: #0d134c; text-decoration: underline;\" href=\"https:\/\/pos.grancursosonline.com.br\/\" target=\"_blank\" rel=\"noopener\">P\u00d3S-GRADUA\u00c7\u00c3O<\/a><\/p>\n<p class=\"has-background has-dark-bluish-background-color\" style=\"font-size: 25px; text-align: center; background: #f0f0f0; color: #ffffff; padding: 4px 0px 4xp 0px;\"><a style=\"color: #0d134c; text-decoration: underline;\" href=\"https:\/\/faculdade.grancursosonline.com.br\/nossos-cursos\/\" target=\"_blank\" rel=\"noopener\">TUDO SOBRE A GRAN FACULDADE<\/a><\/p>\n<\/nav>\n<p><strong>Receba <span style=\"color: #cf1e25;\">gratuitamente<\/span> no seu celular as principais not\u00edcias sobre a Gran Faculdade! <br \/>Clique no link abaixo e inscreva-se:<\/strong><\/p>\n<p class=\"has-background has-dark-bluish-background-color\" style=\"font-size: 25px; text-align: center; background: #f0f0f0; color: #ffffff; padding: 4px 0px 4xp 0px;\"><a style=\"color: #0d134c; text-decoration: underline;\" href=\"https:\/\/whatsapp.com\/channel\/0029VaG1sChI7Be7PNndhL43\" target=\"_blank\" rel=\"noopener noreferrer\">WHATSAPP<\/a><\/p>\n<p class=\"has-background has-dark-bluish-background-color\" style=\"font-size: 25px; text-align: center; background: #f0f0f0; color: #ffffff; padding: 4px 0px 4xp 0px;\"><a style=\"color: #0d134c; text-decoration: underline;\" href=\"https:\/\/t.me\/GranFaculdade\" target=\"_blank\" rel=\"noopener noreferrer\">TELEGRAM<\/a><\/p>\n<\/section>\n<\/div><\/div>\n<\/div><\/div>\n","protected":false},"excerpt":{"rendered":"<p>Quem estuda para concursos p\u00fablicos costuma olhar primeiro para o sal\u00e1rio inicial apresentado no edital. No entanto, esse valor nem sempre reflete o potencial de crescimento ao longo da carreira. Isso acontece porque muitos editais n\u00e3o explicam com clareza como fatores como prova de t\u00edtulos, progress\u00e3o funcional e adicional de qualifica\u00e7\u00e3o podem impactar a remunera\u00e7\u00e3o&hellip;<\/p>\n","protected":false},"author":513,"featured_media":79763164,"comment_status":"open","ping_status":"open","sticky":false,"template":"","format":"standard","meta":{"_acf_changed":false,"content-type":"","footnotes":""},"categories":[44,2],"tags":[938],"class_list":["post-79763108","post","type-post","status-publish","format-standard","has-post-thumbnail","hentry","category-artigos","category-ultimas-noticias","tag-destaque"],"acf":[],"yoast_head":"<!-- This site is optimized with the Yoast SEO Premium plugin v27.2 (Yoast SEO v27.2) - https:\/\/yoast.com\/product\/yoast-seo-premium-wordpress\/ -->\n<title>Combo Carreira Gran: entenda como funciona e quais as vantagens<\/title>\n<meta name=\"description\" content=\"Descubra o que \u00e9 o Combo Carreira da Gran Faculdade e quais s\u00e3o as vantagens da p\u00f3s pensada para quem busca evolu\u00e7\u00e3o no servi\u00e7o p\u00fablico\" \/>\n<meta name=\"robots\" content=\"index, follow, max-snippet:-1, max-image-preview:large, max-video-preview:-1\" \/>\n<link rel=\"canonical\" href=\"https:\/\/faculdade.grancursosonline.com.br\/blog\/combo-carreira-gran-faculdade\/\" \/>\n<meta property=\"og:locale\" content=\"pt_BR\" \/>\n<meta property=\"og:type\" content=\"article\" \/>\n<meta property=\"og:title\" content=\"Combo Carreira Gran: entenda como funciona e quais as vantagens\" \/>\n<meta property=\"og:description\" content=\"Descubra o que \u00e9 o Combo Carreira da Gran Faculdade e quais s\u00e3o as vantagens da p\u00f3s pensada para quem busca evolu\u00e7\u00e3o no servi\u00e7o p\u00fablico\" \/>\n<meta property=\"og:url\" content=\"https:\/\/faculdade.grancursosonline.com.br\/blog\/combo-carreira-gran-faculdade\/\" \/>\n<meta property=\"og:site_name\" content=\"Blog Gran Faculdade\" \/>\n<meta property=\"article:publisher\" content=\"https:\/\/www.facebook.com\/grancursosonline\/\" \/>\n<meta property=\"article:published_time\" content=\"2026-03-16T20:42:23+00:00\" \/>\n<meta property=\"article:modified_time\" content=\"2026-03-24T20:18:10+00:00\" \/>\n<meta property=\"og:image\" content=\"https:\/\/blog-es-static.infra.grancursosonline.com.br\/wp-content\/uploads\/2026\/03\/16173638\/combo-carreira-gran-1-scaled.png\" \/>\n\t<meta property=\"og:image:width\" content=\"2560\" \/>\n\t<meta property=\"og:image:height\" content=\"1538\" \/>\n\t<meta property=\"og:image:type\" content=\"image\/png\" \/>\n<meta name=\"author\" content=\"Larissa de Fran\u00e7a\" \/>\n<meta name=\"twitter:card\" content=\"summary_large_image\" \/>\n<meta name=\"twitter:creator\" content=\"@gran_online\" \/>\n<meta name=\"twitter:site\" content=\"@gran_online\" \/>\n<meta name=\"twitter:label1\" content=\"Written by\" \/>\n\t<meta name=\"twitter:data1\" content=\"Larissa de Fran\u00e7a\" \/>\n\t<meta name=\"twitter:label2\" content=\"Est. reading time\" \/>\n\t<meta name=\"twitter:data2\" content=\"10 minutos\" \/>\n<script type=\"application\/ld+json\" class=\"yoast-schema-graph\">{\"@context\":\"https:\/\/schema.org\",\"@graph\":[{\"@type\":\"NewsArticle\",\"@id\":\"https:\/\/faculdade.grancursosonline.com.br\/blog\/combo-carreira-gran-faculdade\/#article\",\"isPartOf\":{\"@id\":\"https:\/\/faculdade.grancursosonline.com.br\/blog\/combo-carreira-gran-faculdade\/\"},\"author\":{\"name\":\"Larissa de Fran\u00e7a\",\"@id\":\"https:\/\/faculdade.grancursosonline.com.br\/blog\/#\/schema\/person\/e41590de43e91fa2adf3cf8b740a6a34\"},\"headline\":\"Combo Carreira Gran: entenda como funciona e quais as vantagens\",\"datePublished\":\"2026-03-16T20:42:23+00:00\",\"dateModified\":\"2026-03-24T20:18:10+00:00\",\"mainEntityOfPage\":{\"@id\":\"https:\/\/faculdade.grancursosonline.com.br\/blog\/combo-carreira-gran-faculdade\/\"},\"wordCount\":1337,\"commentCount\":0,\"publisher\":{\"@id\":\"https:\/\/faculdade.grancursosonline.com.br\/blog\/#organization\"},\"image\":{\"@id\":\"https:\/\/faculdade.grancursosonline.com.br\/blog\/combo-carreira-gran-faculdade\/#primaryimage\"},\"thumbnailUrl\":\"https:\/\/blog-es-static.infra.grancursosonline.com.br\/wp-content\/uploads\/2026\/03\/16173638\/combo-carreira-gran-1-scaled.png\",\"keywords\":[\"destaque\"],\"articleSection\":[\"Artigos\",\"\u00daltimas Not\u00edcias\"],\"inLanguage\":\"pt-BR\",\"potentialAction\":[{\"@type\":\"CommentAction\",\"name\":\"Comment\",\"target\":[\"https:\/\/faculdade.grancursosonline.com.br\/blog\/combo-carreira-gran-faculdade\/#respond\"]}],\"copyrightYear\":\"2026\",\"copyrightHolder\":{\"@id\":\"https:\/\/faculdade.grancursosonline.com.br\/blog\/#organization\"}},{\"@type\":\"WebPage\",\"@id\":\"https:\/\/faculdade.grancursosonline.com.br\/blog\/combo-carreira-gran-faculdade\/\",\"url\":\"https:\/\/faculdade.grancursosonline.com.br\/blog\/combo-carreira-gran-faculdade\/\",\"name\":\"Combo Carreira Gran: entenda como funciona e quais as vantagens\",\"isPartOf\":{\"@id\":\"https:\/\/faculdade.grancursosonline.com.br\/blog\/#website\"},\"primaryImageOfPage\":{\"@id\":\"https:\/\/faculdade.grancursosonline.com.br\/blog\/combo-carreira-gran-faculdade\/#primaryimage\"},\"image\":{\"@id\":\"https:\/\/faculdade.grancursosonline.com.br\/blog\/combo-carreira-gran-faculdade\/#primaryimage\"},\"thumbnailUrl\":\"https:\/\/blog-es-static.infra.grancursosonline.com.br\/wp-content\/uploads\/2026\/03\/16173638\/combo-carreira-gran-1-scaled.png\",\"datePublished\":\"2026-03-16T20:42:23+00:00\",\"dateModified\":\"2026-03-24T20:18:10+00:00\",\"description\":\"Descubra o que \u00e9 o Combo Carreira da Gran Faculdade e quais s\u00e3o as vantagens da p\u00f3s pensada para quem busca evolu\u00e7\u00e3o no servi\u00e7o p\u00fablico\",\"breadcrumb\":{\"@id\":\"https:\/\/faculdade.grancursosonline.com.br\/blog\/combo-carreira-gran-faculdade\/#breadcrumb\"},\"inLanguage\":\"pt-BR\",\"potentialAction\":[{\"@type\":\"ReadAction\",\"target\":[\"https:\/\/faculdade.grancursosonline.com.br\/blog\/combo-carreira-gran-faculdade\/\"]}]},{\"@type\":\"ImageObject\",\"inLanguage\":\"pt-BR\",\"@id\":\"https:\/\/faculdade.grancursosonline.com.br\/blog\/combo-carreira-gran-faculdade\/#primaryimage\",\"url\":\"https:\/\/blog-es-static.infra.grancursosonline.com.br\/wp-content\/uploads\/2026\/03\/16173638\/combo-carreira-gran-1-scaled.png\",\"contentUrl\":\"https:\/\/blog-es-static.infra.grancursosonline.com.br\/wp-content\/uploads\/2026\/03\/16173638\/combo-carreira-gran-1-scaled.png\",\"width\":2560,\"height\":1538},{\"@type\":\"BreadcrumbList\",\"@id\":\"https:\/\/faculdade.grancursosonline.com.br\/blog\/combo-carreira-gran-faculdade\/#breadcrumb\",\"itemListElement\":[{\"@type\":\"ListItem\",\"position\":1,\"name\":\"In\u00edcio\",\"item\":\"https:\/\/faculdade.grancursosonline.com.br\/blog\/\"},{\"@type\":\"ListItem\",\"position\":2,\"name\":\"Artigos\",\"item\":\"https:\/\/faculdade.grancursosonline.com.br\/blog\/categoria\/artigos\/\"},{\"@type\":\"ListItem\",\"position\":3,\"name\":\"Combo Carreira Gran: entenda como funciona e quais as vantagens\"}]},{\"@type\":\"WebSite\",\"@id\":\"https:\/\/faculdade.grancursosonline.com.br\/blog\/#website\",\"url\":\"https:\/\/faculdade.grancursosonline.com.br\/blog\/\",\"name\":\"Blog Gran Faculdade\",\"description\":\"Tudo sobre ensino superior, p\u00f3s-gradua\u00e7\u00e3o, enem e carreira.\",\"publisher\":{\"@id\":\"https:\/\/faculdade.grancursosonline.com.br\/blog\/#organization\"},\"potentialAction\":[{\"@type\":\"SearchAction\",\"target\":{\"@type\":\"EntryPoint\",\"urlTemplate\":\"https:\/\/faculdade.grancursosonline.com.br\/blog\/?s={search_term_string}\"},\"query-input\":{\"@type\":\"PropertyValueSpecification\",\"valueRequired\":true,\"valueName\":\"search_term_string\"}}],\"inLanguage\":\"pt-BR\"},{\"@type\":\"Organization\",\"@id\":\"https:\/\/faculdade.grancursosonline.com.br\/blog\/#organization\",\"name\":\"Gran Cursos Online\",\"url\":\"https:\/\/faculdade.grancursosonline.com.br\/blog\/\",\"logo\":{\"@type\":\"ImageObject\",\"inLanguage\":\"pt-BR\",\"@id\":\"https:\/\/faculdade.grancursosonline.com.br\/blog\/#\/schema\/logo\/image\/\",\"url\":\"https:\/\/blog-es-static.infra.grancursosonline.com.br\/wp-content\/uploads\/2019\/08\/03123934\/logo.png\",\"contentUrl\":\"https:\/\/blog-es-static.infra.grancursosonline.com.br\/wp-content\/uploads\/2019\/08\/03123934\/logo.png\",\"width\":300,\"height\":57,\"caption\":\"Gran Cursos Online\"},\"image\":{\"@id\":\"https:\/\/faculdade.grancursosonline.com.br\/blog\/#\/schema\/logo\/image\/\"},\"sameAs\":[\"https:\/\/www.facebook.com\/grancursosonline\/\",\"https:\/\/x.com\/gran_online\",\"https:\/\/www.instagram.com\/grancursosonline\/\",\"https:\/\/www.youtube.com\/user\/grancursostv\"]},{\"@type\":\"Person\",\"@id\":\"https:\/\/faculdade.grancursosonline.com.br\/blog\/#\/schema\/person\/e41590de43e91fa2adf3cf8b740a6a34\",\"name\":\"Larissa de Fran\u00e7a\",\"url\":\"https:\/\/faculdade.grancursosonline.com.br\/blog\/author\/larisa-leonardo\/\"}]}<\/script>\n<!-- \/ Yoast SEO Premium plugin. -->","yoast_head_json":{"title":"Combo Carreira Gran: entenda como funciona e quais as vantagens","description":"Descubra o que \u00e9 o Combo Carreira da Gran Faculdade e quais s\u00e3o as vantagens da p\u00f3s pensada para quem busca evolu\u00e7\u00e3o no servi\u00e7o p\u00fablico","robots":{"index":"index","follow":"follow","max-snippet":"max-snippet:-1","max-image-preview":"max-image-preview:large","max-video-preview":"max-video-preview:-1"},"canonical":"https:\/\/faculdade.grancursosonline.com.br\/blog\/combo-carreira-gran-faculdade\/","og_locale":"pt_BR","og_type":"article","og_title":"Combo Carreira Gran: entenda como funciona e quais as vantagens","og_description":"Descubra o que \u00e9 o Combo Carreira da Gran Faculdade e quais s\u00e3o as vantagens da p\u00f3s pensada para quem busca evolu\u00e7\u00e3o no servi\u00e7o p\u00fablico","og_url":"https:\/\/faculdade.grancursosonline.com.br\/blog\/combo-carreira-gran-faculdade\/","og_site_name":"Blog Gran Faculdade","article_publisher":"https:\/\/www.facebook.com\/grancursosonline\/","article_published_time":"2026-03-16T20:42:23+00:00","article_modified_time":"2026-03-24T20:18:10+00:00","og_image":[{"width":2560,"height":1538,"url":"https:\/\/blog-es-static.infra.grancursosonline.com.br\/wp-content\/uploads\/2026\/03\/16173638\/combo-carreira-gran-1-scaled.png","type":"image\/png"}],"author":"Larissa de Fran\u00e7a","twitter_card":"summary_large_image","twitter_creator":"@gran_online","twitter_site":"@gran_online","twitter_misc":{"Written by":"Larissa de Fran\u00e7a","Est. reading time":"10 minutos"},"schema":{"@context":"https:\/\/schema.org","@graph":[{"@type":"NewsArticle","@id":"https:\/\/faculdade.grancursosonline.com.br\/blog\/combo-carreira-gran-faculdade\/#article","isPartOf":{"@id":"https:\/\/faculdade.grancursosonline.com.br\/blog\/combo-carreira-gran-faculdade\/"},"author":{"name":"Larissa de Fran\u00e7a","@id":"https:\/\/faculdade.grancursosonline.com.br\/blog\/#\/schema\/person\/e41590de43e91fa2adf3cf8b740a6a34"},"headline":"Combo Carreira Gran: entenda como funciona e quais as vantagens","datePublished":"2026-03-16T20:42:23+00:00","dateModified":"2026-03-24T20:18:10+00:00","mainEntityOfPage":{"@id":"https:\/\/faculdade.grancursosonline.com.br\/blog\/combo-carreira-gran-faculdade\/"},"wordCount":1337,"commentCount":0,"publisher":{"@id":"https:\/\/faculdade.grancursosonline.com.br\/blog\/#organization"},"image":{"@id":"https:\/\/faculdade.grancursosonline.com.br\/blog\/combo-carreira-gran-faculdade\/#primaryimage"},"thumbnailUrl":"https:\/\/blog-es-static.infra.grancursosonline.com.br\/wp-content\/uploads\/2026\/03\/16173638\/combo-carreira-gran-1-scaled.png","keywords":["destaque"],"articleSection":["Artigos","\u00daltimas Not\u00edcias"],"inLanguage":"pt-BR","potentialAction":[{"@type":"CommentAction","name":"Comment","target":["https:\/\/faculdade.grancursosonline.com.br\/blog\/combo-carreira-gran-faculdade\/#respond"]}],"copyrightYear":"2026","copyrightHolder":{"@id":"https:\/\/faculdade.grancursosonline.com.br\/blog\/#organization"}},{"@type":"WebPage","@id":"https:\/\/faculdade.grancursosonline.com.br\/blog\/combo-carreira-gran-faculdade\/","url":"https:\/\/faculdade.grancursosonline.com.br\/blog\/combo-carreira-gran-faculdade\/","name":"Combo Carreira Gran: entenda como funciona e quais as vantagens","isPartOf":{"@id":"https:\/\/faculdade.grancursosonline.com.br\/blog\/#website"},"primaryImageOfPage":{"@id":"https:\/\/faculdade.grancursosonline.com.br\/blog\/combo-carreira-gran-faculdade\/#primaryimage"},"image":{"@id":"https:\/\/faculdade.grancursosonline.com.br\/blog\/combo-carreira-gran-faculdade\/#primaryimage"},"thumbnailUrl":"https:\/\/blog-es-static.infra.grancursosonline.com.br\/wp-content\/uploads\/2026\/03\/16173638\/combo-carreira-gran-1-scaled.png","datePublished":"2026-03-16T20:42:23+00:00","dateModified":"2026-03-24T20:18:10+00:00","description":"Descubra o que \u00e9 o Combo Carreira da Gran Faculdade e quais s\u00e3o as vantagens da p\u00f3s pensada para quem busca evolu\u00e7\u00e3o no servi\u00e7o p\u00fablico","breadcrumb":{"@id":"https:\/\/faculdade.grancursosonline.com.br\/blog\/combo-carreira-gran-faculdade\/#breadcrumb"},"inLanguage":"pt-BR","potentialAction":[{"@type":"ReadAction","target":["https:\/\/faculdade.grancursosonline.com.br\/blog\/combo-carreira-gran-faculdade\/"]}]},{"@type":"ImageObject","inLanguage":"pt-BR","@id":"https:\/\/faculdade.grancursosonline.com.br\/blog\/combo-carreira-gran-faculdade\/#primaryimage","url":"https:\/\/blog-es-static.infra.grancursosonline.com.br\/wp-content\/uploads\/2026\/03\/16173638\/combo-carreira-gran-1-scaled.png","contentUrl":"https:\/\/blog-es-static.infra.grancursosonline.com.br\/wp-content\/uploads\/2026\/03\/16173638\/combo-carreira-gran-1-scaled.png","width":2560,"height":1538},{"@type":"BreadcrumbList","@id":"https:\/\/faculdade.grancursosonline.com.br\/blog\/combo-carreira-gran-faculdade\/#breadcrumb","itemListElement":[{"@type":"ListItem","position":1,"name":"In\u00edcio","item":"https:\/\/faculdade.grancursosonline.com.br\/blog\/"},{"@type":"ListItem","position":2,"name":"Artigos","item":"https:\/\/faculdade.grancursosonline.com.br\/blog\/categoria\/artigos\/"},{"@type":"ListItem","position":3,"name":"Combo Carreira Gran: entenda como funciona e quais as vantagens"}]},{"@type":"WebSite","@id":"https:\/\/faculdade.grancursosonline.com.br\/blog\/#website","url":"https:\/\/faculdade.grancursosonline.com.br\/blog\/","name":"Blog Gran Faculdade","description":"Tudo sobre ensino superior, p\u00f3s-gradua\u00e7\u00e3o, enem e carreira.","publisher":{"@id":"https:\/\/faculdade.grancursosonline.com.br\/blog\/#organization"},"potentialAction":[{"@type":"SearchAction","target":{"@type":"EntryPoint","urlTemplate":"https:\/\/faculdade.grancursosonline.com.br\/blog\/?s={search_term_string}"},"query-input":{"@type":"PropertyValueSpecification","valueRequired":true,"valueName":"search_term_string"}}],"inLanguage":"pt-BR"},{"@type":"Organization","@id":"https:\/\/faculdade.grancursosonline.com.br\/blog\/#organization","name":"Gran Cursos Online","url":"https:\/\/faculdade.grancursosonline.com.br\/blog\/","logo":{"@type":"ImageObject","inLanguage":"pt-BR","@id":"https:\/\/faculdade.grancursosonline.com.br\/blog\/#\/schema\/logo\/image\/","url":"https:\/\/blog-es-static.infra.grancursosonline.com.br\/wp-content\/uploads\/2019\/08\/03123934\/logo.png","contentUrl":"https:\/\/blog-es-static.infra.grancursosonline.com.br\/wp-content\/uploads\/2019\/08\/03123934\/logo.png","width":300,"height":57,"caption":"Gran Cursos Online"},"image":{"@id":"https:\/\/faculdade.grancursosonline.com.br\/blog\/#\/schema\/logo\/image\/"},"sameAs":["https:\/\/www.facebook.com\/grancursosonline\/","https:\/\/x.com\/gran_online","https:\/\/www.instagram.com\/grancursosonline\/","https:\/\/www.youtube.com\/user\/grancursostv"]},{"@type":"Person","@id":"https:\/\/faculdade.grancursosonline.com.br\/blog\/#\/schema\/person\/e41590de43e91fa2adf3cf8b740a6a34","name":"Larissa de Fran\u00e7a","url":"https:\/\/faculdade.grancursosonline.com.br\/blog\/author\/larisa-leonardo\/"}]}},"_links":{"self":[{"href":"https:\/\/faculdade.grancursosonline.com.br\/blog\/wp-json\/wp\/v2\/posts\/79763108","targetHints":{"allow":["GET"]}}],"collection":[{"href":"https:\/\/faculdade.grancursosonline.com.br\/blog\/wp-json\/wp\/v2\/posts"}],"about":[{"href":"https:\/\/faculdade.grancursosonline.com.br\/blog\/wp-json\/wp\/v2\/types\/post"}],"author":[{"embeddable":true,"href":"https:\/\/faculdade.grancursosonline.com.br\/blog\/wp-json\/wp\/v2\/users\/513"}],"replies":[{"embeddable":true,"href":"https:\/\/faculdade.grancursosonline.com.br\/blog\/wp-json\/wp\/v2\/comments?post=79763108"}],"version-history":[{"count":12,"href":"https:\/\/faculdade.grancursosonline.com.br\/blog\/wp-json\/wp\/v2\/posts\/79763108\/revisions"}],"predecessor-version":[{"id":79763557,"href":"https:\/\/faculdade.grancursosonline.com.br\/blog\/wp-json\/wp\/v2\/posts\/79763108\/revisions\/79763557"}],"wp:featuredmedia":[{"embeddable":true,"href":"https:\/\/faculdade.grancursosonline.com.br\/blog\/wp-json\/wp\/v2\/media\/79763164"}],"wp:attachment":[{"href":"https:\/\/faculdade.grancursosonline.com.br\/blog\/wp-json\/wp\/v2\/media?parent=79763108"}],"wp:term":[{"taxonomy":"category","embeddable":true,"href":"https:\/\/faculdade.grancursosonline.com.br\/blog\/wp-json\/wp\/v2\/categories?post=79763108"},{"taxonomy":"post_tag","embeddable":true,"href":"https:\/\/faculdade.grancursosonline.com.br\/blog\/wp-json\/wp\/v2\/tags?post=79763108"}],"curies":[{"name":"wp","href":"https:\/\/api.w.org\/{rel}","templated":true}]}}