{"id":79764556,"date":"2026-04-27T17:27:54","date_gmt":"2026-04-27T20:27:54","guid":{"rendered":"https:\/\/faculdade.grancursosonline.com.br\/blog\/?p=79764556"},"modified":"2026-04-27T17:27:59","modified_gmt":"2026-04-27T20:27:59","slug":"dia-do-trabalhador","status":"publish","type":"post","link":"https:\/\/faculdade.grancursosonline.com.br\/blog\/dia-do-trabalhador\/","title":{"rendered":"Dia do Trabalhador: origem, direitos e o que muda no Brasil hoje"},"content":{"rendered":"\n<p>Voc\u00ea sabia que as 8 horas di\u00e1rias de estudo ou trabalho que consideramos &#8220;normais&#8221; hoje custaram d\u00e9cadas de lutas intensas? O <strong>Dia do Trabalhador<\/strong>, celebrado em 1\u00ba de maio, vai muito al\u00e9m de um feriado no calend\u00e1rio: \u00e9 o s\u00edmbolo de uma revolu\u00e7\u00e3o social que continua se transformando com a tecnologia e as novas rela\u00e7\u00f5es de emprego.<\/p>\n\n\n\n<p>Preparamos este artigo para explicar qual a hist\u00f3ria dessa data t\u00e3o importante e como ela impacta sua carreira. Boa leitura!<\/p>\n\n\n\n<p class=\"has-text-align-center\"><a href=\"https:\/\/faculdade.grancursosonline.com.br\/\" target=\"_blank\" rel=\"noopener\"><strong>Quero investir na minha primeira forma\u00e7\u00e3o agora<\/strong><\/a><\/p>\n\n\n\n<p>Se preferir, navegue pelo \u00edndice:<\/p>\n\n\n\n<ul class=\"wp-block-list\">\n<li><a href=\"#h-o-que-e-o-dia-do-trabalhador\">O que \u00e9 o Dia do Trabalhador?<\/a><\/li>\n\n\n\n<li><a href=\"#h-por-que-o-dia-do-trabalhador-e-comemorado-em-1\u00ba-de-maio\">Por que o Dia do Trabalhador \u00e9 comemorado em 1\u00ba de maio?<\/a><\/li>\n\n\n\n<li><a href=\"#h-origem-historica-do-dia-do-trabalhador-chicago-e-haymarket\">Origem hist\u00f3rica do Dia do Trabalhador (Chicago e Haymarket)<\/a><\/li>\n\n\n\n<li><a href=\"#h-dia-do-trabalhador-no-brasil\">Dia do Trabalhador no Brasil<\/a><\/li>\n\n\n\n<li><a href=\"#h-como-o-dia-do-trabalhador-e-celebrado-hoje\">Como o Dia do Trabalhador \u00e9 celebrado hoje?<\/a><\/li>\n\n\n\n<li><a href=\"#h-importancia-atual-do-dia-do-trabalhador\">Import\u00e2ncia atual do Dia do Trabalhador<\/a><\/li>\n\n\n\n<li><a href=\"#h-direitos-trabalhistas-em-feriados-nbsp\">Direitos trabalhistas em feriados<\/a>\u00a0<\/li>\n\n\n\n<li><a href=\"#h-curiosidades-sobre-o-1\u00ba-de-maio-no-mundo\">Curiosidades sobre o 1\u00ba de maio no mundo<\/a><\/li>\n\n\n\n<li><a href=\"#h-o-futuro-do-trabalho\">O futuro do trabalho<\/a><\/li>\n\n\n\n<li><a href=\"#h-perguntas-frequentes-faq\">Perguntas Frequentes (FAQ)<\/a><\/li>\n\n\n\n<li><a href=\"#h-vem-pra-gran-faculdade\">Vem pra Gran Faculdade!<\/a><\/li>\n<\/ul>\n\n\n\n<figure class=\"wp-block-image size-large is-resized\"><img loading=\"lazy\" decoding=\"async\" width=\"1024\" height=\"559\" src=\"https:\/\/blog-es-static.infra.grancursosonline.com.br\/wp-content\/uploads\/2026\/04\/27162505\/dia-do-trabalhador-1024x559.png\" alt=\"\" class=\"wp-image-79764557\" style=\"aspect-ratio:1.8318695106649938;width:678px;height:auto\"\/><\/figure>\n\n\n\n<p><em>Conhe\u00e7a o que est\u00e1 por tr\u00e1s do Dia do Trabalhador e o impacto na sua vida profissional.<\/em><\/p>\n\n\n\n<h2 class=\"wp-block-heading\" id=\"h-o-que-e-o-dia-do-trabalhador\">O que \u00e9 o Dia do Trabalhador?<\/h2>\n\n\n\n<p>O Dia do Trabalhador \u00e9 uma data internacional dedicada \u00e0 celebra\u00e7\u00e3o das conquistas sociais e jur\u00eddicas da classe trabalhadora.<\/p>\n\n\n\n<p>Mais do que uma pausa na rotina, \u00e9 um dia de reflex\u00e3o sobre condi\u00e7\u00f5es de trabalho, sal\u00e1rios dignos e a busca por equil\u00edbrio entre vida profissional e pessoal.<\/p>\n\n\n\n<h2 class=\"wp-block-heading\" id=\"h-por-que-o-dia-do-trabalhador-e-comemorado-em-1\u00ba-de-maio\">Por que o Dia do Trabalhador \u00e9 comemorado em 1\u00ba de maio?<\/h2>\n\n\n\n<p>A escolha da data \u00e9 uma homenagem a uma greve geral que paralisou os Estados Unidos em <strong>1\u00ba de maio de 1886<\/strong>. Naquela \u00e9poca, n\u00e3o era raro que oper\u00e1rios trabalhassem at\u00e9 16 horas por dia em condi\u00e7\u00f5es insalubres. O movimento buscava reduzir essa jornada para 8 horas.<\/p>\n\n\n\n<h2 class=\"wp-block-heading\" id=\"h-origem-historica-do-dia-do-trabalhador-chicago-e-haymarket\">Origem hist\u00f3rica do Dia do Trabalhador (Chicago e Haymarket)<\/h2>\n\n\n\n<p>A escolha do 1\u00ba de maio n\u00e3o foi aleat\u00f3ria. Ela remete ao ano de <strong>1886<\/strong>, na cidade de Chicago, um dos maiores polos industriais dos Estados Unidos na \u00e9poca. Naquele per\u00edodo, as condi\u00e7\u00f5es de trabalho eram brutais: jornadas de 12 a 16 horas, ambientes insalubres e explora\u00e7\u00e3o infantil eram a norma.<\/p>\n\n\n\n<h3 class=\"wp-block-heading\" id=\"h-a-greve-geral-e-as-8-horas\"><strong>A Greve Geral e as &#8220;8 horas&#8221;<\/strong><\/h3>\n\n\n\n<p>Em 1\u00ba de maio de 1886, milhares de trabalhadores cruzaram os bra\u00e7os em uma greve geral. O lema era simples e poderoso: <strong>&#8220;Oito horas de trabalho, oito horas de repouso, oito horas de lazer&#8221;<\/strong>. Chicago foi o cora\u00e7\u00e3o do movimento, com mais de 30 mil oper\u00e1rios paralisados.<\/p>\n\n\n\n<h3 class=\"wp-block-heading\" id=\"h-o-incidente-de-haymarket\"><strong>O Incidente de Haymarket<\/strong><\/h3>\n\n\n\n<p>As tens\u00f5es cresceram nos dias seguintes. No dia 3 de maio, um confronto entre grevistas e &#8220;fura-greves&#8221; terminou com a interven\u00e7\u00e3o da pol\u00edcia, resultando na morte de manifestantes.<\/p>\n\n\n\n<p>Em protesto contra a viol\u00eancia policial, uma nova manifesta\u00e7\u00e3o foi convocada para o dia <strong>4 de maio na Pra\u00e7a Haymarket<\/strong>. O evento era pac\u00edfico at\u00e9 que, j\u00e1 no final da noite, a pol\u00edcia avan\u00e7ou para dispersar a multid\u00e3o. Nesse momento, uma <strong>bomba de fabrica\u00e7\u00e3o caseira<\/strong> foi lan\u00e7ada contra os policiais, matando um deles instantaneamente (outros morreriam depois devido aos ferimentos).<\/p>\n\n\n\n<h3 class=\"wp-block-heading\" id=\"h-as-consequencias-e-os-martires\"><strong>As consequ\u00eancias e os M\u00e1rtires<\/strong><\/h3>\n\n\n\n<p>A rea\u00e7\u00e3o do Estado foi implac\u00e1vel. Sem provas concretas de quem lan\u00e7ou a bomba, oito l\u00edderes anarquistas e sindicalistas foram presos e julgados em um processo amplamente considerado tendencioso.<\/p>\n\n\n\n<ul class=\"wp-block-list\">\n<li><strong>O veredito:<\/strong> sete foram condenados \u00e0 morte e um a 15 anos de pris\u00e3o;<\/li>\n\n\n\n<li><strong>O sacrif\u00edcio:<\/strong> quatro deles foram enforcados em 1887. Eles ficaram conhecidos mundialmente como os <strong>&#8220;M\u00e1rtires de Chicago&#8221;<\/strong>.<\/li>\n<\/ul>\n\n\n\n<h3 class=\"wp-block-heading\" id=\"h-a-globalizacao-da-data\"><strong>A globaliza\u00e7\u00e3o da data<\/strong><\/h3>\n\n\n\n<p>Tr\u00eas anos depois, em 1889, a <strong>Segunda Internacional Socialista<\/strong> em Paris decidiu que, em mem\u00f3ria aos m\u00e1rtires de Chicago, o 1\u00ba de maio seria transformado em uma jornada anual de luta internacional pela jornada de 8 horas. O que come\u00e7ou como uma trag\u00e9dia local em uma pra\u00e7a dos EUA tornou-se o maior s\u00edmbolo global de resist\u00eancia oper\u00e1ria.<\/p>\n\n\n\n<h2 class=\"wp-block-heading\" id=\"h-dia-do-trabalhador-no-brasil\">Dia do Trabalhador no Brasil<\/h2>\n\n\n\n<p>No Brasil, a data ganhou for\u00e7a na Era Vargas. Em 1924, o presidente Artur Bernardes oficializou o feriado, mas foi <strong>Get\u00falio Vargas<\/strong> quem o transformou em uma ferramenta pol\u00edtica de massa.<\/p>\n\n\n\n<ul class=\"wp-block-list\">\n<li><strong>A &#8220;Festa do Trabalho&#8221;:<\/strong> Vargas passou a usar o 1\u00ba de maio para anunciar grandes benef\u00edcios, como o <strong>Sal\u00e1rio M\u00ednimo<\/strong> (1940) e a <strong>CLT<\/strong> (1943);<\/li>\n\n\n\n<li><strong>Transi\u00e7\u00e3o:<\/strong> A data deixou de ser vista apenas como um dia de protesto (como na Europa) para ser uma celebra\u00e7\u00e3o oficial das conquistas outorgadas pelo Estado.<\/li>\n<\/ul>\n\n\n\n<h2 class=\"wp-block-heading\" id=\"h-como-o-dia-do-trabalhador-e-celebrado-hoje\">Como o Dia do Trabalhador \u00e9 celebrado hoje?<\/h2>\n\n\n\n<p>Hoje, a celebra\u00e7\u00e3o \u00e9 h\u00edbrida. Enquanto sindicatos e movimentos sociais realizam marchas por melhores sal\u00e1rios e direitos, a maioria da popula\u00e7\u00e3o aproveita o descanso.&nbsp;<\/p>\n\n\n\n<p>Culturalmente, cidades brasileiras realizam shows gratuitos, sorteios e eventos esportivos patrocinados por federa\u00e7\u00f5es de ind\u00fastria e com\u00e9rcio.<\/p>\n\n\n\n<h2 class=\"wp-block-heading\" id=\"h-importancia-atual-do-dia-do-trabalhador\">Import\u00e2ncia atual do Dia do Trabalhador<\/h2>\n\n\n\n<p>Para o estudante que est\u00e1 prestes a ingressar no mercado, a data serve para entender que direitos como <strong>f\u00e9rias remuneradas, 13\u00ba sal\u00e1rio e FGTS<\/strong> n\u00e3o s\u00e3o &#8220;presentes&#8221;, mas conquistas hist\u00f3ricas.<\/p>\n\n\n\n<p>Em um cen\u00e1rio de crescente informalidade, a data convida a discutir como proteger quem trabalha por conta pr\u00f3pria ou via aplicativos.<\/p>\n\n\n\n<h2 class=\"wp-block-heading\" id=\"h-direitos-trabalhistas-em-feriados-nbsp\">Direitos trabalhistas em feriados&nbsp;<\/h2>\n\n\n\n<p>Se voc\u00ea j\u00e1 trabalha (ou faz est\u00e1gio com contrato espec\u00edfico), saiba o que a lei diz sobre o 1\u00ba de maio:<\/p>\n\n\n\n<ul class=\"wp-block-list\">\n<li><strong>Pagamento em dobro:<\/strong> quem trabalha em feriados nacionais tem direito a receber o dia com acr\u00e9scimo de 100% (ou uma folga compensat\u00f3ria);<\/li>\n\n\n\n<li><strong>Folga garantida:<\/strong> como regra geral, o trabalho \u00e9 proibido em feriados, salvo em servi\u00e7os essenciais (sa\u00fade, seguran\u00e7a) ou com conven\u00e7\u00e3o coletiva espec\u00edfica.<\/li>\n<\/ul>\n\n\n\n<h2 class=\"wp-block-heading\" id=\"h-curiosidades-sobre-o-1\u00ba-de-maio-no-mundo\">Curiosidades sobre o 1\u00ba de maio no mundo<\/h2>\n\n\n\n<p>Algumas curiosidades sobre esse dia s\u00e3o:<\/p>\n\n\n\n<ol class=\"wp-block-list\">\n<li><strong>Estados Unidos e Canad\u00e1:<\/strong> ao contr\u00e1rio do resto do mundo, celebram o <em>Labor Day<\/em> na primeira segunda-feira de setembro;<\/li>\n\n\n\n<li><strong>Fran\u00e7a:<\/strong> \u00e9 tradi\u00e7\u00e3o presentear pessoas queridas com flores de <em>muguet<\/em> (l\u00edrio-do-vale) nesta data;<\/li>\n\n\n\n<li><strong>Vaticano:<\/strong> a Igreja Cat\u00f3lica celebra o dia como a festa de <strong>S\u00e3o Jos\u00e9 Oper\u00e1rio<\/strong>, o padroeiro dos trabalhadores.<\/li>\n<\/ol>\n\n\n\n<h2 class=\"wp-block-heading\" id=\"h-o-futuro-do-trabalho\">O futuro do trabalho<\/h2>\n\n\n\n<p>Globalmente, o foco est\u00e1 na <strong>Sa\u00fade Mental<\/strong>. Pa\u00edses europeus j\u00e1 testam a <strong>Semana de 4 Dias<\/strong>, sob a premissa de que o descanso aumenta a produtividade. Al\u00e9m disso, a regula\u00e7\u00e3o da Intelig\u00eancia Artificial \u00e9 a pauta urgente para evitar o desemprego em massa.<\/p>\n\n\n\n<p>No Brasil, o debate atual gira em torno da <strong>&#8220;Uberiza\u00e7\u00e3o&#8221;<\/strong>. O desafio \u00e9 garantir seguran\u00e7a social (INSS) para milh\u00f5es de trabalhadores aut\u00f4nomos sem engessar a flexibilidade que a economia digital oferece. A reforma da escala <strong>6&#215;1<\/strong> tamb\u00e9m \u00e9 um tema quente no Congresso.<\/p>\n\n\n\n<p>O Dia do Trabalhador \u00e9 um elo entre o passado de lutas e o futuro da inova\u00e7\u00e3o. Entender sua origem ajuda o estudante a se tornar um profissional consciente de seus deveres, mas tamb\u00e9m firme na defesa de sua dignidade.<\/p>\n\n\n\n<h2 class=\"wp-block-heading\" id=\"h-perguntas-frequentes-faq\">Perguntas Frequentes (FAQ)<\/h2>\n\n\n\n<p><strong>O Dia do Trabalhador \u00e9 feriado nacional?<\/strong><\/p>\n\n\n\n<p>Sim, \u00e9 um feriado oficial em todo o territ\u00f3rio brasileiro conforme a Lei n\u00ba 10.607\/2002.<\/p>\n\n\n\n<p><strong>Posso ser demitido por n\u00e3o trabalhar no feriado de 1\u00ba de maio?<\/strong><\/p>\n\n\n\n<p>N\u00e3o, desde que sua fun\u00e7\u00e3o n\u00e3o seja de servi\u00e7o essencial ou n\u00e3o haja acordo pr\u00e9vio legal.<\/p>\n\n\n\n<p><strong>Quem trabalha por conta pr\u00f3pria tem direito ao feriado?<\/strong><\/p>\n\n\n\n<p>Como aut\u00f4nomo, voc\u00ea decide sua jornada, mas n\u00e3o possui as prote\u00e7\u00f5es da CLT para o feriado.<\/p>\n\n\n\n<p><strong>Qual a diferen\u00e7a entre Dia do Trabalho e Dia do Trabalhador?<\/strong><\/p>\n\n\n\n<p>O &#8220;Dia do Trabalho&#8221; foca na atividade econ\u00f4mica, j\u00e1 &#8220;Dia do Trabalhador&#8221; foca no sujeito e seus direitos.<\/p>\n\n\n\n<p><strong>Estagi\u00e1rio recebe em dobro se trabalhar no feriado?<\/strong><\/p>\n\n\n\n<p>A Lei do Est\u00e1gio n\u00e3o prev\u00ea pagamento em dobro, mas estagi\u00e1rios geralmente devem folgar em feriados nacionais.<\/p>\n\n\n\n<p><strong>Por que os EUA n\u00e3o comemoram em maio?<\/strong><\/p>\n\n\n\n<p>Por raz\u00f5es pol\u00edticas, o governo americano quis evitar a liga\u00e7\u00e3o com movimentos socialistas que ganharam for\u00e7a em maio.<\/p>\n\n\n\n<h2 class=\"wp-block-heading\" id=\"h-vem-pra-gran-faculdade\">Vem pra Gran Faculdade!<\/h2>\n\n\n\n<p>A Gran Faculdade vem mudando a vida de milhares de pessoas por meio de cursos \u00e0 dist\u00e2ncia de <a href=\"https:\/\/faculdade.grancursosonline.com.br\/\" target=\"_blank\" rel=\"noreferrer noopener\">gradua\u00e7\u00e3o<\/a>, <a href=\"https:\/\/pos.grancursosonline.com.br\/\" target=\"_blank\" rel=\"noreferrer noopener\">p\u00f3s-gradua\u00e7\u00e3o<\/a> e <a href=\"https:\/\/pos.grancursosonline.com.br\/mba\" target=\"_blank\" rel=\"noreferrer noopener\">MBA<\/a>. Seja no digital ou em nosso <a href=\"https:\/\/presencial.grancursosonline.com.br\/\" target=\"_blank\" rel=\"noreferrer noopener\">Campus Presencial em Curitiba<\/a>, a nossa miss\u00e3o \u00e9 transformar a educa\u00e7\u00e3o superior.<\/p>\n\n\n\n<p>Como parte de Sistema Gran de Ensino, que \u00e9 reconhecido como marca aprovadora h\u00e1 mais de 10 anos, constru\u00edmos uma renomada reputa\u00e7\u00e3o na \u00e1rea de educa\u00e7\u00e3o.<\/p>\n\n\n\n<p>Veja algumas de nossas conquistas:<\/p>\n\n\n\n<ul class=\"wp-block-list\">\n<li>Reconhecido pela Amazon como um dos projetos mais relevantes do mundo na \u00e1rea de Tecnologia e Educa\u00e7\u00e3o;<\/li>\n\n\n\n<li>Foi eleito pelo Project Management Institute (PMI), um dos 50 Projetos Mais Influentes do mundo;<\/li>\n\n\n\n<li>Somos o site de educa\u00e7\u00e3o mais acessado do Brasil;<\/li>\n\n\n\n<li>Somos avaliados com a nota m\u00e1xima pelo MEC;<\/li>\n\n\n\n<li>Aqui o semestre come\u00e7a quando quiser: entrada imediata e cont\u00ednua!<\/li>\n\n\n\n<li>Melhores pre\u00e7os do mercado;<\/li>\n\n\n\n<li>Mais de 800 mil alunos pagantes e mais de 1000 funcion\u00e1rios;<\/li>\n\n\n\n<li>Diversas ferramentas de estudo: PDFs, audiobooks, mapas mentais, videoaulas, quest\u00f5es, gerenciador de estudos e muito mais!<\/li>\n\n\n\n<li>Professores experientes e capacitados;<\/li>\n\n\n\n<li>Acesso imediato e 100% online.<\/li>\n<\/ul>\n\n\n\n<p class=\"has-text-align-center has-text-align-center\"><strong><a href=\"https:\/\/faculdade.grancursosonline.com.br\/\">Quero ser aluno da Gran Faculdade<\/a><\/strong><\/p>\n\n\n\n<div class=\"wp-block-group has-background\" style=\"background-color:#8dd2fc7a\"><div class=\"wp-block-group__inner-container is-layout-constrained wp-block-group-is-layout-constrained\">\n<p><strong>Outras not\u00edcias em destaque:<\/strong><\/p>\n\n\n\n<ul class=\"wp-block-list\">\n<li><a href=\"https:\/\/faculdade.grancursosonline.com.br\/blog\/curso-de-historia-5-faculdades-para-quem-gosta\/\" target=\"_blank\" rel=\"noopener\">Curso de hist\u00f3ria: 5 faculdades para quem gosta do tema! Confira<\/a><\/li>\n\n\n\n<li><a href=\"https:\/\/faculdade.grancursosonline.com.br\/blog\/olimpiada-de-historia\/\" target=\"_blank\" rel=\"noopener\">Olimp\u00edada de Hist\u00f3ria: como funciona e quando ocorre?<\/a><\/li>\n\n\n\n<li><a href=\"https:\/\/faculdade.grancursosonline.com.br\/blog\/princesa-isabel\/\" target=\"_blank\" rel=\"noopener\">Princesa Isabel: quem foi e qual sua import\u00e2ncia na hist\u00f3ria do Brasil?<\/a><\/li>\n<\/ul>\n<\/div><\/div>\n\n\n\n<div class=\"wp-block-group\"><div class=\"wp-block-group__inner-container is-layout-constrained wp-block-group-is-layout-constrained\">\n<div class=\"wp-block-group\"><div class=\"wp-block-group__inner-container is-layout-constrained wp-block-group-is-layout-constrained\">\n<section style=\"text-align: center;\">\n<p>Quer ficar por dentro da Faculdade Digital mais inovadora do Brasil?<\/p>\n<nav>\n<p class=\"has-background has-dark-bluish-background-color\" style=\"font-size: 25px; text-align: center; background: #f0f0f0; color: #ffffff; padding: 4px 0px 4xp 0px;\"><a style=\"color: #0d134c; text-decoration: underline;\" href=\"https:\/\/faculdade.grancursosonline.com.br\/\" target=\"_blank\" rel=\"noopener\">GRADUA\u00c7\u00c3O<\/a><\/p>\n<p class=\"has-background has-dark-bluish-background-color\" style=\"font-size: 25px; text-align: center; background: #f0f0f0; color: #ffffff; padding: 4px 0px 4xp 0px;\"><a style=\"color: #0d134c; text-decoration: underline;\" href=\"https:\/\/pos.grancursosonline.com.br\/\" target=\"_blank\" rel=\"noopener\">P\u00d3S-GRADUA\u00c7\u00c3O<\/a><\/p>\n<p class=\"has-background has-dark-bluish-background-color\" style=\"font-size: 25px; text-align: center; background: #f0f0f0; color: #ffffff; padding: 4px 0px 4xp 0px;\"><a style=\"color: #0d134c; text-decoration: underline;\" href=\"https:\/\/faculdade.grancursosonline.com.br\/nossos-cursos\/\" target=\"_blank\" rel=\"noopener\">TUDO SOBRE A GRAN FACULDADE<\/a><\/p>\n<\/nav>\n<p><strong>Receba <span style=\"color: #cf1e25;\">gratuitamente<\/span> no seu celular as principais not\u00edcias sobre a Gran Faculdade! <br \/>Clique no link abaixo e inscreva-se:<\/strong><\/p>\n<p class=\"has-background has-dark-bluish-background-color\" style=\"font-size: 25px; text-align: center; background: #f0f0f0; color: #ffffff; padding: 4px 0px 4xp 0px;\"><a style=\"color: #0d134c; text-decoration: underline;\" href=\"https:\/\/whatsapp.com\/channel\/0029VaG1sChI7Be7PNndhL43\" target=\"_blank\" rel=\"noopener noreferrer\">WHATSAPP<\/a><\/p>\n<p class=\"has-background has-dark-bluish-background-color\" style=\"font-size: 25px; text-align: center; background: #f0f0f0; color: #ffffff; padding: 4px 0px 4xp 0px;\"><a style=\"color: #0d134c; text-decoration: underline;\" href=\"https:\/\/t.me\/GranFaculdade\" target=\"_blank\" rel=\"noopener noreferrer\">TELEGRAM<\/a><\/p>\n<\/section>\n<\/div><\/div>\n<\/div><\/div>\n","protected":false},"excerpt":{"rendered":"<p>Voc\u00ea sabia que as 8 horas di\u00e1rias de estudo ou trabalho que consideramos &#8220;normais&#8221; hoje custaram d\u00e9cadas de lutas intensas? O Dia do Trabalhador, celebrado em 1\u00ba de maio, vai muito al\u00e9m de um feriado no calend\u00e1rio: \u00e9 o s\u00edmbolo de uma revolu\u00e7\u00e3o social que continua se transformando com a tecnologia e as novas rela\u00e7\u00f5es&hellip;<\/p>\n","protected":false},"author":525,"featured_media":79763857,"comment_status":"open","ping_status":"open","sticky":false,"template":"","format":"standard","meta":{"_acf_changed":false,"content-type":"","footnotes":""},"categories":[220350,2],"tags":[],"class_list":["post-79764556","post","type-post","status-publish","format-standard","has-post-thumbnail","hentry","category-atualidades","category-ultimas-noticias"],"acf":[],"yoast_head":"<!-- This site is optimized with the Yoast SEO Premium plugin v27.2 (Yoast SEO v27.2) - https:\/\/yoast.com\/product\/yoast-seo-premium-wordpress\/ -->\n<title>Dia do Trabalhador: origem, direitos e o que muda no Brasil hoje<\/title>\n<meta name=\"description\" content=\"Conhe\u00e7a a origem do Dia do Trabalhador, as lutas de Chicago, o papel de Vargas e os direitos atuais no feriado de 1\u00ba de maio. Clique!\" \/>\n<meta name=\"robots\" content=\"index, follow, max-snippet:-1, max-image-preview:large, max-video-preview:-1\" \/>\n<link rel=\"canonical\" href=\"https:\/\/faculdade.grancursosonline.com.br\/blog\/dia-do-trabalhador\/\" \/>\n<meta property=\"og:locale\" content=\"pt_BR\" \/>\n<meta property=\"og:type\" content=\"article\" \/>\n<meta property=\"og:title\" content=\"Dia do Trabalhador: origem, direitos e o que muda no Brasil hoje\" \/>\n<meta property=\"og:description\" content=\"Conhe\u00e7a a origem do Dia do Trabalhador, as lutas de Chicago, o papel de Vargas e os direitos atuais no feriado de 1\u00ba de maio. Clique!\" \/>\n<meta property=\"og:url\" content=\"https:\/\/faculdade.grancursosonline.com.br\/blog\/dia-do-trabalhador\/\" \/>\n<meta property=\"og:site_name\" content=\"Blog Gran Faculdade\" \/>\n<meta property=\"article:publisher\" content=\"https:\/\/www.facebook.com\/grancursosonline\/\" \/>\n<meta property=\"article:published_time\" content=\"2026-04-27T20:27:54+00:00\" \/>\n<meta property=\"article:modified_time\" content=\"2026-04-27T20:27:59+00:00\" \/>\n<meta property=\"og:image\" content=\"https:\/\/blog-es-static.infra.grancursosonline.com.br\/wp-content\/uploads\/2026\/03\/31141043\/1-Facebook_1200x630-copia-2-6.jpg\" \/>\n\t<meta property=\"og:image:width\" content=\"1200\" \/>\n\t<meta property=\"og:image:height\" content=\"630\" \/>\n\t<meta property=\"og:image:type\" content=\"image\/jpeg\" \/>\n<meta name=\"author\" content=\"Aline Damettos\" \/>\n<meta name=\"twitter:card\" content=\"summary_large_image\" \/>\n<meta name=\"twitter:creator\" content=\"@gran_online\" \/>\n<meta name=\"twitter:site\" content=\"@gran_online\" \/>\n<meta name=\"twitter:label1\" content=\"Written by\" \/>\n\t<meta name=\"twitter:data1\" content=\"Aline Damettos\" \/>\n\t<meta name=\"twitter:label2\" content=\"Est. reading time\" \/>\n\t<meta name=\"twitter:data2\" content=\"22 minutos\" \/>\n<script type=\"application\/ld+json\" class=\"yoast-schema-graph\">{\"@context\":\"https:\/\/schema.org\",\"@graph\":[{\"@type\":\"NewsArticle\",\"@id\":\"https:\/\/faculdade.grancursosonline.com.br\/blog\/dia-do-trabalhador\/#article\",\"isPartOf\":{\"@id\":\"https:\/\/faculdade.grancursosonline.com.br\/blog\/dia-do-trabalhador\/\"},\"author\":{\"name\":\"Aline Damettos\",\"@id\":\"https:\/\/faculdade.grancursosonline.com.br\/blog\/#\/schema\/person\/14e0fa771c0614c4b7434ee70589c075\"},\"headline\":\"Dia do Trabalhador: origem, direitos e o que muda no Brasil hoje\",\"datePublished\":\"2026-04-27T20:27:54+00:00\",\"dateModified\":\"2026-04-27T20:27:59+00:00\",\"mainEntityOfPage\":{\"@id\":\"https:\/\/faculdade.grancursosonline.com.br\/blog\/dia-do-trabalhador\/\"},\"wordCount\":1375,\"commentCount\":0,\"publisher\":{\"@id\":\"https:\/\/faculdade.grancursosonline.com.br\/blog\/#organization\"},\"image\":{\"@id\":\"https:\/\/faculdade.grancursosonline.com.br\/blog\/dia-do-trabalhador\/#primaryimage\"},\"thumbnailUrl\":\"https:\/\/blog-es-static.infra.grancursosonline.com.br\/wp-content\/uploads\/2026\/03\/31141043\/1-Facebook_1200x630-copia-2-6.jpg\",\"articleSection\":[\"Atualidades\",\"\u00daltimas Not\u00edcias\"],\"inLanguage\":\"pt-BR\",\"potentialAction\":[{\"@type\":\"CommentAction\",\"name\":\"Comment\",\"target\":[\"https:\/\/faculdade.grancursosonline.com.br\/blog\/dia-do-trabalhador\/#respond\"]}],\"copyrightYear\":\"2026\",\"copyrightHolder\":{\"@id\":\"https:\/\/faculdade.grancursosonline.com.br\/blog\/#organization\"}},{\"@type\":\"WebPage\",\"@id\":\"https:\/\/faculdade.grancursosonline.com.br\/blog\/dia-do-trabalhador\/\",\"url\":\"https:\/\/faculdade.grancursosonline.com.br\/blog\/dia-do-trabalhador\/\",\"name\":\"Dia do Trabalhador: origem, direitos e o que muda no Brasil hoje\",\"isPartOf\":{\"@id\":\"https:\/\/faculdade.grancursosonline.com.br\/blog\/#website\"},\"primaryImageOfPage\":{\"@id\":\"https:\/\/faculdade.grancursosonline.com.br\/blog\/dia-do-trabalhador\/#primaryimage\"},\"image\":{\"@id\":\"https:\/\/faculdade.grancursosonline.com.br\/blog\/dia-do-trabalhador\/#primaryimage\"},\"thumbnailUrl\":\"https:\/\/blog-es-static.infra.grancursosonline.com.br\/wp-content\/uploads\/2026\/03\/31141043\/1-Facebook_1200x630-copia-2-6.jpg\",\"datePublished\":\"2026-04-27T20:27:54+00:00\",\"dateModified\":\"2026-04-27T20:27:59+00:00\",\"description\":\"Conhe\u00e7a a origem do Dia do Trabalhador, as lutas de Chicago, o papel de Vargas e os direitos atuais no feriado de 1\u00ba de maio. Clique!\",\"breadcrumb\":{\"@id\":\"https:\/\/faculdade.grancursosonline.com.br\/blog\/dia-do-trabalhador\/#breadcrumb\"},\"inLanguage\":\"pt-BR\",\"potentialAction\":[{\"@type\":\"ReadAction\",\"target\":[\"https:\/\/faculdade.grancursosonline.com.br\/blog\/dia-do-trabalhador\/\"]}]},{\"@type\":\"ImageObject\",\"inLanguage\":\"pt-BR\",\"@id\":\"https:\/\/faculdade.grancursosonline.com.br\/blog\/dia-do-trabalhador\/#primaryimage\",\"url\":\"https:\/\/blog-es-static.infra.grancursosonline.com.br\/wp-content\/uploads\/2026\/03\/31141043\/1-Facebook_1200x630-copia-2-6.jpg\",\"contentUrl\":\"https:\/\/blog-es-static.infra.grancursosonline.com.br\/wp-content\/uploads\/2026\/03\/31141043\/1-Facebook_1200x630-copia-2-6.jpg\",\"width\":1200,\"height\":630},{\"@type\":\"BreadcrumbList\",\"@id\":\"https:\/\/faculdade.grancursosonline.com.br\/blog\/dia-do-trabalhador\/#breadcrumb\",\"itemListElement\":[{\"@type\":\"ListItem\",\"position\":1,\"name\":\"In\u00edcio\",\"item\":\"https:\/\/faculdade.grancursosonline.com.br\/blog\/\"},{\"@type\":\"ListItem\",\"position\":2,\"name\":\"Atualidades\",\"item\":\"https:\/\/faculdade.grancursosonline.com.br\/blog\/categoria\/atualidades\/\"},{\"@type\":\"ListItem\",\"position\":3,\"name\":\"Dia do Trabalhador: origem, direitos e o que muda no Brasil hoje\"}]},{\"@type\":\"WebSite\",\"@id\":\"https:\/\/faculdade.grancursosonline.com.br\/blog\/#website\",\"url\":\"https:\/\/faculdade.grancursosonline.com.br\/blog\/\",\"name\":\"Blog Gran Faculdade\",\"description\":\"Tudo sobre ensino superior, p\u00f3s-gradua\u00e7\u00e3o, enem e carreira.\",\"publisher\":{\"@id\":\"https:\/\/faculdade.grancursosonline.com.br\/blog\/#organization\"},\"potentialAction\":[{\"@type\":\"SearchAction\",\"target\":{\"@type\":\"EntryPoint\",\"urlTemplate\":\"https:\/\/faculdade.grancursosonline.com.br\/blog\/?s={search_term_string}\"},\"query-input\":{\"@type\":\"PropertyValueSpecification\",\"valueRequired\":true,\"valueName\":\"search_term_string\"}}],\"inLanguage\":\"pt-BR\"},{\"@type\":\"Organization\",\"@id\":\"https:\/\/faculdade.grancursosonline.com.br\/blog\/#organization\",\"name\":\"Gran Cursos Online\",\"url\":\"https:\/\/faculdade.grancursosonline.com.br\/blog\/\",\"logo\":{\"@type\":\"ImageObject\",\"inLanguage\":\"pt-BR\",\"@id\":\"https:\/\/faculdade.grancursosonline.com.br\/blog\/#\/schema\/logo\/image\/\",\"url\":\"https:\/\/blog-es-static.infra.grancursosonline.com.br\/wp-content\/uploads\/2019\/08\/03123934\/logo.png\",\"contentUrl\":\"https:\/\/blog-es-static.infra.grancursosonline.com.br\/wp-content\/uploads\/2019\/08\/03123934\/logo.png\",\"width\":300,\"height\":57,\"caption\":\"Gran Cursos Online\"},\"image\":{\"@id\":\"https:\/\/faculdade.grancursosonline.com.br\/blog\/#\/schema\/logo\/image\/\"},\"sameAs\":[\"https:\/\/www.facebook.com\/grancursosonline\/\",\"https:\/\/x.com\/gran_online\",\"https:\/\/www.instagram.com\/grancursosonline\/\",\"https:\/\/www.youtube.com\/user\/grancursostv\"]},{\"@type\":\"Person\",\"@id\":\"https:\/\/faculdade.grancursosonline.com.br\/blog\/#\/schema\/person\/14e0fa771c0614c4b7434ee70589c075\",\"name\":\"Aline Damettos\",\"url\":\"https:\/\/faculdade.grancursosonline.com.br\/blog\/author\/aline-damettos\/\"}]}<\/script>\n<!-- \/ Yoast SEO Premium plugin. -->","yoast_head_json":{"title":"Dia do Trabalhador: origem, direitos e o que muda no Brasil hoje","description":"Conhe\u00e7a a origem do Dia do Trabalhador, as lutas de Chicago, o papel de Vargas e os direitos atuais no feriado de 1\u00ba de maio. Clique!","robots":{"index":"index","follow":"follow","max-snippet":"max-snippet:-1","max-image-preview":"max-image-preview:large","max-video-preview":"max-video-preview:-1"},"canonical":"https:\/\/faculdade.grancursosonline.com.br\/blog\/dia-do-trabalhador\/","og_locale":"pt_BR","og_type":"article","og_title":"Dia do Trabalhador: origem, direitos e o que muda no Brasil hoje","og_description":"Conhe\u00e7a a origem do Dia do Trabalhador, as lutas de Chicago, o papel de Vargas e os direitos atuais no feriado de 1\u00ba de maio. Clique!","og_url":"https:\/\/faculdade.grancursosonline.com.br\/blog\/dia-do-trabalhador\/","og_site_name":"Blog Gran Faculdade","article_publisher":"https:\/\/www.facebook.com\/grancursosonline\/","article_published_time":"2026-04-27T20:27:54+00:00","article_modified_time":"2026-04-27T20:27:59+00:00","og_image":[{"width":1200,"height":630,"url":"https:\/\/blog-es-static.infra.grancursosonline.com.br\/wp-content\/uploads\/2026\/03\/31141043\/1-Facebook_1200x630-copia-2-6.jpg","type":"image\/jpeg"}],"author":"Aline Damettos","twitter_card":"summary_large_image","twitter_creator":"@gran_online","twitter_site":"@gran_online","twitter_misc":{"Written by":"Aline Damettos","Est. reading time":"22 minutos"},"schema":{"@context":"https:\/\/schema.org","@graph":[{"@type":"NewsArticle","@id":"https:\/\/faculdade.grancursosonline.com.br\/blog\/dia-do-trabalhador\/#article","isPartOf":{"@id":"https:\/\/faculdade.grancursosonline.com.br\/blog\/dia-do-trabalhador\/"},"author":{"name":"Aline Damettos","@id":"https:\/\/faculdade.grancursosonline.com.br\/blog\/#\/schema\/person\/14e0fa771c0614c4b7434ee70589c075"},"headline":"Dia do Trabalhador: origem, direitos e o que muda no Brasil hoje","datePublished":"2026-04-27T20:27:54+00:00","dateModified":"2026-04-27T20:27:59+00:00","mainEntityOfPage":{"@id":"https:\/\/faculdade.grancursosonline.com.br\/blog\/dia-do-trabalhador\/"},"wordCount":1375,"commentCount":0,"publisher":{"@id":"https:\/\/faculdade.grancursosonline.com.br\/blog\/#organization"},"image":{"@id":"https:\/\/faculdade.grancursosonline.com.br\/blog\/dia-do-trabalhador\/#primaryimage"},"thumbnailUrl":"https:\/\/blog-es-static.infra.grancursosonline.com.br\/wp-content\/uploads\/2026\/03\/31141043\/1-Facebook_1200x630-copia-2-6.jpg","articleSection":["Atualidades","\u00daltimas Not\u00edcias"],"inLanguage":"pt-BR","potentialAction":[{"@type":"CommentAction","name":"Comment","target":["https:\/\/faculdade.grancursosonline.com.br\/blog\/dia-do-trabalhador\/#respond"]}],"copyrightYear":"2026","copyrightHolder":{"@id":"https:\/\/faculdade.grancursosonline.com.br\/blog\/#organization"}},{"@type":"WebPage","@id":"https:\/\/faculdade.grancursosonline.com.br\/blog\/dia-do-trabalhador\/","url":"https:\/\/faculdade.grancursosonline.com.br\/blog\/dia-do-trabalhador\/","name":"Dia do Trabalhador: origem, direitos e o que muda no Brasil hoje","isPartOf":{"@id":"https:\/\/faculdade.grancursosonline.com.br\/blog\/#website"},"primaryImageOfPage":{"@id":"https:\/\/faculdade.grancursosonline.com.br\/blog\/dia-do-trabalhador\/#primaryimage"},"image":{"@id":"https:\/\/faculdade.grancursosonline.com.br\/blog\/dia-do-trabalhador\/#primaryimage"},"thumbnailUrl":"https:\/\/blog-es-static.infra.grancursosonline.com.br\/wp-content\/uploads\/2026\/03\/31141043\/1-Facebook_1200x630-copia-2-6.jpg","datePublished":"2026-04-27T20:27:54+00:00","dateModified":"2026-04-27T20:27:59+00:00","description":"Conhe\u00e7a a origem do Dia do Trabalhador, as lutas de Chicago, o papel de Vargas e os direitos atuais no feriado de 1\u00ba de maio. Clique!","breadcrumb":{"@id":"https:\/\/faculdade.grancursosonline.com.br\/blog\/dia-do-trabalhador\/#breadcrumb"},"inLanguage":"pt-BR","potentialAction":[{"@type":"ReadAction","target":["https:\/\/faculdade.grancursosonline.com.br\/blog\/dia-do-trabalhador\/"]}]},{"@type":"ImageObject","inLanguage":"pt-BR","@id":"https:\/\/faculdade.grancursosonline.com.br\/blog\/dia-do-trabalhador\/#primaryimage","url":"https:\/\/blog-es-static.infra.grancursosonline.com.br\/wp-content\/uploads\/2026\/03\/31141043\/1-Facebook_1200x630-copia-2-6.jpg","contentUrl":"https:\/\/blog-es-static.infra.grancursosonline.com.br\/wp-content\/uploads\/2026\/03\/31141043\/1-Facebook_1200x630-copia-2-6.jpg","width":1200,"height":630},{"@type":"BreadcrumbList","@id":"https:\/\/faculdade.grancursosonline.com.br\/blog\/dia-do-trabalhador\/#breadcrumb","itemListElement":[{"@type":"ListItem","position":1,"name":"In\u00edcio","item":"https:\/\/faculdade.grancursosonline.com.br\/blog\/"},{"@type":"ListItem","position":2,"name":"Atualidades","item":"https:\/\/faculdade.grancursosonline.com.br\/blog\/categoria\/atualidades\/"},{"@type":"ListItem","position":3,"name":"Dia do Trabalhador: origem, direitos e o que muda no Brasil hoje"}]},{"@type":"WebSite","@id":"https:\/\/faculdade.grancursosonline.com.br\/blog\/#website","url":"https:\/\/faculdade.grancursosonline.com.br\/blog\/","name":"Blog Gran Faculdade","description":"Tudo sobre ensino superior, p\u00f3s-gradua\u00e7\u00e3o, enem e carreira.","publisher":{"@id":"https:\/\/faculdade.grancursosonline.com.br\/blog\/#organization"},"potentialAction":[{"@type":"SearchAction","target":{"@type":"EntryPoint","urlTemplate":"https:\/\/faculdade.grancursosonline.com.br\/blog\/?s={search_term_string}"},"query-input":{"@type":"PropertyValueSpecification","valueRequired":true,"valueName":"search_term_string"}}],"inLanguage":"pt-BR"},{"@type":"Organization","@id":"https:\/\/faculdade.grancursosonline.com.br\/blog\/#organization","name":"Gran Cursos Online","url":"https:\/\/faculdade.grancursosonline.com.br\/blog\/","logo":{"@type":"ImageObject","inLanguage":"pt-BR","@id":"https:\/\/faculdade.grancursosonline.com.br\/blog\/#\/schema\/logo\/image\/","url":"https:\/\/blog-es-static.infra.grancursosonline.com.br\/wp-content\/uploads\/2019\/08\/03123934\/logo.png","contentUrl":"https:\/\/blog-es-static.infra.grancursosonline.com.br\/wp-content\/uploads\/2019\/08\/03123934\/logo.png","width":300,"height":57,"caption":"Gran Cursos Online"},"image":{"@id":"https:\/\/faculdade.grancursosonline.com.br\/blog\/#\/schema\/logo\/image\/"},"sameAs":["https:\/\/www.facebook.com\/grancursosonline\/","https:\/\/x.com\/gran_online","https:\/\/www.instagram.com\/grancursosonline\/","https:\/\/www.youtube.com\/user\/grancursostv"]},{"@type":"Person","@id":"https:\/\/faculdade.grancursosonline.com.br\/blog\/#\/schema\/person\/14e0fa771c0614c4b7434ee70589c075","name":"Aline Damettos","url":"https:\/\/faculdade.grancursosonline.com.br\/blog\/author\/aline-damettos\/"}]}},"_links":{"self":[{"href":"https:\/\/faculdade.grancursosonline.com.br\/blog\/wp-json\/wp\/v2\/posts\/79764556","targetHints":{"allow":["GET"]}}],"collection":[{"href":"https:\/\/faculdade.grancursosonline.com.br\/blog\/wp-json\/wp\/v2\/posts"}],"about":[{"href":"https:\/\/faculdade.grancursosonline.com.br\/blog\/wp-json\/wp\/v2\/types\/post"}],"author":[{"embeddable":true,"href":"https:\/\/faculdade.grancursosonline.com.br\/blog\/wp-json\/wp\/v2\/users\/525"}],"replies":[{"embeddable":true,"href":"https:\/\/faculdade.grancursosonline.com.br\/blog\/wp-json\/wp\/v2\/comments?post=79764556"}],"version-history":[{"count":2,"href":"https:\/\/faculdade.grancursosonline.com.br\/blog\/wp-json\/wp\/v2\/posts\/79764556\/revisions"}],"predecessor-version":[{"id":79764559,"href":"https:\/\/faculdade.grancursosonline.com.br\/blog\/wp-json\/wp\/v2\/posts\/79764556\/revisions\/79764559"}],"wp:featuredmedia":[{"embeddable":true,"href":"https:\/\/faculdade.grancursosonline.com.br\/blog\/wp-json\/wp\/v2\/media\/79763857"}],"wp:attachment":[{"href":"https:\/\/faculdade.grancursosonline.com.br\/blog\/wp-json\/wp\/v2\/media?parent=79764556"}],"wp:term":[{"taxonomy":"category","embeddable":true,"href":"https:\/\/faculdade.grancursosonline.com.br\/blog\/wp-json\/wp\/v2\/categories?post=79764556"},{"taxonomy":"post_tag","embeddable":true,"href":"https:\/\/faculdade.grancursosonline.com.br\/blog\/wp-json\/wp\/v2\/tags?post=79764556"}],"curies":[{"name":"wp","href":"https:\/\/api.w.org\/{rel}","templated":true}]}}