{"id":79764571,"date":"2026-04-27T18:08:50","date_gmt":"2026-04-27T21:08:50","guid":{"rendered":"https:\/\/faculdade.grancursosonline.com.br\/blog\/?p=79764571"},"modified":"2026-04-27T18:09:03","modified_gmt":"2026-04-27T21:09:03","slug":"educacao-permanente","status":"publish","type":"post","link":"https:\/\/faculdade.grancursosonline.com.br\/blog\/educacao-permanente\/","title":{"rendered":"Educa\u00e7\u00e3o permanente: o que \u00e9 e qual sua import\u00e2ncia para a carreira"},"content":{"rendered":"\n<p>Muitas pessoas acreditam que a aprendizagem termina quando recebemos o diploma, mas o mercado de trabalho prova o contr\u00e1rio. A educa\u00e7\u00e3o permanente surge como uma estrat\u00e9gia onde o pr\u00f3prio ambiente de trabalho se torna uma sala de aula din\u00e2mica.&nbsp;<\/p>\n\n\n\n<p>Diferente de cursos isolados, ela foca em transformar o dia a dia e resolver problemas reais enquanto eles acontecem. Entender esse conceito \u00e9 o que separa profissionais estagnados daqueles que lideram grandes transforma\u00e7\u00f5es.&nbsp;<\/p>\n\n\n\n<p class=\"has-text-align-center\"><a href=\"https:\/\/pos.grancursosonline.com.br\/\" target=\"_blank\" rel=\"noopener\"><strong>Quero ter meu diploma de P\u00f3s ainda este ano<\/strong><\/a><\/p>\n\n\n\n<p>Seja na sa\u00fade, na tecnologia ou no mundo corporativo, o foco agora \u00e9 aprender com a pr\u00e1tica e para a pr\u00e1tica. Vamos entender como essa mentalidade pode ser o combust\u00edvel que falta para a sua evolu\u00e7\u00e3o na carreira.&nbsp;<\/p>\n\n\n\n<p>Acompanhe na \u00edntegra ou navegue pelo \u00edndice se preferir:<\/p>\n\n\n\n<ul class=\"wp-block-list\">\n<li><a href=\"#h-o-que-e-educacao-permanente-e-como-ela-funciona-na-pratica\" type=\"internal\" id=\"#h-o-que-e-educacao-permanente-e-como-ela-funciona-na-pratica\">O que \u00e9 educa\u00e7\u00e3o permanente e como ela funciona na pr\u00e1tica?<\/a><\/li>\n\n\n\n<li><a href=\"#h-diferenca-entre-educacao-continuada-e-permanente-voce-sabe-qual-esta-praticando\" type=\"internal\" id=\"#h-diferenca-entre-educacao-continuada-e-permanente-voce-sabe-qual-esta-praticando\">Diferen\u00e7a entre educa\u00e7\u00e3o continuada e permanente: voc\u00ea sabe qual est\u00e1 praticando?<\/a><\/li>\n\n\n\n<li><a href=\"#educacao-permanente-no-SUS-o-pilar-da-saude-publica-brasileira\" type=\"internal\" id=\"#educacao-permanente-no-SUS-o-pilar-da-saude-publica-brasileira\">Educa\u00e7\u00e3o permanente no SUS: o pilar da sa\u00fade p\u00fablica brasileira<\/a><\/li>\n\n\n\n<li><a href=\"#a-importancia-da-educacao-permanente-para-a-sua-carreira-em-2026\" type=\"internal\" id=\"#a-importancia-da-educacao-permanente-para-a-sua-carreira-em-2026\">A import\u00e2ncia da educa\u00e7\u00e3o permanente para a sua carreira em 2026<\/a><\/li>\n\n\n\n<li><a href=\"#como-as-empresas-estao-aplicando-isso-e-como-voce-pode-comecar\" type=\"internal\" id=\"#como-as-empresas-estao-aplicando-isso-e-como-voce-pode-comecar\">Como as empresas est\u00e3o aplicando isso (e como voc\u00ea pode come\u00e7ar)<\/a><\/li>\n\n\n\n<li><a href=\"#onde-encontrar-qualificacao-para-atuar-na-gestao-do-conhecimento\" type=\"internal\" id=\"#onde-encontrar-qualificacao-para-atuar-na-gestao-do-conhecimento\">Onde encontrar qualifica\u00e7\u00e3o para atuar na gest\u00e3o do conhecimento?<\/a><\/li>\n\n\n\n<li><a href=\"#h-perguntas-frequentes-educacao-permanente\" type=\"internal\" id=\"#h-perguntas-frequentes-educacao-permanente\">Perguntas frequentes: educa\u00e7\u00e3o permanente<\/a><\/li>\n<\/ul>\n\n\n\n<h2 class=\"wp-block-heading\" id=\"h-o-que-e-educacao-permanente-e-como-ela-funciona-na-pratica\"><strong>O que \u00e9 educa\u00e7\u00e3o permanente e como ela funciona na pr\u00e1tica?<\/strong><\/h2>\n\n\n\n<p>Ao contr\u00e1rio do que muitos pensam, a educa\u00e7\u00e3o permanente n\u00e3o \u00e9 apenas &#8220;fazer mais cursos&#8221;. Ela \u00e9 um conceito que coloca o trabalho no centro da aprendizagem. A ideia \u00e9 que os profissionais analisem suas pr\u00f3prias rotinas, identifiquem falhas ou gargalos e busquem solu\u00e7\u00f5es coletivas para esses desafios.<\/p>\n\n\n\n<p>\u00c9 o que chamamos de <strong>aprendizagem no trabalho<\/strong>. Em vez de sair da empresa para aprender algo te\u00f3rico, voc\u00ea aprende enquanto executa, refletindo sobre o que faz.&nbsp;<\/p>\n\n\n\n<p>Isso cria uma <strong>gest\u00e3o do conhecimento<\/strong> org\u00e2nica, onde a equipe evolui junto com a organiza\u00e7\u00e3o, transformando a experi\u00eancia di\u00e1ria em qualifica\u00e7\u00e3o profissional constante.<\/p>\n\n\n\n<h2 class=\"wp-block-heading\" id=\"h-diferenca-entre-educacao-continuada-e-permanente-voce-sabe-qual-esta-praticando\"><strong>Diferen\u00e7a entre educa\u00e7\u00e3o continuada e permanente: voc\u00ea sabe qual est\u00e1 praticando?<\/strong><\/h2>\n\n\n\n<p>Essa \u00e9 uma das d\u00favidas mais comuns e entender a distin\u00e7\u00e3o \u00e9 fundamental para planejar seu crescimento:<\/p>\n\n\n\n<ul class=\"wp-block-list\">\n<li><strong>Educa\u00e7\u00e3o Continuada:<\/strong> Foca em atualiza\u00e7\u00f5es pontuais e lineares. \u00c9 o curso de p\u00f3s-gradua\u00e7\u00e3o, o workshop de um final de semana ou a certifica\u00e7\u00e3o em uma nova ferramenta. Ela serve para &#8220;atualizar o estoque&#8221; de conhecimento.<\/li>\n\n\n\n<li><strong>Educa\u00e7\u00e3o Permanente:<\/strong> \u00c9 um processo cont\u00ednuo e transformador. Ela n\u00e3o foca apenas na t\u00e9cnica, mas na mudan\u00e7a de comportamento e na melhoria dos processos. Enquanto a continuada \u00e9 individual e te\u00f3rica, a permanente \u00e9 coletiva e pr\u00e1tica.<\/li>\n<\/ul>\n\n\n\n<figure class=\"wp-block-table\"><div class=\"container-tabela\"><table class=\"has-fixed-layout\"><tbody><tr><td>Caracter\u00edstica<\/td><td>Educa\u00e7\u00e3o continuada<\/td><td>Educa\u00e7\u00e3o permanente<\/td><\/tr><tr><td>Ponto de partida<\/td><td>Novas descobertas cient\u00edficas<\/td><td>Problemas no dia a dia no trabalho<\/td><\/tr><tr><td>P\u00fablico<\/td><td>Geralmente individual<\/td><td>Equipes e grupos de trabalho<\/td><\/tr><tr><td>Frequ\u00eancia<\/td><td>Peri\u00f3dica (cursos, eventos)<\/td><td>Fluxo cont\u00ednuo (di\u00e1rio)<\/td><\/tr><tr><td>Objetivo<\/td><td>Atualiza\u00e7\u00e3o de conhecimentos<\/td><td>Transforma\u00e7\u00e3o das pr\u00e1ticas reais<\/td><\/tr><\/tbody><\/table><\/div><\/figure>\n\n\n\n<h2 class=\"wp-block-heading\" id=\"educacao-permanente-no-SUS-o-pilar-da-saude-publica-brasileira\"><strong>Educa\u00e7\u00e3o permanente no SUS: o pilar da sa\u00fade p\u00fablica brasileira<\/strong><\/h2>\n\n\n\n<p>Se voc\u00ea \u00e9 da \u00e1rea de sa\u00fade ou enfermagem, com certeza j\u00e1 ouviu esse termo. A <strong>Pol\u00edtica Nacional de Educa\u00e7\u00e3o Permanente em Sa\u00fade<\/strong> (PNEPS) \u00e9 a diretriz que rege o <a href=\"https:\/\/faculdade.grancursosonline.com.br\/blog\/sus-como-se-especializar-para-atuar\/\" target=\"_blank\" rel=\"noopener\"><strong>SUS<\/strong><\/a> (Sistema \u00danico de Sa\u00fade).<\/p>\n\n\n\n<p>O objetivo aqui \u00e9 que os profissionais de sa\u00fade n\u00e3o apenas sigam protocolos, mas pensem criticamente sobre o atendimento \u00e0 popula\u00e7\u00e3o. Isso melhora o diagn\u00f3stico, humaniza o tratamento e reduz erros operacionais.&nbsp;<\/p>\n\n\n\n<p>Para quem busca carreira p\u00fablica ou em grandes redes hospitalares, dominar esses conceitos de <strong>educa\u00e7\u00e3o em servi\u00e7o<\/strong> \u00e9 um diferencial enorme em processos seletivos.<\/p>\n\n\n\n<h2 class=\"wp-block-heading\" id=\"a-importancia-da-educacao-permanente-para-a-sua-carreira-em-2026\"><strong>A import\u00e2ncia da educa\u00e7\u00e3o permanente para a sua carreira em 2026<\/strong><\/h2>\n\n\n\n<p>Por que investir tempo nisso? Porque as empresas n\u00e3o buscam mais apenas &#8220;quem sabe fazer&#8221;, mas quem tem capacidade de aprender e se adaptar. Confira motivos para abra\u00e7ar a educa\u00e7\u00e3o permanente:<\/p>\n\n\n\n<ol class=\"wp-block-list\">\n<li><strong>Resolu\u00e7\u00e3o de problemas:<\/strong> voc\u00ea se torna algu\u00e9m que traz solu\u00e7\u00f5es, n\u00e3o apenas problemas;<\/li>\n\n\n\n<li><strong>Redu\u00e7\u00e3o de erros:<\/strong> ao refletir sobre a pr\u00e1tica, as falhas recorrentes na f\u00e1brica ou no escrit\u00f3rio diminuem drasticamente;<\/li>\n\n\n\n<li><strong>Valoriza\u00e7\u00e3o de mercado:<\/strong> profissionais que participam ativamente de programas de <strong>T&amp;D<\/strong> (Treinamento e Desenvolvimento) s\u00e3o vistos como potenciais l\u00edderes;<\/li>\n\n\n\n<li><strong>Inova\u00e7\u00e3o:<\/strong> a educa\u00e7\u00e3o permanente \u00e9 o terreno f\u00e9rtil para novas ideias que otimizam processos e reduzem custos.<\/li>\n<\/ol>\n\n\n\n<h2 class=\"wp-block-heading\" id=\"como-as-empresas-estao-aplicando-isso-e-como-voce-pode-comecar\"><strong>Como as empresas est\u00e3o aplicando isso (e como voc\u00ea pode come\u00e7ar)<\/strong><\/h2>\n\n\n\n<p>Grandes corpora\u00e7\u00f5es j\u00e1 entenderam que o treinamento obrigat\u00f3rio e chato n\u00e3o traz resultados. Por isso, est\u00e3o investindo em <a href=\"https:\/\/faculdade.grancursosonline.com.br\/blog\/trilhas-de-aprendizagem\/\" target=\"_blank\" rel=\"noopener\"><strong>trilhas de aprendizagem<\/strong><\/a> personalizadas e metodologias ativas.<\/p>\n\n\n\n<p>Se voc\u00ea tem uma pequena empresa ou lidera uma equipe, pode come\u00e7ar aplicando o diagn\u00f3stico de compet\u00eancias: pergunte ao seu time o que trava o trabalho deles hoje.&nbsp;<\/p>\n\n\n\n<p>A partir dessa resposta, crie momentos de troca de conhecimento. Isso tem baixo custo e um <strong>ROI<\/strong> (retorno sobre investimento) alt\u00edssimo, pois o conhecimento fica dentro da casa.<\/p>\n\n\n\n<h2 class=\"wp-block-heading\" id=\"onde-encontrar-qualificacao-para-atuar-na-gestao-do-conhecimento\"><strong>Onde encontrar qualifica\u00e7\u00e3o para atuar na gest\u00e3o do conhecimento?<\/strong><\/h2>\n\n\n\n<p>Para quem quer se especializar e liderar esses processos, o caminho \u00e9 buscar forma\u00e7\u00f5es que unam a teoria acad\u00eamica com a realidade do mercado.&nbsp;<\/p>\n\n\n\n<p>Na Gran Faculdade, nossos cursos s\u00e3o desenhados para que voc\u00ea consiga aplicar o que aprendeu logo na primeira segunda-feira ap\u00f3s a aula.<\/p>\n\n\n\n<p>Seja em Gest\u00e3o de RH, Sa\u00fade P\u00fablica ou Administra\u00e7\u00e3o, o foco \u00e9 te preparar para ser esse profissional transformador que o mercado de trabalho atual tanto precisa.<\/p>\n\n\n\n<h2 class=\"wp-block-heading\" id=\"h-perguntas-frequentes-educacao-permanente\"><strong>Perguntas frequentes: educa\u00e7\u00e3o permanente<\/strong><\/h2>\n\n\n\n<h3 class=\"wp-block-heading\"><strong>1. Qual a diferen\u00e7a pr\u00e1tica entre treinamento e desenvolvimento humano?<\/strong><\/h3>\n\n\n\n<p>O treinamento \u00e9 focado no &#8220;como fazer&#8221; (habilidade t\u00e9cnica para uma tarefa imediata). J\u00e1 o desenvolvimento humano foca no &#8220;quem voc\u00ea \u00e9&#8221; e no seu potencial de longo prazo, preparando voc\u00ea para cargos e desafios que ainda vir\u00e3o.<\/p>\n\n\n\n<h3 class=\"wp-block-heading\"><strong>2. Como medir o retorno (ROI) em treinamentos de funcion\u00e1rios?<\/strong><\/h3>\n\n\n\n<p>O c\u00e1lculo \u00e9 feito comparando o custo do treinamento com a economia gerada (menos desperd\u00edcio, menos erros) ou o aumento de lucro (vendas mais assertivas). Se um treinamento custou R$1.000 e evitou um erro de R$5.000, o retorno \u00e9 evidente.<\/p>\n\n\n\n<h3 class=\"wp-block-heading\"><strong>3. Minha empresa \u00e9 pequena, como aplicar educa\u00e7\u00e3o permanente com baixo custo?<\/strong><\/h3>\n\n\n\n<p>Comece com &#8220;reuni\u00f5es de li\u00e7\u00f5es aprendidas&#8221;. Uma vez por semana, a equipe se re\u00fane por 30 minutos para discutir um problema ocorrido e como evit\u00e1-lo. O aprendizado vem da troca de experi\u00eancias entre quem j\u00e1 est\u00e1 no &#8220;campo de batalha&#8221;.<\/p>\n\n\n\n<h3 class=\"wp-block-heading\"><strong>4. Quais ferramentas de IA ajudam na gest\u00e3o do conhecimento?<\/strong><\/h3>\n\n\n\n<p>Em 2026, usamos assistentes virtuais que organizam as d\u00favidas frequentes dos funcion\u00e1rios e plataformas que sugerem conte\u00fados de estudo baseados nas dificuldades que o colaborador apresenta no sistema da empresa.<\/p>\n\n\n\n<h3 class=\"wp-block-heading\"><strong>5. Como motivar funcion\u00e1rios antigos a participarem desses programas?<\/strong><\/h3>\n\n\n\n<p>O segredo \u00e9 mostrar que a educa\u00e7\u00e3o permanente facilita a vida deles. Em vez de &#8220;mais uma tarefa&#8221;, ela deve ser apresentada como uma forma de remover os obst\u00e1culos que geram estresse e retrabalho no dia a dia.<\/p>\n\n\n\n<h3 class=\"wp-block-heading\"><strong>6. Educa\u00e7\u00e3o permanente na sa\u00fade: como aplicar conforme as normas do Minist\u00e9rio?<\/strong><\/h3>\n\n\n\n<p>\u00c9 necess\u00e1rio seguir as diretrizes da PNEPS, focando na aprendizagem significativa. Isso envolve criar espa\u00e7os de conversa entre os diferentes profissionais (m\u00e9dicos, enfermeiros, recepcionistas) para que todos entendam o fluxo de cuidado do paciente de forma integral.<\/p>\n\n\n\n<h2 class=\"wp-block-heading\" id=\"h-vem-pra-gran-faculdade\">Vem pra Gran Faculdade!<\/h2>\n\n\n\n<p>A Gran Faculdade vem mudando a vida de milhares de pessoas por meio de cursos \u00e0 dist\u00e2ncia de <a href=\"https:\/\/faculdade.grancursosonline.com.br\/\" target=\"_blank\" rel=\"noreferrer noopener\">gradua\u00e7\u00e3o<\/a>, <a href=\"https:\/\/pos.grancursosonline.com.br\/\" target=\"_blank\" rel=\"noreferrer noopener\">p\u00f3s-gradua\u00e7\u00e3o<\/a> e <a href=\"https:\/\/pos.grancursosonline.com.br\/mba\" target=\"_blank\" rel=\"noreferrer noopener\">MBA<\/a>. Seja no digital ou em nosso <a href=\"https:\/\/presencial.grancursosonline.com.br\/\" target=\"_blank\" rel=\"noreferrer noopener\">Campus Presencial em Curitiba<\/a>, a nossa miss\u00e3o \u00e9 transformar a educa\u00e7\u00e3o superior.<\/p>\n\n\n\n<p>Como parte de Sistema Gran de Ensino, que \u00e9 reconhecido como marca aprovadora h\u00e1 mais de 10 anos, constru\u00edmos uma renomada reputa\u00e7\u00e3o na \u00e1rea de educa\u00e7\u00e3o.<\/p>\n\n\n\n<p>Veja algumas de nossas conquistas:<\/p>\n\n\n\n<ul class=\"wp-block-list\">\n<li>Reconhecido pela Amazon como um dos projetos mais relevantes do mundo na \u00e1rea de Tecnologia e Educa\u00e7\u00e3o;<\/li>\n\n\n\n<li>Foi eleito pelo Project Management Institute (PMI), um dos 50 Projetos Mais Influentes do mundo;<\/li>\n\n\n\n<li>Somos o site de educa\u00e7\u00e3o mais acessado do Brasil;<\/li>\n\n\n\n<li>Somos avaliados com a nota m\u00e1xima pelo MEC;<\/li>\n\n\n\n<li>Aqui o semestre come\u00e7a quando quiser: entrada imediata e cont\u00ednua!<\/li>\n\n\n\n<li>Melhores pre\u00e7os do mercado;<\/li>\n\n\n\n<li>Mais de 800 mil alunos pagantes e mais de 1000 funcion\u00e1rios;<\/li>\n\n\n\n<li>Diversas ferramentas de estudo: PDFs, audiobooks, mapas mentais, videoaulas, quest\u00f5es, gerenciador de estudos e muito mais!<\/li>\n\n\n\n<li>Professores experientes e capacitados;<\/li>\n\n\n\n<li>Acesso imediato e 100% online.<\/li>\n<\/ul>\n\n\n\n<p class=\"has-text-align-center has-text-align-center\"><strong><a href=\"https:\/\/faculdade.grancursosonline.com.br\/\">Quero ser aluno da Gran Faculdade<\/a><\/strong><\/p>\n\n\n\n<div class=\"wp-block-group has-background\" style=\"background-color:#8dd2fc7a\"><div class=\"wp-block-group__inner-container is-layout-constrained wp-block-group-is-layout-constrained\">\n<p><strong>Outras not\u00edcias em destaque:<\/strong><\/p>\n\n\n\n<ul class=\"wp-block-list\">\n<li><a href=\"https:\/\/faculdade.grancursosonline.com.br\/blog\/educacao-e-inovacao\/\" target=\"_blank\" rel=\"noopener\">Educa\u00e7\u00e3o e Inova\u00e7\u00e3o: Cultura Maker, IA e Rob\u00f3tica<\/a><\/li>\n\n\n\n<li><a href=\"https:\/\/faculdade.grancursosonline.com.br\/blog\/hiperfoco\/\" target=\"_blank\" rel=\"noopener\">Hiperfoco: o que \u00e9, causas e como ele afeta o dia a dia?<\/a><\/li>\n\n\n\n<li><a href=\"https:\/\/faculdade.grancursosonline.com.br\/blog\/profissoes-mais-bem-pagas\/\" target=\"_blank\" rel=\"noopener\">Profiss\u00f5es mais bem pagas: descubra quais s\u00e3o!<\/a><\/li>\n<\/ul>\n<\/div><\/div>\n\n\n\n<div class=\"wp-block-group\"><div class=\"wp-block-group__inner-container is-layout-constrained wp-block-group-is-layout-constrained\">\n<div class=\"wp-block-group\"><div class=\"wp-block-group__inner-container is-layout-constrained wp-block-group-is-layout-constrained\">\n<section style=\"text-align: center;\">\n<p>Quer ficar por dentro da Faculdade Digital mais inovadora do Brasil?<\/p>\n<nav>\n<p class=\"has-background has-dark-bluish-background-color\" style=\"font-size: 25px; text-align: center; background: #f0f0f0; color: #ffffff; padding: 4px 0px 4xp 0px;\"><a style=\"color: #0d134c; text-decoration: underline;\" href=\"https:\/\/faculdade.grancursosonline.com.br\/\" target=\"_blank\" rel=\"noopener\">GRADUA\u00c7\u00c3O<\/a><\/p>\n<p class=\"has-background has-dark-bluish-background-color\" style=\"font-size: 25px; text-align: center; background: #f0f0f0; color: #ffffff; padding: 4px 0px 4xp 0px;\"><a style=\"color: #0d134c; text-decoration: underline;\" href=\"https:\/\/pos.grancursosonline.com.br\/\" target=\"_blank\" rel=\"noopener\">P\u00d3S-GRADUA\u00c7\u00c3O<\/a><\/p>\n<p class=\"has-background has-dark-bluish-background-color\" style=\"font-size: 25px; text-align: center; background: #f0f0f0; color: #ffffff; padding: 4px 0px 4xp 0px;\"><a style=\"color: #0d134c; text-decoration: underline;\" href=\"https:\/\/faculdade.grancursosonline.com.br\/nossos-cursos\/\" target=\"_blank\" rel=\"noopener\">TUDO SOBRE A GRAN FACULDADE<\/a><\/p>\n<\/nav>\n<p><strong>Receba <span style=\"color: #cf1e25;\">gratuitamente<\/span> no seu celular as principais not\u00edcias sobre a Gran Faculdade! <br \/>Clique no link abaixo e inscreva-se:<\/strong><\/p>\n<p class=\"has-background has-dark-bluish-background-color\" style=\"font-size: 25px; text-align: center; background: #f0f0f0; color: #ffffff; padding: 4px 0px 4xp 0px;\"><a style=\"color: #0d134c; text-decoration: underline;\" href=\"https:\/\/whatsapp.com\/channel\/0029VaG1sChI7Be7PNndhL43\" target=\"_blank\" rel=\"noopener noreferrer\">WHATSAPP<\/a><\/p>\n<p class=\"has-background has-dark-bluish-background-color\" style=\"font-size: 25px; text-align: center; background: #f0f0f0; color: #ffffff; padding: 4px 0px 4xp 0px;\"><a style=\"color: #0d134c; text-decoration: underline;\" href=\"https:\/\/t.me\/GranFaculdade\" target=\"_blank\" rel=\"noopener noreferrer\">TELEGRAM<\/a><\/p>\n<\/section>\n<\/div><\/div>\n<\/div><\/div>\n","protected":false},"excerpt":{"rendered":"<p>Muitas pessoas acreditam que a aprendizagem termina quando recebemos o diploma, mas o mercado de trabalho prova o contr\u00e1rio. A educa\u00e7\u00e3o permanente surge como uma estrat\u00e9gia onde o pr\u00f3prio ambiente de trabalho se torna uma sala de aula din\u00e2mica.&nbsp; Diferente de cursos isolados, ela foca em transformar o dia a dia e resolver problemas reais&hellip;<\/p>\n","protected":false},"author":514,"featured_media":79764573,"comment_status":"open","ping_status":"open","sticky":false,"template":"","format":"standard","meta":{"_acf_changed":false,"content-type":"","footnotes":""},"categories":[209229,2],"tags":[],"class_list":["post-79764571","post","type-post","status-publish","format-standard","has-post-thumbnail","hentry","category-pos-graduacao","category-ultimas-noticias"],"acf":[],"yoast_head":"<!-- This site is optimized with the Yoast SEO Premium plugin v27.2 (Yoast SEO v27.2) - https:\/\/yoast.com\/product\/yoast-seo-premium-wordpress\/ -->\n<title>Educa\u00e7\u00e3o permanente: o que \u00e9 e qual a import\u00e2ncia para a carreira<\/title>\n<meta name=\"description\" content=\"Descubra a import\u00e2ncia da educa\u00e7\u00e3o permanente na sa\u00fade e no mundo corporativo. Saiba sobre aprendizagem no trabalho e gest\u00e3o do conhecimento\" \/>\n<meta name=\"robots\" content=\"index, follow, max-snippet:-1, max-image-preview:large, max-video-preview:-1\" \/>\n<link rel=\"canonical\" href=\"https:\/\/faculdade.grancursosonline.com.br\/blog\/educacao-permanente\/\" \/>\n<meta property=\"og:locale\" content=\"pt_BR\" \/>\n<meta property=\"og:type\" content=\"article\" \/>\n<meta property=\"og:title\" content=\"Educa\u00e7\u00e3o permanente: o que \u00e9 e qual sua import\u00e2ncia para a carreira\" \/>\n<meta property=\"og:description\" content=\"Descubra a import\u00e2ncia da educa\u00e7\u00e3o permanente na sa\u00fade e no mundo corporativo. Saiba sobre aprendizagem no trabalho e gest\u00e3o do conhecimento\" \/>\n<meta property=\"og:url\" content=\"https:\/\/faculdade.grancursosonline.com.br\/blog\/educacao-permanente\/\" \/>\n<meta property=\"og:site_name\" content=\"Blog Gran Faculdade\" \/>\n<meta property=\"article:publisher\" content=\"https:\/\/www.facebook.com\/grancursosonline\/\" \/>\n<meta property=\"article:published_time\" content=\"2026-04-27T21:08:50+00:00\" \/>\n<meta property=\"article:modified_time\" content=\"2026-04-27T21:09:03+00:00\" \/>\n<meta property=\"og:image\" content=\"https:\/\/blog-es-static.infra.grancursosonline.com.br\/wp-content\/uploads\/2026\/04\/27180650\/1-Facebook_1200x630-copia-1.jpg\" \/>\n\t<meta property=\"og:image:width\" content=\"1200\" \/>\n\t<meta property=\"og:image:height\" content=\"630\" \/>\n\t<meta property=\"og:image:type\" content=\"image\/jpeg\" \/>\n<meta name=\"author\" content=\"Guilherme Henrique\" \/>\n<meta name=\"twitter:card\" content=\"summary_large_image\" \/>\n<meta name=\"twitter:creator\" content=\"@gran_online\" \/>\n<meta name=\"twitter:site\" content=\"@gran_online\" \/>\n<meta name=\"twitter:label1\" content=\"Written by\" \/>\n\t<meta name=\"twitter:data1\" content=\"Guilherme Henrique\" \/>\n\t<meta name=\"twitter:label2\" content=\"Est. reading time\" \/>\n\t<meta name=\"twitter:data2\" content=\"8 minutos\" \/>\n<script type=\"application\/ld+json\" class=\"yoast-schema-graph\">{\"@context\":\"https:\/\/schema.org\",\"@graph\":[{\"@type\":\"NewsArticle\",\"@id\":\"https:\/\/faculdade.grancursosonline.com.br\/blog\/educacao-permanente\/#article\",\"isPartOf\":{\"@id\":\"https:\/\/faculdade.grancursosonline.com.br\/blog\/educacao-permanente\/\"},\"author\":{\"name\":\"Guilherme Henrique\",\"@id\":\"https:\/\/faculdade.grancursosonline.com.br\/blog\/#\/schema\/person\/9745f9b6db8976613c1f439dbcfe717d\"},\"headline\":\"Educa\u00e7\u00e3o permanente: o que \u00e9 e qual sua import\u00e2ncia para a carreira\",\"datePublished\":\"2026-04-27T21:08:50+00:00\",\"dateModified\":\"2026-04-27T21:09:03+00:00\",\"mainEntityOfPage\":{\"@id\":\"https:\/\/faculdade.grancursosonline.com.br\/blog\/educacao-permanente\/\"},\"wordCount\":1292,\"commentCount\":0,\"publisher\":{\"@id\":\"https:\/\/faculdade.grancursosonline.com.br\/blog\/#organization\"},\"image\":{\"@id\":\"https:\/\/faculdade.grancursosonline.com.br\/blog\/educacao-permanente\/#primaryimage\"},\"thumbnailUrl\":\"https:\/\/blog-es-static.infra.grancursosonline.com.br\/wp-content\/uploads\/2026\/04\/27180650\/1-Facebook_1200x630-copia-1.jpg\",\"articleSection\":[\"P\u00f3s-Gradua\u00e7\u00e3o Gran Faculdade\",\"\u00daltimas Not\u00edcias\"],\"inLanguage\":\"pt-BR\",\"potentialAction\":[{\"@type\":\"CommentAction\",\"name\":\"Comment\",\"target\":[\"https:\/\/faculdade.grancursosonline.com.br\/blog\/educacao-permanente\/#respond\"]}],\"copyrightYear\":\"2026\",\"copyrightHolder\":{\"@id\":\"https:\/\/faculdade.grancursosonline.com.br\/blog\/#organization\"}},{\"@type\":\"WebPage\",\"@id\":\"https:\/\/faculdade.grancursosonline.com.br\/blog\/educacao-permanente\/\",\"url\":\"https:\/\/faculdade.grancursosonline.com.br\/blog\/educacao-permanente\/\",\"name\":\"Educa\u00e7\u00e3o permanente: o que \u00e9 e qual a import\u00e2ncia para a carreira\",\"isPartOf\":{\"@id\":\"https:\/\/faculdade.grancursosonline.com.br\/blog\/#website\"},\"primaryImageOfPage\":{\"@id\":\"https:\/\/faculdade.grancursosonline.com.br\/blog\/educacao-permanente\/#primaryimage\"},\"image\":{\"@id\":\"https:\/\/faculdade.grancursosonline.com.br\/blog\/educacao-permanente\/#primaryimage\"},\"thumbnailUrl\":\"https:\/\/blog-es-static.infra.grancursosonline.com.br\/wp-content\/uploads\/2026\/04\/27180650\/1-Facebook_1200x630-copia-1.jpg\",\"datePublished\":\"2026-04-27T21:08:50+00:00\",\"dateModified\":\"2026-04-27T21:09:03+00:00\",\"description\":\"Descubra a import\u00e2ncia da educa\u00e7\u00e3o permanente na sa\u00fade e no mundo corporativo. Saiba sobre aprendizagem no trabalho e gest\u00e3o do conhecimento\",\"breadcrumb\":{\"@id\":\"https:\/\/faculdade.grancursosonline.com.br\/blog\/educacao-permanente\/#breadcrumb\"},\"inLanguage\":\"pt-BR\",\"potentialAction\":[{\"@type\":\"ReadAction\",\"target\":[\"https:\/\/faculdade.grancursosonline.com.br\/blog\/educacao-permanente\/\"]}]},{\"@type\":\"ImageObject\",\"inLanguage\":\"pt-BR\",\"@id\":\"https:\/\/faculdade.grancursosonline.com.br\/blog\/educacao-permanente\/#primaryimage\",\"url\":\"https:\/\/blog-es-static.infra.grancursosonline.com.br\/wp-content\/uploads\/2026\/04\/27180650\/1-Facebook_1200x630-copia-1.jpg\",\"contentUrl\":\"https:\/\/blog-es-static.infra.grancursosonline.com.br\/wp-content\/uploads\/2026\/04\/27180650\/1-Facebook_1200x630-copia-1.jpg\",\"width\":1200,\"height\":630},{\"@type\":\"BreadcrumbList\",\"@id\":\"https:\/\/faculdade.grancursosonline.com.br\/blog\/educacao-permanente\/#breadcrumb\",\"itemListElement\":[{\"@type\":\"ListItem\",\"position\":1,\"name\":\"In\u00edcio\",\"item\":\"https:\/\/faculdade.grancursosonline.com.br\/blog\/\"},{\"@type\":\"ListItem\",\"position\":2,\"name\":\"P\u00f3s-Gradua\u00e7\u00e3o Gran Faculdade\",\"item\":\"https:\/\/faculdade.grancursosonline.com.br\/blog\/pos-graduacao\/\"},{\"@type\":\"ListItem\",\"position\":3,\"name\":\"Educa\u00e7\u00e3o permanente: o que \u00e9 e qual sua import\u00e2ncia para a carreira\"}]},{\"@type\":\"WebSite\",\"@id\":\"https:\/\/faculdade.grancursosonline.com.br\/blog\/#website\",\"url\":\"https:\/\/faculdade.grancursosonline.com.br\/blog\/\",\"name\":\"Blog Gran Faculdade\",\"description\":\"Tudo sobre ensino superior, p\u00f3s-gradua\u00e7\u00e3o, enem e carreira.\",\"publisher\":{\"@id\":\"https:\/\/faculdade.grancursosonline.com.br\/blog\/#organization\"},\"potentialAction\":[{\"@type\":\"SearchAction\",\"target\":{\"@type\":\"EntryPoint\",\"urlTemplate\":\"https:\/\/faculdade.grancursosonline.com.br\/blog\/?s={search_term_string}\"},\"query-input\":{\"@type\":\"PropertyValueSpecification\",\"valueRequired\":true,\"valueName\":\"search_term_string\"}}],\"inLanguage\":\"pt-BR\"},{\"@type\":\"Organization\",\"@id\":\"https:\/\/faculdade.grancursosonline.com.br\/blog\/#organization\",\"name\":\"Gran Cursos Online\",\"url\":\"https:\/\/faculdade.grancursosonline.com.br\/blog\/\",\"logo\":{\"@type\":\"ImageObject\",\"inLanguage\":\"pt-BR\",\"@id\":\"https:\/\/faculdade.grancursosonline.com.br\/blog\/#\/schema\/logo\/image\/\",\"url\":\"https:\/\/blog-es-static.infra.grancursosonline.com.br\/wp-content\/uploads\/2019\/08\/03123934\/logo.png\",\"contentUrl\":\"https:\/\/blog-es-static.infra.grancursosonline.com.br\/wp-content\/uploads\/2019\/08\/03123934\/logo.png\",\"width\":300,\"height\":57,\"caption\":\"Gran Cursos Online\"},\"image\":{\"@id\":\"https:\/\/faculdade.grancursosonline.com.br\/blog\/#\/schema\/logo\/image\/\"},\"sameAs\":[\"https:\/\/www.facebook.com\/grancursosonline\/\",\"https:\/\/x.com\/gran_online\",\"https:\/\/www.instagram.com\/grancursosonline\/\",\"https:\/\/www.youtube.com\/user\/grancursostv\"]},{\"@type\":\"Person\",\"@id\":\"https:\/\/faculdade.grancursosonline.com.br\/blog\/#\/schema\/person\/9745f9b6db8976613c1f439dbcfe717d\",\"name\":\"Guilherme Henrique\",\"url\":\"https:\/\/faculdade.grancursosonline.com.br\/blog\/author\/guilherme-lourenco\/\"}]}<\/script>\n<!-- \/ Yoast SEO Premium plugin. -->","yoast_head_json":{"title":"Educa\u00e7\u00e3o permanente: o que \u00e9 e qual a import\u00e2ncia para a carreira","description":"Descubra a import\u00e2ncia da educa\u00e7\u00e3o permanente na sa\u00fade e no mundo corporativo. Saiba sobre aprendizagem no trabalho e gest\u00e3o do conhecimento","robots":{"index":"index","follow":"follow","max-snippet":"max-snippet:-1","max-image-preview":"max-image-preview:large","max-video-preview":"max-video-preview:-1"},"canonical":"https:\/\/faculdade.grancursosonline.com.br\/blog\/educacao-permanente\/","og_locale":"pt_BR","og_type":"article","og_title":"Educa\u00e7\u00e3o permanente: o que \u00e9 e qual sua import\u00e2ncia para a carreira","og_description":"Descubra a import\u00e2ncia da educa\u00e7\u00e3o permanente na sa\u00fade e no mundo corporativo. Saiba sobre aprendizagem no trabalho e gest\u00e3o do conhecimento","og_url":"https:\/\/faculdade.grancursosonline.com.br\/blog\/educacao-permanente\/","og_site_name":"Blog Gran Faculdade","article_publisher":"https:\/\/www.facebook.com\/grancursosonline\/","article_published_time":"2026-04-27T21:08:50+00:00","article_modified_time":"2026-04-27T21:09:03+00:00","og_image":[{"width":1200,"height":630,"url":"https:\/\/blog-es-static.infra.grancursosonline.com.br\/wp-content\/uploads\/2026\/04\/27180650\/1-Facebook_1200x630-copia-1.jpg","type":"image\/jpeg"}],"author":"Guilherme Henrique","twitter_card":"summary_large_image","twitter_creator":"@gran_online","twitter_site":"@gran_online","twitter_misc":{"Written by":"Guilherme Henrique","Est. reading time":"8 minutos"},"schema":{"@context":"https:\/\/schema.org","@graph":[{"@type":"NewsArticle","@id":"https:\/\/faculdade.grancursosonline.com.br\/blog\/educacao-permanente\/#article","isPartOf":{"@id":"https:\/\/faculdade.grancursosonline.com.br\/blog\/educacao-permanente\/"},"author":{"name":"Guilherme Henrique","@id":"https:\/\/faculdade.grancursosonline.com.br\/blog\/#\/schema\/person\/9745f9b6db8976613c1f439dbcfe717d"},"headline":"Educa\u00e7\u00e3o permanente: o que \u00e9 e qual sua import\u00e2ncia para a carreira","datePublished":"2026-04-27T21:08:50+00:00","dateModified":"2026-04-27T21:09:03+00:00","mainEntityOfPage":{"@id":"https:\/\/faculdade.grancursosonline.com.br\/blog\/educacao-permanente\/"},"wordCount":1292,"commentCount":0,"publisher":{"@id":"https:\/\/faculdade.grancursosonline.com.br\/blog\/#organization"},"image":{"@id":"https:\/\/faculdade.grancursosonline.com.br\/blog\/educacao-permanente\/#primaryimage"},"thumbnailUrl":"https:\/\/blog-es-static.infra.grancursosonline.com.br\/wp-content\/uploads\/2026\/04\/27180650\/1-Facebook_1200x630-copia-1.jpg","articleSection":["P\u00f3s-Gradua\u00e7\u00e3o Gran Faculdade","\u00daltimas Not\u00edcias"],"inLanguage":"pt-BR","potentialAction":[{"@type":"CommentAction","name":"Comment","target":["https:\/\/faculdade.grancursosonline.com.br\/blog\/educacao-permanente\/#respond"]}],"copyrightYear":"2026","copyrightHolder":{"@id":"https:\/\/faculdade.grancursosonline.com.br\/blog\/#organization"}},{"@type":"WebPage","@id":"https:\/\/faculdade.grancursosonline.com.br\/blog\/educacao-permanente\/","url":"https:\/\/faculdade.grancursosonline.com.br\/blog\/educacao-permanente\/","name":"Educa\u00e7\u00e3o permanente: o que \u00e9 e qual a import\u00e2ncia para a carreira","isPartOf":{"@id":"https:\/\/faculdade.grancursosonline.com.br\/blog\/#website"},"primaryImageOfPage":{"@id":"https:\/\/faculdade.grancursosonline.com.br\/blog\/educacao-permanente\/#primaryimage"},"image":{"@id":"https:\/\/faculdade.grancursosonline.com.br\/blog\/educacao-permanente\/#primaryimage"},"thumbnailUrl":"https:\/\/blog-es-static.infra.grancursosonline.com.br\/wp-content\/uploads\/2026\/04\/27180650\/1-Facebook_1200x630-copia-1.jpg","datePublished":"2026-04-27T21:08:50+00:00","dateModified":"2026-04-27T21:09:03+00:00","description":"Descubra a import\u00e2ncia da educa\u00e7\u00e3o permanente na sa\u00fade e no mundo corporativo. Saiba sobre aprendizagem no trabalho e gest\u00e3o do conhecimento","breadcrumb":{"@id":"https:\/\/faculdade.grancursosonline.com.br\/blog\/educacao-permanente\/#breadcrumb"},"inLanguage":"pt-BR","potentialAction":[{"@type":"ReadAction","target":["https:\/\/faculdade.grancursosonline.com.br\/blog\/educacao-permanente\/"]}]},{"@type":"ImageObject","inLanguage":"pt-BR","@id":"https:\/\/faculdade.grancursosonline.com.br\/blog\/educacao-permanente\/#primaryimage","url":"https:\/\/blog-es-static.infra.grancursosonline.com.br\/wp-content\/uploads\/2026\/04\/27180650\/1-Facebook_1200x630-copia-1.jpg","contentUrl":"https:\/\/blog-es-static.infra.grancursosonline.com.br\/wp-content\/uploads\/2026\/04\/27180650\/1-Facebook_1200x630-copia-1.jpg","width":1200,"height":630},{"@type":"BreadcrumbList","@id":"https:\/\/faculdade.grancursosonline.com.br\/blog\/educacao-permanente\/#breadcrumb","itemListElement":[{"@type":"ListItem","position":1,"name":"In\u00edcio","item":"https:\/\/faculdade.grancursosonline.com.br\/blog\/"},{"@type":"ListItem","position":2,"name":"P\u00f3s-Gradua\u00e7\u00e3o Gran Faculdade","item":"https:\/\/faculdade.grancursosonline.com.br\/blog\/pos-graduacao\/"},{"@type":"ListItem","position":3,"name":"Educa\u00e7\u00e3o permanente: o que \u00e9 e qual sua import\u00e2ncia para a carreira"}]},{"@type":"WebSite","@id":"https:\/\/faculdade.grancursosonline.com.br\/blog\/#website","url":"https:\/\/faculdade.grancursosonline.com.br\/blog\/","name":"Blog Gran Faculdade","description":"Tudo sobre ensino superior, p\u00f3s-gradua\u00e7\u00e3o, enem e carreira.","publisher":{"@id":"https:\/\/faculdade.grancursosonline.com.br\/blog\/#organization"},"potentialAction":[{"@type":"SearchAction","target":{"@type":"EntryPoint","urlTemplate":"https:\/\/faculdade.grancursosonline.com.br\/blog\/?s={search_term_string}"},"query-input":{"@type":"PropertyValueSpecification","valueRequired":true,"valueName":"search_term_string"}}],"inLanguage":"pt-BR"},{"@type":"Organization","@id":"https:\/\/faculdade.grancursosonline.com.br\/blog\/#organization","name":"Gran Cursos Online","url":"https:\/\/faculdade.grancursosonline.com.br\/blog\/","logo":{"@type":"ImageObject","inLanguage":"pt-BR","@id":"https:\/\/faculdade.grancursosonline.com.br\/blog\/#\/schema\/logo\/image\/","url":"https:\/\/blog-es-static.infra.grancursosonline.com.br\/wp-content\/uploads\/2019\/08\/03123934\/logo.png","contentUrl":"https:\/\/blog-es-static.infra.grancursosonline.com.br\/wp-content\/uploads\/2019\/08\/03123934\/logo.png","width":300,"height":57,"caption":"Gran Cursos Online"},"image":{"@id":"https:\/\/faculdade.grancursosonline.com.br\/blog\/#\/schema\/logo\/image\/"},"sameAs":["https:\/\/www.facebook.com\/grancursosonline\/","https:\/\/x.com\/gran_online","https:\/\/www.instagram.com\/grancursosonline\/","https:\/\/www.youtube.com\/user\/grancursostv"]},{"@type":"Person","@id":"https:\/\/faculdade.grancursosonline.com.br\/blog\/#\/schema\/person\/9745f9b6db8976613c1f439dbcfe717d","name":"Guilherme Henrique","url":"https:\/\/faculdade.grancursosonline.com.br\/blog\/author\/guilherme-lourenco\/"}]}},"_links":{"self":[{"href":"https:\/\/faculdade.grancursosonline.com.br\/blog\/wp-json\/wp\/v2\/posts\/79764571","targetHints":{"allow":["GET"]}}],"collection":[{"href":"https:\/\/faculdade.grancursosonline.com.br\/blog\/wp-json\/wp\/v2\/posts"}],"about":[{"href":"https:\/\/faculdade.grancursosonline.com.br\/blog\/wp-json\/wp\/v2\/types\/post"}],"author":[{"embeddable":true,"href":"https:\/\/faculdade.grancursosonline.com.br\/blog\/wp-json\/wp\/v2\/users\/514"}],"replies":[{"embeddable":true,"href":"https:\/\/faculdade.grancursosonline.com.br\/blog\/wp-json\/wp\/v2\/comments?post=79764571"}],"version-history":[{"count":1,"href":"https:\/\/faculdade.grancursosonline.com.br\/blog\/wp-json\/wp\/v2\/posts\/79764571\/revisions"}],"predecessor-version":[{"id":79764574,"href":"https:\/\/faculdade.grancursosonline.com.br\/blog\/wp-json\/wp\/v2\/posts\/79764571\/revisions\/79764574"}],"wp:featuredmedia":[{"embeddable":true,"href":"https:\/\/faculdade.grancursosonline.com.br\/blog\/wp-json\/wp\/v2\/media\/79764573"}],"wp:attachment":[{"href":"https:\/\/faculdade.grancursosonline.com.br\/blog\/wp-json\/wp\/v2\/media?parent=79764571"}],"wp:term":[{"taxonomy":"category","embeddable":true,"href":"https:\/\/faculdade.grancursosonline.com.br\/blog\/wp-json\/wp\/v2\/categories?post=79764571"},{"taxonomy":"post_tag","embeddable":true,"href":"https:\/\/faculdade.grancursosonline.com.br\/blog\/wp-json\/wp\/v2\/tags?post=79764571"}],"curies":[{"name":"wp","href":"https:\/\/api.w.org\/{rel}","templated":true}]}}