{"id":79764592,"date":"2026-04-28T14:58:24","date_gmt":"2026-04-28T17:58:24","guid":{"rendered":"https:\/\/faculdade.grancursosonline.com.br\/blog\/?p=79764592"},"modified":"2026-04-28T14:58:30","modified_gmt":"2026-04-28T17:58:30","slug":"estagio-bayer-2026","status":"publish","type":"post","link":"https:\/\/faculdade.grancursosonline.com.br\/blog\/estagio-bayer-2026\/","title":{"rendered":"Est\u00e1gio Bayer 2026: inscri\u00e7\u00f5es abertas com vagas em diversas \u00e1reas e cidades"},"content":{"rendered":"\n<p>O Programa de Est\u00e1gio Bayer 2026 est\u00e1 com inscri\u00e7\u00f5es abertas e \u00e9 uma excelente oportunidade para estudantes que desejam iniciar a carreira em uma empresa global focada em sa\u00fade e nutri\u00e7\u00e3o.&nbsp;<\/p>\n\n\n\n<p>A iniciativa oferece oportunidades para ensino superior, superior na \u00e1rea agro e t\u00e9cnico, com atua\u00e7\u00e3o em diferentes localidades do Brasil.<\/p>\n\n\n\n<p>Com foco em inova\u00e7\u00e3o, diversidade e desenvolvimento cont\u00ednuo, o est\u00e1gio oferece aprendizado pr\u00e1tico, trilhas de capacita\u00e7\u00e3o e participa\u00e7\u00e3o em projetos reais. <strong>As inscri\u00e7\u00f5es seguem abertas at\u00e9 o dia 07 de maio de 2026.<\/strong><\/p>\n\n\n\n<p class=\"has-text-align-center\"><a href=\"https:\/\/faculdade.grancursosonline.com.br\/\" target=\"_blank\" rel=\"noopener\"><strong>Quero investir na minha primeira forma\u00e7\u00e3o agora<\/strong><\/a><\/p>\n\n\n\n<p>Saiba mais sobre o programa acompanhando o artigo completo ou navegando pelos t\u00f3picos abaixo:<\/p>\n\n\n\n<ul class=\"wp-block-list\">\n<li><a href=\"#h-conheca-a-bayer\" type=\"internal\" id=\"#h-conheca-a-bayer\">Conhe\u00e7a a Bayer<\/a><\/li>\n\n\n\n<li><a href=\"#h-o-que-e-o-programa-de-estagio-bayer\" type=\"internal\" id=\"#h-o-que-e-o-programa-de-estagio-bayer\">O que \u00e9 o programa de est\u00e1gio Bayer<\/a><\/li>\n\n\n\n<li><a href=\"#h-como-se-inscrever-no-estagio-bayer\" type=\"internal\" id=\"#h-como-se-inscrever-no-estagio-bayer\">Como se inscrever no est\u00e1gio Bayer<\/a><\/li>\n\n\n\n<li><a href=\"#h-areas-e-locais-de-atuacao\" type=\"internal\" id=\"#h-areas-e-locais-de-atuacao\">\u00c1reas e locais de atua\u00e7\u00e3o<\/a><\/li>\n\n\n\n<li><a href=\"#h-beneficios-e-diferenciais-do-estagio\" type=\"internal\" id=\"#h-beneficios-e-diferenciais-do-estagio\">Benef\u00edcios e diferenciais do est\u00e1gio<\/a><\/li>\n\n\n\n<li><a href=\"#h-pre-requisitos-para-participar\" type=\"internal\" id=\"#h-pre-requisitos-para-participar\">Pr\u00e9-requisitos para participar<\/a><\/li>\n\n\n\n<li><a href=\"#h-etapas-do-processo-seletivo\" type=\"internal\" id=\"#h-etapas-do-processo-seletivo\">Etapas do processo seletivo<\/a><\/li>\n<\/ul>\n\n\n\n<h2 class=\"wp-block-heading\" id=\"h-conheca-a-bayer\"><strong>Conhe\u00e7a a Bayer<\/strong><\/h2>\n\n\n\n<p>A Bayer \u00e9 uma empresa global que atua na linha de frente de dois dos maiores desafios da humanidade: sa\u00fade e nutri\u00e7\u00e3o. Com a miss\u00e3o &#8220;Sa\u00fade para todos, fome para ningu\u00e9m&#8221;, a companhia desenvolve solu\u00e7\u00f5es baseadas em ci\u00eancia e inova\u00e7\u00e3o para transformar a vida das pessoas.<\/p>\n\n\n\n<p>A empresa est\u00e1 presente no Brasil desde 1896 e hoje conta com milhares de colaboradores distribu\u00eddos em diversas unidades. Globalmente, a organiza\u00e7\u00e3o atua em mais de 80 pa\u00edses, com forte presen\u00e7a nas \u00e1reas de Sa\u00fade do Consumidor, Farmac\u00eautica, Ci\u00eancias Agr\u00edcolas e \u00c1reas Corporativas.<\/p>\n\n\n\n<p>Trabalhar na Bayer significa fazer parte de um ambiente que valoriza diversidade, autonomia e desenvolvimento cont\u00ednuo. A companhia investe em programas de aprendizagem, cultura inclusiva e oportunidades de crescimento profissional, incentivando novos talentos a contribu\u00edrem com solu\u00e7\u00f5es sustent\u00e1veis para o futuro.<\/p>\n\n\n\n<h2 class=\"wp-block-heading\" id=\"h-o-que-e-o-programa-de-estagio-bayer\"><strong>O que \u00e9 o programa de est\u00e1gio Bayer<\/strong><\/h2>\n\n\n\n<p>O Programa de Est\u00e1gio Bayer \u00e9 voltado para estudantes que desejam aprender na pr\u00e1tica e participar de projetos com impacto real. Durante a jornada, o estagi\u00e1rio poder\u00e1 atuar nas divis\u00f5es de Sa\u00fade do Consumidor, \u00c1reas Corporativas, Farmac\u00eautica e Ci\u00eancias Agr\u00edcolas.<\/p>\n\n\n\n<p>O programa tamb\u00e9m oferece trilhas estruturadas de desenvolvimento, com m\u00f3dulos como Mundo Bayer, Transforma\u00e7\u00e3o Digital, Carreira e Performance, Inova\u00e7\u00e3o, Intelig\u00eancia Emocional e Vis\u00e3o de Projetos.&nbsp;<\/p>\n\n\n\n<p>Al\u00e9m disso, o estagi\u00e1rio ter\u00e1 acesso a experi\u00eancias pr\u00e1ticas, aprendizagem em grupo e desenvolvimento on the job.<\/p>\n\n\n\n<p>A Bayer tamb\u00e9m incentiva a diversidade por meio de grupos de afinidade focados em equidade de g\u00eanero, diversidade racial, inclus\u00e3o LGBTQIA+, pessoas com defici\u00eancia e diversidade geracional. As inscri\u00e7\u00f5es devem ser feitas pelo link: https:\/\/ciadetalentos.com.br\/estagionovostalentos\/.<\/p>\n\n\n\n<h2 class=\"wp-block-heading\" id=\"h-como-se-inscrever-no-estagio-bayer\"><strong>Como se inscrever no est\u00e1gio Bayer<\/strong><\/h2>\n\n\n\n<p>As inscri\u00e7\u00f5es para o Programa de Est\u00e1gio Bayer 2026 est\u00e3o abertas at\u00e9 o dia 07 de maio de 2026. Para participar, o candidato deve acessar o portal oficial do processo seletivo e preencher o formul\u00e1rio com seus dados.<\/p>\n\n\n\n<p>Ap\u00f3s a inscri\u00e7\u00e3o, os candidatos seguem para as etapas avaliativas conforme o cronograma do programa. O in\u00edcio do est\u00e1gio est\u00e1 previsto para agosto de 2026.<\/p>\n\n\n\n<p>Se voc\u00ea busca uma oportunidade para desenvolver sua carreira em uma empresa global e inovadora, o est\u00e1gio Bayer pode ser o primeiro passo dessa jornada profissional.<\/p>\n\n\n\n<h2 class=\"wp-block-heading\" id=\"h-areas-e-locais-de-atuacao\"><strong>\u00c1reas e locais de atua\u00e7\u00e3o<\/strong><\/h2>\n\n\n\n<p>O programa oferece oportunidades em tr\u00eas modalidades: ensino superior, superior na \u00e1rea agro e t\u00e9cnico. As vagas est\u00e3o distribu\u00eddas em diversas cidades do Brasil, permitindo atua\u00e7\u00e3o em diferentes \u00e1reas da companhia.<\/p>\n\n\n\n<p>Entre as principais localidades est\u00e3o:<\/p>\n\n\n\n<ul class=\"wp-block-list\">\n<li>S\u00e3o Paulo<\/li>\n\n\n\n<li>Paul\u00ednia<\/li>\n\n\n\n<li>S\u00e3o Jos\u00e9 dos Campos<\/li>\n\n\n\n<li>Ribeir\u00e3o Preto<\/li>\n\n\n\n<li>Uberl\u00e2ndia<\/li>\n\n\n\n<li>Paracatu<\/li>\n\n\n\n<li>Rio Verde<\/li>\n\n\n\n<li>Cuiab\u00e1<\/li>\n\n\n\n<li>Campo Verde<\/li>\n\n\n\n<li>Passo Fundo<\/li>\n\n\n\n<li>Bras\u00edlia<\/li>\n\n\n\n<li>Londrina<\/li>\n\n\n\n<li>Petrolina<\/li>\n\n\n\n<li>Goi\u00e2nia<\/li>\n\n\n\n<li>Belford Roxo<\/li>\n\n\n\n<li>Cama\u00e7ari<\/li>\n<\/ul>\n\n\n\n<p>As oportunidades variam conforme a \u00e1rea e modalidade escolhida, com possibilidade de atua\u00e7\u00e3o em unidades industriais, administrativas e agr\u00edcolas.<\/p>\n\n\n\n<h2 class=\"wp-block-heading\" id=\"h-beneficios-e-diferenciais-do-estagio\"><strong>Benef\u00edcios e diferenciais do est\u00e1gio<\/strong><\/h2>\n\n\n\n<p>A Bayer oferece um pacote de benef\u00edcios completo, voltado ao desenvolvimento profissional e ao bem-estar dos estagi\u00e1rios. Os benef\u00edcios podem variar de acordo com a localidade e o tipo de vaga.<\/p>\n\n\n\n<p>Entre os principais est\u00e3o:<\/p>\n\n\n\n<ul class=\"wp-block-list\">\n<li>Bolsa aux\u00edlio de at\u00e9 R$ 2.800,00 conforme modalidade;<\/li>\n\n\n\n<li>R$ 870,00 de ajuda de custo para vagas agro;<\/li>\n\n\n\n<li>Vale transporte ou fretado;<\/li>\n\n\n\n<li>Refei\u00e7\u00e3o no local ou vale refei\u00e7\u00e3o;<\/li>\n\n\n\n<li>Assist\u00eancia m\u00e9dica e odontol\u00f3gica;<\/li>\n\n\n\n<li>Seguro de vida;<\/li>\n\n\n\n<li>Wellhub ou TotalPass;<\/li>\n\n\n\n<li>Assist\u00eancia psicol\u00f3gica e nutricional;<\/li>\n\n\n\n<li>Desconto em medicamentos Bayer;<\/li>\n\n\n\n<li>Short Friday em algumas \u00e1reas;<\/li>\n\n\n\n<li>Subs\u00eddio para ergonomia no modelo h\u00edbrido;<\/li>\n\n\n\n<li>Curso de ingl\u00eas online;<\/li>\n\n\n\n<li>Trilhas de aprendizagem e desenvolvimento.<\/li>\n<\/ul>\n\n\n\n<p>O programa tamb\u00e9m se destaca pela trilha estruturada de capacita\u00e7\u00e3o e oportunidades de crescimento dentro da organiza\u00e7\u00e3o.<\/p>\n\n\n\n<h2 class=\"wp-block-heading\" id=\"h-pre-requisitos-para-participar\"><strong>Pr\u00e9-requisitos para participar<\/strong><\/h2>\n\n\n\n<p>Os requisitos variam conforme o tipo de vaga. Para ensino superior, \u00e9 necess\u00e1rio estar cursando gradua\u00e7\u00e3o a partir do terceiro semestre ou tecn\u00f3logo a partir do primeiro semestre, com pelo menos um ano dispon\u00edvel para estagiar e carga hor\u00e1ria de 30 horas semanais.<\/p>\n\n\n\n<p>Para superior na \u00e1rea agro, \u00e9 preciso estar no \u00faltimo ano dos cursos de Agronomia ou Engenharia Agron\u00f4mica, com disponibilidade de 40 horas semanais e dura\u00e7\u00e3o entre cinco meses e um ano.<\/p>\n\n\n\n<p>J\u00e1 para vagas t\u00e9cnicas, os crit\u00e9rios variam conforme a \u00e1rea e a localidade. A empresa busca estudantes com interesse em aprender, perfil colaborativo e vontade de se desenvolver em um ambiente inovador.<\/p>\n\n\n\n<h2 class=\"wp-block-heading\" id=\"h-etapas-do-processo-seletivo\"><strong>Etapas do processo seletivo<\/strong><\/h2>\n\n\n\n<p>O processo seletivo do est\u00e1gio Bayer 2026 \u00e9 composto por v\u00e1rias etapas para avaliar o potencial dos candidatos. Confira o cronograma previsto:<\/p>\n\n\n\n<ul class=\"wp-block-list\">\n<li>Inscri\u00e7\u00f5es em abril de 2026<\/li>\n\n\n\n<li>Avalia\u00e7\u00f5es online entre abril e maio de 2026<\/li>\n\n\n\n<li>Entrevista individual entre maio e junho de 2026<\/li>\n\n\n\n<li>Etapa final com painel de neg\u00f3cios ou entrevista com lideran\u00e7a entre junho e julho de 2026<\/li>\n\n\n\n<li><strong>In\u00edcio do est\u00e1gio em agosto de 2026<\/strong><\/li>\n<\/ul>\n\n\n\n<p>Os candidatos recebem as informa\u00e7\u00f5es de cada etapa por e-mail ao longo do processo seletivo.<\/p>\n\n\n\n<h2 class=\"wp-block-heading\" id=\"h-vem-pra-gran-faculdade\">Vem pra Gran Faculdade!<\/h2>\n\n\n\n<p>A Gran Faculdade vem mudando a vida de milhares de pessoas por meio de cursos \u00e0 dist\u00e2ncia de <a href=\"https:\/\/faculdade.grancursosonline.com.br\/\" target=\"_blank\" rel=\"noreferrer noopener\">gradua\u00e7\u00e3o<\/a>, <a href=\"https:\/\/pos.grancursosonline.com.br\/\" target=\"_blank\" rel=\"noreferrer noopener\">p\u00f3s-gradua\u00e7\u00e3o<\/a> e <a href=\"https:\/\/pos.grancursosonline.com.br\/mba\" target=\"_blank\" rel=\"noreferrer noopener\">MBA<\/a>. Seja no digital ou em nosso <a href=\"https:\/\/presencial.grancursosonline.com.br\/\" target=\"_blank\" rel=\"noreferrer noopener\">Campus Presencial em Curitiba<\/a>, a nossa miss\u00e3o \u00e9 transformar a educa\u00e7\u00e3o superior.<\/p>\n\n\n\n<p>Como parte de Sistema Gran de Ensino, que \u00e9 reconhecido como marca aprovadora h\u00e1 mais de 10 anos, constru\u00edmos uma renomada reputa\u00e7\u00e3o na \u00e1rea de educa\u00e7\u00e3o.<\/p>\n\n\n\n<p>Veja algumas de nossas conquistas:<\/p>\n\n\n\n<ul class=\"wp-block-list\">\n<li>Reconhecido pela Amazon como um dos projetos mais relevantes do mundo na \u00e1rea de Tecnologia e Educa\u00e7\u00e3o;<\/li>\n\n\n\n<li>Foi eleito pelo Project Management Institute (PMI), um dos 50 Projetos Mais Influentes do mundo;<\/li>\n\n\n\n<li>Somos o site de educa\u00e7\u00e3o mais acessado do Brasil;<\/li>\n\n\n\n<li>Somos avaliados com a nota m\u00e1xima pelo MEC;<\/li>\n\n\n\n<li>Aqui o semestre come\u00e7a quando quiser: entrada imediata e cont\u00ednua!<\/li>\n\n\n\n<li>Melhores pre\u00e7os do mercado;<\/li>\n\n\n\n<li>Mais de 800 mil alunos pagantes e mais de 1000 funcion\u00e1rios;<\/li>\n\n\n\n<li>Diversas ferramentas de estudo: PDFs, audiobooks, mapas mentais, videoaulas, quest\u00f5es, gerenciador de estudos e muito mais!<\/li>\n\n\n\n<li>Professores experientes e capacitados;<\/li>\n\n\n\n<li>Acesso imediato e 100% online.<\/li>\n<\/ul>\n\n\n\n<p class=\"has-text-align-center has-text-align-center\"><strong><a href=\"https:\/\/faculdade.grancursosonline.com.br\/\">Quero ser aluno da Gran Faculdade<\/a><\/strong><\/p>\n\n\n\n<div class=\"wp-block-group has-background\" style=\"background-color:#8dd2fc7a\"><div class=\"wp-block-group__inner-container is-layout-constrained wp-block-group-is-layout-constrained\">\n<p><strong>Outras not\u00edcias em destaque:<\/strong><\/p>\n\n\n\n<ul class=\"wp-block-list\">\n<li><a href=\"https:\/\/faculdade.grancursosonline.com.br\/blog\/estagio-pirelli-2026\/\">Programa de Est\u00e1gio Pirelli 2026: tradi\u00e7\u00e3o, descontos em pneus e bolsa de at\u00e9 R$ 1.869!<\/a><\/li>\n\n\n\n<li><a href=\"https:\/\/faculdade.grancursosonline.com.br\/blog\/estagio-banco-sofisa-2026\/\">Programa de est\u00e1gio Banco Sofisa 2026: bolsa de R$ 3.379 e vale-refei\u00e7\u00e3o de R$ 1.173!<\/a><\/li>\n\n\n\n<li><a href=\"https:\/\/faculdade.grancursosonline.com.br\/blog\/estagio-xp-2026\/\">Programa de Est\u00e1gio XP Inc. 2026: 70 vagas com bolsa de R$ 2,5 mil e alta taxa de efetiva\u00e7\u00e3o!<\/a><\/li>\n<\/ul>\n<\/div><\/div>\n\n\n\n<div class=\"wp-block-group\"><div class=\"wp-block-group__inner-container is-layout-constrained wp-block-group-is-layout-constrained\">\n<div class=\"wp-block-group\"><div class=\"wp-block-group__inner-container is-layout-constrained wp-block-group-is-layout-constrained\">\n<section style=\"text-align: center;\">\n<p>Quer ficar por dentro da Faculdade Digital mais inovadora do Brasil?<\/p>\n<nav>\n<p class=\"has-background has-dark-bluish-background-color\" style=\"font-size: 25px; text-align: center; background: #f0f0f0; color: #ffffff; padding: 4px 0px 4xp 0px;\"><a style=\"color: #0d134c; text-decoration: underline;\" href=\"https:\/\/faculdade.grancursosonline.com.br\/\" target=\"_blank\" rel=\"noopener\">GRADUA\u00c7\u00c3O<\/a><\/p>\n<p class=\"has-background has-dark-bluish-background-color\" style=\"font-size: 25px; text-align: center; background: #f0f0f0; color: #ffffff; padding: 4px 0px 4xp 0px;\"><a style=\"color: #0d134c; text-decoration: underline;\" href=\"https:\/\/pos.grancursosonline.com.br\/\" target=\"_blank\" rel=\"noopener\">P\u00d3S-GRADUA\u00c7\u00c3O<\/a><\/p>\n<p class=\"has-background has-dark-bluish-background-color\" style=\"font-size: 25px; text-align: center; background: #f0f0f0; color: #ffffff; padding: 4px 0px 4xp 0px;\"><a style=\"color: #0d134c; text-decoration: underline;\" href=\"https:\/\/faculdade.grancursosonline.com.br\/nossos-cursos\/\" target=\"_blank\" rel=\"noopener\">TUDO SOBRE A GRAN FACULDADE<\/a><\/p>\n<\/nav>\n<p><strong>Receba <span style=\"color: #cf1e25;\">gratuitamente<\/span> no seu celular as principais not\u00edcias sobre a Gran Faculdade! <br \/>Clique no link abaixo e inscreva-se:<\/strong><\/p>\n<p class=\"has-background has-dark-bluish-background-color\" style=\"font-size: 25px; text-align: center; background: #f0f0f0; color: #ffffff; padding: 4px 0px 4xp 0px;\"><a style=\"color: #0d134c; text-decoration: underline;\" href=\"https:\/\/whatsapp.com\/channel\/0029VaG1sChI7Be7PNndhL43\" target=\"_blank\" rel=\"noopener noreferrer\">WHATSAPP<\/a><\/p>\n<p class=\"has-background has-dark-bluish-background-color\" style=\"font-size: 25px; text-align: center; background: #f0f0f0; color: #ffffff; padding: 4px 0px 4xp 0px;\"><a style=\"color: #0d134c; text-decoration: underline;\" href=\"https:\/\/t.me\/GranFaculdade\" target=\"_blank\" rel=\"noopener noreferrer\">TELEGRAM<\/a><\/p>\n<\/section>\n<\/div><\/div>\n<\/div><\/div>\n","protected":false},"excerpt":{"rendered":"<p>O Programa de Est\u00e1gio Bayer 2026 est\u00e1 com inscri\u00e7\u00f5es abertas e \u00e9 uma excelente oportunidade para estudantes que desejam iniciar a carreira em uma empresa global focada em sa\u00fade e nutri\u00e7\u00e3o.&nbsp; A iniciativa oferece oportunidades para ensino superior, superior na \u00e1rea agro e t\u00e9cnico, com atua\u00e7\u00e3o em diferentes localidades do Brasil. Com foco em inova\u00e7\u00e3o,&hellip;<\/p>\n","protected":false},"author":514,"featured_media":79764593,"comment_status":"open","ping_status":"open","sticky":false,"template":"","format":"standard","meta":{"_acf_changed":false,"content-type":"","footnotes":""},"categories":[218669,2],"tags":[],"class_list":["post-79764592","post","type-post","status-publish","format-standard","has-post-thumbnail","hentry","category-empregabilidade","category-ultimas-noticias"],"acf":[],"yoast_head":"<!-- This site is optimized with the Yoast SEO Premium plugin v27.2 (Yoast SEO v27.2) - https:\/\/yoast.com\/product\/yoast-seo-premium-wordpress\/ -->\n<title>Est\u00e1gio Bayer 2026: inscri\u00e7\u00f5es abertas at\u00e9 maio; confira detalhes!<\/title>\n<meta name=\"description\" content=\"Programa de Est\u00e1gio Bayer 2026 oferece vagas para superior, t\u00e9cnico e agro. Confira benef\u00edcios e como se inscrever at\u00e9 maio.\" \/>\n<meta name=\"robots\" content=\"index, follow, max-snippet:-1, max-image-preview:large, max-video-preview:-1\" \/>\n<link rel=\"canonical\" href=\"https:\/\/faculdade.grancursosonline.com.br\/blog\/estagio-bayer-2026\/\" \/>\n<meta property=\"og:locale\" content=\"pt_BR\" \/>\n<meta property=\"og:type\" content=\"article\" \/>\n<meta property=\"og:title\" content=\"Est\u00e1gio Bayer 2026: inscri\u00e7\u00f5es abertas com vagas em diversas \u00e1reas e cidades\" \/>\n<meta property=\"og:description\" content=\"Programa de Est\u00e1gio Bayer 2026 oferece vagas para superior, t\u00e9cnico e agro. Confira benef\u00edcios e como se inscrever at\u00e9 maio.\" \/>\n<meta property=\"og:url\" content=\"https:\/\/faculdade.grancursosonline.com.br\/blog\/estagio-bayer-2026\/\" \/>\n<meta property=\"og:site_name\" content=\"Blog Gran Faculdade\" \/>\n<meta property=\"article:publisher\" content=\"https:\/\/www.facebook.com\/grancursosonline\/\" \/>\n<meta property=\"article:published_time\" content=\"2026-04-28T17:58:24+00:00\" \/>\n<meta property=\"article:modified_time\" content=\"2026-04-28T17:58:30+00:00\" \/>\n<meta property=\"og:image\" content=\"https:\/\/blog-es-static.infra.grancursosonline.com.br\/wp-content\/uploads\/2026\/04\/28145532\/estagio-bayer-2.jpg\" \/>\n\t<meta property=\"og:image:width\" content=\"511\" \/>\n\t<meta property=\"og:image:height\" content=\"311\" \/>\n\t<meta property=\"og:image:type\" content=\"image\/jpeg\" \/>\n<meta name=\"author\" content=\"Guilherme Henrique\" \/>\n<meta name=\"twitter:card\" content=\"summary_large_image\" \/>\n<meta name=\"twitter:creator\" content=\"@gran_online\" \/>\n<meta name=\"twitter:site\" content=\"@gran_online\" \/>\n<meta name=\"twitter:label1\" content=\"Written by\" \/>\n\t<meta name=\"twitter:data1\" content=\"Guilherme Henrique\" \/>\n\t<meta name=\"twitter:label2\" content=\"Est. reading time\" \/>\n\t<meta name=\"twitter:data2\" content=\"7 minutos\" \/>\n<script type=\"application\/ld+json\" class=\"yoast-schema-graph\">{\"@context\":\"https:\/\/schema.org\",\"@graph\":[{\"@type\":\"NewsArticle\",\"@id\":\"https:\/\/faculdade.grancursosonline.com.br\/blog\/estagio-bayer-2026\/#article\",\"isPartOf\":{\"@id\":\"https:\/\/faculdade.grancursosonline.com.br\/blog\/estagio-bayer-2026\/\"},\"author\":{\"name\":\"Guilherme Henrique\",\"@id\":\"https:\/\/faculdade.grancursosonline.com.br\/blog\/#\/schema\/person\/9745f9b6db8976613c1f439dbcfe717d\"},\"headline\":\"Est\u00e1gio Bayer 2026: inscri\u00e7\u00f5es abertas com vagas em diversas \u00e1reas e cidades\",\"datePublished\":\"2026-04-28T17:58:24+00:00\",\"dateModified\":\"2026-04-28T17:58:30+00:00\",\"mainEntityOfPage\":{\"@id\":\"https:\/\/faculdade.grancursosonline.com.br\/blog\/estagio-bayer-2026\/\"},\"wordCount\":1075,\"commentCount\":0,\"publisher\":{\"@id\":\"https:\/\/faculdade.grancursosonline.com.br\/blog\/#organization\"},\"image\":{\"@id\":\"https:\/\/faculdade.grancursosonline.com.br\/blog\/estagio-bayer-2026\/#primaryimage\"},\"thumbnailUrl\":\"https:\/\/blog-es-static.infra.grancursosonline.com.br\/wp-content\/uploads\/2026\/04\/28145507\/estagio-bayer.jpg\",\"articleSection\":[\"Empregabilidade\",\"\u00daltimas Not\u00edcias\"],\"inLanguage\":\"pt-BR\",\"potentialAction\":[{\"@type\":\"CommentAction\",\"name\":\"Comment\",\"target\":[\"https:\/\/faculdade.grancursosonline.com.br\/blog\/estagio-bayer-2026\/#respond\"]}],\"copyrightYear\":\"2026\",\"copyrightHolder\":{\"@id\":\"https:\/\/faculdade.grancursosonline.com.br\/blog\/#organization\"}},{\"@type\":\"WebPage\",\"@id\":\"https:\/\/faculdade.grancursosonline.com.br\/blog\/estagio-bayer-2026\/\",\"url\":\"https:\/\/faculdade.grancursosonline.com.br\/blog\/estagio-bayer-2026\/\",\"name\":\"Est\u00e1gio Bayer 2026: inscri\u00e7\u00f5es abertas at\u00e9 maio; confira detalhes!\",\"isPartOf\":{\"@id\":\"https:\/\/faculdade.grancursosonline.com.br\/blog\/#website\"},\"primaryImageOfPage\":{\"@id\":\"https:\/\/faculdade.grancursosonline.com.br\/blog\/estagio-bayer-2026\/#primaryimage\"},\"image\":{\"@id\":\"https:\/\/faculdade.grancursosonline.com.br\/blog\/estagio-bayer-2026\/#primaryimage\"},\"thumbnailUrl\":\"https:\/\/blog-es-static.infra.grancursosonline.com.br\/wp-content\/uploads\/2026\/04\/28145507\/estagio-bayer.jpg\",\"datePublished\":\"2026-04-28T17:58:24+00:00\",\"dateModified\":\"2026-04-28T17:58:30+00:00\",\"description\":\"Programa de Est\u00e1gio Bayer 2026 oferece vagas para superior, t\u00e9cnico e agro. Confira benef\u00edcios e como se inscrever at\u00e9 maio.\",\"breadcrumb\":{\"@id\":\"https:\/\/faculdade.grancursosonline.com.br\/blog\/estagio-bayer-2026\/#breadcrumb\"},\"inLanguage\":\"pt-BR\",\"potentialAction\":[{\"@type\":\"ReadAction\",\"target\":[\"https:\/\/faculdade.grancursosonline.com.br\/blog\/estagio-bayer-2026\/\"]}]},{\"@type\":\"ImageObject\",\"inLanguage\":\"pt-BR\",\"@id\":\"https:\/\/faculdade.grancursosonline.com.br\/blog\/estagio-bayer-2026\/#primaryimage\",\"url\":\"https:\/\/blog-es-static.infra.grancursosonline.com.br\/wp-content\/uploads\/2026\/04\/28145507\/estagio-bayer.jpg\",\"contentUrl\":\"https:\/\/blog-es-static.infra.grancursosonline.com.br\/wp-content\/uploads\/2026\/04\/28145507\/estagio-bayer.jpg\",\"width\":1001,\"height\":601},{\"@type\":\"BreadcrumbList\",\"@id\":\"https:\/\/faculdade.grancursosonline.com.br\/blog\/estagio-bayer-2026\/#breadcrumb\",\"itemListElement\":[{\"@type\":\"ListItem\",\"position\":1,\"name\":\"In\u00edcio\",\"item\":\"https:\/\/faculdade.grancursosonline.com.br\/blog\/\"},{\"@type\":\"ListItem\",\"position\":2,\"name\":\"Empregabilidade\",\"item\":\"https:\/\/faculdade.grancursosonline.com.br\/blog\/categoria\/empregabilidade\/\"},{\"@type\":\"ListItem\",\"position\":3,\"name\":\"Est\u00e1gio Bayer 2026: inscri\u00e7\u00f5es abertas com vagas em diversas \u00e1reas e cidades\"}]},{\"@type\":\"WebSite\",\"@id\":\"https:\/\/faculdade.grancursosonline.com.br\/blog\/#website\",\"url\":\"https:\/\/faculdade.grancursosonline.com.br\/blog\/\",\"name\":\"Blog Gran Faculdade\",\"description\":\"Tudo sobre ensino superior, p\u00f3s-gradua\u00e7\u00e3o, enem e carreira.\",\"publisher\":{\"@id\":\"https:\/\/faculdade.grancursosonline.com.br\/blog\/#organization\"},\"potentialAction\":[{\"@type\":\"SearchAction\",\"target\":{\"@type\":\"EntryPoint\",\"urlTemplate\":\"https:\/\/faculdade.grancursosonline.com.br\/blog\/?s={search_term_string}\"},\"query-input\":{\"@type\":\"PropertyValueSpecification\",\"valueRequired\":true,\"valueName\":\"search_term_string\"}}],\"inLanguage\":\"pt-BR\"},{\"@type\":\"Organization\",\"@id\":\"https:\/\/faculdade.grancursosonline.com.br\/blog\/#organization\",\"name\":\"Gran Cursos Online\",\"url\":\"https:\/\/faculdade.grancursosonline.com.br\/blog\/\",\"logo\":{\"@type\":\"ImageObject\",\"inLanguage\":\"pt-BR\",\"@id\":\"https:\/\/faculdade.grancursosonline.com.br\/blog\/#\/schema\/logo\/image\/\",\"url\":\"https:\/\/blog-es-static.infra.grancursosonline.com.br\/wp-content\/uploads\/2019\/08\/03123934\/logo.png\",\"contentUrl\":\"https:\/\/blog-es-static.infra.grancursosonline.com.br\/wp-content\/uploads\/2019\/08\/03123934\/logo.png\",\"width\":300,\"height\":57,\"caption\":\"Gran Cursos Online\"},\"image\":{\"@id\":\"https:\/\/faculdade.grancursosonline.com.br\/blog\/#\/schema\/logo\/image\/\"},\"sameAs\":[\"https:\/\/www.facebook.com\/grancursosonline\/\",\"https:\/\/x.com\/gran_online\",\"https:\/\/www.instagram.com\/grancursosonline\/\",\"https:\/\/www.youtube.com\/user\/grancursostv\"]},{\"@type\":\"Person\",\"@id\":\"https:\/\/faculdade.grancursosonline.com.br\/blog\/#\/schema\/person\/9745f9b6db8976613c1f439dbcfe717d\",\"name\":\"Guilherme Henrique\",\"url\":\"https:\/\/faculdade.grancursosonline.com.br\/blog\/author\/guilherme-lourenco\/\"}]}<\/script>\n<!-- \/ Yoast SEO Premium plugin. -->","yoast_head_json":{"title":"Est\u00e1gio Bayer 2026: inscri\u00e7\u00f5es abertas at\u00e9 maio; confira detalhes!","description":"Programa de Est\u00e1gio Bayer 2026 oferece vagas para superior, t\u00e9cnico e agro. Confira benef\u00edcios e como se inscrever at\u00e9 maio.","robots":{"index":"index","follow":"follow","max-snippet":"max-snippet:-1","max-image-preview":"max-image-preview:large","max-video-preview":"max-video-preview:-1"},"canonical":"https:\/\/faculdade.grancursosonline.com.br\/blog\/estagio-bayer-2026\/","og_locale":"pt_BR","og_type":"article","og_title":"Est\u00e1gio Bayer 2026: inscri\u00e7\u00f5es abertas com vagas em diversas \u00e1reas e cidades","og_description":"Programa de Est\u00e1gio Bayer 2026 oferece vagas para superior, t\u00e9cnico e agro. Confira benef\u00edcios e como se inscrever at\u00e9 maio.","og_url":"https:\/\/faculdade.grancursosonline.com.br\/blog\/estagio-bayer-2026\/","og_site_name":"Blog Gran Faculdade","article_publisher":"https:\/\/www.facebook.com\/grancursosonline\/","article_published_time":"2026-04-28T17:58:24+00:00","article_modified_time":"2026-04-28T17:58:30+00:00","og_image":[{"width":511,"height":311,"url":"https:\/\/blog-es-static.infra.grancursosonline.com.br\/wp-content\/uploads\/2026\/04\/28145532\/estagio-bayer-2.jpg","type":"image\/jpeg"}],"author":"Guilherme Henrique","twitter_card":"summary_large_image","twitter_creator":"@gran_online","twitter_site":"@gran_online","twitter_misc":{"Written by":"Guilherme Henrique","Est. reading time":"7 minutos"},"schema":{"@context":"https:\/\/schema.org","@graph":[{"@type":"NewsArticle","@id":"https:\/\/faculdade.grancursosonline.com.br\/blog\/estagio-bayer-2026\/#article","isPartOf":{"@id":"https:\/\/faculdade.grancursosonline.com.br\/blog\/estagio-bayer-2026\/"},"author":{"name":"Guilherme Henrique","@id":"https:\/\/faculdade.grancursosonline.com.br\/blog\/#\/schema\/person\/9745f9b6db8976613c1f439dbcfe717d"},"headline":"Est\u00e1gio Bayer 2026: inscri\u00e7\u00f5es abertas com vagas em diversas \u00e1reas e cidades","datePublished":"2026-04-28T17:58:24+00:00","dateModified":"2026-04-28T17:58:30+00:00","mainEntityOfPage":{"@id":"https:\/\/faculdade.grancursosonline.com.br\/blog\/estagio-bayer-2026\/"},"wordCount":1075,"commentCount":0,"publisher":{"@id":"https:\/\/faculdade.grancursosonline.com.br\/blog\/#organization"},"image":{"@id":"https:\/\/faculdade.grancursosonline.com.br\/blog\/estagio-bayer-2026\/#primaryimage"},"thumbnailUrl":"https:\/\/blog-es-static.infra.grancursosonline.com.br\/wp-content\/uploads\/2026\/04\/28145507\/estagio-bayer.jpg","articleSection":["Empregabilidade","\u00daltimas Not\u00edcias"],"inLanguage":"pt-BR","potentialAction":[{"@type":"CommentAction","name":"Comment","target":["https:\/\/faculdade.grancursosonline.com.br\/blog\/estagio-bayer-2026\/#respond"]}],"copyrightYear":"2026","copyrightHolder":{"@id":"https:\/\/faculdade.grancursosonline.com.br\/blog\/#organization"}},{"@type":"WebPage","@id":"https:\/\/faculdade.grancursosonline.com.br\/blog\/estagio-bayer-2026\/","url":"https:\/\/faculdade.grancursosonline.com.br\/blog\/estagio-bayer-2026\/","name":"Est\u00e1gio Bayer 2026: inscri\u00e7\u00f5es abertas at\u00e9 maio; confira detalhes!","isPartOf":{"@id":"https:\/\/faculdade.grancursosonline.com.br\/blog\/#website"},"primaryImageOfPage":{"@id":"https:\/\/faculdade.grancursosonline.com.br\/blog\/estagio-bayer-2026\/#primaryimage"},"image":{"@id":"https:\/\/faculdade.grancursosonline.com.br\/blog\/estagio-bayer-2026\/#primaryimage"},"thumbnailUrl":"https:\/\/blog-es-static.infra.grancursosonline.com.br\/wp-content\/uploads\/2026\/04\/28145507\/estagio-bayer.jpg","datePublished":"2026-04-28T17:58:24+00:00","dateModified":"2026-04-28T17:58:30+00:00","description":"Programa de Est\u00e1gio Bayer 2026 oferece vagas para superior, t\u00e9cnico e agro. Confira benef\u00edcios e como se inscrever at\u00e9 maio.","breadcrumb":{"@id":"https:\/\/faculdade.grancursosonline.com.br\/blog\/estagio-bayer-2026\/#breadcrumb"},"inLanguage":"pt-BR","potentialAction":[{"@type":"ReadAction","target":["https:\/\/faculdade.grancursosonline.com.br\/blog\/estagio-bayer-2026\/"]}]},{"@type":"ImageObject","inLanguage":"pt-BR","@id":"https:\/\/faculdade.grancursosonline.com.br\/blog\/estagio-bayer-2026\/#primaryimage","url":"https:\/\/blog-es-static.infra.grancursosonline.com.br\/wp-content\/uploads\/2026\/04\/28145507\/estagio-bayer.jpg","contentUrl":"https:\/\/blog-es-static.infra.grancursosonline.com.br\/wp-content\/uploads\/2026\/04\/28145507\/estagio-bayer.jpg","width":1001,"height":601},{"@type":"BreadcrumbList","@id":"https:\/\/faculdade.grancursosonline.com.br\/blog\/estagio-bayer-2026\/#breadcrumb","itemListElement":[{"@type":"ListItem","position":1,"name":"In\u00edcio","item":"https:\/\/faculdade.grancursosonline.com.br\/blog\/"},{"@type":"ListItem","position":2,"name":"Empregabilidade","item":"https:\/\/faculdade.grancursosonline.com.br\/blog\/categoria\/empregabilidade\/"},{"@type":"ListItem","position":3,"name":"Est\u00e1gio Bayer 2026: inscri\u00e7\u00f5es abertas com vagas em diversas \u00e1reas e cidades"}]},{"@type":"WebSite","@id":"https:\/\/faculdade.grancursosonline.com.br\/blog\/#website","url":"https:\/\/faculdade.grancursosonline.com.br\/blog\/","name":"Blog Gran Faculdade","description":"Tudo sobre ensino superior, p\u00f3s-gradua\u00e7\u00e3o, enem e carreira.","publisher":{"@id":"https:\/\/faculdade.grancursosonline.com.br\/blog\/#organization"},"potentialAction":[{"@type":"SearchAction","target":{"@type":"EntryPoint","urlTemplate":"https:\/\/faculdade.grancursosonline.com.br\/blog\/?s={search_term_string}"},"query-input":{"@type":"PropertyValueSpecification","valueRequired":true,"valueName":"search_term_string"}}],"inLanguage":"pt-BR"},{"@type":"Organization","@id":"https:\/\/faculdade.grancursosonline.com.br\/blog\/#organization","name":"Gran Cursos Online","url":"https:\/\/faculdade.grancursosonline.com.br\/blog\/","logo":{"@type":"ImageObject","inLanguage":"pt-BR","@id":"https:\/\/faculdade.grancursosonline.com.br\/blog\/#\/schema\/logo\/image\/","url":"https:\/\/blog-es-static.infra.grancursosonline.com.br\/wp-content\/uploads\/2019\/08\/03123934\/logo.png","contentUrl":"https:\/\/blog-es-static.infra.grancursosonline.com.br\/wp-content\/uploads\/2019\/08\/03123934\/logo.png","width":300,"height":57,"caption":"Gran Cursos Online"},"image":{"@id":"https:\/\/faculdade.grancursosonline.com.br\/blog\/#\/schema\/logo\/image\/"},"sameAs":["https:\/\/www.facebook.com\/grancursosonline\/","https:\/\/x.com\/gran_online","https:\/\/www.instagram.com\/grancursosonline\/","https:\/\/www.youtube.com\/user\/grancursostv"]},{"@type":"Person","@id":"https:\/\/faculdade.grancursosonline.com.br\/blog\/#\/schema\/person\/9745f9b6db8976613c1f439dbcfe717d","name":"Guilherme Henrique","url":"https:\/\/faculdade.grancursosonline.com.br\/blog\/author\/guilherme-lourenco\/"}]}},"_links":{"self":[{"href":"https:\/\/faculdade.grancursosonline.com.br\/blog\/wp-json\/wp\/v2\/posts\/79764592","targetHints":{"allow":["GET"]}}],"collection":[{"href":"https:\/\/faculdade.grancursosonline.com.br\/blog\/wp-json\/wp\/v2\/posts"}],"about":[{"href":"https:\/\/faculdade.grancursosonline.com.br\/blog\/wp-json\/wp\/v2\/types\/post"}],"author":[{"embeddable":true,"href":"https:\/\/faculdade.grancursosonline.com.br\/blog\/wp-json\/wp\/v2\/users\/514"}],"replies":[{"embeddable":true,"href":"https:\/\/faculdade.grancursosonline.com.br\/blog\/wp-json\/wp\/v2\/comments?post=79764592"}],"version-history":[{"count":1,"href":"https:\/\/faculdade.grancursosonline.com.br\/blog\/wp-json\/wp\/v2\/posts\/79764592\/revisions"}],"predecessor-version":[{"id":79764595,"href":"https:\/\/faculdade.grancursosonline.com.br\/blog\/wp-json\/wp\/v2\/posts\/79764592\/revisions\/79764595"}],"wp:featuredmedia":[{"embeddable":true,"href":"https:\/\/faculdade.grancursosonline.com.br\/blog\/wp-json\/wp\/v2\/media\/79764593"}],"wp:attachment":[{"href":"https:\/\/faculdade.grancursosonline.com.br\/blog\/wp-json\/wp\/v2\/media?parent=79764592"}],"wp:term":[{"taxonomy":"category","embeddable":true,"href":"https:\/\/faculdade.grancursosonline.com.br\/blog\/wp-json\/wp\/v2\/categories?post=79764592"},{"taxonomy":"post_tag","embeddable":true,"href":"https:\/\/faculdade.grancursosonline.com.br\/blog\/wp-json\/wp\/v2\/tags?post=79764592"}],"curies":[{"name":"wp","href":"https:\/\/api.w.org\/{rel}","templated":true}]}}