{"id":79764597,"date":"2026-04-28T16:19:16","date_gmt":"2026-04-28T19:19:16","guid":{"rendered":"https:\/\/faculdade.grancursosonline.com.br\/blog\/?p=79764597"},"modified":"2026-04-29T10:55:15","modified_gmt":"2026-04-29T13:55:15","slug":"improbidade","status":"publish","type":"post","link":"https:\/\/faculdade.grancursosonline.com.br\/blog\/improbidade\/","title":{"rendered":"Improbidade: o que \u00e9 e principais aspectos no \u00e2mbito p\u00fablico e privado"},"content":{"rendered":"\n<p>A palavra &#8220;improbidade&#8221; carrega um peso jur\u00eddico significativo, representando a falta de honestidade e a viola\u00e7\u00e3o de deveres \u00e9ticos. Embora o termo seja amplamente associado a prefeitos e servidores, ele tamb\u00e9m possui reflexos diretos no setor privado, especialmente no Direito do Trabalho.<\/p>\n\n\n\n<p>Com as atualiza\u00e7\u00f5es da <strong>Lei 14.230\/2021<\/strong>, o cen\u00e1rio jur\u00eddico mudou drasticamente, exigindo que estudantes e profissionais atualizem seus conceitos sobre o dolo e as novas san\u00e7\u00f5es. Confira!<\/p>\n\n\n\n<p class=\"has-text-align-center\"><a href=\"https:\/\/faculdade.grancursosonline.com.br\/\" target=\"_blank\" rel=\"noopener\"><strong>Quero come\u00e7ar minha faculdade hoje<\/strong><\/a><\/p>\n\n\n\n<p>Se preferir, navegue pelo \u00edndice:<\/p>\n\n\n\n<ul class=\"wp-block-list\">\n<li><a href=\"#h-o-que-e-improbidade\">O que \u00e9 improbidade?<\/a><\/li>\n\n\n\n<li><a href=\"#h-o-que-configura-improbidade-administrativa\">O que configura improbidade administrativa?<\/a><\/li>\n\n\n\n<li><a href=\"#h-o-que-configura-improbidade-trabalhista\">O que configura improbidade trabalhista?<\/a><\/li>\n\n\n\n<li><a href=\"#h-os-3-tipos-de-atos-de-improbidade-nbsp\">Os 3 tipos de atos de improbidade\u00a0<\/a><\/li>\n\n\n\n<li><a href=\"#h-o-que-mudou-com-a-nova-lei-de-improbidade-administrativa-lei-14-230-2021\">O que mudou com a nova lei de improbidade administrativa (Lei 14.230\/2021)?<\/a><\/li>\n\n\n\n<li><a href=\"#h-o-que-e-dolo-na-improbidade-administrativa\">O que \u00e9 dolo na improbidade administrativa?<\/a><\/li>\n\n\n\n<li><a href=\"#h-quais-sao-as-penalidades-da-improbidade-administrativa\">Quais s\u00e3o as penalidades da improbidade administrativa?<\/a><\/li>\n\n\n\n<li><a href=\"#h-como-se-defender-de-uma-acao-de-improbidade-administrativa\">Como se defender de uma a\u00e7\u00e3o de improbidade administrativa?<\/a><\/li>\n\n\n\n<li><a href=\"#h-perguntas-frequentes-faq\">Perguntas Frequentes (FAQ)<\/a><\/li>\n\n\n\n<li><a href=\"#h-vem-pra-gran-faculdade\">Vem pra Gran Faculdade!<\/a><\/li>\n<\/ul>\n\n\n\n<figure class=\"wp-block-image size-large is-resized\"><img loading=\"lazy\" decoding=\"async\" width=\"1024\" height=\"559\" src=\"https:\/\/blog-es-static.infra.grancursosonline.com.br\/wp-content\/uploads\/2026\/04\/28153115\/improbidade-1024x559.png\" alt=\"\" class=\"wp-image-79764598\" style=\"aspect-ratio:1.8318695106649938;width:667px;height:auto\"\/><\/figure>\n\n\n\n<p><em>Conhe\u00e7a o que \u00e9 improbidade trabalhista e como pode afetar sua carreira profissional.<\/em><\/p>\n\n\n\n<h2 class=\"wp-block-heading\" id=\"h-o-que-e-improbidade\">O que \u00e9 improbidade?<\/h2>\n\n\n\n<p>Em termos gerais, improbidade \u00e9 a conduta de quem age com m\u00e1-f\u00e9, desonestidade ou falta de probidade (integridade). No Direito, ela se divide em duas frentes principais:<\/p>\n\n\n\n<ol class=\"wp-block-list\">\n<li><strong>Improbidade Administrativa:<\/strong> focada na gest\u00e3o p\u00fablica e na prote\u00e7\u00e3o do patrim\u00f4nio do Estado;<\/li>\n\n\n\n<li><strong>Improbidade Trabalhista:<\/strong> focada na conduta do empregado que quebra a confian\u00e7a da rela\u00e7\u00e3o de emprego.<\/li>\n<\/ol>\n\n\n\n<h2 class=\"wp-block-heading\" id=\"h-o-que-configura-improbidade-administrativa\">O que configura improbidade administrativa?<\/h2>\n\n\n\n<p>A improbidade administrativa ocorre quando um agente p\u00fablico (ou terceiro que o auxilie) comete um ato ilegal que gera enriquecimento il\u00edcito, preju\u00edzo aos cofres p\u00fablicos ou viola\u00e7\u00e3o dos princ\u00edpios que regem o Estado (como a moralidade e a legalidade).<\/p>\n\n\n\n<p>Em 2026, a configura\u00e7\u00e3o da improbidade exige, obrigatoriamente, a prova do <strong>dolo espec\u00edfico<\/strong>.<\/p>\n\n\n\n<h2 class=\"wp-block-heading\" id=\"h-o-que-configura-improbidade-trabalhista\">O que configura improbidade trabalhista?<\/h2>\n\n\n\n<p>No \u00e2mbito privado, a improbidade \u00e9 uma das causas para a <strong>demiss\u00e3o por justa causa<\/strong> (Art. 482 da CLT). Ela se caracteriza por atos de desonestidade do empregado que visam obter vantagem para si ou para terceiros, como:<\/p>\n\n\n\n<ul class=\"wp-block-list\">\n<li>Furtos ou roubos dentro da empresa;<\/li>\n\n\n\n<li>Falsifica\u00e7\u00e3o de atestados m\u00e9dicos ou documentos;<\/li>\n\n\n\n<li>Uso indevido de verbas de viagens (notas frias).<\/li>\n<\/ul>\n\n\n\n<h2 class=\"wp-block-heading\" id=\"h-os-3-tipos-de-atos-de-improbidade-nbsp\">Os 3 tipos de atos de improbidade&nbsp;<\/h2>\n\n\n\n<p>A Lei 8.429\/92 (atualizada pela Lei 14.230\/21) organiza os atos de improbidade em tr\u00eas categorias fundamentais. Cada uma possui requisitos pr\u00f3prios e gravidades distintas.<\/p>\n\n\n\n<h3 class=\"wp-block-heading\" id=\"h-tipos-de-improbidade\">Tipos de improbidade<\/h3>\n\n\n\n<figure class=\"wp-block-table\"><div class=\"container-tabela\"><table class=\"has-fixed-layout\"><tbody><tr><td>Categoria&nbsp;<\/td><td>Descri\u00e7\u00e3o&nbsp;<\/td><td>Exemplo Pr\u00e1tico&nbsp;<\/td><\/tr><tr><td>Enriquecimento Il\u00edcito&nbsp;<\/td><td>Obter vantagem patrimonial indevida em raz\u00e3o do cargo.&nbsp;<\/td><td>Receber &#8220;comiss\u00e3o&#8221; para facilitar contrato p\u00fablico.&nbsp;<\/td><\/tr><tr><td>Preju\u00edzo ao Er\u00e1rio&nbsp;<\/td><td>Causar perda patrimonial, desvio ou apropria\u00e7\u00e3o de bens p\u00fablicos.&nbsp;<\/td><td>Realizar obra com superfaturamento comprovado.&nbsp;<\/td><\/tr><tr><td>Atentar contra Princ\u00edpios&nbsp;<\/td><td>Violar deveres de honestidade e imparcialidade.&nbsp;<\/td><td>Praticar nepotismo ou vazar conte\u00fado de concurso.&nbsp;<\/td><\/tr><\/tbody><\/table><\/div><\/figure>\n\n\n\n<p><\/p>\n\n\n\n<p>Vale destacar que, para o <strong>Preju\u00edzo ao Er\u00e1rio<\/strong>, o dano deve ser real e efetivo, n\u00e3o bastando uma presun\u00e7\u00e3o de perda.<\/p>\n\n\n\n<h2 class=\"wp-block-heading\" id=\"h-o-que-mudou-com-a-nova-lei-de-improbidade-administrativa-lei-14-230-2021\">O que mudou com a nova lei de improbidade administrativa (Lei 14.230\/2021)?<\/h2>\n\n\n\n<p>A reforma trouxe as mudan\u00e7as mais profundas em 30 anos. Os pontos principais s\u00e3o:<\/p>\n\n\n\n<ul class=\"wp-block-list\">\n<li><strong>Fim da Improbidade Culposa:<\/strong> n\u00e3o existe mais puni\u00e7\u00e3o para o gestor &#8220;atrapalhado&#8221; ou negligente; apenas para o desonesto;<\/li>\n\n\n\n<li><strong>Exclusividade do MP:<\/strong> o Minist\u00e9rio P\u00fablico passou a ser o \u00fanico leg\u00edtimo para propor a a\u00e7\u00e3o;<\/li>\n\n\n\n<li><strong>Prescri\u00e7\u00e3o:<\/strong> prazo unificado de 8 anos para ajuizamento da a\u00e7\u00e3o.<\/li>\n<\/ul>\n\n\n\n<h2 class=\"wp-block-heading\" id=\"h-o-que-e-dolo-na-improbidade-administrativa\">O que \u00e9 dolo na improbidade administrativa?<\/h2>\n\n\n\n<p>O <strong>dolo espec\u00edfico<\/strong> \u00e9 a vontade livre e consciente do agente de alcan\u00e7ar o resultado il\u00edcito tipificado na lei. N\u00e3o basta a vontade de praticar o ato (dolo gen\u00e9rico), \u00e9 preciso provar que o agente queria especificamente lesar o Estado ou se enriquecer. O erro de interpreta\u00e7\u00e3o de lei ou a m\u00e1 gest\u00e3o sem m\u00e1-f\u00e9 <strong>n\u00e3o configuram dolo<\/strong>.<\/p>\n\n\n\n<h2 class=\"wp-block-heading\" id=\"h-quais-sao-as-penalidades-da-improbidade-administrativa\">Quais s\u00e3o as penalidades da improbidade administrativa?<\/h2>\n\n\n\n<p>As san\u00e7\u00f5es s\u00e3o severas e podem ser aplicadas de forma isolada ou cumulativa:<\/p>\n\n\n\n<ol class=\"wp-block-list\">\n<li><strong>Perda dos bens<\/strong> acrescidos ilicitamente ao patrim\u00f4nio;<\/li>\n\n\n\n<li><strong>Perda da fun\u00e7\u00e3o p\u00fablica<\/strong>;<\/li>\n\n\n\n<li><strong>Suspens\u00e3o dos direitos pol\u00edticos<\/strong> (podendo chegar a 14 anos);<\/li>\n\n\n\n<li><strong>Multa civil<\/strong> (calculada sobre o valor do dano ou da remunera\u00e7\u00e3o);<\/li>\n\n\n\n<li><strong>Proibi\u00e7\u00e3o de contratar com o Poder P\u00fablico<\/strong>.<\/li>\n<\/ol>\n\n\n\n<h2 class=\"wp-block-heading\" id=\"h-como-se-defender-de-uma-acao-de-improbidade-administrativa\">Como se defender de uma a\u00e7\u00e3o de improbidade administrativa?<\/h2>\n\n\n\n<p>A defesa estrat\u00e9gica em 2026 deve focar em tr\u00eas pilares:<\/p>\n\n\n\n<ul class=\"wp-block-list\">\n<li><strong>Inexist\u00eancia de Dolo:<\/strong> demonstrar que o ato foi uma irregularidade formal ou erro administrativo, sem inten\u00e7\u00e3o de lesar;<\/li>\n\n\n\n<li><strong>Prescri\u00e7\u00e3o Intercorrente:<\/strong> verificar se o processo ficou parado por mais de 4 anos entre marcos processuais (ex: entre a peti\u00e7\u00e3o inicial e a senten\u00e7a);<\/li>\n\n\n\n<li><strong>Acordo de N\u00e3o Persecu\u00e7\u00e3o C\u00edvel (ANPC):<\/strong> avaliar a viabilidade de um acordo com o MP para encerrar o processo mediante repara\u00e7\u00e3o do dano e pagamento de multa, evitando a perda dos direitos pol\u00edticos.<\/li>\n<\/ul>\n\n\n\n<p>Entender a improbidade \u00e9 essencial para diferenciar o administrador in\u00e1bil do administrador \u00edmprobo. Enquanto no setor privado ela encerra o contrato de trabalho, no setor p\u00fablico ela pode destruir uma carreira pol\u00edtica.<\/p>\n\n\n\n<p>A chave do Direito Administrativo moderno est\u00e1 na prova do dolo e na observ\u00e2ncia dos novos prazos prescricionais.<\/p>\n\n\n\n<h2 class=\"wp-block-heading\" id=\"h-perguntas-frequentes-faq\">Perguntas Frequentes (FAQ)<\/h2>\n\n\n\n<p><strong>Os herdeiros respondem por improbidade?<\/strong><\/p>\n\n\n\n<p>Sim, mas apenas em rela\u00e7\u00e3o ao ressarcimento do dano e at\u00e9 o limite do valor da heran\u00e7a transferida. Eles n\u00e3o sofrem san\u00e7\u00f5es como suspens\u00e3o de direitos pol\u00edticos.<\/p>\n\n\n\n<p><strong>Pode haver improbidade culposa hoje?<\/strong><\/p>\n\n\n\n<p>N\u00e3o. A Lei 14.230\/2021 revogou a modalidade culposa. Agora, todo ato de improbidade exige dolo espec\u00edfico.<\/p>\n\n\n\n<p><strong>Absolvi\u00e7\u00e3o na esfera penal afasta improbidade?<\/strong><\/p>\n\n\n\n<p>Sim, se a absolvi\u00e7\u00e3o criminal negar a exist\u00eancia do fato ou a autoria, ela vincula a esfera c\u00edvel e encerra a a\u00e7\u00e3o de improbidade.<\/p>\n\n\n\n<p><strong>Qual o prazo prescricional para a a\u00e7\u00e3o?<\/strong><\/p>\n\n\n\n<p>O prazo \u00e9 de 8 anos, contados a partir da ocorr\u00eancia do fato ou, em casos de infra\u00e7\u00f5es permanentes, do dia em que cessou a perman\u00eancia.<\/p>\n\n\n\n<p><strong>Terceiros (particulares) podem responder por improbidade?<\/strong><\/p>\n\n\n\n<p>Sim, desde que tenham induzido ou concorrido dolosamente para a pr\u00e1tica do ato junto com um agente p\u00fablico.<\/p>\n\n\n\n<p><strong>O que \u00e9 o ANPC na improbidade?<\/strong><\/p>\n\n\n\n<p>\u00c9 o Acordo de N\u00e3o Persecu\u00e7\u00e3o C\u00edvel, uma &#8220;negocia\u00e7\u00e3o&#8221; feita com o Minist\u00e9rio P\u00fablico para evitar o prolongamento do processo judicial.<\/p>\n\n\n\n<p><strong>Contrata\u00e7\u00e3o sem licita\u00e7\u00e3o \u00e9 sempre improbidade?<\/strong><\/p>\n\n\n\n<p>N\u00e3o. S\u00f3 haver\u00e1 improbidade se houver dolo de lesar o er\u00e1rio e se ficar provado o preju\u00edzo efetivo ou o enriquecimento il\u00edcito.<\/p>\n\n\n\n<p><strong>Onde denunciar um ato de improbidade?<\/strong><\/p>\n\n\n\n<p>As den\u00fancias devem ser encaminhadas \u00e0s Ouvidorias do Minist\u00e9rio P\u00fablico (Estadual ou Federal) ou aos Tribunais de Contas.<\/p>\n\n\n\n<h2 class=\"wp-block-heading\" id=\"h-vem-pra-gran-faculdade\">Vem pra Gran Faculdade!<\/h2>\n\n\n\n<p>A Gran Faculdade vem mudando a vida de milhares de pessoas por meio de cursos \u00e0 dist\u00e2ncia de <a href=\"https:\/\/faculdade.grancursosonline.com.br\/\" target=\"_blank\" rel=\"noreferrer noopener\">gradua\u00e7\u00e3o<\/a>, <a href=\"https:\/\/pos.grancursosonline.com.br\/\" target=\"_blank\" rel=\"noreferrer noopener\">p\u00f3s-gradua\u00e7\u00e3o<\/a> e <a href=\"https:\/\/pos.grancursosonline.com.br\/mba\" target=\"_blank\" rel=\"noreferrer noopener\">MBA<\/a>. Seja no digital ou em nosso <a href=\"https:\/\/presencial.grancursosonline.com.br\/\" target=\"_blank\" rel=\"noreferrer noopener\">Campus Presencial em Curitiba<\/a>, a nossa miss\u00e3o \u00e9 transformar a educa\u00e7\u00e3o superior.<\/p>\n\n\n\n<p>Como parte de Sistema Gran de Ensino, que \u00e9 reconhecido como marca aprovadora h\u00e1 mais de 10 anos, constru\u00edmos uma renomada reputa\u00e7\u00e3o na \u00e1rea de educa\u00e7\u00e3o.<\/p>\n\n\n\n<p>Veja algumas de nossas conquistas:<\/p>\n\n\n\n<ul class=\"wp-block-list\">\n<li>Reconhecido pela Amazon como um dos projetos mais relevantes do mundo na \u00e1rea de Tecnologia e Educa\u00e7\u00e3o;<\/li>\n\n\n\n<li>Foi eleito pelo Project Management Institute (PMI), um dos 50 Projetos Mais Influentes do mundo;<\/li>\n\n\n\n<li>Somos o site de educa\u00e7\u00e3o mais acessado do Brasil;<\/li>\n\n\n\n<li>Somos avaliados com a nota m\u00e1xima pelo MEC;<\/li>\n\n\n\n<li>Aqui o semestre come\u00e7a quando quiser: entrada imediata e cont\u00ednua!<\/li>\n\n\n\n<li>Melhores pre\u00e7os do mercado;<\/li>\n\n\n\n<li>Mais de 800 mil alunos pagantes e mais de 1000 funcion\u00e1rios;<\/li>\n\n\n\n<li>Diversas ferramentas de estudo: PDFs, audiobooks, mapas mentais, videoaulas, quest\u00f5es, gerenciador de estudos e muito mais!<\/li>\n\n\n\n<li>Professores experientes e capacitados;<\/li>\n\n\n\n<li>Acesso imediato e 100% online.<\/li>\n<\/ul>\n\n\n\n<p class=\"has-text-align-center has-text-align-center\"><strong><a href=\"https:\/\/faculdade.grancursosonline.com.br\/\">Quero ser aluno da Gran Faculdade<\/a><\/strong><\/p>\n\n\n\n<div class=\"wp-block-group has-background\" style=\"background-color:#8dd2fc7a\"><div class=\"wp-block-group__inner-container is-layout-constrained wp-block-group-is-layout-constrained\">\n<p><strong>Outras not\u00edcias em destaque:<\/strong><\/p>\n\n\n\n<ul class=\"wp-block-list\">\n<li><a href=\"https:\/\/faculdade.grancursosonline.com.br\/blog\/administracao-publica\/\">Administra\u00e7\u00e3o p\u00fablica: o que \u00e9, conceito e princ\u00edpios!<\/a><\/li>\n\n\n\n<li><a href=\"https:\/\/faculdade.grancursosonline.com.br\/blog\/lei-de-responsabilidade-fiscal\/\">Lei de Responsabilidade Fiscal: o que \u00e9, como funciona e por que \u00e9 importante?<\/a><\/li>\n\n\n\n<li><a href=\"https:\/\/faculdade.grancursosonline.com.br\/blog\/como-mudar-de-area-de-trabalho-aos-30\/\" target=\"_blank\" rel=\"noopener\">Como mudar de \u00e1rea de trabalho aos 30? O guia para uma transi\u00e7\u00e3o de carreira segura<\/a><\/li>\n<\/ul>\n<\/div><\/div>\n\n\n\n<div class=\"wp-block-group\"><div class=\"wp-block-group__inner-container is-layout-constrained wp-block-group-is-layout-constrained\">\n<div class=\"wp-block-group\"><div class=\"wp-block-group__inner-container is-layout-constrained wp-block-group-is-layout-constrained\">\n<section style=\"text-align: center;\">\n<p>Quer ficar por dentro da Faculdade Digital mais inovadora do Brasil?<\/p>\n<nav>\n<p class=\"has-background has-dark-bluish-background-color\" style=\"font-size: 25px; text-align: center; background: #f0f0f0; color: #ffffff; padding: 4px 0px 4xp 0px;\"><a style=\"color: #0d134c; text-decoration: underline;\" href=\"https:\/\/faculdade.grancursosonline.com.br\/\" target=\"_blank\" rel=\"noopener\">GRADUA\u00c7\u00c3O<\/a><\/p>\n<p class=\"has-background has-dark-bluish-background-color\" style=\"font-size: 25px; text-align: center; background: #f0f0f0; color: #ffffff; padding: 4px 0px 4xp 0px;\"><a style=\"color: #0d134c; text-decoration: underline;\" href=\"https:\/\/pos.grancursosonline.com.br\/\" target=\"_blank\" rel=\"noopener\">P\u00d3S-GRADUA\u00c7\u00c3O<\/a><\/p>\n<p class=\"has-background has-dark-bluish-background-color\" style=\"font-size: 25px; text-align: center; background: #f0f0f0; color: #ffffff; padding: 4px 0px 4xp 0px;\"><a style=\"color: #0d134c; text-decoration: underline;\" href=\"https:\/\/faculdade.grancursosonline.com.br\/nossos-cursos\/\" target=\"_blank\" rel=\"noopener\">TUDO SOBRE A GRAN FACULDADE<\/a><\/p>\n<\/nav>\n<p><strong>Receba <span style=\"color: #cf1e25;\">gratuitamente<\/span> no seu celular as principais not\u00edcias sobre a Gran Faculdade! <br \/>Clique no link abaixo e inscreva-se:<\/strong><\/p>\n<p class=\"has-background has-dark-bluish-background-color\" style=\"font-size: 25px; text-align: center; background: #f0f0f0; color: #ffffff; padding: 4px 0px 4xp 0px;\"><a style=\"color: #0d134c; text-decoration: underline;\" href=\"https:\/\/whatsapp.com\/channel\/0029VaG1sChI7Be7PNndhL43\" target=\"_blank\" rel=\"noopener noreferrer\">WHATSAPP<\/a><\/p>\n<p class=\"has-background has-dark-bluish-background-color\" style=\"font-size: 25px; text-align: center; background: #f0f0f0; color: #ffffff; padding: 4px 0px 4xp 0px;\"><a style=\"color: #0d134c; text-decoration: underline;\" href=\"https:\/\/t.me\/GranFaculdade\" target=\"_blank\" rel=\"noopener noreferrer\">TELEGRAM<\/a><\/p>\n<\/section>\n<\/div><\/div>\n<\/div><\/div>\n","protected":false},"excerpt":{"rendered":"<p>A palavra &#8220;improbidade&#8221; carrega um peso jur\u00eddico significativo, representando a falta de honestidade e a viola\u00e7\u00e3o de deveres \u00e9ticos. Embora o termo seja amplamente associado a prefeitos e servidores, ele tamb\u00e9m possui reflexos diretos no setor privado, especialmente no Direito do Trabalho. Com as atualiza\u00e7\u00f5es da Lei 14.230\/2021, o cen\u00e1rio jur\u00eddico mudou drasticamente, exigindo que&hellip;<\/p>\n","protected":false},"author":525,"featured_media":79764628,"comment_status":"open","ping_status":"open","sticky":false,"template":"","format":"standard","meta":{"_acf_changed":false,"content-type":"","footnotes":""},"categories":[220350,2],"tags":[],"class_list":["post-79764597","post","type-post","status-publish","format-standard","has-post-thumbnail","hentry","category-atualidades","category-ultimas-noticias"],"acf":[],"yoast_head":"<!-- This site is optimized with the Yoast SEO Premium plugin v27.2 (Yoast SEO v27.2) - https:\/\/yoast.com\/product\/yoast-seo-premium-wordpress\/ -->\n<title>Improbidade: principais aspectos no \u00e2mbito p\u00fablico e privado<\/title>\n<meta name=\"description\" content=\"Entenda o que configura improbidade administrativa e trabalhista, o dolo espec\u00edfico e as novas san\u00e7\u00f5es. Clique!\" \/>\n<meta name=\"robots\" content=\"index, follow, max-snippet:-1, max-image-preview:large, max-video-preview:-1\" \/>\n<link rel=\"canonical\" href=\"https:\/\/faculdade.grancursosonline.com.br\/blog\/improbidade\/\" \/>\n<meta property=\"og:locale\" content=\"pt_BR\" \/>\n<meta property=\"og:type\" content=\"article\" \/>\n<meta property=\"og:title\" content=\"Improbidade: o que \u00e9 e principais aspectos no \u00e2mbito p\u00fablico e privado\" \/>\n<meta property=\"og:description\" content=\"Entenda o que configura improbidade administrativa e trabalhista, o dolo espec\u00edfico e as novas san\u00e7\u00f5es. Clique!\" \/>\n<meta property=\"og:url\" content=\"https:\/\/faculdade.grancursosonline.com.br\/blog\/improbidade\/\" \/>\n<meta property=\"og:site_name\" content=\"Blog Gran Faculdade\" \/>\n<meta property=\"article:publisher\" content=\"https:\/\/www.facebook.com\/grancursosonline\/\" \/>\n<meta property=\"article:published_time\" content=\"2026-04-28T19:19:16+00:00\" \/>\n<meta property=\"article:modified_time\" content=\"2026-04-29T13:55:15+00:00\" \/>\n<meta property=\"og:image\" content=\"https:\/\/blog-es-static.infra.grancursosonline.com.br\/wp-content\/uploads\/2026\/04\/29105449\/Improbidadee.jpg\" \/>\n\t<meta property=\"og:image:width\" content=\"511\" \/>\n\t<meta property=\"og:image:height\" content=\"311\" \/>\n\t<meta property=\"og:image:type\" content=\"image\/jpeg\" \/>\n<meta name=\"author\" content=\"Aline Damettos\" \/>\n<meta name=\"twitter:card\" content=\"summary_large_image\" \/>\n<meta name=\"twitter:creator\" content=\"@gran_online\" \/>\n<meta name=\"twitter:site\" content=\"@gran_online\" \/>\n<meta name=\"twitter:label1\" content=\"Written by\" \/>\n\t<meta name=\"twitter:data1\" content=\"Aline Damettos\" \/>\n\t<meta name=\"twitter:label2\" content=\"Est. reading time\" \/>\n\t<meta name=\"twitter:data2\" content=\"19 minutos\" \/>\n<script type=\"application\/ld+json\" class=\"yoast-schema-graph\">{\"@context\":\"https:\/\/schema.org\",\"@graph\":[{\"@type\":\"NewsArticle\",\"@id\":\"https:\/\/faculdade.grancursosonline.com.br\/blog\/improbidade\/#article\",\"isPartOf\":{\"@id\":\"https:\/\/faculdade.grancursosonline.com.br\/blog\/improbidade\/\"},\"author\":{\"name\":\"Aline Damettos\",\"@id\":\"https:\/\/faculdade.grancursosonline.com.br\/blog\/#\/schema\/person\/14e0fa771c0614c4b7434ee70589c075\"},\"headline\":\"Improbidade: o que \u00e9 e principais aspectos no \u00e2mbito p\u00fablico e privado\",\"datePublished\":\"2026-04-28T19:19:16+00:00\",\"dateModified\":\"2026-04-29T13:55:15+00:00\",\"mainEntityOfPage\":{\"@id\":\"https:\/\/faculdade.grancursosonline.com.br\/blog\/improbidade\/\"},\"wordCount\":1172,\"commentCount\":0,\"publisher\":{\"@id\":\"https:\/\/faculdade.grancursosonline.com.br\/blog\/#organization\"},\"image\":{\"@id\":\"https:\/\/faculdade.grancursosonline.com.br\/blog\/improbidade\/#primaryimage\"},\"thumbnailUrl\":\"https:\/\/blog-es-static.infra.grancursosonline.com.br\/wp-content\/uploads\/2026\/04\/29105434\/Improbidade.jpg\",\"articleSection\":[\"Atualidades\",\"\u00daltimas Not\u00edcias\"],\"inLanguage\":\"pt-BR\",\"potentialAction\":[{\"@type\":\"CommentAction\",\"name\":\"Comment\",\"target\":[\"https:\/\/faculdade.grancursosonline.com.br\/blog\/improbidade\/#respond\"]}],\"copyrightYear\":\"2026\",\"copyrightHolder\":{\"@id\":\"https:\/\/faculdade.grancursosonline.com.br\/blog\/#organization\"}},{\"@type\":\"WebPage\",\"@id\":\"https:\/\/faculdade.grancursosonline.com.br\/blog\/improbidade\/\",\"url\":\"https:\/\/faculdade.grancursosonline.com.br\/blog\/improbidade\/\",\"name\":\"Improbidade: principais aspectos no \u00e2mbito p\u00fablico e privado\",\"isPartOf\":{\"@id\":\"https:\/\/faculdade.grancursosonline.com.br\/blog\/#website\"},\"primaryImageOfPage\":{\"@id\":\"https:\/\/faculdade.grancursosonline.com.br\/blog\/improbidade\/#primaryimage\"},\"image\":{\"@id\":\"https:\/\/faculdade.grancursosonline.com.br\/blog\/improbidade\/#primaryimage\"},\"thumbnailUrl\":\"https:\/\/blog-es-static.infra.grancursosonline.com.br\/wp-content\/uploads\/2026\/04\/29105434\/Improbidade.jpg\",\"datePublished\":\"2026-04-28T19:19:16+00:00\",\"dateModified\":\"2026-04-29T13:55:15+00:00\",\"description\":\"Entenda o que configura improbidade administrativa e trabalhista, o dolo espec\u00edfico e as novas san\u00e7\u00f5es. Clique!\",\"breadcrumb\":{\"@id\":\"https:\/\/faculdade.grancursosonline.com.br\/blog\/improbidade\/#breadcrumb\"},\"inLanguage\":\"pt-BR\",\"potentialAction\":[{\"@type\":\"ReadAction\",\"target\":[\"https:\/\/faculdade.grancursosonline.com.br\/blog\/improbidade\/\"]}]},{\"@type\":\"ImageObject\",\"inLanguage\":\"pt-BR\",\"@id\":\"https:\/\/faculdade.grancursosonline.com.br\/blog\/improbidade\/#primaryimage\",\"url\":\"https:\/\/blog-es-static.infra.grancursosonline.com.br\/wp-content\/uploads\/2026\/04\/29105434\/Improbidade.jpg\",\"contentUrl\":\"https:\/\/blog-es-static.infra.grancursosonline.com.br\/wp-content\/uploads\/2026\/04\/29105434\/Improbidade.jpg\",\"width\":1001,\"height\":601},{\"@type\":\"BreadcrumbList\",\"@id\":\"https:\/\/faculdade.grancursosonline.com.br\/blog\/improbidade\/#breadcrumb\",\"itemListElement\":[{\"@type\":\"ListItem\",\"position\":1,\"name\":\"In\u00edcio\",\"item\":\"https:\/\/faculdade.grancursosonline.com.br\/blog\/\"},{\"@type\":\"ListItem\",\"position\":2,\"name\":\"Atualidades\",\"item\":\"https:\/\/faculdade.grancursosonline.com.br\/blog\/categoria\/atualidades\/\"},{\"@type\":\"ListItem\",\"position\":3,\"name\":\"Improbidade: o que \u00e9 e principais aspectos no \u00e2mbito p\u00fablico e privado\"}]},{\"@type\":\"WebSite\",\"@id\":\"https:\/\/faculdade.grancursosonline.com.br\/blog\/#website\",\"url\":\"https:\/\/faculdade.grancursosonline.com.br\/blog\/\",\"name\":\"Blog Gran Faculdade\",\"description\":\"Tudo sobre ensino superior, p\u00f3s-gradua\u00e7\u00e3o, enem e carreira.\",\"publisher\":{\"@id\":\"https:\/\/faculdade.grancursosonline.com.br\/blog\/#organization\"},\"potentialAction\":[{\"@type\":\"SearchAction\",\"target\":{\"@type\":\"EntryPoint\",\"urlTemplate\":\"https:\/\/faculdade.grancursosonline.com.br\/blog\/?s={search_term_string}\"},\"query-input\":{\"@type\":\"PropertyValueSpecification\",\"valueRequired\":true,\"valueName\":\"search_term_string\"}}],\"inLanguage\":\"pt-BR\"},{\"@type\":\"Organization\",\"@id\":\"https:\/\/faculdade.grancursosonline.com.br\/blog\/#organization\",\"name\":\"Gran Cursos Online\",\"url\":\"https:\/\/faculdade.grancursosonline.com.br\/blog\/\",\"logo\":{\"@type\":\"ImageObject\",\"inLanguage\":\"pt-BR\",\"@id\":\"https:\/\/faculdade.grancursosonline.com.br\/blog\/#\/schema\/logo\/image\/\",\"url\":\"https:\/\/blog-es-static.infra.grancursosonline.com.br\/wp-content\/uploads\/2019\/08\/03123934\/logo.png\",\"contentUrl\":\"https:\/\/blog-es-static.infra.grancursosonline.com.br\/wp-content\/uploads\/2019\/08\/03123934\/logo.png\",\"width\":300,\"height\":57,\"caption\":\"Gran Cursos Online\"},\"image\":{\"@id\":\"https:\/\/faculdade.grancursosonline.com.br\/blog\/#\/schema\/logo\/image\/\"},\"sameAs\":[\"https:\/\/www.facebook.com\/grancursosonline\/\",\"https:\/\/x.com\/gran_online\",\"https:\/\/www.instagram.com\/grancursosonline\/\",\"https:\/\/www.youtube.com\/user\/grancursostv\"]},{\"@type\":\"Person\",\"@id\":\"https:\/\/faculdade.grancursosonline.com.br\/blog\/#\/schema\/person\/14e0fa771c0614c4b7434ee70589c075\",\"name\":\"Aline Damettos\",\"url\":\"https:\/\/faculdade.grancursosonline.com.br\/blog\/author\/aline-damettos\/\"}]}<\/script>\n<!-- \/ Yoast SEO Premium plugin. -->","yoast_head_json":{"title":"Improbidade: principais aspectos no \u00e2mbito p\u00fablico e privado","description":"Entenda o que configura improbidade administrativa e trabalhista, o dolo espec\u00edfico e as novas san\u00e7\u00f5es. Clique!","robots":{"index":"index","follow":"follow","max-snippet":"max-snippet:-1","max-image-preview":"max-image-preview:large","max-video-preview":"max-video-preview:-1"},"canonical":"https:\/\/faculdade.grancursosonline.com.br\/blog\/improbidade\/","og_locale":"pt_BR","og_type":"article","og_title":"Improbidade: o que \u00e9 e principais aspectos no \u00e2mbito p\u00fablico e privado","og_description":"Entenda o que configura improbidade administrativa e trabalhista, o dolo espec\u00edfico e as novas san\u00e7\u00f5es. Clique!","og_url":"https:\/\/faculdade.grancursosonline.com.br\/blog\/improbidade\/","og_site_name":"Blog Gran Faculdade","article_publisher":"https:\/\/www.facebook.com\/grancursosonline\/","article_published_time":"2026-04-28T19:19:16+00:00","article_modified_time":"2026-04-29T13:55:15+00:00","og_image":[{"width":511,"height":311,"url":"https:\/\/blog-es-static.infra.grancursosonline.com.br\/wp-content\/uploads\/2026\/04\/29105449\/Improbidadee.jpg","type":"image\/jpeg"}],"author":"Aline Damettos","twitter_card":"summary_large_image","twitter_creator":"@gran_online","twitter_site":"@gran_online","twitter_misc":{"Written by":"Aline Damettos","Est. reading time":"19 minutos"},"schema":{"@context":"https:\/\/schema.org","@graph":[{"@type":"NewsArticle","@id":"https:\/\/faculdade.grancursosonline.com.br\/blog\/improbidade\/#article","isPartOf":{"@id":"https:\/\/faculdade.grancursosonline.com.br\/blog\/improbidade\/"},"author":{"name":"Aline Damettos","@id":"https:\/\/faculdade.grancursosonline.com.br\/blog\/#\/schema\/person\/14e0fa771c0614c4b7434ee70589c075"},"headline":"Improbidade: o que \u00e9 e principais aspectos no \u00e2mbito p\u00fablico e privado","datePublished":"2026-04-28T19:19:16+00:00","dateModified":"2026-04-29T13:55:15+00:00","mainEntityOfPage":{"@id":"https:\/\/faculdade.grancursosonline.com.br\/blog\/improbidade\/"},"wordCount":1172,"commentCount":0,"publisher":{"@id":"https:\/\/faculdade.grancursosonline.com.br\/blog\/#organization"},"image":{"@id":"https:\/\/faculdade.grancursosonline.com.br\/blog\/improbidade\/#primaryimage"},"thumbnailUrl":"https:\/\/blog-es-static.infra.grancursosonline.com.br\/wp-content\/uploads\/2026\/04\/29105434\/Improbidade.jpg","articleSection":["Atualidades","\u00daltimas Not\u00edcias"],"inLanguage":"pt-BR","potentialAction":[{"@type":"CommentAction","name":"Comment","target":["https:\/\/faculdade.grancursosonline.com.br\/blog\/improbidade\/#respond"]}],"copyrightYear":"2026","copyrightHolder":{"@id":"https:\/\/faculdade.grancursosonline.com.br\/blog\/#organization"}},{"@type":"WebPage","@id":"https:\/\/faculdade.grancursosonline.com.br\/blog\/improbidade\/","url":"https:\/\/faculdade.grancursosonline.com.br\/blog\/improbidade\/","name":"Improbidade: principais aspectos no \u00e2mbito p\u00fablico e privado","isPartOf":{"@id":"https:\/\/faculdade.grancursosonline.com.br\/blog\/#website"},"primaryImageOfPage":{"@id":"https:\/\/faculdade.grancursosonline.com.br\/blog\/improbidade\/#primaryimage"},"image":{"@id":"https:\/\/faculdade.grancursosonline.com.br\/blog\/improbidade\/#primaryimage"},"thumbnailUrl":"https:\/\/blog-es-static.infra.grancursosonline.com.br\/wp-content\/uploads\/2026\/04\/29105434\/Improbidade.jpg","datePublished":"2026-04-28T19:19:16+00:00","dateModified":"2026-04-29T13:55:15+00:00","description":"Entenda o que configura improbidade administrativa e trabalhista, o dolo espec\u00edfico e as novas san\u00e7\u00f5es. Clique!","breadcrumb":{"@id":"https:\/\/faculdade.grancursosonline.com.br\/blog\/improbidade\/#breadcrumb"},"inLanguage":"pt-BR","potentialAction":[{"@type":"ReadAction","target":["https:\/\/faculdade.grancursosonline.com.br\/blog\/improbidade\/"]}]},{"@type":"ImageObject","inLanguage":"pt-BR","@id":"https:\/\/faculdade.grancursosonline.com.br\/blog\/improbidade\/#primaryimage","url":"https:\/\/blog-es-static.infra.grancursosonline.com.br\/wp-content\/uploads\/2026\/04\/29105434\/Improbidade.jpg","contentUrl":"https:\/\/blog-es-static.infra.grancursosonline.com.br\/wp-content\/uploads\/2026\/04\/29105434\/Improbidade.jpg","width":1001,"height":601},{"@type":"BreadcrumbList","@id":"https:\/\/faculdade.grancursosonline.com.br\/blog\/improbidade\/#breadcrumb","itemListElement":[{"@type":"ListItem","position":1,"name":"In\u00edcio","item":"https:\/\/faculdade.grancursosonline.com.br\/blog\/"},{"@type":"ListItem","position":2,"name":"Atualidades","item":"https:\/\/faculdade.grancursosonline.com.br\/blog\/categoria\/atualidades\/"},{"@type":"ListItem","position":3,"name":"Improbidade: o que \u00e9 e principais aspectos no \u00e2mbito p\u00fablico e privado"}]},{"@type":"WebSite","@id":"https:\/\/faculdade.grancursosonline.com.br\/blog\/#website","url":"https:\/\/faculdade.grancursosonline.com.br\/blog\/","name":"Blog Gran Faculdade","description":"Tudo sobre ensino superior, p\u00f3s-gradua\u00e7\u00e3o, enem e carreira.","publisher":{"@id":"https:\/\/faculdade.grancursosonline.com.br\/blog\/#organization"},"potentialAction":[{"@type":"SearchAction","target":{"@type":"EntryPoint","urlTemplate":"https:\/\/faculdade.grancursosonline.com.br\/blog\/?s={search_term_string}"},"query-input":{"@type":"PropertyValueSpecification","valueRequired":true,"valueName":"search_term_string"}}],"inLanguage":"pt-BR"},{"@type":"Organization","@id":"https:\/\/faculdade.grancursosonline.com.br\/blog\/#organization","name":"Gran Cursos Online","url":"https:\/\/faculdade.grancursosonline.com.br\/blog\/","logo":{"@type":"ImageObject","inLanguage":"pt-BR","@id":"https:\/\/faculdade.grancursosonline.com.br\/blog\/#\/schema\/logo\/image\/","url":"https:\/\/blog-es-static.infra.grancursosonline.com.br\/wp-content\/uploads\/2019\/08\/03123934\/logo.png","contentUrl":"https:\/\/blog-es-static.infra.grancursosonline.com.br\/wp-content\/uploads\/2019\/08\/03123934\/logo.png","width":300,"height":57,"caption":"Gran Cursos Online"},"image":{"@id":"https:\/\/faculdade.grancursosonline.com.br\/blog\/#\/schema\/logo\/image\/"},"sameAs":["https:\/\/www.facebook.com\/grancursosonline\/","https:\/\/x.com\/gran_online","https:\/\/www.instagram.com\/grancursosonline\/","https:\/\/www.youtube.com\/user\/grancursostv"]},{"@type":"Person","@id":"https:\/\/faculdade.grancursosonline.com.br\/blog\/#\/schema\/person\/14e0fa771c0614c4b7434ee70589c075","name":"Aline Damettos","url":"https:\/\/faculdade.grancursosonline.com.br\/blog\/author\/aline-damettos\/"}]}},"_links":{"self":[{"href":"https:\/\/faculdade.grancursosonline.com.br\/blog\/wp-json\/wp\/v2\/posts\/79764597","targetHints":{"allow":["GET"]}}],"collection":[{"href":"https:\/\/faculdade.grancursosonline.com.br\/blog\/wp-json\/wp\/v2\/posts"}],"about":[{"href":"https:\/\/faculdade.grancursosonline.com.br\/blog\/wp-json\/wp\/v2\/types\/post"}],"author":[{"embeddable":true,"href":"https:\/\/faculdade.grancursosonline.com.br\/blog\/wp-json\/wp\/v2\/users\/525"}],"replies":[{"embeddable":true,"href":"https:\/\/faculdade.grancursosonline.com.br\/blog\/wp-json\/wp\/v2\/comments?post=79764597"}],"version-history":[{"count":2,"href":"https:\/\/faculdade.grancursosonline.com.br\/blog\/wp-json\/wp\/v2\/posts\/79764597\/revisions"}],"predecessor-version":[{"id":79764610,"href":"https:\/\/faculdade.grancursosonline.com.br\/blog\/wp-json\/wp\/v2\/posts\/79764597\/revisions\/79764610"}],"wp:featuredmedia":[{"embeddable":true,"href":"https:\/\/faculdade.grancursosonline.com.br\/blog\/wp-json\/wp\/v2\/media\/79764628"}],"wp:attachment":[{"href":"https:\/\/faculdade.grancursosonline.com.br\/blog\/wp-json\/wp\/v2\/media?parent=79764597"}],"wp:term":[{"taxonomy":"category","embeddable":true,"href":"https:\/\/faculdade.grancursosonline.com.br\/blog\/wp-json\/wp\/v2\/categories?post=79764597"},{"taxonomy":"post_tag","embeddable":true,"href":"https:\/\/faculdade.grancursosonline.com.br\/blog\/wp-json\/wp\/v2\/tags?post=79764597"}],"curies":[{"name":"wp","href":"https:\/\/api.w.org\/{rel}","templated":true}]}}