{"id":79764602,"date":"2026-04-28T15:50:19","date_gmt":"2026-04-28T18:50:19","guid":{"rendered":"https:\/\/faculdade.grancursosonline.com.br\/blog\/?p=79764602"},"modified":"2026-04-28T15:53:20","modified_gmt":"2026-04-28T18:53:20","slug":"o-que-e-um-dia-util","status":"publish","type":"post","link":"https:\/\/faculdade.grancursosonline.com.br\/blog\/o-que-e-um-dia-util\/","title":{"rendered":"O que \u00e9 um dia \u00fatil? Entenda o que o caracteriza e como marcar no calend\u00e1rio"},"content":{"rendered":"\n<p>A rotina n\u00e3o para, mas o calend\u00e1rio comercial tem suas pr\u00f3prias regras de funcionamento. Entre o vencimento de uma conta e a espera por uma encomenda, o dia \u00fatil dita o ritmo. Com v\u00e1rios feriados em abril, e outros se aproximando, podem surgir algumas d\u00favidas.<\/p>\n\n\n\n<p>Afinal, o s\u00e1bado conta? E como ficam os prazos banc\u00e1rios quando o calend\u00e1rio aperta? Entender o funcionamento \u00e9 fundamental para evitar juros e planejar bem a sua semana. Vamos direto ao ponto para desvendar o que realmente conta como dia de trabalho oficial.<\/p>\n\n\n\n<p class=\"has-text-align-center\"><strong>\u00a0<a href=\"https:\/\/faculdade.grancursosonline.com.br\/\" target=\"_blank\" rel=\"noopener\">Quero come\u00e7ar minha faculdade hoje<\/a><\/strong><\/p>\n\n\n\n<p>Descubra mais acompanhando o artigo na \u00edntegra ou navegando pelo \u00edndice:<\/p>\n\n\n\n<ul class=\"wp-block-list\">\n<li><a href=\"#h-o-que-define-um-dia-util-e-por-que-ele-e-a-regua-do-mercado\" type=\"internal\" id=\"#h-o-que-define-um-dia-util-e-por-que-ele-e-a-regua-do-mercado\">O que define um dia \u00fatil e por que ele \u00e9 a r\u00e9gua do mercado?<\/a><\/li>\n\n\n\n<li><a href=\"#h-dia-util-e-dia-corrido-entenda-as-diferencas-fundamentais-de-prazos\" type=\"internal\" id=\"#h-dia-util-e-dia-corrido-entenda-as-diferencas-fundamentais-de-prazos\">Dia \u00fatil e dia corrido: entenda as diferen\u00e7as fundamentais de prazos<\/a><\/li>\n\n\n\n<li><a href=\"#h-o-dilema-do-sabado-e-dia-util-para-o-comercio-ou-para-os-bancos\" type=\"internal\" id=\"#h-o-dilema-do-sabado-e-dia-util-para-o-comercio-ou-para-os-bancos\">O dilema do s\u00e1bado: \u00e9 dia \u00fatil para o com\u00e9rcio ou para os bancos?<\/a><\/li>\n\n\n\n<li><a href=\"#h-como-os-feriados-nacionais-e-municipais-impactam-o-calendario-oficial\" type=\"internal\" id=\"#h-como-os-feriados-nacionais-e-municipais-impactam-o-calendario-oficial\">Como os feriados nacionais e municipais impactam o calend\u00e1rio oficial<\/a><\/li>\n\n\n\n<li><a href=\"#h-pix-boletos-e-transferencias-o-que-muda-no-processamento-em-dias-nao-uteis\" type=\"internal\" id=\"#h-pix-boletos-e-transferencias-o-que-muda-no-processamento-em-dias-nao-uteis\">Pix, boletos e transfer\u00eancias: o que muda no processamento em dias n\u00e3o \u00fateis?<\/a><\/li>\n\n\n\n<li><a href=\"#como-calcular-prazos-de-entrega-e-vencimento-sem-erros-em-2026\" type=\"internal\" id=\"#como-calcular-prazos-de-entrega-e-vencimento-sem-erros-em-2026\">Como calcular prazos de entrega e vencimentos sem erros em 2026<\/a><\/li>\n\n\n\n<li><a href=\"#antecipacao-de-feriados-e-pontos-facultativos-o-que-o-trabalhado-precisa-saber\" type=\"internal\" id=\"#antecipacao-de-feriados-e-pontos-facultativos-o-que-o-trabalhado-precisa-saber\">Antecipa\u00e7\u00e3o de feriados e pontos facultativos: o que o trabalhador precisa saber<\/a><\/li>\n\n\n\n<li><a href=\"#h-perguntas-frequentes-sobre-dia-util\" type=\"internal\" id=\"#h-perguntas-frequentes-sobre-dia-util\">Perguntas frequentes sobre dia \u00fatil<\/a><\/li>\n<\/ul>\n\n\n\n<h2 class=\"wp-block-heading\" id=\"h-o-que-define-um-dia-util-e-por-que-ele-e-a-regua-do-mercado\"><strong>O que define um dia \u00fatil e por que ele \u00e9 a r\u00e9gua do mercado?<\/strong><\/h2>\n\n\n\n<p>De forma t\u00e9cnica, um dia \u00fatil \u00e9 qualquer dia da semana que n\u00e3o seja domingo ou feriado (nacional, estadual ou municipal). No Brasil, a l\u00f3gica principal segue o calend\u00e1rio banc\u00e1rio, que estabelece quando as institui\u00e7\u00f5es financeiras operam normalmente.<\/p>\n\n\n\n<p>Neste sentido, o dia \u00fatil \u00e9 a &#8220;r\u00e9gua do mercado&#8221; porque padroniza as rela\u00e7\u00f5es comerciais. Sem essa defini\u00e7\u00e3o, seria imposs\u00edvel calcular o vencimento de um contrato ou o prazo de compensa\u00e7\u00e3o de um pagamento de forma justa, j\u00e1 que os servi\u00e7os de suporte e liquida\u00e7\u00e3o financeira costumam pausar fora desse per\u00edodo.<\/p>\n\n\n\n<h2 class=\"wp-block-heading\" id=\"h-dia-util-e-dia-corrido-entenda-as-diferencas-fundamentais-de-prazos\"><strong>Dia \u00fatil e dia corrido: entenda as diferen\u00e7as fundamentais de prazos<\/strong><\/h2>\n\n\n\n<p>Essa \u00e9 a maior armadilha para quem faz compras online ou assina contratos. Saiba como diferenciar:&nbsp;<\/p>\n\n\n\n<ul class=\"wp-block-list\">\n<li><strong>Dias corridos:<\/strong> s\u00e3o todos os dias do calend\u00e1rio, sem exce\u00e7\u00e3o. Se voc\u00ea tem 7 dias corridos para cancelar uma compra (direito de arrependimento), o s\u00e1bado, o domingo e o feriado est\u00e3o na conta;<\/li>\n\n\n\n<li><strong>Dias \u00fateis:<\/strong> s\u00e3o os dias de opera\u00e7\u00e3o comercial padr\u00e3o. Se um prazo de entrega \u00e9 de &#8220;5 dias \u00fateis&#8221; e voc\u00ea comprou na quarta-feira, dia 29 de abril de 2026, a contagem pula o feriado de 1\u00ba de maio (sexta-feira), o s\u00e1bado e o domingo, terminando apenas na outra quarta-feira, 6 de maio.<\/li>\n<\/ul>\n\n\n\n<h2 class=\"wp-block-heading\" id=\"h-o-dilema-do-sabado-e-dia-util-para-o-comercio-ou-para-os-bancos\"><strong>O dilema do s\u00e1bado: \u00e9 dia \u00fatil para o com\u00e9rcio ou para os bancos?<\/strong><\/h2>\n\n\n\n<p>Aqui mora a confus\u00e3o. Para fins <strong>banc\u00e1rios<\/strong>, o s\u00e1bado <strong>n\u00e3o \u00e9 dia \u00fatil<\/strong>. Se um boleto vence no s\u00e1bado, voc\u00ea pode pag\u00e1-lo na segunda-feira sem juros.<\/p>\n\n\n\n<p>J\u00e1 para fins <strong>trabalhistas e comerciais<\/strong>, o s\u00e1bado pode ser considerado dia \u00fatil, dependendo do contrato de trabalho ou do funcionamento da loja.&nbsp;<\/p>\n\n\n\n<p>Para a contagem de f\u00e9rias ou prazos de pagamento de sal\u00e1rio, o s\u00e1bado \u00e9 considerado dia \u00fatil de trabalho, a menos que o contrato especifique o contr\u00e1rio.<\/p>\n\n\n\n<h2 class=\"wp-block-heading\" id=\"h-como-os-feriados-nacionais-e-municipais-impactam-o-calendario-oficial\"><strong>Como os feriados nacionais e municipais impactam o calend\u00e1rio oficial<\/strong><\/h2>\n\n\n\n<p>O feriado funciona como uma <strong>exce\u00e7\u00e3o oficial<\/strong> que interrompe a sequ\u00eancia dos dias \u00fateis. No Brasil, temos datas nacionais fixas, como o <a href=\"https:\/\/faculdade.grancursosonline.com.br\/blog\/dia-do-trabalhador\/\" target=\"_blank\" rel=\"noopener\"><strong>Dia do Trabalho<\/strong><\/a><strong> em 1\u00ba de maio<\/strong>, que cai nesta pr\u00f3xima sexta-feira, e feriados m\u00f3veis, que mudam de dia a cada ano, como a paix\u00e3o de Cristo.<\/p>\n\n\n\n<p>Al\u00e9m disso, existem os feriados municipais (como o anivers\u00e1rio da cidade ou o dia do padroeiro).&nbsp;<\/p>\n\n\n\n<p>Se for feriado na sua cidade, mas n\u00e3o na cidade de destino de uma transfer\u00eancia banc\u00e1ria ou de uma mercadoria, o dia continua sendo <strong>n\u00e3o \u00fatil<\/strong> para voc\u00ea, o que pode pausar servi\u00e7os locais e o processamento de documentos f\u00edsicos.<\/p>\n\n\n\n<h2 class=\"wp-block-heading\" id=\"h-pix-boletos-e-transferencias-o-que-muda-no-processamento-em-dias-nao-uteis\"><strong>Pix, boletos e transfer\u00eancias: o que muda no processamento em dias n\u00e3o \u00fateis?<\/strong><\/h2>\n\n\n\n<p>A tecnologia mudou as regras, mas nem tanto:<\/p>\n\n\n\n<ul class=\"wp-block-list\">\n<li><strong>Pix:<\/strong> \u00e9 a exce\u00e7\u00e3o total. Funciona 24 horas por dia, 7 dias por semana, inclusive em feriados. Para o Pix, &#8220;dia \u00fatil&#8221; quase n\u00e3o existe, pois o dinheiro cai na hora;<\/li>\n\n\n\n<li><strong>Boletos:<\/strong> se voc\u00ea pagar um boleto no feriado de 1\u00ba de maio, ele s\u00f3 come\u00e7ar\u00e1 a ser processado pelo banco no pr\u00f3ximo dia \u00fatil (segunda-feira, 4 de maio). A compensa\u00e7\u00e3o pode levar at\u00e9 3 dias \u00fateis ap\u00f3s esse in\u00edcio;<\/li>\n\n\n\n<li><strong>TED (Transfer\u00eancia Eletr\u00f4nica Dispon\u00edvel):<\/strong> s\u00f3 funciona em dias \u00fateis e dentro do hor\u00e1rio banc\u00e1rio. Fora disso, ela fica agendada.<\/li>\n<\/ul>\n\n\n<div class=\"wp-block-image\">\n<figure class=\"aligncenter size-large\"><img loading=\"lazy\" decoding=\"async\" width=\"1024\" height=\"559\" src=\"https:\/\/blog-es-static.infra.grancursosonline.com.br\/wp-content\/uploads\/2026\/04\/28154038\/ilustracao-dia-util-1024x559.webp\" alt=\"funcionamento sistemas de pagamento dias \u00fateis\n\" class=\"wp-image-79764604\"\/><\/figure>\n<\/div>\n\n\n<h2 class=\"wp-block-heading\" id=\"como-calcular-prazos-de-entrega-e-vencimento-sem-erros-em-2026\"><strong>Como calcular prazos de entrega e vencimentos sem erros em 2026<\/strong><\/h2>\n\n\n\n<p>Para n\u00e3o errar o c\u00e1lculo hoje, dia 28 de abril, siga estas regras:<\/p>\n\n\n\n<ol class=\"wp-block-list\">\n<li><strong>Exclua o dia do in\u00edcio:<\/strong> se o prazo come\u00e7a hoje, o &#8220;dia 1&#8221; \u00e9 amanh\u00e3, quarta-feira;<\/li>\n\n\n\n<li><strong>Identifique feriados:<\/strong> olhando para o calend\u00e1rio desta semana, lembre-se que sexta-feira (1\u00ba de maio) \u00e9 feriado nacional. Pule esse dia;<\/li>\n\n\n\n<li><strong>Pule finais de semana:<\/strong> S\u00e1bado e domingo n\u00e3o entram na contagem de dias \u00fateis para prazos de entrega.<\/li>\n<\/ol>\n\n\n\n<h2 class=\"wp-block-heading\" id=\"antecipacao-de-feriados-e-pontos-facultativos-o-que-o-trabalhado-precisa-saber\"><strong>Antecipa\u00e7\u00e3o de feriados e pontos facultativos: o que o trabalhador precisa saber<\/strong><\/h2>\n\n\n\n<p>O <strong>ponto facultativo<\/strong> (comum em v\u00e9speras de feriados ou Carnaval) \u00e9 opcional para as empresas do setor privado. J\u00e1 os feriados s\u00e3o obrigat\u00f3rios.&nbsp;<\/p>\n\n\n\n<p>Se a empresa decidir trabalhar no feriado de 1\u00ba de maio, ela deve pagar a dobradinha ou oferecer uma folga compensat\u00f3ria, conforme a <a href=\"https:\/\/faculdade.grancursosonline.com.br\/blog\/consolidacao-leis-trabalho-clt\/\">CLT<\/a> (<em>Consolida\u00e7\u00e3o das Leis do Trabalho<\/em>).<\/p>\n\n\n\n<h2 class=\"wp-block-heading\" id=\"h-perguntas-frequentes-sobre-dia-util\"><strong>Perguntas frequentes sobre dia \u00fatil <\/strong><\/h2>\n\n\n\n<h3 class=\"wp-block-heading\"><strong>1. Se o boleto vence no feriado de 1\u00ba de maio, quando devo pagar?<\/strong><\/h3>\n\n\n\n<p>Voc\u00ea pode pagar no pr\u00f3ximo dia \u00fatil (segunda-feira, 4 de maio) sem qualquer cobran\u00e7a de juros ou multa. O sistema banc\u00e1rio reconhece o feriado automaticamente.<\/p>\n\n\n\n<h3 class=\"wp-block-heading\"><strong>2. S\u00e1bado conta para o prazo de entrega de 48 horas?<\/strong><\/h3>\n\n\n\n<p>Geralmente n\u00e3o. A maioria das transportadoras trabalha com o conceito de dias \u00fateis (segunda a sexta). Sempre verifique se o site menciona &#8220;dias \u00fateis&#8221; ou &#8220;horas corridas&#8221;.<\/p>\n\n\n\n<h3 class=\"wp-block-heading\"><strong>3. O dia do pagamento do sal\u00e1rio (5\u00ba dia \u00fatil) inclui o s\u00e1bado?<\/strong><\/h3>\n\n\n\n<p>Sim. De acordo com a legisla\u00e7\u00e3o trabalhista brasileira, para a contagem do prazo de pagamento de sal\u00e1rio, o s\u00e1bado \u00e9 considerado dia \u00fatil.<\/p>\n\n\n\n<h3 class=\"wp-block-heading\"><strong>4. O Pix feito no domingo conta como movimento do dia \u00fatil seguinte?<\/strong><\/h3>\n\n\n\n<p>Sim. Embora o dinheiro caia na hora para quem recebe, o extrato banc\u00e1rio costuma registrar a &#8220;data cont\u00e1bil&#8221; como o pr\u00f3ximo dia \u00fatil.<\/p>\n\n\n\n<h3 class=\"wp-block-heading\"><strong>5. Antecipa\u00e7\u00e3o de feriado muda o vencimento das minhas contas?<\/strong><\/h3>\n\n\n\n<p>Sim. Se um governo estadual ou municipal antecipa um feriado, as ag\u00eancias banc\u00e1rias daquela localidade costumam fechar, e os prazos que venceriam naquele dia s\u00e3o prorrogados para o dia \u00fatil seguinte.<\/p>\n\n\n\n<h2 class=\"wp-block-heading\" id=\"h-vem-pra-gran-faculdade\">Vem pra Gran Faculdade!<\/h2>\n\n\n\n<p>A Gran Faculdade vem mudando a vida de milhares de pessoas por meio de cursos \u00e0 dist\u00e2ncia de <a href=\"https:\/\/faculdade.grancursosonline.com.br\/\" target=\"_blank\" rel=\"noreferrer noopener\">gradua\u00e7\u00e3o<\/a>, <a href=\"https:\/\/pos.grancursosonline.com.br\/\" target=\"_blank\" rel=\"noreferrer noopener\">p\u00f3s-gradua\u00e7\u00e3o<\/a> e <a href=\"https:\/\/pos.grancursosonline.com.br\/mba\" target=\"_blank\" rel=\"noreferrer noopener\">MBA<\/a>. Seja no digital ou em nosso <a href=\"https:\/\/presencial.grancursosonline.com.br\/\" target=\"_blank\" rel=\"noreferrer noopener\">Campus Presencial em Curitiba<\/a>, a nossa miss\u00e3o \u00e9 transformar a educa\u00e7\u00e3o superior.<\/p>\n\n\n\n<p>Como parte de Sistema Gran de Ensino, que \u00e9 reconhecido como marca aprovadora h\u00e1 mais de 10 anos, constru\u00edmos uma renomada reputa\u00e7\u00e3o na \u00e1rea de educa\u00e7\u00e3o.<\/p>\n\n\n\n<p>Veja algumas de nossas conquistas:<\/p>\n\n\n\n<ul class=\"wp-block-list\">\n<li>Reconhecido pela Amazon como um dos projetos mais relevantes do mundo na \u00e1rea de Tecnologia e Educa\u00e7\u00e3o;<\/li>\n\n\n\n<li>Foi eleito pelo Project Management Institute (PMI), um dos 50 Projetos Mais Influentes do mundo;<\/li>\n\n\n\n<li>Somos o site de educa\u00e7\u00e3o mais acessado do Brasil;<\/li>\n\n\n\n<li>Somos avaliados com a nota m\u00e1xima pelo MEC;<\/li>\n\n\n\n<li>Aqui o semestre come\u00e7a quando quiser: entrada imediata e cont\u00ednua!<\/li>\n\n\n\n<li>Melhores pre\u00e7os do mercado;<\/li>\n\n\n\n<li>Mais de 800 mil alunos pagantes e mais de 1000 funcion\u00e1rios;<\/li>\n\n\n\n<li>Diversas ferramentas de estudo: PDFs, audiobooks, mapas mentais, videoaulas, quest\u00f5es, gerenciador de estudos e muito mais!<\/li>\n\n\n\n<li>Professores experientes e capacitados;<\/li>\n\n\n\n<li>Acesso imediato e 100% online.<\/li>\n<\/ul>\n\n\n\n<p class=\"has-text-align-center has-text-align-center\"><strong><a href=\"https:\/\/faculdade.grancursosonline.com.br\/\">Quero ser aluno da Gran Faculdade<\/a><\/strong><\/p>\n\n\n\n<div class=\"wp-block-group has-background\" style=\"background-color:#8dd2fc7a\"><div class=\"wp-block-group__inner-container is-layout-constrained wp-block-group-is-layout-constrained\">\n<p><strong>Outras not\u00edcias em destaque:<\/strong><\/p>\n\n\n\n<ul class=\"wp-block-list\">\n<li><a href=\"https:\/\/faculdade.grancursosonline.com.br\/blog\/analise-preditiva\/\" target=\"_blank\" rel=\"noopener\">An\u00e1lise preditiva: o que \u00e9, como funciona e exemplos pr\u00e1ticos<\/a><\/li>\n\n\n\n<li><a href=\"https:\/\/faculdade.grancursosonline.com.br\/blog\/como-fazer-uma-boa-redacao-com-temas-atuais\/\" target=\"_blank\" rel=\"noopener\">Como fazer uma boa reda\u00e7\u00e3o com temas atuais? Confira dicas!<\/a><\/li>\n\n\n\n<li><a href=\"https:\/\/faculdade.grancursosonline.com.br\/blog\/trilha-de-carreira\/\" target=\"_blank\" rel=\"noopener\">Trilha de carreira: guia completo para planejar, estruturar e crescer profissionalmente\u00a0<\/a><\/li>\n<\/ul>\n<\/div><\/div>\n\n\n\n<div class=\"wp-block-group\"><div class=\"wp-block-group__inner-container is-layout-constrained wp-block-group-is-layout-constrained\">\n<div class=\"wp-block-group\"><div class=\"wp-block-group__inner-container is-layout-constrained wp-block-group-is-layout-constrained\">\n<section style=\"text-align: center;\">\n<p>Quer ficar por dentro da Faculdade Digital mais inovadora do Brasil?<\/p>\n<nav>\n<p class=\"has-background has-dark-bluish-background-color\" style=\"font-size: 25px; text-align: center; background: #f0f0f0; color: #ffffff; padding: 4px 0px 4xp 0px;\"><a style=\"color: #0d134c; text-decoration: underline;\" href=\"https:\/\/faculdade.grancursosonline.com.br\/\" target=\"_blank\" rel=\"noopener\">GRADUA\u00c7\u00c3O<\/a><\/p>\n<p class=\"has-background has-dark-bluish-background-color\" style=\"font-size: 25px; text-align: center; background: #f0f0f0; color: #ffffff; padding: 4px 0px 4xp 0px;\"><a style=\"color: #0d134c; text-decoration: underline;\" href=\"https:\/\/pos.grancursosonline.com.br\/\" target=\"_blank\" rel=\"noopener\">P\u00d3S-GRADUA\u00c7\u00c3O<\/a><\/p>\n<p class=\"has-background has-dark-bluish-background-color\" style=\"font-size: 25px; text-align: center; background: #f0f0f0; color: #ffffff; padding: 4px 0px 4xp 0px;\"><a style=\"color: #0d134c; text-decoration: underline;\" href=\"https:\/\/faculdade.grancursosonline.com.br\/nossos-cursos\/\" target=\"_blank\" rel=\"noopener\">TUDO SOBRE A GRAN FACULDADE<\/a><\/p>\n<\/nav>\n<p><strong>Receba <span style=\"color: #cf1e25;\">gratuitamente<\/span> no seu celular as principais not\u00edcias sobre a Gran Faculdade! <br \/>Clique no link abaixo e inscreva-se:<\/strong><\/p>\n<p class=\"has-background has-dark-bluish-background-color\" style=\"font-size: 25px; text-align: center; background: #f0f0f0; color: #ffffff; padding: 4px 0px 4xp 0px;\"><a style=\"color: #0d134c; text-decoration: underline;\" href=\"https:\/\/whatsapp.com\/channel\/0029VaG1sChI7Be7PNndhL43\" target=\"_blank\" rel=\"noopener noreferrer\">WHATSAPP<\/a><\/p>\n<p class=\"has-background has-dark-bluish-background-color\" style=\"font-size: 25px; text-align: center; background: #f0f0f0; color: #ffffff; padding: 4px 0px 4xp 0px;\"><a style=\"color: #0d134c; text-decoration: underline;\" href=\"https:\/\/t.me\/GranFaculdade\" target=\"_blank\" rel=\"noopener noreferrer\">TELEGRAM<\/a><\/p>\n<\/section>\n<\/div><\/div>\n<\/div><\/div>\n","protected":false},"excerpt":{"rendered":"<p>A rotina n\u00e3o para, mas o calend\u00e1rio comercial tem suas pr\u00f3prias regras de funcionamento. Entre o vencimento de uma conta e a espera por uma encomenda, o dia \u00fatil dita o ritmo. Com v\u00e1rios feriados em abril, e outros se aproximando, podem surgir algumas d\u00favidas. Afinal, o s\u00e1bado conta? E como ficam os prazos banc\u00e1rios&hellip;<\/p>\n","protected":false},"author":514,"featured_media":79764605,"comment_status":"open","ping_status":"open","sticky":false,"template":"","format":"standard","meta":{"_acf_changed":false,"content-type":"","footnotes":""},"categories":[220350,2],"tags":[],"class_list":["post-79764602","post","type-post","status-publish","format-standard","has-post-thumbnail","hentry","category-atualidades","category-ultimas-noticias"],"acf":[],"yoast_head":"<!-- This site is optimized with the Yoast SEO Premium plugin v27.2 (Yoast SEO v27.2) - https:\/\/yoast.com\/product\/yoast-seo-premium-wordpress\/ -->\n<title>O que \u00e9 um dia \u00fatil? Entenda o que define e como marcar na agenda<\/title>\n<meta name=\"description\" content=\"Saiba como calcular dias \u00fateis em 2026, o funcionamento dos bancos no feriado de 1\u00ba de maio e as regras para os s\u00e1bados.\" \/>\n<meta name=\"robots\" content=\"index, follow, max-snippet:-1, max-image-preview:large, max-video-preview:-1\" \/>\n<link rel=\"canonical\" href=\"https:\/\/faculdade.grancursosonline.com.br\/blog\/o-que-e-um-dia-util\/\" \/>\n<meta property=\"og:locale\" content=\"pt_BR\" \/>\n<meta property=\"og:type\" content=\"article\" \/>\n<meta property=\"og:title\" content=\"O que \u00e9 um dia \u00fatil? Entenda o que o caracteriza e como marcar no calend\u00e1rio\" \/>\n<meta property=\"og:description\" content=\"Saiba como calcular dias \u00fateis em 2026, o funcionamento dos bancos no feriado de 1\u00ba de maio e as regras para os s\u00e1bados.\" \/>\n<meta property=\"og:url\" content=\"https:\/\/faculdade.grancursosonline.com.br\/blog\/o-que-e-um-dia-util\/\" \/>\n<meta property=\"og:site_name\" content=\"Blog Gran Faculdade\" \/>\n<meta property=\"article:publisher\" content=\"https:\/\/www.facebook.com\/grancursosonline\/\" \/>\n<meta property=\"article:published_time\" content=\"2026-04-28T18:50:19+00:00\" \/>\n<meta property=\"article:modified_time\" content=\"2026-04-28T18:53:20+00:00\" \/>\n<meta property=\"og:image\" content=\"https:\/\/blog-es-static.infra.grancursosonline.com.br\/wp-content\/uploads\/2026\/04\/28154530\/1-Facebook_1200x630-copia-2-1-1.jpg\" \/>\n\t<meta property=\"og:image:width\" content=\"1200\" \/>\n\t<meta property=\"og:image:height\" content=\"630\" \/>\n\t<meta property=\"og:image:type\" content=\"image\/jpeg\" \/>\n<meta name=\"author\" content=\"Guilherme Henrique\" \/>\n<meta name=\"twitter:card\" content=\"summary_large_image\" \/>\n<meta name=\"twitter:creator\" content=\"@gran_online\" \/>\n<meta name=\"twitter:site\" content=\"@gran_online\" \/>\n<meta name=\"twitter:label1\" content=\"Written by\" \/>\n\t<meta name=\"twitter:data1\" content=\"Guilherme Henrique\" \/>\n\t<meta name=\"twitter:label2\" content=\"Est. reading time\" \/>\n\t<meta name=\"twitter:data2\" content=\"20 minutos\" \/>\n<script type=\"application\/ld+json\" class=\"yoast-schema-graph\">{\"@context\":\"https:\/\/schema.org\",\"@graph\":[{\"@type\":\"NewsArticle\",\"@id\":\"https:\/\/faculdade.grancursosonline.com.br\/blog\/o-que-e-um-dia-util\/#article\",\"isPartOf\":{\"@id\":\"https:\/\/faculdade.grancursosonline.com.br\/blog\/o-que-e-um-dia-util\/\"},\"author\":{\"name\":\"Guilherme Henrique\",\"@id\":\"https:\/\/faculdade.grancursosonline.com.br\/blog\/#\/schema\/person\/9745f9b6db8976613c1f439dbcfe717d\"},\"headline\":\"O que \u00e9 um dia \u00fatil? Entenda o que o caracteriza e como marcar no calend\u00e1rio\",\"datePublished\":\"2026-04-28T18:50:19+00:00\",\"dateModified\":\"2026-04-28T18:53:20+00:00\",\"mainEntityOfPage\":{\"@id\":\"https:\/\/faculdade.grancursosonline.com.br\/blog\/o-que-e-um-dia-util\/\"},\"wordCount\":1196,\"commentCount\":0,\"publisher\":{\"@id\":\"https:\/\/faculdade.grancursosonline.com.br\/blog\/#organization\"},\"image\":{\"@id\":\"https:\/\/faculdade.grancursosonline.com.br\/blog\/o-que-e-um-dia-util\/#primaryimage\"},\"thumbnailUrl\":\"https:\/\/blog-es-static.infra.grancursosonline.com.br\/wp-content\/uploads\/2026\/04\/28154530\/1-Facebook_1200x630-copia-2-1-1.jpg\",\"articleSection\":[\"Atualidades\",\"\u00daltimas Not\u00edcias\"],\"inLanguage\":\"pt-BR\",\"potentialAction\":[{\"@type\":\"CommentAction\",\"name\":\"Comment\",\"target\":[\"https:\/\/faculdade.grancursosonline.com.br\/blog\/o-que-e-um-dia-util\/#respond\"]}],\"copyrightYear\":\"2026\",\"copyrightHolder\":{\"@id\":\"https:\/\/faculdade.grancursosonline.com.br\/blog\/#organization\"}},{\"@type\":\"WebPage\",\"@id\":\"https:\/\/faculdade.grancursosonline.com.br\/blog\/o-que-e-um-dia-util\/\",\"url\":\"https:\/\/faculdade.grancursosonline.com.br\/blog\/o-que-e-um-dia-util\/\",\"name\":\"O que \u00e9 um dia \u00fatil? Entenda o que define e como marcar na agenda\",\"isPartOf\":{\"@id\":\"https:\/\/faculdade.grancursosonline.com.br\/blog\/#website\"},\"primaryImageOfPage\":{\"@id\":\"https:\/\/faculdade.grancursosonline.com.br\/blog\/o-que-e-um-dia-util\/#primaryimage\"},\"image\":{\"@id\":\"https:\/\/faculdade.grancursosonline.com.br\/blog\/o-que-e-um-dia-util\/#primaryimage\"},\"thumbnailUrl\":\"https:\/\/blog-es-static.infra.grancursosonline.com.br\/wp-content\/uploads\/2026\/04\/28154530\/1-Facebook_1200x630-copia-2-1-1.jpg\",\"datePublished\":\"2026-04-28T18:50:19+00:00\",\"dateModified\":\"2026-04-28T18:53:20+00:00\",\"description\":\"Saiba como calcular dias \u00fateis em 2026, o funcionamento dos bancos no feriado de 1\u00ba de maio e as regras para os s\u00e1bados.\",\"breadcrumb\":{\"@id\":\"https:\/\/faculdade.grancursosonline.com.br\/blog\/o-que-e-um-dia-util\/#breadcrumb\"},\"inLanguage\":\"pt-BR\",\"potentialAction\":[{\"@type\":\"ReadAction\",\"target\":[\"https:\/\/faculdade.grancursosonline.com.br\/blog\/o-que-e-um-dia-util\/\"]}]},{\"@type\":\"ImageObject\",\"inLanguage\":\"pt-BR\",\"@id\":\"https:\/\/faculdade.grancursosonline.com.br\/blog\/o-que-e-um-dia-util\/#primaryimage\",\"url\":\"https:\/\/blog-es-static.infra.grancursosonline.com.br\/wp-content\/uploads\/2026\/04\/28154530\/1-Facebook_1200x630-copia-2-1-1.jpg\",\"contentUrl\":\"https:\/\/blog-es-static.infra.grancursosonline.com.br\/wp-content\/uploads\/2026\/04\/28154530\/1-Facebook_1200x630-copia-2-1-1.jpg\",\"width\":1200,\"height\":630},{\"@type\":\"BreadcrumbList\",\"@id\":\"https:\/\/faculdade.grancursosonline.com.br\/blog\/o-que-e-um-dia-util\/#breadcrumb\",\"itemListElement\":[{\"@type\":\"ListItem\",\"position\":1,\"name\":\"In\u00edcio\",\"item\":\"https:\/\/faculdade.grancursosonline.com.br\/blog\/\"},{\"@type\":\"ListItem\",\"position\":2,\"name\":\"Atualidades\",\"item\":\"https:\/\/faculdade.grancursosonline.com.br\/blog\/categoria\/atualidades\/\"},{\"@type\":\"ListItem\",\"position\":3,\"name\":\"O que \u00e9 um dia \u00fatil? Entenda o que o caracteriza e como marcar no calend\u00e1rio\"}]},{\"@type\":\"WebSite\",\"@id\":\"https:\/\/faculdade.grancursosonline.com.br\/blog\/#website\",\"url\":\"https:\/\/faculdade.grancursosonline.com.br\/blog\/\",\"name\":\"Blog Gran Faculdade\",\"description\":\"Tudo sobre ensino superior, p\u00f3s-gradua\u00e7\u00e3o, enem e carreira.\",\"publisher\":{\"@id\":\"https:\/\/faculdade.grancursosonline.com.br\/blog\/#organization\"},\"potentialAction\":[{\"@type\":\"SearchAction\",\"target\":{\"@type\":\"EntryPoint\",\"urlTemplate\":\"https:\/\/faculdade.grancursosonline.com.br\/blog\/?s={search_term_string}\"},\"query-input\":{\"@type\":\"PropertyValueSpecification\",\"valueRequired\":true,\"valueName\":\"search_term_string\"}}],\"inLanguage\":\"pt-BR\"},{\"@type\":\"Organization\",\"@id\":\"https:\/\/faculdade.grancursosonline.com.br\/blog\/#organization\",\"name\":\"Gran Cursos Online\",\"url\":\"https:\/\/faculdade.grancursosonline.com.br\/blog\/\",\"logo\":{\"@type\":\"ImageObject\",\"inLanguage\":\"pt-BR\",\"@id\":\"https:\/\/faculdade.grancursosonline.com.br\/blog\/#\/schema\/logo\/image\/\",\"url\":\"https:\/\/blog-es-static.infra.grancursosonline.com.br\/wp-content\/uploads\/2019\/08\/03123934\/logo.png\",\"contentUrl\":\"https:\/\/blog-es-static.infra.grancursosonline.com.br\/wp-content\/uploads\/2019\/08\/03123934\/logo.png\",\"width\":300,\"height\":57,\"caption\":\"Gran Cursos Online\"},\"image\":{\"@id\":\"https:\/\/faculdade.grancursosonline.com.br\/blog\/#\/schema\/logo\/image\/\"},\"sameAs\":[\"https:\/\/www.facebook.com\/grancursosonline\/\",\"https:\/\/x.com\/gran_online\",\"https:\/\/www.instagram.com\/grancursosonline\/\",\"https:\/\/www.youtube.com\/user\/grancursostv\"]},{\"@type\":\"Person\",\"@id\":\"https:\/\/faculdade.grancursosonline.com.br\/blog\/#\/schema\/person\/9745f9b6db8976613c1f439dbcfe717d\",\"name\":\"Guilherme Henrique\",\"url\":\"https:\/\/faculdade.grancursosonline.com.br\/blog\/author\/guilherme-lourenco\/\"}]}<\/script>\n<!-- \/ Yoast SEO Premium plugin. -->","yoast_head_json":{"title":"O que \u00e9 um dia \u00fatil? Entenda o que define e como marcar na agenda","description":"Saiba como calcular dias \u00fateis em 2026, o funcionamento dos bancos no feriado de 1\u00ba de maio e as regras para os s\u00e1bados.","robots":{"index":"index","follow":"follow","max-snippet":"max-snippet:-1","max-image-preview":"max-image-preview:large","max-video-preview":"max-video-preview:-1"},"canonical":"https:\/\/faculdade.grancursosonline.com.br\/blog\/o-que-e-um-dia-util\/","og_locale":"pt_BR","og_type":"article","og_title":"O que \u00e9 um dia \u00fatil? Entenda o que o caracteriza e como marcar no calend\u00e1rio","og_description":"Saiba como calcular dias \u00fateis em 2026, o funcionamento dos bancos no feriado de 1\u00ba de maio e as regras para os s\u00e1bados.","og_url":"https:\/\/faculdade.grancursosonline.com.br\/blog\/o-que-e-um-dia-util\/","og_site_name":"Blog Gran Faculdade","article_publisher":"https:\/\/www.facebook.com\/grancursosonline\/","article_published_time":"2026-04-28T18:50:19+00:00","article_modified_time":"2026-04-28T18:53:20+00:00","og_image":[{"width":1200,"height":630,"url":"https:\/\/blog-es-static.infra.grancursosonline.com.br\/wp-content\/uploads\/2026\/04\/28154530\/1-Facebook_1200x630-copia-2-1-1.jpg","type":"image\/jpeg"}],"author":"Guilherme Henrique","twitter_card":"summary_large_image","twitter_creator":"@gran_online","twitter_site":"@gran_online","twitter_misc":{"Written by":"Guilherme Henrique","Est. reading time":"20 minutos"},"schema":{"@context":"https:\/\/schema.org","@graph":[{"@type":"NewsArticle","@id":"https:\/\/faculdade.grancursosonline.com.br\/blog\/o-que-e-um-dia-util\/#article","isPartOf":{"@id":"https:\/\/faculdade.grancursosonline.com.br\/blog\/o-que-e-um-dia-util\/"},"author":{"name":"Guilherme Henrique","@id":"https:\/\/faculdade.grancursosonline.com.br\/blog\/#\/schema\/person\/9745f9b6db8976613c1f439dbcfe717d"},"headline":"O que \u00e9 um dia \u00fatil? Entenda o que o caracteriza e como marcar no calend\u00e1rio","datePublished":"2026-04-28T18:50:19+00:00","dateModified":"2026-04-28T18:53:20+00:00","mainEntityOfPage":{"@id":"https:\/\/faculdade.grancursosonline.com.br\/blog\/o-que-e-um-dia-util\/"},"wordCount":1196,"commentCount":0,"publisher":{"@id":"https:\/\/faculdade.grancursosonline.com.br\/blog\/#organization"},"image":{"@id":"https:\/\/faculdade.grancursosonline.com.br\/blog\/o-que-e-um-dia-util\/#primaryimage"},"thumbnailUrl":"https:\/\/blog-es-static.infra.grancursosonline.com.br\/wp-content\/uploads\/2026\/04\/28154530\/1-Facebook_1200x630-copia-2-1-1.jpg","articleSection":["Atualidades","\u00daltimas Not\u00edcias"],"inLanguage":"pt-BR","potentialAction":[{"@type":"CommentAction","name":"Comment","target":["https:\/\/faculdade.grancursosonline.com.br\/blog\/o-que-e-um-dia-util\/#respond"]}],"copyrightYear":"2026","copyrightHolder":{"@id":"https:\/\/faculdade.grancursosonline.com.br\/blog\/#organization"}},{"@type":"WebPage","@id":"https:\/\/faculdade.grancursosonline.com.br\/blog\/o-que-e-um-dia-util\/","url":"https:\/\/faculdade.grancursosonline.com.br\/blog\/o-que-e-um-dia-util\/","name":"O que \u00e9 um dia \u00fatil? Entenda o que define e como marcar na agenda","isPartOf":{"@id":"https:\/\/faculdade.grancursosonline.com.br\/blog\/#website"},"primaryImageOfPage":{"@id":"https:\/\/faculdade.grancursosonline.com.br\/blog\/o-que-e-um-dia-util\/#primaryimage"},"image":{"@id":"https:\/\/faculdade.grancursosonline.com.br\/blog\/o-que-e-um-dia-util\/#primaryimage"},"thumbnailUrl":"https:\/\/blog-es-static.infra.grancursosonline.com.br\/wp-content\/uploads\/2026\/04\/28154530\/1-Facebook_1200x630-copia-2-1-1.jpg","datePublished":"2026-04-28T18:50:19+00:00","dateModified":"2026-04-28T18:53:20+00:00","description":"Saiba como calcular dias \u00fateis em 2026, o funcionamento dos bancos no feriado de 1\u00ba de maio e as regras para os s\u00e1bados.","breadcrumb":{"@id":"https:\/\/faculdade.grancursosonline.com.br\/blog\/o-que-e-um-dia-util\/#breadcrumb"},"inLanguage":"pt-BR","potentialAction":[{"@type":"ReadAction","target":["https:\/\/faculdade.grancursosonline.com.br\/blog\/o-que-e-um-dia-util\/"]}]},{"@type":"ImageObject","inLanguage":"pt-BR","@id":"https:\/\/faculdade.grancursosonline.com.br\/blog\/o-que-e-um-dia-util\/#primaryimage","url":"https:\/\/blog-es-static.infra.grancursosonline.com.br\/wp-content\/uploads\/2026\/04\/28154530\/1-Facebook_1200x630-copia-2-1-1.jpg","contentUrl":"https:\/\/blog-es-static.infra.grancursosonline.com.br\/wp-content\/uploads\/2026\/04\/28154530\/1-Facebook_1200x630-copia-2-1-1.jpg","width":1200,"height":630},{"@type":"BreadcrumbList","@id":"https:\/\/faculdade.grancursosonline.com.br\/blog\/o-que-e-um-dia-util\/#breadcrumb","itemListElement":[{"@type":"ListItem","position":1,"name":"In\u00edcio","item":"https:\/\/faculdade.grancursosonline.com.br\/blog\/"},{"@type":"ListItem","position":2,"name":"Atualidades","item":"https:\/\/faculdade.grancursosonline.com.br\/blog\/categoria\/atualidades\/"},{"@type":"ListItem","position":3,"name":"O que \u00e9 um dia \u00fatil? Entenda o que o caracteriza e como marcar no calend\u00e1rio"}]},{"@type":"WebSite","@id":"https:\/\/faculdade.grancursosonline.com.br\/blog\/#website","url":"https:\/\/faculdade.grancursosonline.com.br\/blog\/","name":"Blog Gran Faculdade","description":"Tudo sobre ensino superior, p\u00f3s-gradua\u00e7\u00e3o, enem e carreira.","publisher":{"@id":"https:\/\/faculdade.grancursosonline.com.br\/blog\/#organization"},"potentialAction":[{"@type":"SearchAction","target":{"@type":"EntryPoint","urlTemplate":"https:\/\/faculdade.grancursosonline.com.br\/blog\/?s={search_term_string}"},"query-input":{"@type":"PropertyValueSpecification","valueRequired":true,"valueName":"search_term_string"}}],"inLanguage":"pt-BR"},{"@type":"Organization","@id":"https:\/\/faculdade.grancursosonline.com.br\/blog\/#organization","name":"Gran Cursos Online","url":"https:\/\/faculdade.grancursosonline.com.br\/blog\/","logo":{"@type":"ImageObject","inLanguage":"pt-BR","@id":"https:\/\/faculdade.grancursosonline.com.br\/blog\/#\/schema\/logo\/image\/","url":"https:\/\/blog-es-static.infra.grancursosonline.com.br\/wp-content\/uploads\/2019\/08\/03123934\/logo.png","contentUrl":"https:\/\/blog-es-static.infra.grancursosonline.com.br\/wp-content\/uploads\/2019\/08\/03123934\/logo.png","width":300,"height":57,"caption":"Gran Cursos Online"},"image":{"@id":"https:\/\/faculdade.grancursosonline.com.br\/blog\/#\/schema\/logo\/image\/"},"sameAs":["https:\/\/www.facebook.com\/grancursosonline\/","https:\/\/x.com\/gran_online","https:\/\/www.instagram.com\/grancursosonline\/","https:\/\/www.youtube.com\/user\/grancursostv"]},{"@type":"Person","@id":"https:\/\/faculdade.grancursosonline.com.br\/blog\/#\/schema\/person\/9745f9b6db8976613c1f439dbcfe717d","name":"Guilherme Henrique","url":"https:\/\/faculdade.grancursosonline.com.br\/blog\/author\/guilherme-lourenco\/"}]}},"_links":{"self":[{"href":"https:\/\/faculdade.grancursosonline.com.br\/blog\/wp-json\/wp\/v2\/posts\/79764602","targetHints":{"allow":["GET"]}}],"collection":[{"href":"https:\/\/faculdade.grancursosonline.com.br\/blog\/wp-json\/wp\/v2\/posts"}],"about":[{"href":"https:\/\/faculdade.grancursosonline.com.br\/blog\/wp-json\/wp\/v2\/types\/post"}],"author":[{"embeddable":true,"href":"https:\/\/faculdade.grancursosonline.com.br\/blog\/wp-json\/wp\/v2\/users\/514"}],"replies":[{"embeddable":true,"href":"https:\/\/faculdade.grancursosonline.com.br\/blog\/wp-json\/wp\/v2\/comments?post=79764602"}],"version-history":[{"count":1,"href":"https:\/\/faculdade.grancursosonline.com.br\/blog\/wp-json\/wp\/v2\/posts\/79764602\/revisions"}],"predecessor-version":[{"id":79764606,"href":"https:\/\/faculdade.grancursosonline.com.br\/blog\/wp-json\/wp\/v2\/posts\/79764602\/revisions\/79764606"}],"wp:featuredmedia":[{"embeddable":true,"href":"https:\/\/faculdade.grancursosonline.com.br\/blog\/wp-json\/wp\/v2\/media\/79764605"}],"wp:attachment":[{"href":"https:\/\/faculdade.grancursosonline.com.br\/blog\/wp-json\/wp\/v2\/media?parent=79764602"}],"wp:term":[{"taxonomy":"category","embeddable":true,"href":"https:\/\/faculdade.grancursosonline.com.br\/blog\/wp-json\/wp\/v2\/categories?post=79764602"},{"taxonomy":"post_tag","embeddable":true,"href":"https:\/\/faculdade.grancursosonline.com.br\/blog\/wp-json\/wp\/v2\/tags?post=79764602"}],"curies":[{"name":"wp","href":"https:\/\/api.w.org\/{rel}","templated":true}]}}