{"id":79764607,"date":"2026-04-28T16:04:18","date_gmt":"2026-04-28T19:04:18","guid":{"rendered":"https:\/\/faculdade.grancursosonline.com.br\/blog\/?p=79764607"},"modified":"2026-04-28T16:04:24","modified_gmt":"2026-04-28T19:04:24","slug":"o-que-e-formacao","status":"publish","type":"post","link":"https:\/\/faculdade.grancursosonline.com.br\/blog\/o-que-e-formacao\/","title":{"rendered":"O que \u00e9 forma\u00e7\u00e3o? Guia para entender o conceito e seus tipos"},"content":{"rendered":"\n<p>O conceito de forma\u00e7\u00e3o vai al\u00e9m do diploma pendurado na parede de casa. Trata-se de um processo cont\u00ednuo de constru\u00e7\u00e3o de saberes, compet\u00eancias e vis\u00e3o de mundo. Hoje, o mercado n\u00e3o busca apenas quem &#8220;passou pela faculdade&#8221;, mas quem se qualifica de verdade.&nbsp;<\/p>\n\n\n\n<p>Seja ela acad\u00eamica, t\u00e9cnica ou continuada, cada tipo de forma\u00e7\u00e3o cumpre um papel na sua carreira. Entender essas diferen\u00e7as \u00e9 o primeiro passo para planejar um futuro com mais seguran\u00e7a e retorno.&nbsp;<\/p>\n\n\n\n<p>Neste artigo, vamos desvendar como escolher a melhor jornada para os seus objetivos profissionais.&nbsp;<\/p>\n\n\n\n<p class=\"has-text-align-center\"><a href=\"https:\/\/faculdade.grancursosonline.com.br\/\" target=\"_blank\" rel=\"noopener\"><strong>Quero come\u00e7ar minha faculdade hoje<\/strong><\/a><\/p>\n\n\n\n<p>Saiba mais acompanhando o artigo na \u00edntegra ou navegando pelo \u00edndice, caso prefira:<\/p>\n\n\n\n<ul class=\"wp-block-list\">\n<li><a href=\"#h-o-que-define-uma-formacao-e-por-que-ela-e-o-pilar-da-sua-trajetoria\" type=\"internal\" id=\"#h-o-que-define-uma-formacao-e-por-que-ela-e-o-pilar-da-sua-trajetoria\">O que define uma forma\u00e7\u00e3o e por que ela \u00e9 o pilar da sua trajet\u00f3ria?<\/a><\/li>\n\n\n\n<li><a href=\"#h-formacao-academica-o-que-significa-ter-um-ensino-superior-completo-hoje\" type=\"internal\" id=\"#h-formacao-academica-o-que-significa-ter-um-ensino-superior-completo-hoje\">Forma\u00e7\u00e3o acad\u00eamica: o que significa ter um ensino superior completo hoje?<\/a><\/li>\n\n\n\n<li><a href=\"#h-bacharelado-licenciatura-ou-tecnologo-qual-tipo-de-graduacao-escolher\" type=\"internal\" id=\"#h-bacharelado-licenciatura-ou-tecnologo-qual-tipo-de-graduacao-escolher\">Bacharelado, Licenciatura ou Tecn\u00f3logo: qual tipo de gradua\u00e7\u00e3o escolher?<\/a><\/li>\n\n\n\n<li><a href=\"#capacitacao-tecnica-e-profissional-o-caminho-mais-curto-para-o-mercado-de-trabalho\" type=\"internal\" id=\"#capacitacao-tecnica-e-profissional-o-caminho-mais-curto-para-o-mercado-de-trabalho\">Capacita\u00e7\u00e3o t\u00e9cnica e profissional: o caminho mais curto para o mercado de trabalho<\/a><\/li>\n\n\n\n<li><a href=\"#formacao-continuada-e-especializacao-o-segredo-para-nao-ficar-obsoleto\" type=\"internal\" id=\"#formacao-continuada-e-especializacao-o-segredo-para-nao-ficar-obsoleto\">Forma\u00e7\u00e3o continuada e especializa\u00e7\u00e3o: o segredo para n\u00e3o ficar obsoleto<\/a><\/li>\n\n\n\n<li><a href=\"#formacao-a-distancia-como-garantir-que-seu-curso-seja-reconhecido-e-valorizado\" type=\"internal\" id=\"#formacao-a-distancia-como-garantir-que-seu-curso-seja-reconhecido-e-valorizado\">Forma\u00e7\u00e3o a dist\u00e2ncia (EAD): como garantir que seu curso seja reconhecido e valorizado<\/a><\/li>\n\n\n\n<li><a href=\"#estrategia-de-carreira-como-organizar-sua-formacao-no-curriculo-para-atrair-recrutadores\" type=\"internal\" id=\"#estrategia-de-carreira-como-organizar-sua-formacao-no-curriculo-para-atrair-recrutadores\">Estrat\u00e9gia de carreira: como organizar sua forma\u00e7\u00e3o no curr\u00edculo para atrair recrutadores<\/a><\/li>\n\n\n\n<li><a href=\"#h-perguntas-frequentes-sobre-formacao-e-qualificacao-profissional-nbsp\" type=\"internal\" id=\"#h-perguntas-frequentes-sobre-formacao-e-qualificacao-profissional-nbsp\">Perguntas frequentes sobre forma\u00e7\u00e3o e qualifica\u00e7\u00e3o profissional<\/a><\/li>\n<\/ul>\n\n\n\n<h2 class=\"wp-block-heading\" id=\"h-o-que-define-uma-formacao-e-por-que-ela-e-o-pilar-da-sua-trajetoria\"><strong>O que define uma forma\u00e7\u00e3o e por que ela \u00e9 o pilar da sua trajet\u00f3ria?<\/strong><\/h2>\n\n\n\n<p>Fundamentalmente, a forma\u00e7\u00e3o \u00e9 o conjunto de conhecimentos te\u00f3ricos e pr\u00e1ticos que habilitam uma pessoa a exercer uma atividade ou profiss\u00e3o. Mas n\u00e3o pense nela apenas como uma &#8220;caixa&#8221; que voc\u00ea preenche uma vez e fecha.&nbsp;<\/p>\n\n\n\n<p>Ela \u00e9 o alicerce da sua credibilidade. Ter uma forma\u00e7\u00e3o s\u00f3lida significa que voc\u00ea passou por um processo de aprendizagem estruturado, com <strong>grade curricular<\/strong> (conjunto de disciplinas) e avalia\u00e7\u00f5es que validam sua capacidade.&nbsp;<\/p>\n\n\n\n<p>\u00c9 ela que abre as portas do primeiro emprego e d\u00e1 sustenta\u00e7\u00e3o para promo\u00e7\u00f5es e mudan\u00e7as de \u00e1rea ao longo da vida.<\/p>\n\n\n\n<h2 class=\"wp-block-heading\" id=\"h-formacao-academica-o-que-significa-ter-um-ensino-superior-completo-hoje\"><strong>Forma\u00e7\u00e3o acad\u00eamica: o que significa ter um ensino superior completo hoje?<\/strong><\/h2>\n\n\n\n<p>Ter um <strong>ensino superior completo<\/strong> hoje em dia \u00e9 mais do que ostentar um t\u00edtulo, se trata de demonstrar que voc\u00ea possui profundidade anal\u00edtica.&nbsp;<\/p>\n\n\n\n<p>A forma\u00e7\u00e3o acad\u00eamica (gradua\u00e7\u00e3o) foca no desenvolvimento do pensamento cr\u00edtico e em bases te\u00f3ricas que permitem ao profissional resolver problemas complexos que a execu\u00e7\u00e3o mec\u00e2nica n\u00e3o resolve.<\/p>\n\n\n\n<p>Hoje, o mercado valoriza o diploma, mas observa de perto a <strong>habilita\u00e7\u00e3o profissional<\/strong>: a capacidade de pegar a teoria da faculdade e aplicar na &#8220;vida real&#8221;.&nbsp;<\/p>\n\n\n\n<p><a href=\"https:\/\/faculdade.grancursosonline.com.br\/blog\/gran-faculdade-e-boa\/\" target=\"_blank\" rel=\"noopener\">Institui\u00e7\u00f5es bem avaliadas pelo MEC<\/a> (<a href=\"https:\/\/faculdade.grancursosonline.com.br\/blog\/mec\/\" target=\"_blank\" rel=\"noopener\">Minist\u00e9rio da Educa\u00e7\u00e3o<\/a>) continuam sendo o padr\u00e3o ouro para quem busca cargos de alto escal\u00e3o e sal\u00e1rios mais elevados.<\/p>\n\n\n\n<h2 class=\"wp-block-heading\" id=\"h-bacharelado-licenciatura-ou-tecnologo-qual-tipo-de-graduacao-escolher\"><strong>Bacharelado, Licenciatura ou Tecn\u00f3logo: qual tipo de gradua\u00e7\u00e3o escolher?<\/strong><\/h2>\n\n\n\n<p>Muitas pessoas travam na hora de escolher o tipo de curso. A decis\u00e3o depende diretamente de onde voc\u00ea quer chegar:<\/p>\n\n\n\n<figure class=\"wp-block-table\"><div class=\"container-tabela\"><table class=\"has-fixed-layout\"><tbody><tr><td><strong>Tipo<\/strong><\/td><td><strong>Foco principal<\/strong><\/td><td><strong>Dura\u00e7\u00e3o m\u00e9dia<\/strong><\/td><td><strong>Para quem \u00e9 indicado?<\/strong><\/td><\/tr><tr><td><strong>Bacharelado<\/strong><\/td><td>Generalista e te\u00f3rico-pr\u00e1tico<\/td><td>4 a 6 anos&nbsp;<\/td><td>Quem quer uma vis\u00e3o ampla (Direito, Engenharias, Administra\u00e7\u00e3o)&nbsp;<\/td><\/tr><tr><td><strong>Licenciatura<\/strong><\/td><td>Forma\u00e7\u00e3o de professores&nbsp;<\/td><td>4 anos&nbsp;<\/td><td>Quem deseja dar aulas no ensino fundamental ou m\u00e9dio&nbsp;<\/td><\/tr><tr><td><strong>Tecn\u00f3logo<\/strong><\/td><td>Foco no mercado de trabalho&nbsp;<\/td><td>2 a 3 anos&nbsp;<\/td><td>Quem busca uma forma\u00e7\u00e3o r\u00e1pida e espec\u00edfica (TI, Gest\u00e3o de RH, Log\u00edstica)\u00a0<\/td><\/tr><\/tbody><\/table><\/div><\/figure>\n\n\n\n<h2 class=\"wp-block-heading\" id=\"capacitacao-tecnica-e-profissional-o-caminho-mais-curto-para-o-mercado-de-trabalho\"><strong>Capacita\u00e7\u00e3o t\u00e9cnica e profissional: o caminho mais curto para o mercado de trabalho<\/strong><\/h2>\n\n\n\n<p>Se voc\u00ea precisa entrar no mercado rapidamente ou quer uma <strong>qualifica\u00e7\u00e3o profissional<\/strong> espec\u00edfica, a forma\u00e7\u00e3o t\u00e9cnica \u00e9 a melhor escolha. Cursos t\u00e9cnicos (como os oferecidos pelo Senac ou Institutos Federais) focam no &#8220;saber fazer&#8221;.<\/p>\n\n\n\n<p>Diferente da faculdade, que explora o &#8220;porqu\u00ea&#8221; das coisas, o curso t\u00e9cnico ensina o &#8220;como&#8221;. \u00c9 uma excelente porta de entrada para \u00e1reas operacionais e de manuten\u00e7\u00e3o, onde a demanda por m\u00e3o de obra qualificada \u00e9 grande e imediata.<\/p>\n\n\n\n<h2 class=\"wp-block-heading\" id=\"formacao-continuada-e-especializacao-o-segredo-para-nao-ficar-obsoleto\"><strong>Forma\u00e7\u00e3o continuada e especializa\u00e7\u00e3o: o segredo para n\u00e3o ficar obsoleto<\/strong><\/h2>\n\n\n\n<p>O mundo \u00e9 din\u00e2mico, e o que voc\u00ea aprendeu h\u00e1 cinco anos pode n\u00e3o ser mais suficiente. \u00c9 aqui que entra a <strong>forma\u00e7\u00e3o continuada<\/strong>. Ela engloba:<\/p>\n\n\n\n<ul class=\"wp-block-list\">\n<li><a href=\"https:\/\/faculdade.grancursosonline.com.br\/blog\/pos-graduacao-lato-sensu\/\" target=\"_blank\" rel=\"noopener\"><strong>P\u00f3s-gradua\u00e7\u00e3o (Lato Sensu)<\/strong><\/a><strong>:<\/strong> especializa\u00e7\u00f5es e MBAs focados em nichos de mercado;<\/li>\n\n\n\n<li><a href=\"https:\/\/faculdade.grancursosonline.com.br\/blog\/cursos-livres-da-gran-faculdade\/\" target=\"_blank\" rel=\"noopener\"><strong>Cursos livres<\/strong><\/a><strong> ou de extens\u00e3o:<\/strong> treinamentos r\u00e1pidos para aprender uma nova ferramenta ou metodologia;<\/li>\n\n\n\n<li><strong>Requalifica\u00e7\u00e3o (Reskilling):<\/strong> quando voc\u00ea decide aprender uma nova profiss\u00e3o para se adaptar \u00e0s mudan\u00e7as do mercado (muito comum na migra\u00e7\u00e3o para a TI).<\/li>\n<\/ul>\n\n\n\n<h2 class=\"wp-block-heading\" id=\"formacao-a-distancia-como-garantir-que-seu-curso-seja-reconhecido-e-valorizado\"><strong>Forma\u00e7\u00e3o a dist\u00e2ncia (EAD): como garantir que seu curso seja reconhecido e valorizado<\/strong><\/h2>\n\n\n\n<p>O EAD (Ensino a Dist\u00e2ncia) hoje em dia \u00e9 uma realidade consolidada e reconhecida. Para garantir que seu investimento valha a pena, o primeiro passo \u00e9 verificar se o curso \u00e9 <a href=\"https:\/\/faculdade.grancursosonline.com.br\/blog\/curso-reconhecido-ou-autorizado-mec\/\" target=\"_blank\" rel=\"noopener\"><strong>reconhecido pelo MEC<\/strong><\/a>.<\/p>\n\n\n\n<p>Um diploma EAD tem o mesmo valor legal que um presencial. O segredo para ele ser valorizado pelos recrutadores \u00e9 a reputa\u00e7\u00e3o da institui\u00e7\u00e3o e a sua dedica\u00e7\u00e3o.&nbsp;<\/p>\n\n\n\n<p>O EAD exige mais disciplina e organiza\u00e7\u00e3o do aluno, compet\u00eancias que, se bem demonstradas, s\u00e3o muito bem vistas em vagas de <strong>home office, <\/strong>por exemplo.<\/p>\n\n\n\n<h2 class=\"wp-block-heading\" id=\"estrategia-de-carreira-como-organizar-sua-formacao-no-curriculo-para-atrair-recrutadores\"><strong>Estrat\u00e9gia de carreira: como organizar sua forma\u00e7\u00e3o no curr\u00edculo para atrair recrutadores<\/strong><\/h2>\n\n\n\n<p>Saber como colocar forma\u00e7\u00e3o no curr\u00edculo \u00e9 t\u00e3o importante quanto o curso em si. Siga estas dicas pr\u00e1ticas:<\/p>\n\n\n\n<ol class=\"wp-block-list\">\n<li><strong>Ordem cronol\u00f3gica inversa:<\/strong> comece sempre pela forma\u00e7\u00e3o mais recente (ou a de maior grau);<\/li>\n\n\n\n<li><strong>Destaque o status:<\/strong> se estiver cursando, coloque &#8220;Previs\u00e3o de conclus\u00e3o: M\u00eas\/Ano&#8221;;<\/li>\n\n\n\n<li><strong>Forma\u00e7\u00e3o incompleta:<\/strong> s\u00f3 coloque se for relevante para a vaga e se voc\u00ea pretender concluir. Caso contr\u00e1rio, foque em cursos de capacita\u00e7\u00e3o que voc\u00ea finalizou;<\/li>\n\n\n\n<li><strong>Cursos complementares:<\/strong> liste apenas aqueles que fazem sentido para a vaga espec\u00edfica. N\u00e3o lote o curr\u00edculo com informa\u00e7\u00f5es irrelevantes.<\/li>\n<\/ol>\n\n\n\n<h2 class=\"wp-block-heading\" id=\"h-perguntas-frequentes-sobre-formacao-e-qualificacao-profissional-nbsp\"><strong>Perguntas frequentes sobre forma\u00e7\u00e3o e qualifica\u00e7\u00e3o profissional&nbsp;<\/strong><\/h2>\n\n\n\n<h3 class=\"wp-block-heading\"><strong>1. Qual a diferen\u00e7a pr\u00e1tica de forma\u00e7\u00e3o tecn\u00f3logo para bacharelado?<\/strong><\/h3>\n\n\n\n<p>O <strong>tecn\u00f3logo<\/strong> \u00e9 uma gradua\u00e7\u00e3o de n\u00edvel superior mais curta (2 a 3 anos) e focada nas necessidades imediatas das empresas. O <strong>bacharelado<\/strong> \u00e9 mais longo (4 a 6 anos) e oferece uma forma\u00e7\u00e3o cient\u00edfica e human\u00edstica mais ampla, permitindo atuar em mais frentes dentro da mesma profiss\u00e3o. Com ambos \u00e9 poss\u00edvel fazer p\u00f3s-gradua\u00e7\u00e3o depois.<\/p>\n\n\n\n<h3 class=\"wp-block-heading\"><strong>2. Vale a pena fazer faculdade ou s\u00f3 cursos online hoje em dia?<\/strong><\/h3>\n\n\n\n<p>Depende do seu objetivo. Para profiss\u00f5es regulamentadas (Direito, Medicina, Engenharia, Psicologia), a faculdade \u00e9 obrigat\u00f3ria. Para \u00e1reas como Marketing Digital e TI, cursos online s\u00e3o \u00f3timos para come\u00e7ar, mas a faculdade oferece o networking e o embasamento te\u00f3rico que ajudam a chegar em cargos de diretoria.<\/p>\n\n\n\n<h3 class=\"wp-block-heading\"><strong>3. O que significa &#8220;forma\u00e7\u00e3o s\u00f3lida&#8221; nas vagas de emprego?<\/strong><\/h3>\n\n\n\n<p>Os recrutadores usam esse termo para descrever candidatos que t\u00eam uma boa base acad\u00eamica aliada a cursos de especializa\u00e7\u00e3o e, principalmente, \u00e0 capacidade de aplicar esse conhecimento em situa\u00e7\u00f5es pr\u00e1ticas. N\u00e3o \u00e9 s\u00f3 ter o diploma, \u00e9 saber o que fazer com ele.<\/p>\n\n\n\n<h3 class=\"wp-block-heading\"><strong>4. Como colocar forma\u00e7\u00e3o incompleta no curr\u00edculo para n\u00e3o ser descartado?<\/strong><\/h3>\n\n\n\n<p>Seja transparente. Coloque o nome do curso, a institui\u00e7\u00e3o e escreva &#8220;Trancado em [Ano]&#8221; ou &#8220;Incompleto&#8221;. Se voc\u00ea aprendeu habilidades importantes l\u00e1, destaque-as na parte de compet\u00eancias. Muitas vezes, o que voc\u00ea viu em dois anos de faculdade j\u00e1 ajuda em uma vaga de n\u00edvel assistente.<\/p>\n\n\n\n<h3 class=\"wp-block-heading\"><strong>5. Qual a melhor forma\u00e7\u00e3o para quem quer trabalhar em home office?<\/strong><\/h3>\n\n\n\n<p>\u00c1reas de tecnologia (Programa\u00e7\u00e3o, An\u00e1lise de Dados), Design Gr\u00e1fico, Marketing Digital e Gest\u00e3o de RH (Recrutamento e Sele\u00e7\u00e3o) s\u00e3o as que oferecem as melhores oportunidades para trabalho remoto. Forma\u00e7\u00f5es nessas \u00e1reas focam em entregas digitais, o que facilita o trabalho de qualquer lugar.<\/p>\n\n\n\n<h3 class=\"wp-block-heading\"><strong>6. Cursos de extens\u00e3o contam como forma\u00e7\u00e3o acad\u00eamica?<\/strong><\/h3>\n\n\n\n<p>N\u00e3o exatamente. A forma\u00e7\u00e3o acad\u00eamica refere-se a graus (Gradua\u00e7\u00e3o, Mestrado, Doutorado). Cursos de extens\u00e3o entram como <strong>forma\u00e7\u00e3o complementar<\/strong> ou cursos extracurriculares. Eles s\u00e3o excelentes para mostrar que voc\u00ea \u00e9 um entusiasta do <a href=\"https:\/\/faculdade.grancursosonline.com.br\/blog\/lifelong-learning\/\" target=\"_blank\" rel=\"noopener\"><em>lifelong learning<\/em><\/a> (aprendizado ao longo da vida).<\/p>\n\n\n\n<h2 class=\"wp-block-heading\" id=\"h-vem-pra-gran-faculdade\">Vem pra Gran Faculdade!<\/h2>\n\n\n\n<p>A Gran Faculdade vem mudando a vida de milhares de pessoas por meio de cursos \u00e0 dist\u00e2ncia de <a href=\"https:\/\/faculdade.grancursosonline.com.br\/\" target=\"_blank\" rel=\"noreferrer noopener\">gradua\u00e7\u00e3o<\/a>, <a href=\"https:\/\/pos.grancursosonline.com.br\/\" target=\"_blank\" rel=\"noreferrer noopener\">p\u00f3s-gradua\u00e7\u00e3o<\/a> e <a href=\"https:\/\/pos.grancursosonline.com.br\/mba\" target=\"_blank\" rel=\"noreferrer noopener\">MBA<\/a>. Seja no digital ou em nosso <a href=\"https:\/\/presencial.grancursosonline.com.br\/\" target=\"_blank\" rel=\"noreferrer noopener\">Campus Presencial em Curitiba<\/a>, a nossa miss\u00e3o \u00e9 transformar a educa\u00e7\u00e3o superior.<\/p>\n\n\n\n<p>Como parte de Sistema Gran de Ensino, que \u00e9 reconhecido como marca aprovadora h\u00e1 mais de 10 anos, constru\u00edmos uma renomada reputa\u00e7\u00e3o na \u00e1rea de educa\u00e7\u00e3o.<\/p>\n\n\n\n<p>Veja algumas de nossas conquistas:<\/p>\n\n\n\n<ul class=\"wp-block-list\">\n<li>Reconhecido pela Amazon como um dos projetos mais relevantes do mundo na \u00e1rea de Tecnologia e Educa\u00e7\u00e3o;<\/li>\n\n\n\n<li>Foi eleito pelo Project Management Institute (PMI), um dos 50 Projetos Mais Influentes do mundo;<\/li>\n\n\n\n<li>Somos o site de educa\u00e7\u00e3o mais acessado do Brasil;<\/li>\n\n\n\n<li>Somos avaliados com a nota m\u00e1xima pelo MEC;<\/li>\n\n\n\n<li>Aqui o semestre come\u00e7a quando quiser: entrada imediata e cont\u00ednua!<\/li>\n\n\n\n<li>Melhores pre\u00e7os do mercado;<\/li>\n\n\n\n<li>Mais de 800 mil alunos pagantes e mais de 1000 funcion\u00e1rios;<\/li>\n\n\n\n<li>Diversas ferramentas de estudo: PDFs, audiobooks, mapas mentais, videoaulas, quest\u00f5es, gerenciador de estudos e muito mais!<\/li>\n\n\n\n<li>Professores experientes e capacitados;<\/li>\n\n\n\n<li>Acesso imediato e 100% online.<\/li>\n<\/ul>\n\n\n\n<p class=\"has-text-align-center has-text-align-center\"><strong><a href=\"https:\/\/faculdade.grancursosonline.com.br\/\">Quero ser aluno da Gran Faculdade<\/a><\/strong><\/p>\n\n\n\n<div class=\"wp-block-group has-background\" style=\"background-color:#8dd2fc7a\"><div class=\"wp-block-group__inner-container is-layout-constrained wp-block-group-is-layout-constrained\">\n<p><strong>Outras not\u00edcias em destaque:<\/strong><\/p>\n\n\n\n<ul class=\"wp-block-list\">\n<li><a href=\"https:\/\/faculdade.grancursosonline.com.br\/blog\/graduacao-semipresencial\/\" target=\"_blank\" rel=\"noopener\">Gradua\u00e7\u00e3o Semipresencial: como funciona e quais as vantagens?<\/a><\/li>\n\n\n\n<li><a href=\"https:\/\/faculdade.grancursosonline.com.br\/blog\/graduacao-ead-com-desconto-gran\/\" target=\"_blank\" rel=\"noopener\">Gradua\u00e7\u00e3o EAD com desconto por todo curso? Vem ser Gran!<\/a><\/li>\n\n\n\n<li><a href=\"https:\/\/faculdade.grancursosonline.com.br\/blog\/curso-de-ciencia-de-dados\/\" target=\"_blank\" rel=\"noopener\">Curso de Ci\u00eancia de Dados: est\u00e1 em alta? Como come\u00e7ar?<\/a><\/li>\n<\/ul>\n<\/div><\/div>\n\n\n\n<div class=\"wp-block-group\"><div class=\"wp-block-group__inner-container is-layout-constrained wp-block-group-is-layout-constrained\">\n<div class=\"wp-block-group\"><div class=\"wp-block-group__inner-container is-layout-constrained wp-block-group-is-layout-constrained\">\n<section style=\"text-align: center;\">\n<p>Quer ficar por dentro da Faculdade Digital mais inovadora do Brasil?<\/p>\n<nav>\n<p class=\"has-background has-dark-bluish-background-color\" style=\"font-size: 25px; text-align: center; background: #f0f0f0; color: #ffffff; padding: 4px 0px 4xp 0px;\"><a style=\"color: #0d134c; text-decoration: underline;\" href=\"https:\/\/faculdade.grancursosonline.com.br\/\" target=\"_blank\" rel=\"noopener\">GRADUA\u00c7\u00c3O<\/a><\/p>\n<p class=\"has-background has-dark-bluish-background-color\" style=\"font-size: 25px; text-align: center; background: #f0f0f0; color: #ffffff; padding: 4px 0px 4xp 0px;\"><a style=\"color: #0d134c; text-decoration: underline;\" href=\"https:\/\/pos.grancursosonline.com.br\/\" target=\"_blank\" rel=\"noopener\">P\u00d3S-GRADUA\u00c7\u00c3O<\/a><\/p>\n<p class=\"has-background has-dark-bluish-background-color\" style=\"font-size: 25px; text-align: center; background: #f0f0f0; color: #ffffff; padding: 4px 0px 4xp 0px;\"><a style=\"color: #0d134c; text-decoration: underline;\" href=\"https:\/\/faculdade.grancursosonline.com.br\/nossos-cursos\/\" target=\"_blank\" rel=\"noopener\">TUDO SOBRE A GRAN FACULDADE<\/a><\/p>\n<\/nav>\n<p><strong>Receba <span style=\"color: #cf1e25;\">gratuitamente<\/span> no seu celular as principais not\u00edcias sobre a Gran Faculdade! <br \/>Clique no link abaixo e inscreva-se:<\/strong><\/p>\n<p class=\"has-background has-dark-bluish-background-color\" style=\"font-size: 25px; text-align: center; background: #f0f0f0; color: #ffffff; padding: 4px 0px 4xp 0px;\"><a style=\"color: #0d134c; text-decoration: underline;\" href=\"https:\/\/whatsapp.com\/channel\/0029VaG1sChI7Be7PNndhL43\" target=\"_blank\" rel=\"noopener noreferrer\">WHATSAPP<\/a><\/p>\n<p class=\"has-background has-dark-bluish-background-color\" style=\"font-size: 25px; text-align: center; background: #f0f0f0; color: #ffffff; padding: 4px 0px 4xp 0px;\"><a style=\"color: #0d134c; text-decoration: underline;\" href=\"https:\/\/t.me\/GranFaculdade\" target=\"_blank\" rel=\"noopener noreferrer\">TELEGRAM<\/a><\/p>\n<\/section>\n<\/div><\/div>\n<\/div><\/div>\n","protected":false},"excerpt":{"rendered":"<p>O conceito de forma\u00e7\u00e3o vai al\u00e9m do diploma pendurado na parede de casa. Trata-se de um processo cont\u00ednuo de constru\u00e7\u00e3o de saberes, compet\u00eancias e vis\u00e3o de mundo. Hoje, o mercado n\u00e3o busca apenas quem &#8220;passou pela faculdade&#8221;, mas quem se qualifica de verdade.&nbsp; Seja ela acad\u00eamica, t\u00e9cnica ou continuada, cada tipo de forma\u00e7\u00e3o cumpre um&hellip;<\/p>\n","protected":false},"author":514,"featured_media":79764608,"comment_status":"open","ping_status":"open","sticky":false,"template":"","format":"standard","meta":{"_acf_changed":false,"content-type":"","footnotes":""},"categories":[219790,218545,2],"tags":[],"class_list":["post-79764607","post","type-post","status-publish","format-standard","has-post-thumbnail","hentry","category-graduacao-ead","category-graduacao","category-ultimas-noticias"],"acf":[],"yoast_head":"<!-- This site is optimized with the Yoast SEO Premium plugin v27.2 (Yoast SEO v27.2) - https:\/\/yoast.com\/product\/yoast-seo-premium-wordpress\/ -->\n<title>O que \u00e9 forma\u00e7\u00e3o? Guia para entender o conceito e seus tipos<\/title>\n<meta name=\"description\" content=\"Guia completo sobre forma\u00e7\u00e3o: entenda o conceito de ensino superior, a import\u00e2ncia da capacita\u00e7\u00e3o t\u00e9cnica e como escolher o curso certo\" \/>\n<meta name=\"robots\" content=\"index, follow, max-snippet:-1, max-image-preview:large, max-video-preview:-1\" \/>\n<link rel=\"canonical\" href=\"https:\/\/faculdade.grancursosonline.com.br\/blog\/o-que-e-formacao\/\" \/>\n<meta property=\"og:locale\" content=\"pt_BR\" \/>\n<meta property=\"og:type\" content=\"article\" \/>\n<meta property=\"og:title\" content=\"O que \u00e9 forma\u00e7\u00e3o? Guia para entender o conceito e seus tipos\" \/>\n<meta property=\"og:description\" content=\"Guia completo sobre forma\u00e7\u00e3o: entenda o conceito de ensino superior, a import\u00e2ncia da capacita\u00e7\u00e3o t\u00e9cnica e como escolher o curso certo\" \/>\n<meta property=\"og:url\" content=\"https:\/\/faculdade.grancursosonline.com.br\/blog\/o-que-e-formacao\/\" \/>\n<meta property=\"og:site_name\" content=\"Blog Gran Faculdade\" \/>\n<meta property=\"article:publisher\" content=\"https:\/\/www.facebook.com\/grancursosonline\/\" \/>\n<meta property=\"article:published_time\" content=\"2026-04-28T19:04:18+00:00\" \/>\n<meta property=\"article:modified_time\" content=\"2026-04-28T19:04:24+00:00\" \/>\n<meta property=\"og:image\" content=\"https:\/\/blog-es-static.infra.grancursosonline.com.br\/wp-content\/uploads\/2026\/04\/28160047\/1-Facebook_1200x630-copia-2-1-2.jpg\" \/>\n\t<meta property=\"og:image:width\" content=\"1200\" \/>\n\t<meta property=\"og:image:height\" content=\"630\" \/>\n\t<meta property=\"og:image:type\" content=\"image\/jpeg\" \/>\n<meta name=\"author\" content=\"Guilherme Henrique\" \/>\n<meta name=\"twitter:card\" content=\"summary_large_image\" \/>\n<meta name=\"twitter:creator\" content=\"@gran_online\" \/>\n<meta name=\"twitter:site\" content=\"@gran_online\" \/>\n<meta name=\"twitter:label1\" content=\"Written by\" \/>\n\t<meta name=\"twitter:data1\" content=\"Guilherme Henrique\" \/>\n\t<meta name=\"twitter:label2\" content=\"Est. reading time\" \/>\n\t<meta name=\"twitter:data2\" content=\"9 minutos\" \/>\n<script type=\"application\/ld+json\" class=\"yoast-schema-graph\">{\"@context\":\"https:\/\/schema.org\",\"@graph\":[{\"@type\":\"NewsArticle\",\"@id\":\"https:\/\/faculdade.grancursosonline.com.br\/blog\/o-que-e-formacao\/#article\",\"isPartOf\":{\"@id\":\"https:\/\/faculdade.grancursosonline.com.br\/blog\/o-que-e-formacao\/\"},\"author\":{\"name\":\"Guilherme Henrique\",\"@id\":\"https:\/\/faculdade.grancursosonline.com.br\/blog\/#\/schema\/person\/9745f9b6db8976613c1f439dbcfe717d\"},\"headline\":\"O que \u00e9 forma\u00e7\u00e3o? Guia para entender o conceito e seus tipos\",\"datePublished\":\"2026-04-28T19:04:18+00:00\",\"dateModified\":\"2026-04-28T19:04:24+00:00\",\"mainEntityOfPage\":{\"@id\":\"https:\/\/faculdade.grancursosonline.com.br\/blog\/o-que-e-formacao\/\"},\"wordCount\":1433,\"commentCount\":0,\"publisher\":{\"@id\":\"https:\/\/faculdade.grancursosonline.com.br\/blog\/#organization\"},\"image\":{\"@id\":\"https:\/\/faculdade.grancursosonline.com.br\/blog\/o-que-e-formacao\/#primaryimage\"},\"thumbnailUrl\":\"https:\/\/blog-es-static.infra.grancursosonline.com.br\/wp-content\/uploads\/2026\/04\/28160047\/1-Facebook_1200x630-copia-2-1-2.jpg\",\"articleSection\":[\"Gradua\u00e7\u00e3o EAD\",\"Gradua\u00e7\u00e3o Gran Faculdade\",\"\u00daltimas Not\u00edcias\"],\"inLanguage\":\"pt-BR\",\"potentialAction\":[{\"@type\":\"CommentAction\",\"name\":\"Comment\",\"target\":[\"https:\/\/faculdade.grancursosonline.com.br\/blog\/o-que-e-formacao\/#respond\"]}],\"copyrightYear\":\"2026\",\"copyrightHolder\":{\"@id\":\"https:\/\/faculdade.grancursosonline.com.br\/blog\/#organization\"}},{\"@type\":\"WebPage\",\"@id\":\"https:\/\/faculdade.grancursosonline.com.br\/blog\/o-que-e-formacao\/\",\"url\":\"https:\/\/faculdade.grancursosonline.com.br\/blog\/o-que-e-formacao\/\",\"name\":\"O que \u00e9 forma\u00e7\u00e3o? Guia para entender o conceito e seus tipos\",\"isPartOf\":{\"@id\":\"https:\/\/faculdade.grancursosonline.com.br\/blog\/#website\"},\"primaryImageOfPage\":{\"@id\":\"https:\/\/faculdade.grancursosonline.com.br\/blog\/o-que-e-formacao\/#primaryimage\"},\"image\":{\"@id\":\"https:\/\/faculdade.grancursosonline.com.br\/blog\/o-que-e-formacao\/#primaryimage\"},\"thumbnailUrl\":\"https:\/\/blog-es-static.infra.grancursosonline.com.br\/wp-content\/uploads\/2026\/04\/28160047\/1-Facebook_1200x630-copia-2-1-2.jpg\",\"datePublished\":\"2026-04-28T19:04:18+00:00\",\"dateModified\":\"2026-04-28T19:04:24+00:00\",\"description\":\"Guia completo sobre forma\u00e7\u00e3o: entenda o conceito de ensino superior, a import\u00e2ncia da capacita\u00e7\u00e3o t\u00e9cnica e como escolher o curso certo\",\"breadcrumb\":{\"@id\":\"https:\/\/faculdade.grancursosonline.com.br\/blog\/o-que-e-formacao\/#breadcrumb\"},\"inLanguage\":\"pt-BR\",\"potentialAction\":[{\"@type\":\"ReadAction\",\"target\":[\"https:\/\/faculdade.grancursosonline.com.br\/blog\/o-que-e-formacao\/\"]}]},{\"@type\":\"ImageObject\",\"inLanguage\":\"pt-BR\",\"@id\":\"https:\/\/faculdade.grancursosonline.com.br\/blog\/o-que-e-formacao\/#primaryimage\",\"url\":\"https:\/\/blog-es-static.infra.grancursosonline.com.br\/wp-content\/uploads\/2026\/04\/28160047\/1-Facebook_1200x630-copia-2-1-2.jpg\",\"contentUrl\":\"https:\/\/blog-es-static.infra.grancursosonline.com.br\/wp-content\/uploads\/2026\/04\/28160047\/1-Facebook_1200x630-copia-2-1-2.jpg\",\"width\":1200,\"height\":630},{\"@type\":\"BreadcrumbList\",\"@id\":\"https:\/\/faculdade.grancursosonline.com.br\/blog\/o-que-e-formacao\/#breadcrumb\",\"itemListElement\":[{\"@type\":\"ListItem\",\"position\":1,\"name\":\"In\u00edcio\",\"item\":\"https:\/\/faculdade.grancursosonline.com.br\/blog\/\"},{\"@type\":\"ListItem\",\"position\":2,\"name\":\"Gradua\u00e7\u00e3o Gran Faculdade\",\"item\":\"https:\/\/faculdade.grancursosonline.com.br\/blog\/graduacao\/\"},{\"@type\":\"ListItem\",\"position\":3,\"name\":\"O que \u00e9 forma\u00e7\u00e3o? Guia para entender o conceito e seus tipos\"}]},{\"@type\":\"WebSite\",\"@id\":\"https:\/\/faculdade.grancursosonline.com.br\/blog\/#website\",\"url\":\"https:\/\/faculdade.grancursosonline.com.br\/blog\/\",\"name\":\"Blog Gran Faculdade\",\"description\":\"Tudo sobre ensino superior, p\u00f3s-gradua\u00e7\u00e3o, enem e carreira.\",\"publisher\":{\"@id\":\"https:\/\/faculdade.grancursosonline.com.br\/blog\/#organization\"},\"potentialAction\":[{\"@type\":\"SearchAction\",\"target\":{\"@type\":\"EntryPoint\",\"urlTemplate\":\"https:\/\/faculdade.grancursosonline.com.br\/blog\/?s={search_term_string}\"},\"query-input\":{\"@type\":\"PropertyValueSpecification\",\"valueRequired\":true,\"valueName\":\"search_term_string\"}}],\"inLanguage\":\"pt-BR\"},{\"@type\":\"Organization\",\"@id\":\"https:\/\/faculdade.grancursosonline.com.br\/blog\/#organization\",\"name\":\"Gran Cursos Online\",\"url\":\"https:\/\/faculdade.grancursosonline.com.br\/blog\/\",\"logo\":{\"@type\":\"ImageObject\",\"inLanguage\":\"pt-BR\",\"@id\":\"https:\/\/faculdade.grancursosonline.com.br\/blog\/#\/schema\/logo\/image\/\",\"url\":\"https:\/\/blog-es-static.infra.grancursosonline.com.br\/wp-content\/uploads\/2019\/08\/03123934\/logo.png\",\"contentUrl\":\"https:\/\/blog-es-static.infra.grancursosonline.com.br\/wp-content\/uploads\/2019\/08\/03123934\/logo.png\",\"width\":300,\"height\":57,\"caption\":\"Gran Cursos Online\"},\"image\":{\"@id\":\"https:\/\/faculdade.grancursosonline.com.br\/blog\/#\/schema\/logo\/image\/\"},\"sameAs\":[\"https:\/\/www.facebook.com\/grancursosonline\/\",\"https:\/\/x.com\/gran_online\",\"https:\/\/www.instagram.com\/grancursosonline\/\",\"https:\/\/www.youtube.com\/user\/grancursostv\"]},{\"@type\":\"Person\",\"@id\":\"https:\/\/faculdade.grancursosonline.com.br\/blog\/#\/schema\/person\/9745f9b6db8976613c1f439dbcfe717d\",\"name\":\"Guilherme Henrique\",\"url\":\"https:\/\/faculdade.grancursosonline.com.br\/blog\/author\/guilherme-lourenco\/\"}]}<\/script>\n<!-- \/ Yoast SEO Premium plugin. -->","yoast_head_json":{"title":"O que \u00e9 forma\u00e7\u00e3o? Guia para entender o conceito e seus tipos","description":"Guia completo sobre forma\u00e7\u00e3o: entenda o conceito de ensino superior, a import\u00e2ncia da capacita\u00e7\u00e3o t\u00e9cnica e como escolher o curso certo","robots":{"index":"index","follow":"follow","max-snippet":"max-snippet:-1","max-image-preview":"max-image-preview:large","max-video-preview":"max-video-preview:-1"},"canonical":"https:\/\/faculdade.grancursosonline.com.br\/blog\/o-que-e-formacao\/","og_locale":"pt_BR","og_type":"article","og_title":"O que \u00e9 forma\u00e7\u00e3o? Guia para entender o conceito e seus tipos","og_description":"Guia completo sobre forma\u00e7\u00e3o: entenda o conceito de ensino superior, a import\u00e2ncia da capacita\u00e7\u00e3o t\u00e9cnica e como escolher o curso certo","og_url":"https:\/\/faculdade.grancursosonline.com.br\/blog\/o-que-e-formacao\/","og_site_name":"Blog Gran Faculdade","article_publisher":"https:\/\/www.facebook.com\/grancursosonline\/","article_published_time":"2026-04-28T19:04:18+00:00","article_modified_time":"2026-04-28T19:04:24+00:00","og_image":[{"width":1200,"height":630,"url":"https:\/\/blog-es-static.infra.grancursosonline.com.br\/wp-content\/uploads\/2026\/04\/28160047\/1-Facebook_1200x630-copia-2-1-2.jpg","type":"image\/jpeg"}],"author":"Guilherme Henrique","twitter_card":"summary_large_image","twitter_creator":"@gran_online","twitter_site":"@gran_online","twitter_misc":{"Written by":"Guilherme Henrique","Est. reading time":"9 minutos"},"schema":{"@context":"https:\/\/schema.org","@graph":[{"@type":"NewsArticle","@id":"https:\/\/faculdade.grancursosonline.com.br\/blog\/o-que-e-formacao\/#article","isPartOf":{"@id":"https:\/\/faculdade.grancursosonline.com.br\/blog\/o-que-e-formacao\/"},"author":{"name":"Guilherme Henrique","@id":"https:\/\/faculdade.grancursosonline.com.br\/blog\/#\/schema\/person\/9745f9b6db8976613c1f439dbcfe717d"},"headline":"O que \u00e9 forma\u00e7\u00e3o? Guia para entender o conceito e seus tipos","datePublished":"2026-04-28T19:04:18+00:00","dateModified":"2026-04-28T19:04:24+00:00","mainEntityOfPage":{"@id":"https:\/\/faculdade.grancursosonline.com.br\/blog\/o-que-e-formacao\/"},"wordCount":1433,"commentCount":0,"publisher":{"@id":"https:\/\/faculdade.grancursosonline.com.br\/blog\/#organization"},"image":{"@id":"https:\/\/faculdade.grancursosonline.com.br\/blog\/o-que-e-formacao\/#primaryimage"},"thumbnailUrl":"https:\/\/blog-es-static.infra.grancursosonline.com.br\/wp-content\/uploads\/2026\/04\/28160047\/1-Facebook_1200x630-copia-2-1-2.jpg","articleSection":["Gradua\u00e7\u00e3o EAD","Gradua\u00e7\u00e3o Gran Faculdade","\u00daltimas Not\u00edcias"],"inLanguage":"pt-BR","potentialAction":[{"@type":"CommentAction","name":"Comment","target":["https:\/\/faculdade.grancursosonline.com.br\/blog\/o-que-e-formacao\/#respond"]}],"copyrightYear":"2026","copyrightHolder":{"@id":"https:\/\/faculdade.grancursosonline.com.br\/blog\/#organization"}},{"@type":"WebPage","@id":"https:\/\/faculdade.grancursosonline.com.br\/blog\/o-que-e-formacao\/","url":"https:\/\/faculdade.grancursosonline.com.br\/blog\/o-que-e-formacao\/","name":"O que \u00e9 forma\u00e7\u00e3o? Guia para entender o conceito e seus tipos","isPartOf":{"@id":"https:\/\/faculdade.grancursosonline.com.br\/blog\/#website"},"primaryImageOfPage":{"@id":"https:\/\/faculdade.grancursosonline.com.br\/blog\/o-que-e-formacao\/#primaryimage"},"image":{"@id":"https:\/\/faculdade.grancursosonline.com.br\/blog\/o-que-e-formacao\/#primaryimage"},"thumbnailUrl":"https:\/\/blog-es-static.infra.grancursosonline.com.br\/wp-content\/uploads\/2026\/04\/28160047\/1-Facebook_1200x630-copia-2-1-2.jpg","datePublished":"2026-04-28T19:04:18+00:00","dateModified":"2026-04-28T19:04:24+00:00","description":"Guia completo sobre forma\u00e7\u00e3o: entenda o conceito de ensino superior, a import\u00e2ncia da capacita\u00e7\u00e3o t\u00e9cnica e como escolher o curso certo","breadcrumb":{"@id":"https:\/\/faculdade.grancursosonline.com.br\/blog\/o-que-e-formacao\/#breadcrumb"},"inLanguage":"pt-BR","potentialAction":[{"@type":"ReadAction","target":["https:\/\/faculdade.grancursosonline.com.br\/blog\/o-que-e-formacao\/"]}]},{"@type":"ImageObject","inLanguage":"pt-BR","@id":"https:\/\/faculdade.grancursosonline.com.br\/blog\/o-que-e-formacao\/#primaryimage","url":"https:\/\/blog-es-static.infra.grancursosonline.com.br\/wp-content\/uploads\/2026\/04\/28160047\/1-Facebook_1200x630-copia-2-1-2.jpg","contentUrl":"https:\/\/blog-es-static.infra.grancursosonline.com.br\/wp-content\/uploads\/2026\/04\/28160047\/1-Facebook_1200x630-copia-2-1-2.jpg","width":1200,"height":630},{"@type":"BreadcrumbList","@id":"https:\/\/faculdade.grancursosonline.com.br\/blog\/o-que-e-formacao\/#breadcrumb","itemListElement":[{"@type":"ListItem","position":1,"name":"In\u00edcio","item":"https:\/\/faculdade.grancursosonline.com.br\/blog\/"},{"@type":"ListItem","position":2,"name":"Gradua\u00e7\u00e3o Gran Faculdade","item":"https:\/\/faculdade.grancursosonline.com.br\/blog\/graduacao\/"},{"@type":"ListItem","position":3,"name":"O que \u00e9 forma\u00e7\u00e3o? Guia para entender o conceito e seus tipos"}]},{"@type":"WebSite","@id":"https:\/\/faculdade.grancursosonline.com.br\/blog\/#website","url":"https:\/\/faculdade.grancursosonline.com.br\/blog\/","name":"Blog Gran Faculdade","description":"Tudo sobre ensino superior, p\u00f3s-gradua\u00e7\u00e3o, enem e carreira.","publisher":{"@id":"https:\/\/faculdade.grancursosonline.com.br\/blog\/#organization"},"potentialAction":[{"@type":"SearchAction","target":{"@type":"EntryPoint","urlTemplate":"https:\/\/faculdade.grancursosonline.com.br\/blog\/?s={search_term_string}"},"query-input":{"@type":"PropertyValueSpecification","valueRequired":true,"valueName":"search_term_string"}}],"inLanguage":"pt-BR"},{"@type":"Organization","@id":"https:\/\/faculdade.grancursosonline.com.br\/blog\/#organization","name":"Gran Cursos Online","url":"https:\/\/faculdade.grancursosonline.com.br\/blog\/","logo":{"@type":"ImageObject","inLanguage":"pt-BR","@id":"https:\/\/faculdade.grancursosonline.com.br\/blog\/#\/schema\/logo\/image\/","url":"https:\/\/blog-es-static.infra.grancursosonline.com.br\/wp-content\/uploads\/2019\/08\/03123934\/logo.png","contentUrl":"https:\/\/blog-es-static.infra.grancursosonline.com.br\/wp-content\/uploads\/2019\/08\/03123934\/logo.png","width":300,"height":57,"caption":"Gran Cursos Online"},"image":{"@id":"https:\/\/faculdade.grancursosonline.com.br\/blog\/#\/schema\/logo\/image\/"},"sameAs":["https:\/\/www.facebook.com\/grancursosonline\/","https:\/\/x.com\/gran_online","https:\/\/www.instagram.com\/grancursosonline\/","https:\/\/www.youtube.com\/user\/grancursostv"]},{"@type":"Person","@id":"https:\/\/faculdade.grancursosonline.com.br\/blog\/#\/schema\/person\/9745f9b6db8976613c1f439dbcfe717d","name":"Guilherme Henrique","url":"https:\/\/faculdade.grancursosonline.com.br\/blog\/author\/guilherme-lourenco\/"}]}},"_links":{"self":[{"href":"https:\/\/faculdade.grancursosonline.com.br\/blog\/wp-json\/wp\/v2\/posts\/79764607","targetHints":{"allow":["GET"]}}],"collection":[{"href":"https:\/\/faculdade.grancursosonline.com.br\/blog\/wp-json\/wp\/v2\/posts"}],"about":[{"href":"https:\/\/faculdade.grancursosonline.com.br\/blog\/wp-json\/wp\/v2\/types\/post"}],"author":[{"embeddable":true,"href":"https:\/\/faculdade.grancursosonline.com.br\/blog\/wp-json\/wp\/v2\/users\/514"}],"replies":[{"embeddable":true,"href":"https:\/\/faculdade.grancursosonline.com.br\/blog\/wp-json\/wp\/v2\/comments?post=79764607"}],"version-history":[{"count":1,"href":"https:\/\/faculdade.grancursosonline.com.br\/blog\/wp-json\/wp\/v2\/posts\/79764607\/revisions"}],"predecessor-version":[{"id":79764609,"href":"https:\/\/faculdade.grancursosonline.com.br\/blog\/wp-json\/wp\/v2\/posts\/79764607\/revisions\/79764609"}],"wp:featuredmedia":[{"embeddable":true,"href":"https:\/\/faculdade.grancursosonline.com.br\/blog\/wp-json\/wp\/v2\/media\/79764608"}],"wp:attachment":[{"href":"https:\/\/faculdade.grancursosonline.com.br\/blog\/wp-json\/wp\/v2\/media?parent=79764607"}],"wp:term":[{"taxonomy":"category","embeddable":true,"href":"https:\/\/faculdade.grancursosonline.com.br\/blog\/wp-json\/wp\/v2\/categories?post=79764607"},{"taxonomy":"post_tag","embeddable":true,"href":"https:\/\/faculdade.grancursosonline.com.br\/blog\/wp-json\/wp\/v2\/tags?post=79764607"}],"curies":[{"name":"wp","href":"https:\/\/api.w.org\/{rel}","templated":true}]}}