{"id":79764644,"date":"2026-04-29T17:29:12","date_gmt":"2026-04-29T20:29:12","guid":{"rendered":"https:\/\/faculdade.grancursosonline.com.br\/blog\/?p=79764644"},"modified":"2026-04-29T17:29:17","modified_gmt":"2026-04-29T20:29:17","slug":"inteligencia-emocional-no-trabalho","status":"publish","type":"post","link":"https:\/\/faculdade.grancursosonline.com.br\/blog\/inteligencia-emocional-no-trabalho\/","title":{"rendered":"Intelig\u00eancia emocional no trabalho: o que \u00e9, exemplos pr\u00e1ticos e como desenvolver"},"content":{"rendered":"\n<p>Enquanto as <strong>hard skills<\/strong> (conhecimento t\u00e9cnico) abrem portas, \u00e9 a sua <strong>Intelig\u00eancia Emocional (IE)<\/strong> que mant\u00e9m voc\u00ea l\u00e1 dentro e te faz crescer.<\/p>\n\n\n\n<p>Neste guia, vamos desmistificar o conceito, trazer exemplos reais do cotidiano corporativo e mostrar como voc\u00ea pode treinar seu c\u00e9rebro para manter a calma onde outros perdem o controle. Confira!<\/p>\n\n\n\n<p class=\"has-text-align-center\"><a href=\"https:\/\/pos.grancursosonline.com.br\/\" target=\"_blank\" rel=\"noopener\"><strong>Quero elevar meu n\u00edvel profissional agora<\/strong><\/a><\/p>\n\n\n\n<p>Se preferir, navegue pelo \u00edndice:<\/p>\n\n\n\n<ul class=\"wp-block-list\">\n<li><a href=\"#h-o-que-significa-inteligencia-emocional-no-trabalho\">O que significa intelig\u00eancia emocional no trabalho?<\/a><\/li>\n\n\n\n<li><a href=\"#h-por-que-e-essencial-ter-inteligencia-emocional-no-trabalho-hoje\">Por que \u00e9 essencial ter intelig\u00eancia emocional no trabalho hoje?<\/a><\/li>\n\n\n\n<li><a href=\"#h-os-5-pilares-da-inteligencia-emocional-no-trabalho-aplicados-ao-dia-a-dia-nbsp\">Os 5 pilares da intelig\u00eancia emocional no trabalho aplicados ao dia a dia\u00a0<\/a><\/li>\n\n\n\n<li><a href=\"#h-como-desenvolver-inteligencia-emocional-no-trabalho\">Como desenvolver intelig\u00eancia emocional no trabalho?<\/a><\/li>\n\n\n\n<li><a href=\"#h-exemplos-praticos-no-trabalho-nbsp\">Exemplos pr\u00e1ticos no trabalho\u00a0<\/a><\/li>\n\n\n\n<li><a href=\"#h-o-que-a-neurociencia-diz-sobre-inteligencia-emocional-no-trabalho\">O que a neuroci\u00eancia diz sobre intelig\u00eancia emocional no trabalho?<\/a><\/li>\n\n\n\n<li><a href=\"#h-inteligencia-emocional-no-trabalho-dentro-do-cenario-brasileiro\">Intelig\u00eancia emocional no trabalho dentro do cen\u00e1rio brasileiro<\/a><\/li>\n\n\n\n<li><a href=\"#h-perguntas-frequentes-faq\">Perguntas Frequentes (FAQ)<\/a><\/li>\n\n\n\n<li><a href=\"#h-vem-pra-gran-faculdade\">Vem pra Gran Faculdade!<\/a><\/li>\n<\/ul>\n\n\n\n<figure class=\"wp-block-image size-large is-resized\"><img loading=\"lazy\" decoding=\"async\" width=\"1024\" height=\"559\" src=\"https:\/\/blog-es-static.infra.grancursosonline.com.br\/wp-content\/uploads\/2026\/04\/29154509\/Inteligencia-emocional-no-trabalho-1024x559.png\" alt=\"\" class=\"wp-image-79764645\" style=\"aspect-ratio:1.8318695106649938;width:678px;height:auto\"\/><\/figure>\n\n\n\n<p><em>Entenda como desenvolver intelig\u00eancia emocional no trabalho para o seu sucesso profissional.<\/em><\/p>\n\n\n\n<h2 class=\"wp-block-heading\" id=\"h-o-que-significa-inteligencia-emocional-no-trabalho\"><strong>O que significa intelig\u00eancia emocional no trabalho?<\/strong><\/h2>\n\n\n\n<p>A <a href=\"https:\/\/faculdade.grancursosonline.com.br\/blog\/inteligencia-emocional\/\">intelig\u00eancia emocional<\/a> no ambiente profissional \u00e9 a capacidade de <strong>identificar, processar e gerenciar<\/strong> as pr\u00f3prias emo\u00e7\u00f5es e as das pessoas ao seu redor.<\/p>\n\n\n\n<p>N\u00e3o se trata de &#8220;engolir o choro&#8221; ou ser uma pessoa fria, mas sim de usar a raz\u00e3o para dar a resposta certa a um est\u00edmulo emocional.<\/p>\n\n\n\n<p>No contexto corporativo, isso se traduz em maturidade: \u00e9 saber que um feedback negativo n\u00e3o \u00e9 um ataque pessoal e que uma meta apertada n\u00e3o \u00e9 motivo para tratar mal um colega.<\/p>\n\n\n\n<h2 class=\"wp-block-heading\" id=\"h-por-que-e-essencial-ter-inteligencia-emocional-no-trabalho-hoje\"><strong>Por que \u00e9 essencial ter intelig\u00eancia emocional no trabalho hoje?<\/strong><\/h2>\n\n\n\n<p>O mercado atual \u00e9 vol\u00e1til e altamente conectado. Com o aumento do trabalho h\u00edbrido e a press\u00e3o por produtividade, a IE tornou-se a <strong>soft skill<\/strong> n\u00famero um por tr\u00eas motivos principais:<\/p>\n\n\n\n<ol class=\"wp-block-list\">\n<li><strong>Resili\u00eancia:<\/strong> capacidade de se recuperar de erros sem entrar em colapso;<\/li>\n\n\n\n<li><strong>Lideran\u00e7a:<\/strong> gestores com alto QE (Quociente Emocional) ret\u00eam talentos e inspiram confian\u00e7a;<\/li>\n\n\n\n<li><strong>Sa\u00fade Mental:<\/strong> \u00e9 a maior barreira contra o <em>Burnout<\/em> e a ansiedade cr\u00f4nica.<\/li>\n<\/ol>\n\n\n\n<h2 class=\"wp-block-heading\" id=\"h-os-5-pilares-da-inteligencia-emocional-no-trabalho-aplicados-ao-dia-a-dia-nbsp\"><strong>Os 5 pilares da intelig\u00eancia emocional no trabalho aplicados ao dia a dia&nbsp;<\/strong><\/h2>\n\n\n\n<p>Baseado nos estudos de <strong>Daniel Goleman<\/strong>, adaptamos os pilares para a realidade do escrit\u00f3rio:<\/p>\n\n\n\n<ol class=\"wp-block-list\">\n<li><strong>Autoconhecimento:<\/strong> perceber que seu batimento acelera antes de uma apresenta\u00e7\u00e3o e usar t\u00e9cnicas de respira\u00e7\u00e3o;<\/li>\n\n\n\n<li><strong>Autorregula\u00e7\u00e3o:<\/strong> receber um e-mail r\u00edspido e esperar 10 minutos para responder, em vez de reagir no calor do momento;<\/li>\n\n\n\n<li><strong>Automotiva\u00e7\u00e3o:<\/strong> manter o foco em um projeto longo, mesmo quando a empolga\u00e7\u00e3o inicial acaba;<\/li>\n\n\n\n<li><strong>Empatia:<\/strong> entender que o erro de um colega pode ser fruto de um problema pessoal e oferecer suporte em vez de julgamento;<\/li>\n\n\n\n<li><strong>Habilidades Sociais:<\/strong> saber mediar conflitos entre dois membros da equipe de forma diplom\u00e1tica.<\/li>\n<\/ol>\n\n\n\n<h2 class=\"wp-block-heading\" id=\"h-como-desenvolver-inteligencia-emocional-no-trabalho\"><strong>Como desenvolver intelig\u00eancia emocional no trabalho?<\/strong><\/h2>\n\n\n\n<p>A boa not\u00edcia \u00e9 que, ao contr\u00e1rio do QI, a intelig\u00eancia emocional pode ser treinada. Saiba como:<\/p>\n\n\n\n<ul class=\"wp-block-list\">\n<li><strong>Pratique a pausa de 3 segundos:<\/strong> antes de qualquer rea\u00e7\u00e3o impulsiva, conte at\u00e9 tr\u00eas. Isso desconecta o modo &#8220;luta ou fuga&#8221;;<\/li>\n\n\n\n<li><strong>Pe\u00e7a feedbacks honestos:<\/strong> pergunte a colegas de confian\u00e7a como eles percebem suas rea\u00e7\u00f5es em momentos de estresse;<\/li>\n\n\n\n<li><strong>Aprenda Comunica\u00e7\u00e3o N\u00e3o-Violenta (CNV):<\/strong> substitua frases como &#8220;Voc\u00ea nunca faz o que eu pe\u00e7o&#8221; por &#8220;Senti falta de suporte no prazo X&#8221;;<\/li>\n\n\n\n<li><strong>Estude seus gatilhos:<\/strong> anote quais situa\u00e7\u00f5es ou pessoas fazem voc\u00ea perder a paci\u00eancia e antecipe sua rea\u00e7\u00e3o.<\/li>\n<\/ul>\n\n\n\n<h2 class=\"wp-block-heading\" id=\"h-exemplos-praticos-no-trabalho-nbsp\"><strong>Exemplos pr\u00e1ticos no trabalho&nbsp;<\/strong><\/h2>\n\n\n\n<p>Para ficar claro, entenda a diferen\u00e7a entre uma rea\u00e7\u00e3o comum e uma com intelig\u00eancia emocional:<\/p>\n\n\n\n<ul class=\"wp-block-list\">\n<li><strong>Cen\u00e1rio A (Feedback Negativo):<\/strong><strong><br><\/strong>\n<ul class=\"wp-block-list\">\n<li><em>Rea\u00e7\u00e3o Comum:<\/em> ficar na defensiva, culpar terceiros e sair da sala batendo a porta.<\/li>\n\n\n\n<li><em>Com IE:<\/em> ouvir atentamente, anotar pontos de melhoria e perguntar: &#8220;Como posso evitar que isso aconte\u00e7a na pr\u00f3xima vez?&#8221;.<br><\/li>\n<\/ul>\n<\/li>\n\n\n\n<li><strong>Cen\u00e1rio B (Conflito em Reuni\u00e3o):<\/strong><strong><br><\/strong>\n<ul class=\"wp-block-list\">\n<li><em>Rea\u00e7\u00e3o Comum:<\/em> levantar a voz para impor sua ideia.<\/li>\n\n\n\n<li><em>Com IE:<\/em> validar a opini\u00e3o do outro (&#8220;Entendo seu ponto&#8221;) e apresentar argumentos baseados em dados, mantendo o tom de voz calmo.<\/li>\n<\/ul>\n<\/li>\n<\/ul>\n\n\n\n<h2 class=\"wp-block-heading\" id=\"h-o-que-a-neurociencia-diz-sobre-inteligencia-emocional-no-trabalho\"><strong>O que a neuroci\u00eancia diz sobre intelig\u00eancia emocional no trabalho?<\/strong><\/h2>\n\n\n\n<p>A neuroci\u00eancia explica isso atrav\u00e9s do <strong>Sequestro da Am\u00edgdala<\/strong>. Quando nos sentimos amea\u00e7ados (seja por um predador ou por um chefe bravo), a am\u00edgdala cerebral assume o controle, bloqueando o <strong>C\u00f3rtex Pr\u00e9-Frontal<\/strong> (respons\u00e1vel pela l\u00f3gica).<\/p>\n\n\n\n<p>Desenvolver IE \u00e9, tecnicamente, fortalecer as conex\u00f5es neurais que permitem ao seu c\u00f3rtex &#8220;acalmar&#8221; a am\u00edgdala mais r\u00e1pido.<\/p>\n\n\n\n<h2 class=\"wp-block-heading\" id=\"h-inteligencia-emocional-no-trabalho-dentro-do-cenario-brasileiro\"><strong>Intelig\u00eancia emocional no trabalho dentro do cen\u00e1rio brasileiro<\/strong><\/h2>\n\n\n\n<p>No Brasil, a cultura profissional \u00e9 fortemente baseada em <strong>relacionamentos<\/strong>. Diferente de culturas mais pragm\u00e1ticas, aqui a &#8220;qu\u00edmica&#8221; entre a equipe importa muito. No entanto, o Brasil lidera rankings de ansiedade e depress\u00e3o no trabalho.<\/p>\n\n\n\n<p>Portanto, a IE para o brasileiro n\u00e3o \u00e9 apenas um diferencial de carreira, \u00e9 uma estrat\u00e9gia de <strong>sobreviver com sa\u00fade<\/strong> em um mercado competitivo e emocionalmente carregado.<\/p>\n\n\n\n<p>Assim, dominar a intelig\u00eancia emocional \u00e9 uma jornada cont\u00ednua. Para voc\u00ea, estudante, come\u00e7ar a observar suas rea\u00e7\u00f5es agora colocar\u00e1 voc\u00ea anos \u00e0 frente da concorr\u00eancia.&nbsp;<\/p>\n\n\n\n<p>Lembre-se: empresas contratam pelo curr\u00edculo, mas demitem pelo comportamento. Invista no seu autocontrole tanto quanto investe nos seus estudos t\u00e9cnicos.<\/p>\n\n\n\n<h2 class=\"wp-block-heading\" id=\"h-perguntas-frequentes-faq\"><strong>Perguntas Frequentes (FAQ)<\/strong><\/h2>\n\n\n\n<p><strong>\u00c9 poss\u00edvel aumentar meu Quociente Emocional (QE)?<\/strong><\/p>\n\n\n\n<p>Sim! Diferente do QI, que \u00e9 relativamente est\u00e1vel, o QE \u00e9 male\u00e1vel e melhora com pr\u00e1tica e autoconhecimento.<\/p>\n\n\n\n<p><strong>Intelig\u00eancia emocional \u00e9 o mesmo que ser &#8220;bonzinho&#8221;?<\/strong><\/p>\n\n\n\n<p>N\u00e3o. IE envolve ser assertivo e saber dizer &#8220;n\u00e3o&#8221; ou dar feedbacks duros de forma respeitosa e eficiente.<\/p>\n\n\n\n<p><strong>Como lidar com um chefe que n\u00e3o tem intelig\u00eancia emocional?<\/strong><\/p>\n\n\n\n<p>Foque na sua autorregula\u00e7\u00e3o. N\u00e3o absorva a carga dele e utilize a &#8220;empatia cognitiva&#8221; para entender os gatilhos dele sem se deixar afetar emocionalmente.<\/p>\n\n\n\n<p><strong>Chorar no trabalho \u00e9 falta de intelig\u00eancia emocional?<\/strong><\/p>\n\n\n\n<p>N\u00e3o necessariamente. A IE ensina a entender a origem do choro e a buscar o momento e o lugar adequados para processar essa emo\u00e7\u00e3o sem prejudicar sua imagem profissional.<\/p>\n\n\n\n<p><strong>Como a intelig\u00eancia emocional ajuda em processos seletivos?<\/strong><\/p>\n\n\n\n<p>Recrutadores usam perguntas comportamentais para testar sua IE. Ter exemplos de como voc\u00ea resolveu conflitos ajuda a passar confian\u00e7a e maturidade.<\/p>\n\n\n\n<p><strong>Intelig\u00eancia emocional \u00e9 importante para quem trabalha sozinho ou em home office?<\/strong><\/p>\n\n\n\n<p>Muito! A automotiva\u00e7\u00e3o e a gest\u00e3o do estresse solit\u00e1rio s\u00e3o pilares da IE essenciais para manter a produtividade e a sa\u00fade mental em casa.<\/p>\n\n\n\n<h2 class=\"wp-block-heading\" id=\"h-vem-pra-gran-faculdade\"><strong>Vem pra Gran Faculdade!<\/strong><\/h2>\n\n\n\n<p>A Gran Faculdade vem mudando a vida de milhares de pessoas por meio de cursos \u00e0 dist\u00e2ncia de <a href=\"https:\/\/faculdade.grancursosonline.com.br\/\" target=\"_blank\" rel=\"noreferrer noopener\">gradua\u00e7\u00e3o<\/a>, <a href=\"https:\/\/pos.grancursosonline.com.br\/\" target=\"_blank\" rel=\"noreferrer noopener\">p\u00f3s-gradua\u00e7\u00e3o<\/a> e <a href=\"https:\/\/pos.grancursosonline.com.br\/mba\" target=\"_blank\" rel=\"noreferrer noopener\">MBA<\/a>. Seja no digital ou em nosso <a href=\"https:\/\/presencial.grancursosonline.com.br\/\" target=\"_blank\" rel=\"noreferrer noopener\">Campus Presencial em Curitiba<\/a>, a nossa miss\u00e3o \u00e9 transformar a educa\u00e7\u00e3o superior.<\/p>\n\n\n\n<p>Como parte de Sistema Gran de Ensino, que \u00e9 reconhecido como marca aprovadora h\u00e1 mais de 10 anos, constru\u00edmos uma renomada reputa\u00e7\u00e3o na \u00e1rea de educa\u00e7\u00e3o.<\/p>\n\n\n\n<p>Veja algumas de nossas conquistas:<\/p>\n\n\n\n<ul class=\"wp-block-list\">\n<li>Reconhecido pela Amazon como um dos projetos mais relevantes do mundo na \u00e1rea de Tecnologia e Educa\u00e7\u00e3o;<\/li>\n\n\n\n<li>Foi eleito pelo Project Management Institute (PMI), um dos 50 Projetos Mais Influentes do mundo;<\/li>\n\n\n\n<li>Somos o site de educa\u00e7\u00e3o mais acessado do Brasil;<\/li>\n\n\n\n<li>Somos avaliados com a nota m\u00e1xima pelo MEC;<\/li>\n\n\n\n<li>Aqui o semestre come\u00e7a quando quiser: entrada imediata e cont\u00ednua!<\/li>\n\n\n\n<li>Melhores pre\u00e7os do mercado;<\/li>\n\n\n\n<li>Mais de 800 mil alunos pagantes e mais de 1000 funcion\u00e1rios;<\/li>\n\n\n\n<li>Diversas ferramentas de estudo: PDFs, audiobooks, mapas mentais, videoaulas, quest\u00f5es, gerenciador de estudos e muito mais!<\/li>\n\n\n\n<li>Professores experientes e capacitados;<\/li>\n\n\n\n<li>Acesso imediato e 100% online.<\/li>\n<\/ul>\n\n\n\n<p class=\"has-text-align-center has-text-align-center\"><strong><a href=\"https:\/\/faculdade.grancursosonline.com.br\/\">Quero ser aluno da Gran Faculdade<\/a><\/strong><\/p>\n\n\n\n<div class=\"wp-block-group has-background\" style=\"background-color:#8dd2fc7a\"><div class=\"wp-block-group__inner-container is-layout-constrained wp-block-group-is-layout-constrained\">\n<p><strong>Outras not\u00edcias em destaque:<\/strong><\/p>\n\n\n\n<ul class=\"wp-block-list\">\n<li><a href=\"https:\/\/faculdade.grancursosonline.com.br\/blog\/futuro-das-profissoes\/\">Futuro das profiss\u00f5es: tend\u00eancias, melhores carreiras e como se preparar em 2026<\/a><\/li>\n\n\n\n<li><a href=\"https:\/\/faculdade.grancursosonline.com.br\/blog\/inteligencia-emocional\/\">Intelig\u00eancia Emocional: o que \u00e9 e como desenvolver? Entenda!<\/a><\/li>\n\n\n\n<li><a href=\"https:\/\/faculdade.grancursosonline.com.br\/blog\/pos-area-saude\/\">P\u00f3s na \u00e1rea de Sa\u00fade: qual curso escolher? Confira<\/a><\/li>\n<\/ul>\n<\/div><\/div>\n\n\n\n<div class=\"wp-block-group\"><div class=\"wp-block-group__inner-container is-layout-constrained wp-block-group-is-layout-constrained\">\n<div class=\"wp-block-group\"><div class=\"wp-block-group__inner-container is-layout-constrained wp-block-group-is-layout-constrained\">\n<section style=\"text-align: center;\">\n<p>Quer ficar por dentro da Faculdade Digital mais inovadora do Brasil?<\/p>\n<nav>\n<p class=\"has-background has-dark-bluish-background-color\" style=\"font-size: 25px; text-align: center; background: #f0f0f0; color: #ffffff; padding: 4px 0px 4xp 0px;\"><a style=\"color: #0d134c; text-decoration: underline;\" href=\"https:\/\/faculdade.grancursosonline.com.br\/\" target=\"_blank\" rel=\"noopener\">GRADUA\u00c7\u00c3O<\/a><\/p>\n<p class=\"has-background has-dark-bluish-background-color\" style=\"font-size: 25px; text-align: center; background: #f0f0f0; color: #ffffff; padding: 4px 0px 4xp 0px;\"><a style=\"color: #0d134c; text-decoration: underline;\" href=\"https:\/\/pos.grancursosonline.com.br\/\" target=\"_blank\" rel=\"noopener\">P\u00d3S-GRADUA\u00c7\u00c3O<\/a><\/p>\n<p class=\"has-background has-dark-bluish-background-color\" style=\"font-size: 25px; text-align: center; background: #f0f0f0; color: #ffffff; padding: 4px 0px 4xp 0px;\"><a style=\"color: #0d134c; text-decoration: underline;\" href=\"https:\/\/faculdade.grancursosonline.com.br\/nossos-cursos\/\" target=\"_blank\" rel=\"noopener\">TUDO SOBRE A GRAN FACULDADE<\/a><\/p>\n<\/nav>\n<p><strong>Receba <span style=\"color: #cf1e25;\">gratuitamente<\/span> no seu celular as principais not\u00edcias sobre a Gran Faculdade! <br \/>Clique no link abaixo e inscreva-se:<\/strong><\/p>\n<p class=\"has-background has-dark-bluish-background-color\" style=\"font-size: 25px; text-align: center; background: #f0f0f0; color: #ffffff; padding: 4px 0px 4xp 0px;\"><a style=\"color: #0d134c; text-decoration: underline;\" href=\"https:\/\/whatsapp.com\/channel\/0029VaG1sChI7Be7PNndhL43\" target=\"_blank\" rel=\"noopener noreferrer\">WHATSAPP<\/a><\/p>\n<p class=\"has-background has-dark-bluish-background-color\" style=\"font-size: 25px; text-align: center; background: #f0f0f0; color: #ffffff; padding: 4px 0px 4xp 0px;\"><a style=\"color: #0d134c; text-decoration: underline;\" href=\"https:\/\/t.me\/GranFaculdade\" target=\"_blank\" rel=\"noopener noreferrer\">TELEGRAM<\/a><\/p>\n<\/section>\n<\/div><\/div>\n<\/div><\/div>\n","protected":false},"excerpt":{"rendered":"<p>Enquanto as hard skills (conhecimento t\u00e9cnico) abrem portas, \u00e9 a sua Intelig\u00eancia Emocional (IE) que mant\u00e9m voc\u00ea l\u00e1 dentro e te faz crescer. Neste guia, vamos desmistificar o conceito, trazer exemplos reais do cotidiano corporativo e mostrar como voc\u00ea pode treinar seu c\u00e9rebro para manter a calma onde outros perdem o controle. Confira! Quero elevar&hellip;<\/p>\n","protected":false},"author":525,"featured_media":79764646,"comment_status":"open","ping_status":"open","sticky":false,"template":"","format":"standard","meta":{"_acf_changed":false,"content-type":"","footnotes":""},"categories":[220350,220352,2],"tags":[],"class_list":["post-79764644","post","type-post","status-publish","format-standard","has-post-thumbnail","hentry","category-atualidades","category-dicas","category-ultimas-noticias"],"acf":[],"yoast_head":"<!-- This site is optimized with the Yoast SEO Premium plugin v27.2 (Yoast SEO v27.2) - https:\/\/yoast.com\/product\/yoast-seo-premium-wordpress\/ -->\n<title>Intelig\u00eancia emocional no trabalho: exemplos e como desenvolver<\/title>\n<meta name=\"description\" content=\"Aprenda o que \u00e9 intelig\u00eancia emocional no trabalho, entenda exemplos pr\u00e1ticos, os 5 pilares e como desenvolver essa soft skill. Clique!\" \/>\n<meta name=\"robots\" content=\"index, follow, max-snippet:-1, max-image-preview:large, max-video-preview:-1\" \/>\n<link rel=\"canonical\" href=\"https:\/\/faculdade.grancursosonline.com.br\/blog\/inteligencia-emocional-no-trabalho\/\" \/>\n<meta property=\"og:locale\" content=\"pt_BR\" \/>\n<meta property=\"og:type\" content=\"article\" \/>\n<meta property=\"og:title\" content=\"Intelig\u00eancia emocional no trabalho: o que \u00e9, exemplos pr\u00e1ticos e como desenvolver\" \/>\n<meta property=\"og:description\" content=\"Aprenda o que \u00e9 intelig\u00eancia emocional no trabalho, entenda exemplos pr\u00e1ticos, os 5 pilares e como desenvolver essa soft skill. Clique!\" \/>\n<meta property=\"og:url\" content=\"https:\/\/faculdade.grancursosonline.com.br\/blog\/inteligencia-emocional-no-trabalho\/\" \/>\n<meta property=\"og:site_name\" content=\"Blog Gran Faculdade\" \/>\n<meta property=\"article:publisher\" content=\"https:\/\/www.facebook.com\/grancursosonline\/\" \/>\n<meta property=\"article:published_time\" content=\"2026-04-29T20:29:12+00:00\" \/>\n<meta property=\"article:modified_time\" content=\"2026-04-29T20:29:17+00:00\" \/>\n<meta property=\"og:image\" content=\"https:\/\/blog-es-static.infra.grancursosonline.com.br\/wp-content\/uploads\/2026\/04\/29155004\/Inteligencia-emocional-no-trabalhoo-1024x615.png\" \/>\n\t<meta property=\"og:image:width\" content=\"1024\" \/>\n\t<meta property=\"og:image:height\" content=\"615\" \/>\n\t<meta property=\"og:image:type\" content=\"image\/png\" \/>\n<meta name=\"author\" content=\"Aline Damettos\" \/>\n<meta name=\"twitter:card\" content=\"summary_large_image\" \/>\n<meta name=\"twitter:creator\" content=\"@gran_online\" \/>\n<meta name=\"twitter:site\" content=\"@gran_online\" \/>\n<meta name=\"twitter:label1\" content=\"Written by\" \/>\n\t<meta name=\"twitter:data1\" content=\"Aline Damettos\" \/>\n\t<meta name=\"twitter:label2\" content=\"Est. reading time\" \/>\n\t<meta name=\"twitter:data2\" content=\"18 minutos\" \/>\n<script type=\"application\/ld+json\" class=\"yoast-schema-graph\">{\"@context\":\"https:\/\/schema.org\",\"@graph\":[{\"@type\":\"NewsArticle\",\"@id\":\"https:\/\/faculdade.grancursosonline.com.br\/blog\/inteligencia-emocional-no-trabalho\/#article\",\"isPartOf\":{\"@id\":\"https:\/\/faculdade.grancursosonline.com.br\/blog\/inteligencia-emocional-no-trabalho\/\"},\"author\":{\"name\":\"Aline Damettos\",\"@id\":\"https:\/\/faculdade.grancursosonline.com.br\/blog\/#\/schema\/person\/14e0fa771c0614c4b7434ee70589c075\"},\"headline\":\"Intelig\u00eancia emocional no trabalho: o que \u00e9, exemplos pr\u00e1ticos e como desenvolver\",\"datePublished\":\"2026-04-29T20:29:12+00:00\",\"dateModified\":\"2026-04-29T20:29:17+00:00\",\"mainEntityOfPage\":{\"@id\":\"https:\/\/faculdade.grancursosonline.com.br\/blog\/inteligencia-emocional-no-trabalho\/\"},\"wordCount\":1135,\"commentCount\":0,\"publisher\":{\"@id\":\"https:\/\/faculdade.grancursosonline.com.br\/blog\/#organization\"},\"image\":{\"@id\":\"https:\/\/faculdade.grancursosonline.com.br\/blog\/inteligencia-emocional-no-trabalho\/#primaryimage\"},\"thumbnailUrl\":\"https:\/\/blog-es-static.infra.grancursosonline.com.br\/wp-content\/uploads\/2026\/04\/29155004\/Inteligencia-emocional-no-trabalhoo-scaled.png\",\"articleSection\":[\"Atualidades\",\"Dicas\",\"\u00daltimas Not\u00edcias\"],\"inLanguage\":\"pt-BR\",\"potentialAction\":[{\"@type\":\"CommentAction\",\"name\":\"Comment\",\"target\":[\"https:\/\/faculdade.grancursosonline.com.br\/blog\/inteligencia-emocional-no-trabalho\/#respond\"]}],\"copyrightYear\":\"2026\",\"copyrightHolder\":{\"@id\":\"https:\/\/faculdade.grancursosonline.com.br\/blog\/#organization\"}},{\"@type\":\"WebPage\",\"@id\":\"https:\/\/faculdade.grancursosonline.com.br\/blog\/inteligencia-emocional-no-trabalho\/\",\"url\":\"https:\/\/faculdade.grancursosonline.com.br\/blog\/inteligencia-emocional-no-trabalho\/\",\"name\":\"Intelig\u00eancia emocional no trabalho: exemplos e como desenvolver\",\"isPartOf\":{\"@id\":\"https:\/\/faculdade.grancursosonline.com.br\/blog\/#website\"},\"primaryImageOfPage\":{\"@id\":\"https:\/\/faculdade.grancursosonline.com.br\/blog\/inteligencia-emocional-no-trabalho\/#primaryimage\"},\"image\":{\"@id\":\"https:\/\/faculdade.grancursosonline.com.br\/blog\/inteligencia-emocional-no-trabalho\/#primaryimage\"},\"thumbnailUrl\":\"https:\/\/blog-es-static.infra.grancursosonline.com.br\/wp-content\/uploads\/2026\/04\/29155004\/Inteligencia-emocional-no-trabalhoo-scaled.png\",\"datePublished\":\"2026-04-29T20:29:12+00:00\",\"dateModified\":\"2026-04-29T20:29:17+00:00\",\"description\":\"Aprenda o que \u00e9 intelig\u00eancia emocional no trabalho, entenda exemplos pr\u00e1ticos, os 5 pilares e como desenvolver essa soft skill. Clique!\",\"breadcrumb\":{\"@id\":\"https:\/\/faculdade.grancursosonline.com.br\/blog\/inteligencia-emocional-no-trabalho\/#breadcrumb\"},\"inLanguage\":\"pt-BR\",\"potentialAction\":[{\"@type\":\"ReadAction\",\"target\":[\"https:\/\/faculdade.grancursosonline.com.br\/blog\/inteligencia-emocional-no-trabalho\/\"]}]},{\"@type\":\"ImageObject\",\"inLanguage\":\"pt-BR\",\"@id\":\"https:\/\/faculdade.grancursosonline.com.br\/blog\/inteligencia-emocional-no-trabalho\/#primaryimage\",\"url\":\"https:\/\/blog-es-static.infra.grancursosonline.com.br\/wp-content\/uploads\/2026\/04\/29155004\/Inteligencia-emocional-no-trabalhoo-scaled.png\",\"contentUrl\":\"https:\/\/blog-es-static.infra.grancursosonline.com.br\/wp-content\/uploads\/2026\/04\/29155004\/Inteligencia-emocional-no-trabalhoo-scaled.png\",\"width\":2560,\"height\":1538},{\"@type\":\"BreadcrumbList\",\"@id\":\"https:\/\/faculdade.grancursosonline.com.br\/blog\/inteligencia-emocional-no-trabalho\/#breadcrumb\",\"itemListElement\":[{\"@type\":\"ListItem\",\"position\":1,\"name\":\"In\u00edcio\",\"item\":\"https:\/\/faculdade.grancursosonline.com.br\/blog\/\"},{\"@type\":\"ListItem\",\"position\":2,\"name\":\"Atualidades\",\"item\":\"https:\/\/faculdade.grancursosonline.com.br\/blog\/categoria\/atualidades\/\"},{\"@type\":\"ListItem\",\"position\":3,\"name\":\"Intelig\u00eancia emocional no trabalho: o que \u00e9, exemplos pr\u00e1ticos e como desenvolver\"}]},{\"@type\":\"WebSite\",\"@id\":\"https:\/\/faculdade.grancursosonline.com.br\/blog\/#website\",\"url\":\"https:\/\/faculdade.grancursosonline.com.br\/blog\/\",\"name\":\"Blog Gran Faculdade\",\"description\":\"Tudo sobre ensino superior, p\u00f3s-gradua\u00e7\u00e3o, enem e carreira.\",\"publisher\":{\"@id\":\"https:\/\/faculdade.grancursosonline.com.br\/blog\/#organization\"},\"potentialAction\":[{\"@type\":\"SearchAction\",\"target\":{\"@type\":\"EntryPoint\",\"urlTemplate\":\"https:\/\/faculdade.grancursosonline.com.br\/blog\/?s={search_term_string}\"},\"query-input\":{\"@type\":\"PropertyValueSpecification\",\"valueRequired\":true,\"valueName\":\"search_term_string\"}}],\"inLanguage\":\"pt-BR\"},{\"@type\":\"Organization\",\"@id\":\"https:\/\/faculdade.grancursosonline.com.br\/blog\/#organization\",\"name\":\"Gran Cursos Online\",\"url\":\"https:\/\/faculdade.grancursosonline.com.br\/blog\/\",\"logo\":{\"@type\":\"ImageObject\",\"inLanguage\":\"pt-BR\",\"@id\":\"https:\/\/faculdade.grancursosonline.com.br\/blog\/#\/schema\/logo\/image\/\",\"url\":\"https:\/\/blog-es-static.infra.grancursosonline.com.br\/wp-content\/uploads\/2019\/08\/03123934\/logo.png\",\"contentUrl\":\"https:\/\/blog-es-static.infra.grancursosonline.com.br\/wp-content\/uploads\/2019\/08\/03123934\/logo.png\",\"width\":300,\"height\":57,\"caption\":\"Gran Cursos Online\"},\"image\":{\"@id\":\"https:\/\/faculdade.grancursosonline.com.br\/blog\/#\/schema\/logo\/image\/\"},\"sameAs\":[\"https:\/\/www.facebook.com\/grancursosonline\/\",\"https:\/\/x.com\/gran_online\",\"https:\/\/www.instagram.com\/grancursosonline\/\",\"https:\/\/www.youtube.com\/user\/grancursostv\"]},{\"@type\":\"Person\",\"@id\":\"https:\/\/faculdade.grancursosonline.com.br\/blog\/#\/schema\/person\/14e0fa771c0614c4b7434ee70589c075\",\"name\":\"Aline Damettos\",\"url\":\"https:\/\/faculdade.grancursosonline.com.br\/blog\/author\/aline-damettos\/\"}]}<\/script>\n<!-- \/ Yoast SEO Premium plugin. -->","yoast_head_json":{"title":"Intelig\u00eancia emocional no trabalho: exemplos e como desenvolver","description":"Aprenda o que \u00e9 intelig\u00eancia emocional no trabalho, entenda exemplos pr\u00e1ticos, os 5 pilares e como desenvolver essa soft skill. Clique!","robots":{"index":"index","follow":"follow","max-snippet":"max-snippet:-1","max-image-preview":"max-image-preview:large","max-video-preview":"max-video-preview:-1"},"canonical":"https:\/\/faculdade.grancursosonline.com.br\/blog\/inteligencia-emocional-no-trabalho\/","og_locale":"pt_BR","og_type":"article","og_title":"Intelig\u00eancia emocional no trabalho: o que \u00e9, exemplos pr\u00e1ticos e como desenvolver","og_description":"Aprenda o que \u00e9 intelig\u00eancia emocional no trabalho, entenda exemplos pr\u00e1ticos, os 5 pilares e como desenvolver essa soft skill. Clique!","og_url":"https:\/\/faculdade.grancursosonline.com.br\/blog\/inteligencia-emocional-no-trabalho\/","og_site_name":"Blog Gran Faculdade","article_publisher":"https:\/\/www.facebook.com\/grancursosonline\/","article_published_time":"2026-04-29T20:29:12+00:00","article_modified_time":"2026-04-29T20:29:17+00:00","og_image":[{"width":1024,"height":615,"url":"https:\/\/blog-es-static.infra.grancursosonline.com.br\/wp-content\/uploads\/2026\/04\/29155004\/Inteligencia-emocional-no-trabalhoo-1024x615.png","type":"image\/png"}],"author":"Aline Damettos","twitter_card":"summary_large_image","twitter_creator":"@gran_online","twitter_site":"@gran_online","twitter_misc":{"Written by":"Aline Damettos","Est. reading time":"18 minutos"},"schema":{"@context":"https:\/\/schema.org","@graph":[{"@type":"NewsArticle","@id":"https:\/\/faculdade.grancursosonline.com.br\/blog\/inteligencia-emocional-no-trabalho\/#article","isPartOf":{"@id":"https:\/\/faculdade.grancursosonline.com.br\/blog\/inteligencia-emocional-no-trabalho\/"},"author":{"name":"Aline Damettos","@id":"https:\/\/faculdade.grancursosonline.com.br\/blog\/#\/schema\/person\/14e0fa771c0614c4b7434ee70589c075"},"headline":"Intelig\u00eancia emocional no trabalho: o que \u00e9, exemplos pr\u00e1ticos e como desenvolver","datePublished":"2026-04-29T20:29:12+00:00","dateModified":"2026-04-29T20:29:17+00:00","mainEntityOfPage":{"@id":"https:\/\/faculdade.grancursosonline.com.br\/blog\/inteligencia-emocional-no-trabalho\/"},"wordCount":1135,"commentCount":0,"publisher":{"@id":"https:\/\/faculdade.grancursosonline.com.br\/blog\/#organization"},"image":{"@id":"https:\/\/faculdade.grancursosonline.com.br\/blog\/inteligencia-emocional-no-trabalho\/#primaryimage"},"thumbnailUrl":"https:\/\/blog-es-static.infra.grancursosonline.com.br\/wp-content\/uploads\/2026\/04\/29155004\/Inteligencia-emocional-no-trabalhoo-scaled.png","articleSection":["Atualidades","Dicas","\u00daltimas Not\u00edcias"],"inLanguage":"pt-BR","potentialAction":[{"@type":"CommentAction","name":"Comment","target":["https:\/\/faculdade.grancursosonline.com.br\/blog\/inteligencia-emocional-no-trabalho\/#respond"]}],"copyrightYear":"2026","copyrightHolder":{"@id":"https:\/\/faculdade.grancursosonline.com.br\/blog\/#organization"}},{"@type":"WebPage","@id":"https:\/\/faculdade.grancursosonline.com.br\/blog\/inteligencia-emocional-no-trabalho\/","url":"https:\/\/faculdade.grancursosonline.com.br\/blog\/inteligencia-emocional-no-trabalho\/","name":"Intelig\u00eancia emocional no trabalho: exemplos e como desenvolver","isPartOf":{"@id":"https:\/\/faculdade.grancursosonline.com.br\/blog\/#website"},"primaryImageOfPage":{"@id":"https:\/\/faculdade.grancursosonline.com.br\/blog\/inteligencia-emocional-no-trabalho\/#primaryimage"},"image":{"@id":"https:\/\/faculdade.grancursosonline.com.br\/blog\/inteligencia-emocional-no-trabalho\/#primaryimage"},"thumbnailUrl":"https:\/\/blog-es-static.infra.grancursosonline.com.br\/wp-content\/uploads\/2026\/04\/29155004\/Inteligencia-emocional-no-trabalhoo-scaled.png","datePublished":"2026-04-29T20:29:12+00:00","dateModified":"2026-04-29T20:29:17+00:00","description":"Aprenda o que \u00e9 intelig\u00eancia emocional no trabalho, entenda exemplos pr\u00e1ticos, os 5 pilares e como desenvolver essa soft skill. Clique!","breadcrumb":{"@id":"https:\/\/faculdade.grancursosonline.com.br\/blog\/inteligencia-emocional-no-trabalho\/#breadcrumb"},"inLanguage":"pt-BR","potentialAction":[{"@type":"ReadAction","target":["https:\/\/faculdade.grancursosonline.com.br\/blog\/inteligencia-emocional-no-trabalho\/"]}]},{"@type":"ImageObject","inLanguage":"pt-BR","@id":"https:\/\/faculdade.grancursosonline.com.br\/blog\/inteligencia-emocional-no-trabalho\/#primaryimage","url":"https:\/\/blog-es-static.infra.grancursosonline.com.br\/wp-content\/uploads\/2026\/04\/29155004\/Inteligencia-emocional-no-trabalhoo-scaled.png","contentUrl":"https:\/\/blog-es-static.infra.grancursosonline.com.br\/wp-content\/uploads\/2026\/04\/29155004\/Inteligencia-emocional-no-trabalhoo-scaled.png","width":2560,"height":1538},{"@type":"BreadcrumbList","@id":"https:\/\/faculdade.grancursosonline.com.br\/blog\/inteligencia-emocional-no-trabalho\/#breadcrumb","itemListElement":[{"@type":"ListItem","position":1,"name":"In\u00edcio","item":"https:\/\/faculdade.grancursosonline.com.br\/blog\/"},{"@type":"ListItem","position":2,"name":"Atualidades","item":"https:\/\/faculdade.grancursosonline.com.br\/blog\/categoria\/atualidades\/"},{"@type":"ListItem","position":3,"name":"Intelig\u00eancia emocional no trabalho: o que \u00e9, exemplos pr\u00e1ticos e como desenvolver"}]},{"@type":"WebSite","@id":"https:\/\/faculdade.grancursosonline.com.br\/blog\/#website","url":"https:\/\/faculdade.grancursosonline.com.br\/blog\/","name":"Blog Gran Faculdade","description":"Tudo sobre ensino superior, p\u00f3s-gradua\u00e7\u00e3o, enem e carreira.","publisher":{"@id":"https:\/\/faculdade.grancursosonline.com.br\/blog\/#organization"},"potentialAction":[{"@type":"SearchAction","target":{"@type":"EntryPoint","urlTemplate":"https:\/\/faculdade.grancursosonline.com.br\/blog\/?s={search_term_string}"},"query-input":{"@type":"PropertyValueSpecification","valueRequired":true,"valueName":"search_term_string"}}],"inLanguage":"pt-BR"},{"@type":"Organization","@id":"https:\/\/faculdade.grancursosonline.com.br\/blog\/#organization","name":"Gran Cursos Online","url":"https:\/\/faculdade.grancursosonline.com.br\/blog\/","logo":{"@type":"ImageObject","inLanguage":"pt-BR","@id":"https:\/\/faculdade.grancursosonline.com.br\/blog\/#\/schema\/logo\/image\/","url":"https:\/\/blog-es-static.infra.grancursosonline.com.br\/wp-content\/uploads\/2019\/08\/03123934\/logo.png","contentUrl":"https:\/\/blog-es-static.infra.grancursosonline.com.br\/wp-content\/uploads\/2019\/08\/03123934\/logo.png","width":300,"height":57,"caption":"Gran Cursos Online"},"image":{"@id":"https:\/\/faculdade.grancursosonline.com.br\/blog\/#\/schema\/logo\/image\/"},"sameAs":["https:\/\/www.facebook.com\/grancursosonline\/","https:\/\/x.com\/gran_online","https:\/\/www.instagram.com\/grancursosonline\/","https:\/\/www.youtube.com\/user\/grancursostv"]},{"@type":"Person","@id":"https:\/\/faculdade.grancursosonline.com.br\/blog\/#\/schema\/person\/14e0fa771c0614c4b7434ee70589c075","name":"Aline Damettos","url":"https:\/\/faculdade.grancursosonline.com.br\/blog\/author\/aline-damettos\/"}]}},"_links":{"self":[{"href":"https:\/\/faculdade.grancursosonline.com.br\/blog\/wp-json\/wp\/v2\/posts\/79764644","targetHints":{"allow":["GET"]}}],"collection":[{"href":"https:\/\/faculdade.grancursosonline.com.br\/blog\/wp-json\/wp\/v2\/posts"}],"about":[{"href":"https:\/\/faculdade.grancursosonline.com.br\/blog\/wp-json\/wp\/v2\/types\/post"}],"author":[{"embeddable":true,"href":"https:\/\/faculdade.grancursosonline.com.br\/blog\/wp-json\/wp\/v2\/users\/525"}],"replies":[{"embeddable":true,"href":"https:\/\/faculdade.grancursosonline.com.br\/blog\/wp-json\/wp\/v2\/comments?post=79764644"}],"version-history":[{"count":1,"href":"https:\/\/faculdade.grancursosonline.com.br\/blog\/wp-json\/wp\/v2\/posts\/79764644\/revisions"}],"predecessor-version":[{"id":79764647,"href":"https:\/\/faculdade.grancursosonline.com.br\/blog\/wp-json\/wp\/v2\/posts\/79764644\/revisions\/79764647"}],"wp:featuredmedia":[{"embeddable":true,"href":"https:\/\/faculdade.grancursosonline.com.br\/blog\/wp-json\/wp\/v2\/media\/79764646"}],"wp:attachment":[{"href":"https:\/\/faculdade.grancursosonline.com.br\/blog\/wp-json\/wp\/v2\/media?parent=79764644"}],"wp:term":[{"taxonomy":"category","embeddable":true,"href":"https:\/\/faculdade.grancursosonline.com.br\/blog\/wp-json\/wp\/v2\/categories?post=79764644"},{"taxonomy":"post_tag","embeddable":true,"href":"https:\/\/faculdade.grancursosonline.com.br\/blog\/wp-json\/wp\/v2\/tags?post=79764644"}],"curies":[{"name":"wp","href":"https:\/\/api.w.org\/{rel}","templated":true}]}}