{"id":79764655,"date":"2026-04-29T16:46:41","date_gmt":"2026-04-29T19:46:41","guid":{"rendered":"https:\/\/faculdade.grancursosonline.com.br\/blog\/?p=79764655"},"modified":"2026-04-29T16:52:16","modified_gmt":"2026-04-29T19:52:16","slug":"como-descobrir-minha-vocacao","status":"publish","type":"post","link":"https:\/\/faculdade.grancursosonline.com.br\/blog\/como-descobrir-minha-vocacao\/","title":{"rendered":"Como descobrir minha voca\u00e7\u00e3o? Confira 7 dicas \u00fateis"},"content":{"rendered":"\n<p>Descobrir o que realmente queremos fazer da vida pode parecer um desafio imenso, mas \u00e9, acima de tudo, um processo de autoconhecimento. Atualmente, em um cen\u00e1rio de mudan\u00e7as t\u00e3o r\u00e1pidas, essa busca pede uma boa dose de reflex\u00e3o e ferramentas estrat\u00e9gicas.&nbsp;<\/p>\n\n\n\n<p>Seja voc\u00ea um estudante ou algu\u00e9m buscando novos horizontes aos 30 ou 40 anos, o segredo \u00e9 encontrar clareza em meio \u00e0s d\u00favidas. Atrav\u00e9s de m\u00e9todos como o Ikigai, \u00e9 poss\u00edvel transformar inquieta\u00e7\u00f5es em um plano de carreira com prop\u00f3sito e sentido.&nbsp;<\/p>\n\n\n\n<p class=\"has-text-align-center\"><a href=\"https:\/\/faculdade.grancursosonline.com.br\/\" target=\"_blank\" rel=\"noopener\"><strong>Quero investir na minha primeira forma\u00e7\u00e3o agora<\/strong><\/a><\/p>\n\n\n\n<p>Preparamos estas 7 dicas pr\u00e1ticas para ajudar voc\u00ea a identificar seu caminho e se sentir realizado na sua trajet\u00f3ria profissional. Acompanhe na \u00edntegra ou navegue pelo \u00edndice, se preferir:<\/p>\n\n\n\n<ul class=\"wp-block-list\">\n<li><a href=\"#h-o-que-e-vocacao-entenda-a-diferenca-entre-talento-proposito-e-carreira\" type=\"internal\" id=\"#h-o-que-e-vocacao-entenda-a-diferenca-entre-talento-proposito-e-carreira\">O que \u00e9 voca\u00e7\u00e3o? Entenda a diferen\u00e7a entre talento, prop\u00f3sito e carreira<\/a><\/li>\n\n\n\n<li><a href=\"#h-autoconhecimento-profissional-como-identificar-suas-soft-e-hard-skills\" type=\"internal\" id=\"#h-autoconhecimento-profissional-como-identificar-suas-soft-e-hard-skills\">Autoconhecimento profissional: como identificar suas Soft e Hard Skills<\/a><\/li>\n\n\n\n<li><a href=\"#h-metodologia-ikigai-o-equilibrio-entre-paixao-missao-profissao-e-vocacao\" type=\"internal\" id=\"#h-metodologia-ikigai-o-equilibrio-entre-paixao-missao-profissao-e-vocacao\">Metodologia Ikigai: o equil\u00edbrio entre paix\u00e3o, miss\u00e3o, profiss\u00e3o e voca\u00e7\u00e3o<\/a><\/li>\n\n\n\n<li><a href=\"#h-teste-vocacional-e-de-personalidade-a-ciencia-por-tras-do-mbti-e-do-disc\" type=\"internal\" id=\"#h-teste-vocacional-e-de-personalidade-a-ciencia-por-tras-do-mbti-e-do-disc\">Teste vocacional e de personalidade: a ci\u00eancia por tr\u00e1s do MBTI e do DISC<\/a><\/li>\n\n\n\n<li><a href=\"#h-inteligencias-multiplas-a-teoria-de-howard-gardner-aplicada-a-escolha-da-profissao\" type=\"internal\" id=\"#h-inteligencias-multiplas-a-teoria-de-howard-gardner-aplicada-a-escolha-da-profissao\">Intelig\u00eancias M\u00faltiplas: a teoria de Howard Gardner aplicada \u00e0 escolha da profiss\u00e3o<\/a><\/li>\n\n\n\n<li><a href=\"#h-transicao-de-carreira-em-2026-como-mudar-de-area-aos-30-ou-40-anos-com-seguranca\" type=\"internal\" id=\"#h-transicao-de-carreira-em-2026-como-mudar-de-area-aos-30-ou-40-anos-com-seguranca\">Transi\u00e7\u00e3o de carreira em 2026: como mudar de \u00e1rea aos 30 ou 40 anos com seguran\u00e7a<\/a><\/li>\n\n\n\n<li><a href=\"#h-7-dicas-praticas-para-descobrir-sua-vocacao-e-nao-errar-na-escolha-do-curso\" type=\"internal\" id=\"#h-7-dicas-praticas-para-descobrir-sua-vocacao-e-nao-errar-na-escolha-do-curso\">7 Dicas pr\u00e1ticas para descobrir sua voca\u00e7\u00e3o e n\u00e3o errar na escolha do curso<\/a><\/li>\n\n\n\n<li><a href=\"#h-perguntas-frequentes-sobre-vocacao-e-escolha-profissional-faq\" type=\"internal\" id=\"#h-perguntas-frequentes-sobre-vocacao-e-escolha-profissional-faq\">Perguntas frequentes sobre voca\u00e7\u00e3o e escolha profissional&nbsp;<\/a><\/li>\n<\/ul>\n\n\n\n<h2 class=\"wp-block-heading\" id=\"h-o-que-e-vocacao-entenda-a-diferenca-entre-talento-proposito-e-carreira\"><strong>O que \u00e9 voca\u00e7\u00e3o? Entenda a diferen\u00e7a entre talento, prop\u00f3sito e carreira<\/strong><\/h2>\n\n\n\n<p>Para encontrar o seu caminho, o primeiro passo \u00e9 nomear as diferentes nuances relacionadas ao tema. Muitas vezes usamos esses termos como sin\u00f4nimos, mas eles t\u00eam pap\u00e9is bem diferentes na sua vida:<\/p>\n\n\n\n<ul class=\"wp-block-list\">\n<li><strong>Talento:<\/strong> \u00e9 a sua facilidade inata. \u00c9 aquilo que voc\u00ea faz bem quase sem esfor\u00e7o, como organizar dados, mediar conflitos ou desenhar;<\/li>\n\n\n\n<li><strong>Prop\u00f3sito:<\/strong> \u00e9 o seu &#8220;porqu\u00ea&#8221;. \u00c9 a motiva\u00e7\u00e3o interna que faz o seu trabalho ter sentido para al\u00e9m do sal\u00e1rio;<\/li>\n\n\n\n<li><strong>Carreira:<\/strong> \u00e9 a estrada que voc\u00ea percorre. Inclui seus cargos, diplomas e as empresas por onde passou.<\/li>\n<\/ul>\n\n\n\n<p>J\u00e1 a <strong>voca\u00e7\u00e3o<\/strong> \u00e9 o ponto de encontro. \u00c9 quando voc\u00ea usa seus <strong>talentos<\/strong> para servir a um <strong>prop\u00f3sito<\/strong> dentro de uma <strong>carreira<\/strong> que o mercado valoriza. A palavra vem derivada do latim <strong><em>vocare, <\/em><\/strong>que significa \u201cchamar\u201d ou \u201cato de chamar\u201d.&nbsp;<\/p>\n\n\n\n<p>Na sua ess\u00eancia central, representa um chamado interior, como aquilo que te chama a aten\u00e7\u00e3o e te faz sentir que ser\u00e1 feliz se seguir aquele destino, servi\u00e7o ou profiss\u00e3o.<\/p>\n\n\n\n<p><strong>Nota:<\/strong> A voca\u00e7\u00e3o n\u00e3o \u00e9 um destino est\u00e1tico. Em 2026, falamos muito em <strong>Multipotencialidade<\/strong>: a capacidade de adaptar sua voca\u00e7\u00e3o a diferentes profiss\u00f5es ao longo da vida.<\/p>\n\n\n\n<h2 class=\"wp-block-heading\" id=\"h-autoconhecimento-profissional-como-identificar-suas-soft-e-hard-skills\"><strong>Autoconhecimento profissional: como identificar suas Soft e Hard Skills<\/strong><\/h2>\n\n\n\n<p>Ningu\u00e9m escolhe uma profiss\u00e3o no escuro. Voc\u00ea precisa de um invent\u00e1rio do que j\u00e1 tem na mochila. No mercado atual, o equil\u00edbrio entre essas duas habilidades \u00e9 o que dita sua empregabilidade:<\/p>\n\n\n\n<ol class=\"wp-block-list\">\n<li><a href=\"https:\/\/faculdade.grancursosonline.com.br\/blog\/o-que-sao-hard-skills\/\" target=\"_blank\" rel=\"noopener\"><strong>Hard Skills<\/strong><\/a><strong> (Habilidades T\u00e9cnicas):<\/strong> s\u00e3o os conhecimentos que voc\u00ea adquire com estudo e pr\u00e1tica, como falar ingl\u00eas, programar em Python ou operar uma m\u00e1quina. S\u00e3o facilmente mensur\u00e1veis;<\/li>\n\n\n\n<li><a href=\"https:\/\/faculdade.grancursosonline.com.br\/blog\/soft-skills-do-futuro\/\" target=\"_blank\" rel=\"noopener\"><strong>Soft Skills<\/strong><\/a><strong> (Habilidades Comportamentais):<\/strong> s\u00e3o seus tra\u00e7os de personalidade e <a href=\"https:\/\/faculdade.grancursosonline.com.br\/blog\/inteligencia-emocional\/\" target=\"_blank\" rel=\"noopener\">intelig\u00eancia emocional<\/a>. Resili\u00eancia, comunica\u00e7\u00e3o assertiva e capacidade de lideran\u00e7a s\u00e3o exemplos.<\/li>\n<\/ol>\n\n\n\n<p>Para descobrir sua voca\u00e7\u00e3o, olhe para as suas <strong>Soft Skills<\/strong>. Elas costumam ser o indicativo mais forte de quais ambientes de trabalho (escrit\u00f3rio, campo, criativo, anal\u00edtico) combinam com voc\u00ea.<\/p>\n\n\n\n<h2 class=\"wp-block-heading\" id=\"h-metodologia-ikigai-o-equilibrio-entre-paixao-missao-profissao-e-vocacao\"><strong>Metodologia Ikigai: o equil\u00edbrio entre paix\u00e3o, miss\u00e3o, profiss\u00e3o e voca\u00e7\u00e3o<\/strong><\/h2>\n\n\n\n<p>O <strong>Ikigai<\/strong> \u00e9 um conceito japon\u00eas que significa &#8220;raz\u00e3o de viver&#8221;. Para aplic\u00e1-lo na carreira, imagine quatro c\u00edrculos que se cruzam:<\/p>\n\n\n\n<ul class=\"wp-block-list\">\n<li><strong>O que voc\u00ea ama fazer:<\/strong> seus hobbies e interesses;<\/li>\n\n\n\n<li><strong>O que voc\u00ea faz bem:<\/strong> suas aptid\u00f5es e facilidades;<\/li>\n\n\n\n<li><strong>O que o mundo precisa:<\/strong> as dores e demandas da sociedade hoje;<\/li>\n\n\n\n<li><strong>O que voc\u00ea pode ser pago para fazer:<\/strong> a realidade financeira do mercado.<\/li>\n<\/ul>\n\n\n\n<p>A sua voca\u00e7\u00e3o est\u00e1 no centro dessa intersec\u00e7\u00e3o. Se faltar um c\u00edrculo, o equil\u00edbrio quebra: voc\u00ea pode ter paix\u00e3o, mas n\u00e3o ter dinheiro, ou ter uma profiss\u00e3o rent\u00e1vel, mas se sentir vazio.<\/p>\n\n\n\n<h2 class=\"wp-block-heading\" id=\"h-teste-vocacional-e-de-personalidade-a-ciencia-por-tras-do-mbti-e-do-disc\"><strong>Teste vocacional e de personalidade: a ci\u00eancia por tr\u00e1s do MBTI e do DISC<\/strong><\/h2>\n\n\n\n<p>Embora nenhum teste deva ser usado como &#8220;senten\u00e7a&#8221;, eles s\u00e3o excelentes b\u00fassolas. As metodologias mais respeitadas em 2026 s\u00e3o:<\/p>\n\n\n\n<ul class=\"wp-block-list\">\n<li><strong>MBTI (Tipologia de Myers-Briggs):<\/strong> Divide as pessoas em 16 tipos de personalidade. Ele ajuda a entender como voc\u00ea processa informa\u00e7\u00f5es e toma decis\u00f5es;<\/li>\n\n\n\n<li><strong>DISC:<\/strong> Foca no comportamento. Ele identifica se voc\u00ea \u00e9 mais Dominante, Influente, Est\u00e1vel ou Conforme.<\/li>\n<\/ul>\n\n\n\n<p>Essas ferramentas ajudam a filtrar carreiras. Um perfil &#8220;Anal\u00edtico e Conforme&#8221; pode sofrer em uma \u00e1rea de vendas agressivas, mas brilhar em <strong>An\u00e1lise de Dados<\/strong> ou Contabilidade.<\/p>\n\n\n\n<p>Caso voc\u00ea seja estudante e queira entender qual \u00e1rea combina mais com o seu perfil, a Gran Faculdade disponibiliza um teste vocacional direcionado para quem quer come\u00e7ar uma faculdade, mas ainda n\u00e3o sabe o que fazer. Para fazer o teste, <a href=\"https:\/\/www.grancursosonline.com.br\/teste-vocacional\" target=\"_blank\" rel=\"noopener\">clique aqui<\/a>.<\/p>\n\n\n\n<h2 class=\"wp-block-heading\" id=\"h-inteligencias-multiplas-a-teoria-de-howard-gardner-aplicada-a-escolha-da-profissao\"><strong>Intelig\u00eancias M\u00faltiplas: a teoria de Howard Gardner aplicada \u00e0 escolha da profiss\u00e3o<\/strong><\/h2>\n\n\n\n<p>O psic\u00f3logo <strong>Howard Gardner<\/strong> revolucionou a educa\u00e7\u00e3o ao provar que a intelig\u00eancia n\u00e3o \u00e9 um bloco \u00fanico, mas um espectro. Para ele, o sucesso profissional acontece quando voc\u00ea alinha sua carreira \u00e0 sua intelig\u00eancia dominante. Ao se perguntar \u201c<strong>como descobrir minha voca\u00e7\u00e3o?<\/strong>\u201d confira os tipos e veja se isso faz sentido para voc\u00ea:<\/p>\n\n\n\n<figure class=\"wp-block-table\"><div class=\"container-tabela\"><table class=\"has-fixed-layout\"><tbody><tr><td><strong>Tipo de intelig\u00eancia<\/strong><\/td><td><strong>Caracter\u00edsticas principais&nbsp;<\/strong><\/td><td><strong>Profiss\u00f5es sugeridas&nbsp;<\/strong><\/td><\/tr><tr><td><strong>Lingu\u00edstica<\/strong><\/td><td>Facilidade com palavras, escrita, leitura e orat\u00f3ria.<\/td><td>Escritores, Jornalistas, Advogados, Tradutores.<\/td><\/tr><tr><td><strong>L\u00f3gico-Matem\u00e1tica<\/strong><\/td><td>Habilidade com racioc\u00ednio dedutivo, n\u00fameros e padr\u00f5es l\u00f3gicos.<\/td><td>Cientistas, Engenheiros, Programadores, Matem\u00e1ticos.<\/td><\/tr><tr><td><strong>Espacial<\/strong><\/td><td>Capacidade de visualizar e manipular objetos mentalmente e entender espa\u00e7os.<\/td><td>Arquitetos, Designers, Pilotos, Navegadores.<\/td><\/tr><tr><td><strong>Corporal-Cinest\u00e9sica<\/strong><\/td><td>Dom\u00ednio do movimento do corpo e coordena\u00e7\u00e3o motora fina.<\/td><td>Atletas, Cirurgi\u00f5es, Dan\u00e7arinos, Fisioterapeutas.<\/td><\/tr><tr><td><strong>Musical<\/strong><\/td><td>Sensibilidade a tons, ritmos, timbres e composi\u00e7\u00e3o.<\/td><td>M\u00fasicos, Produtores, Engenheiros de Som, DJs.<\/td><\/tr><tr><td><strong>Interpessoal<\/strong><\/td><td>Talento para entender as inten\u00e7\u00f5es, motiva\u00e7\u00f5es e desejos dos outros.<\/td><td>Gestores de RH, Professores, L\u00edderes, Psic\u00f3logos.<\/td><\/tr><tr><td><strong>Intrapessoal<\/strong><\/td><td>Profundo autoconhecimento e compreens\u00e3o das pr\u00f3prias emo\u00e7\u00f5es.<\/td><td>Fil\u00f3sofos, Escritores de autoajuda, Consultores, Te\u00f3logos.<\/td><\/tr><tr><td><strong>Naturalista<\/strong><\/td><td>Conex\u00e3o e compreens\u00e3o da natureza, fauna, flora e ecossistemas.<\/td><td>Bi\u00f3logos, Veterin\u00e1rios, Agr\u00f4nomos, Ge\u00f3logos.<\/td><\/tr><\/tbody><\/table><\/div><\/figure>\n\n\n\n<h3 class=\"wp-block-heading\" id=\"h-por-que-isso-importa-para-sua-vocacao\"><strong>Por que isso importa para sua voca\u00e7\u00e3o?<\/strong><\/h3>\n\n\n\n<p>Para a pergunta: \u201c<strong>Como descobrir minha voca\u00e7\u00e3o?<\/strong>\u201d Entender sua intelig\u00eancia dominante \u00e9 fundamental, \u00e9 como descobrir qual \u00e9 o &#8220;sistema operacional&#8221; do seu c\u00e9rebro.&nbsp;<\/p>\n\n\n\n<p>Se voc\u00ea tem uma intelig\u00eancia <strong>Interpessoal<\/strong> alta, mas trabalha o dia inteiro sozinho isolado em uma planilha (foco apenas na l\u00f3gica), as chances de voc\u00ea sofrer um <a href=\"https:\/\/faculdade.grancursosonline.com.br\/blog\/burnout\/\"><em>burnout<\/em><\/a> ou sentir insatisfa\u00e7\u00e3o s\u00e3o enormes.<\/p>\n\n\n\n<p><strong>Dica:<\/strong> Ningu\u00e9m tem apenas uma intelig\u00eancia. Geralmente, temos uma <strong>combina\u00e7\u00e3o de duas ou tr\u00eas<\/strong>. Um excelente cirurgi\u00e3o, por exemplo, une a intelig\u00eancia <strong>Corporal<\/strong> (precis\u00e3o nas m\u00e3os) com a <strong>L\u00f3gico-Matem\u00e1tica<\/strong> (an\u00e1lise cl\u00ednica).<\/p>\n\n\n\n<h2 class=\"wp-block-heading\" id=\"h-transicao-de-carreira-em-2026-como-mudar-de-area-aos-30-ou-40-anos-com-seguranca\"><strong>Transi\u00e7\u00e3o de carreira em 2026: como mudar de \u00e1rea aos 30 ou 40 anos com seguran\u00e7a<\/strong><\/h2>\n\n\n\n<p>Se voc\u00ea sente que escolheu a profiss\u00e3o errada no passado, n\u00e3o se desespere. Aos 30 ou 40 anos, voc\u00ea tem algo que um jovem de 17 ainda n\u00e3o tem: <strong>bagagem<\/strong>.<\/p>\n\n\n\n<p>A chave para uma transi\u00e7\u00e3o segura \u00e9 o <strong>Reskilling<\/strong> (requalifica\u00e7\u00e3o). Em 2026, as empresas valorizam profissionais &#8220;h\u00edbridos&#8221;, como um advogado que entende de tecnologia ou um administrador que migra para o marketing.&nbsp;<\/p>\n\n\n\n<p>Planeje sua reserva financeira, identifique suas compet\u00eancias transfer\u00edveis e comece com cursos r\u00e1pidos (extens\u00e3o) antes de mergulhar em uma nova gradua\u00e7\u00e3o.<\/p>\n\n\n\n<h2 class=\"wp-block-heading\" id=\"h-7-dicas-praticas-para-descobrir-sua-vocacao-e-nao-errar-na-escolha-do-curso\"><strong>7 Dicas pr\u00e1ticas para descobrir sua voca\u00e7\u00e3o e n\u00e3o errar na escolha do curso<\/strong><\/h2>\n\n\n\n<p>Para fechar, coloque a m\u00e3o na massa com estas estrat\u00e9gias:<\/p>\n\n\n\n<ol class=\"wp-block-list\">\n<li><strong>Fa\u00e7a um &#8220;dia de sombra&#8221;:<\/strong> acompanhe a rotina real de um profissional da \u00e1rea por um dia. A vida real \u00e9 bem diferente do que mostram os filmes;<\/li>\n\n\n\n<li><strong>Mapeie seus hobbies:<\/strong> o que voc\u00ea faz de gra\u00e7a nas horas vagas? \u00c0s vezes, o seu &#8220;fluxo&#8221; est\u00e1 escondido em uma atividade que voc\u00ea nem considera trabalho;<\/li>\n\n\n\n<li><strong>Analise o mercado de trabalho:<\/strong> n\u00e3o olhe apenas para o sal\u00e1rio de hoje. Veja quais profiss\u00f5es s\u00e3o resilientes \u00e0 automa\u00e7\u00e3o e IA;<\/li>\n\n\n\n<li><strong>Fa\u00e7a uma Matriz SWOT Pessoal:<\/strong> liste suas For\u00e7as, Fraquezas, Oportunidades e Amea\u00e7as em rela\u00e7\u00e3o \u00e0 carreira desejada;<\/li>\n\n\n\n<li><strong>Entreviste veteranos:<\/strong> pergunte o que eles menos gostam na profiss\u00e3o. Se voc\u00ea conseguir lidar com o lado ruim da \u00e1rea, ela pode ser sua voca\u00e7\u00e3o;<\/li>\n\n\n\n<li><strong>Teste antes de investir:<\/strong> fa\u00e7a um curso online gratuito de introdu\u00e7\u00e3o ao tema antes de se matricular em uma faculdade de 4 anos;<\/li>\n\n\n\n<li><strong>Busque orienta\u00e7\u00e3o profissional:<\/strong> um psic\u00f3logo especializado pode acelerar processos que voc\u00ea levaria anos para descobrir sozinho.<\/li>\n<\/ol>\n\n\n\n<h2 class=\"wp-block-heading\" id=\"h-perguntas-frequentes-sobre-vocacao-e-escolha-profissional-faq\"><strong>Perguntas frequentes sobre voca\u00e7\u00e3o e escolha profissional (FAQ)<\/strong><\/h2>\n\n\n\n<h3 class=\"wp-block-heading\" id=\"h-1-o-que-e-vocacao-e-como-ela-difere-de-carreira\"><strong>1. O que \u00e9 voca\u00e7\u00e3o e como ela difere de carreira?<\/strong><\/h3>\n\n\n\n<p>A voca\u00e7\u00e3o \u00e9 a sua inclina\u00e7\u00e3o natural e o sentido que voc\u00ea d\u00e1 ao que faz, enquanto a carreira \u00e9 a trajet\u00f3ria pr\u00e1tica, composta pelos cargos e empresas por onde voc\u00ea passa. A carreira foca no &#8220;como&#8221; e &#8220;onde&#8221;, enquanto a voca\u00e7\u00e3o foca no seu &#8220;porqu\u00ea&#8221;.<\/p>\n\n\n\n<h3 class=\"wp-block-heading\" id=\"h-2-quais-sao-os-melhores-testes-de-vocacao-gratuitos-e-confiaveis\"><strong>2. Quais s\u00e3o os melhores testes de voca\u00e7\u00e3o gratuitos e confi\u00e1veis?<\/strong><\/h3>\n\n\n\n<p>Existem ferramentas excelentes como o MBTI (que foca em tipos de personalidade) e o teste de \u00c2ncoras de Carreira de Schein. Eles n\u00e3o d\u00e3o uma resposta pronta, mas ajudam a identificar perfis que combinam com voc\u00ea.<\/p>\n\n\n\n<h3 class=\"wp-block-heading\" id=\"h-3-como-saber-se-o-que-sinto-e-vocacao-ou-apenas-um-hobby\"><strong>3. Como saber se o que sinto \u00e9 voca\u00e7\u00e3o ou apenas um hobby?<\/strong><\/h3>\n\n\n\n<p>A voca\u00e7\u00e3o geralmente resiste aos dias dif\u00edceis e \u00e0 rotina t\u00e9cnica. Se voc\u00ea sente disposi\u00e7\u00e3o para estudar a fundo, se profissionalizar e enfrentar os desafios pr\u00e1ticos de uma \u00e1rea para monetiz\u00e1-la, \u00e9 um forte ind\u00edcio de voca\u00e7\u00e3o.<\/p>\n\n\n\n<h3 class=\"wp-block-heading\" id=\"h-4-e-possivel-ter-mais-de-uma-vocacao-ao-longo-da-vida\"><strong>4. \u00c9 poss\u00edvel ter mais de uma voca\u00e7\u00e3o ao longo da vida?<\/strong><\/h3>\n\n\n\n<p>Sim! Hoje falamos muito em <strong>Multipotencialidade<\/strong>. Seus talentos naturais podem ser aplicados em diferentes \u00e1reas conforme o mercado evolui e voc\u00ea amadurece. A voca\u00e7\u00e3o pode se transformar junto com voc\u00ea.<\/p>\n\n\n\n<h3 class=\"wp-block-heading\" id=\"h-5-qual-o-papel-da-orientacao-profissional-nesse-processo\"><strong>5. Qual o papel da orienta\u00e7\u00e3o profissional nesse processo?<\/strong><\/h3>\n\n\n\n<p>Diferente de um teste online gen\u00e9rico, o orientador ajuda a alinhar seus desejos com o seu estilo de vida e as compet\u00eancias que voc\u00ea j\u00e1 possui, filtrando as op\u00e7\u00f5es de forma personalizada.<\/p>\n\n\n\n<h3 class=\"wp-block-heading\" id=\"h-6-como-lidar-com-a-pressao-externa-na-hora-de-escolher-a-carreira\"><strong>6. Como lidar com a press\u00e3o externa na hora de escolher a carreira?<\/strong><\/h3>\n\n\n\n<p>O segredo \u00e9 separar as expectativas dos outros das suas pr\u00f3prias aptid\u00f5es. O autoconhecimento \u00e9 a sua maior defesa: quando voc\u00ea entende seus valores, fica mais f\u00e1cil comunicar suas escolhas com seguran\u00e7a.<\/p>\n\n\n\n<p><strong>Lembre-se: a busca pela voca\u00e7\u00e3o \u00e9 uma jornada de descobertas, n\u00e3o uma corrida contra o tempo.<\/strong><\/p>\n\n\n\n<h2 class=\"wp-block-heading\" id=\"h-vem-pra-gran-faculdade\">Vem pra Gran Faculdade!<\/h2>\n\n\n\n<p>A Gran Faculdade vem mudando a vida de milhares de pessoas por meio de cursos \u00e0 dist\u00e2ncia de <a href=\"https:\/\/faculdade.grancursosonline.com.br\/\" target=\"_blank\" rel=\"noreferrer noopener\">gradua\u00e7\u00e3o<\/a>, <a href=\"https:\/\/pos.grancursosonline.com.br\/\" target=\"_blank\" rel=\"noreferrer noopener\">p\u00f3s-gradua\u00e7\u00e3o<\/a> e <a href=\"https:\/\/pos.grancursosonline.com.br\/mba\" target=\"_blank\" rel=\"noreferrer noopener\">MBA<\/a>. Seja no digital ou em nosso <a href=\"https:\/\/presencial.grancursosonline.com.br\/\" target=\"_blank\" rel=\"noreferrer noopener\">Campus Presencial em Curitiba<\/a>, a nossa miss\u00e3o \u00e9 transformar a educa\u00e7\u00e3o superior.<\/p>\n\n\n\n<p>Como parte de Sistema Gran de Ensino, que \u00e9 reconhecido como marca aprovadora h\u00e1 mais de 10 anos, constru\u00edmos uma renomada reputa\u00e7\u00e3o na \u00e1rea de educa\u00e7\u00e3o.<\/p>\n\n\n\n<p>Veja algumas de nossas conquistas:<\/p>\n\n\n\n<ul class=\"wp-block-list\">\n<li>Reconhecido pela Amazon como um dos projetos mais relevantes do mundo na \u00e1rea de Tecnologia e Educa\u00e7\u00e3o;<\/li>\n\n\n\n<li>Foi eleito pelo Project Management Institute (PMI), um dos 50 Projetos Mais Influentes do mundo;<\/li>\n\n\n\n<li>Somos o site de educa\u00e7\u00e3o mais acessado do Brasil;<\/li>\n\n\n\n<li>Somos avaliados com a nota m\u00e1xima pelo MEC;<\/li>\n\n\n\n<li>Aqui o semestre come\u00e7a quando quiser: entrada imediata e cont\u00ednua!<\/li>\n\n\n\n<li>Melhores pre\u00e7os do mercado;<\/li>\n\n\n\n<li>Mais de 800 mil alunos pagantes e mais de 1000 funcion\u00e1rios;<\/li>\n\n\n\n<li>Diversas ferramentas de estudo: PDFs, audiobooks, mapas mentais, videoaulas, quest\u00f5es, gerenciador de estudos e muito mais!<\/li>\n\n\n\n<li>Professores experientes e capacitados;<\/li>\n\n\n\n<li>Acesso imediato e 100% online.<\/li>\n<\/ul>\n\n\n\n<p class=\"has-text-align-center has-text-align-center\"><strong><a href=\"https:\/\/faculdade.grancursosonline.com.br\/\">Quero ser aluno da Gran Faculdade<\/a><\/strong><\/p>\n\n\n\n<div class=\"wp-block-group has-background\" style=\"background-color:#8dd2fc7a\"><div class=\"wp-block-group__inner-container is-layout-constrained wp-block-group-is-layout-constrained\">\n<p><strong>Outras not\u00edcias em destaque:<\/strong><\/p>\n\n\n\n<ul class=\"wp-block-list\">\n<li><a href=\"https:\/\/faculdade.grancursosonline.com.br\/blog\/carreira-sustentavel\/\" target=\"_blank\" rel=\"noopener\">Carreira sustent\u00e1vel: saiba o que fazer para crescer sem burnout e com prop\u00f3sito<\/a><\/li>\n\n\n\n<li><a href=\"https:\/\/faculdade.grancursosonline.com.br\/blog\/cursos-com-maior-empregabilidade-no-futuro\/\" target=\"_blank\" rel=\"noopener\">Como escolher cursos com maior empregabilidade no futuro?<\/a><\/li>\n\n\n\n<li><a href=\"https:\/\/faculdade.grancursosonline.com.br\/blog\/estudo-ativo\/\" target=\"_blank\" rel=\"noopener\">Estudo ativo: entenda o que \u00e9 e como aplicar na sua rotina<\/a><\/li>\n<\/ul>\n<\/div><\/div>\n\n\n\n<div class=\"wp-block-group\"><div class=\"wp-block-group__inner-container is-layout-constrained wp-block-group-is-layout-constrained\">\n<div class=\"wp-block-group\"><div class=\"wp-block-group__inner-container is-layout-constrained wp-block-group-is-layout-constrained\">\n<section style=\"text-align: center;\">\n<p>Quer ficar por dentro da Faculdade Digital mais inovadora do Brasil?<\/p>\n<nav>\n<p class=\"has-background has-dark-bluish-background-color\" style=\"font-size: 25px; text-align: center; background: #f0f0f0; color: #ffffff; padding: 4px 0px 4xp 0px;\"><a style=\"color: #0d134c; text-decoration: underline;\" href=\"https:\/\/faculdade.grancursosonline.com.br\/\" target=\"_blank\" rel=\"noopener\">GRADUA\u00c7\u00c3O<\/a><\/p>\n<p class=\"has-background has-dark-bluish-background-color\" style=\"font-size: 25px; text-align: center; background: #f0f0f0; color: #ffffff; padding: 4px 0px 4xp 0px;\"><a style=\"color: #0d134c; text-decoration: underline;\" href=\"https:\/\/pos.grancursosonline.com.br\/\" target=\"_blank\" rel=\"noopener\">P\u00d3S-GRADUA\u00c7\u00c3O<\/a><\/p>\n<p class=\"has-background has-dark-bluish-background-color\" style=\"font-size: 25px; text-align: center; background: #f0f0f0; color: #ffffff; padding: 4px 0px 4xp 0px;\"><a style=\"color: #0d134c; text-decoration: underline;\" href=\"https:\/\/faculdade.grancursosonline.com.br\/nossos-cursos\/\" target=\"_blank\" rel=\"noopener\">TUDO SOBRE A GRAN FACULDADE<\/a><\/p>\n<\/nav>\n<p><strong>Receba <span style=\"color: #cf1e25;\">gratuitamente<\/span> no seu celular as principais not\u00edcias sobre a Gran Faculdade! <br \/>Clique no link abaixo e inscreva-se:<\/strong><\/p>\n<p class=\"has-background has-dark-bluish-background-color\" style=\"font-size: 25px; text-align: center; background: #f0f0f0; color: #ffffff; padding: 4px 0px 4xp 0px;\"><a style=\"color: #0d134c; text-decoration: underline;\" href=\"https:\/\/whatsapp.com\/channel\/0029VaG1sChI7Be7PNndhL43\" target=\"_blank\" rel=\"noopener noreferrer\">WHATSAPP<\/a><\/p>\n<p class=\"has-background has-dark-bluish-background-color\" style=\"font-size: 25px; text-align: center; background: #f0f0f0; color: #ffffff; padding: 4px 0px 4xp 0px;\"><a style=\"color: #0d134c; text-decoration: underline;\" href=\"https:\/\/t.me\/GranFaculdade\" target=\"_blank\" rel=\"noopener noreferrer\">TELEGRAM<\/a><\/p>\n<\/section>\n<\/div><\/div>\n<\/div><\/div>\n","protected":false},"excerpt":{"rendered":"<p>Descobrir o que realmente queremos fazer da vida pode parecer um desafio imenso, mas \u00e9, acima de tudo, um processo de autoconhecimento. Atualmente, em um cen\u00e1rio de mudan\u00e7as t\u00e3o r\u00e1pidas, essa busca pede uma boa dose de reflex\u00e3o e ferramentas estrat\u00e9gicas.&nbsp; Seja voc\u00ea um estudante ou algu\u00e9m buscando novos horizontes aos 30 ou 40 anos,&hellip;<\/p>\n","protected":false},"author":514,"featured_media":79764656,"comment_status":"open","ping_status":"open","sticky":false,"template":"","format":"standard","meta":{"_acf_changed":false,"content-type":"","footnotes":""},"categories":[218669,2],"tags":[],"class_list":["post-79764655","post","type-post","status-publish","format-standard","has-post-thumbnail","hentry","category-empregabilidade","category-ultimas-noticias"],"acf":[],"yoast_head":"<!-- This site is optimized with the Yoast SEO Premium plugin v27.2 (Yoast SEO v27.2) - https:\/\/yoast.com\/product\/yoast-seo-premium-wordpress\/ -->\n<title>Como descobrir minha voca\u00e7\u00e3o? Confira 7 dicas \u00fateis<\/title>\n<meta name=\"description\" content=\"Descubra sua verdadeira voca\u00e7\u00e3o profissional. Saiba como fazer uma transi\u00e7\u00e3o de carreira segura e escolha o curso certo\" \/>\n<meta name=\"robots\" content=\"index, follow, max-snippet:-1, max-image-preview:large, max-video-preview:-1\" \/>\n<link rel=\"canonical\" href=\"https:\/\/faculdade.grancursosonline.com.br\/blog\/como-descobrir-minha-vocacao\/\" \/>\n<meta property=\"og:locale\" content=\"pt_BR\" \/>\n<meta property=\"og:type\" content=\"article\" \/>\n<meta property=\"og:title\" content=\"Como descobrir minha voca\u00e7\u00e3o? Confira 7 dicas \u00fateis\" \/>\n<meta property=\"og:description\" content=\"Descubra sua verdadeira voca\u00e7\u00e3o profissional. Saiba como fazer uma transi\u00e7\u00e3o de carreira segura e escolha o curso certo\" \/>\n<meta property=\"og:url\" content=\"https:\/\/faculdade.grancursosonline.com.br\/blog\/como-descobrir-minha-vocacao\/\" \/>\n<meta property=\"og:site_name\" content=\"Blog Gran Faculdade\" \/>\n<meta property=\"article:publisher\" content=\"https:\/\/www.facebook.com\/grancursosonline\/\" \/>\n<meta property=\"article:published_time\" content=\"2026-04-29T19:46:41+00:00\" \/>\n<meta property=\"article:modified_time\" content=\"2026-04-29T19:52:16+00:00\" \/>\n<meta property=\"og:image\" content=\"https:\/\/blog-es-static.infra.grancursosonline.com.br\/wp-content\/uploads\/2026\/04\/29164454\/1-Facebook_1200x630-copia-3-5.jpg\" \/>\n\t<meta property=\"og:image:width\" content=\"1200\" \/>\n\t<meta property=\"og:image:height\" content=\"630\" \/>\n\t<meta property=\"og:image:type\" content=\"image\/jpeg\" \/>\n<meta name=\"author\" content=\"Guilherme Henrique\" \/>\n<meta name=\"twitter:card\" content=\"summary_large_image\" \/>\n<meta name=\"twitter:creator\" content=\"@gran_online\" \/>\n<meta name=\"twitter:site\" content=\"@gran_online\" \/>\n<meta name=\"twitter:label1\" content=\"Written by\" \/>\n\t<meta name=\"twitter:data1\" content=\"Guilherme Henrique\" \/>\n\t<meta name=\"twitter:label2\" content=\"Est. reading time\" \/>\n\t<meta name=\"twitter:data2\" content=\"11 minutos\" \/>\n<script type=\"application\/ld+json\" class=\"yoast-schema-graph\">{\"@context\":\"https:\/\/schema.org\",\"@graph\":[{\"@type\":\"NewsArticle\",\"@id\":\"https:\/\/faculdade.grancursosonline.com.br\/blog\/como-descobrir-minha-vocacao\/#article\",\"isPartOf\":{\"@id\":\"https:\/\/faculdade.grancursosonline.com.br\/blog\/como-descobrir-minha-vocacao\/\"},\"author\":{\"name\":\"Guilherme Henrique\",\"@id\":\"https:\/\/faculdade.grancursosonline.com.br\/blog\/#\/schema\/person\/9745f9b6db8976613c1f439dbcfe717d\"},\"headline\":\"Como descobrir minha voca\u00e7\u00e3o? Confira 7 dicas \u00fateis\",\"datePublished\":\"2026-04-29T19:46:41+00:00\",\"dateModified\":\"2026-04-29T19:52:16+00:00\",\"mainEntityOfPage\":{\"@id\":\"https:\/\/faculdade.grancursosonline.com.br\/blog\/como-descobrir-minha-vocacao\/\"},\"wordCount\":1883,\"commentCount\":0,\"publisher\":{\"@id\":\"https:\/\/faculdade.grancursosonline.com.br\/blog\/#organization\"},\"image\":{\"@id\":\"https:\/\/faculdade.grancursosonline.com.br\/blog\/como-descobrir-minha-vocacao\/#primaryimage\"},\"thumbnailUrl\":\"https:\/\/blog-es-static.infra.grancursosonline.com.br\/wp-content\/uploads\/2026\/04\/29164454\/1-Facebook_1200x630-copia-3-5.jpg\",\"articleSection\":[\"Empregabilidade\",\"\u00daltimas Not\u00edcias\"],\"inLanguage\":\"pt-BR\",\"potentialAction\":[{\"@type\":\"CommentAction\",\"name\":\"Comment\",\"target\":[\"https:\/\/faculdade.grancursosonline.com.br\/blog\/como-descobrir-minha-vocacao\/#respond\"]}],\"copyrightYear\":\"2026\",\"copyrightHolder\":{\"@id\":\"https:\/\/faculdade.grancursosonline.com.br\/blog\/#organization\"}},{\"@type\":\"WebPage\",\"@id\":\"https:\/\/faculdade.grancursosonline.com.br\/blog\/como-descobrir-minha-vocacao\/\",\"url\":\"https:\/\/faculdade.grancursosonline.com.br\/blog\/como-descobrir-minha-vocacao\/\",\"name\":\"Como descobrir minha voca\u00e7\u00e3o? Confira 7 dicas \u00fateis\",\"isPartOf\":{\"@id\":\"https:\/\/faculdade.grancursosonline.com.br\/blog\/#website\"},\"primaryImageOfPage\":{\"@id\":\"https:\/\/faculdade.grancursosonline.com.br\/blog\/como-descobrir-minha-vocacao\/#primaryimage\"},\"image\":{\"@id\":\"https:\/\/faculdade.grancursosonline.com.br\/blog\/como-descobrir-minha-vocacao\/#primaryimage\"},\"thumbnailUrl\":\"https:\/\/blog-es-static.infra.grancursosonline.com.br\/wp-content\/uploads\/2026\/04\/29164454\/1-Facebook_1200x630-copia-3-5.jpg\",\"datePublished\":\"2026-04-29T19:46:41+00:00\",\"dateModified\":\"2026-04-29T19:52:16+00:00\",\"description\":\"Descubra sua verdadeira voca\u00e7\u00e3o profissional. Saiba como fazer uma transi\u00e7\u00e3o de carreira segura e escolha o curso certo\",\"breadcrumb\":{\"@id\":\"https:\/\/faculdade.grancursosonline.com.br\/blog\/como-descobrir-minha-vocacao\/#breadcrumb\"},\"inLanguage\":\"pt-BR\",\"potentialAction\":[{\"@type\":\"ReadAction\",\"target\":[\"https:\/\/faculdade.grancursosonline.com.br\/blog\/como-descobrir-minha-vocacao\/\"]}]},{\"@type\":\"ImageObject\",\"inLanguage\":\"pt-BR\",\"@id\":\"https:\/\/faculdade.grancursosonline.com.br\/blog\/como-descobrir-minha-vocacao\/#primaryimage\",\"url\":\"https:\/\/blog-es-static.infra.grancursosonline.com.br\/wp-content\/uploads\/2026\/04\/29164454\/1-Facebook_1200x630-copia-3-5.jpg\",\"contentUrl\":\"https:\/\/blog-es-static.infra.grancursosonline.com.br\/wp-content\/uploads\/2026\/04\/29164454\/1-Facebook_1200x630-copia-3-5.jpg\",\"width\":1200,\"height\":630},{\"@type\":\"BreadcrumbList\",\"@id\":\"https:\/\/faculdade.grancursosonline.com.br\/blog\/como-descobrir-minha-vocacao\/#breadcrumb\",\"itemListElement\":[{\"@type\":\"ListItem\",\"position\":1,\"name\":\"In\u00edcio\",\"item\":\"https:\/\/faculdade.grancursosonline.com.br\/blog\/\"},{\"@type\":\"ListItem\",\"position\":2,\"name\":\"Empregabilidade\",\"item\":\"https:\/\/faculdade.grancursosonline.com.br\/blog\/categoria\/empregabilidade\/\"},{\"@type\":\"ListItem\",\"position\":3,\"name\":\"Como descobrir minha voca\u00e7\u00e3o? Confira 7 dicas \u00fateis\"}]},{\"@type\":\"WebSite\",\"@id\":\"https:\/\/faculdade.grancursosonline.com.br\/blog\/#website\",\"url\":\"https:\/\/faculdade.grancursosonline.com.br\/blog\/\",\"name\":\"Blog Gran Faculdade\",\"description\":\"Tudo sobre ensino superior, p\u00f3s-gradua\u00e7\u00e3o, enem e carreira.\",\"publisher\":{\"@id\":\"https:\/\/faculdade.grancursosonline.com.br\/blog\/#organization\"},\"potentialAction\":[{\"@type\":\"SearchAction\",\"target\":{\"@type\":\"EntryPoint\",\"urlTemplate\":\"https:\/\/faculdade.grancursosonline.com.br\/blog\/?s={search_term_string}\"},\"query-input\":{\"@type\":\"PropertyValueSpecification\",\"valueRequired\":true,\"valueName\":\"search_term_string\"}}],\"inLanguage\":\"pt-BR\"},{\"@type\":\"Organization\",\"@id\":\"https:\/\/faculdade.grancursosonline.com.br\/blog\/#organization\",\"name\":\"Gran Cursos Online\",\"url\":\"https:\/\/faculdade.grancursosonline.com.br\/blog\/\",\"logo\":{\"@type\":\"ImageObject\",\"inLanguage\":\"pt-BR\",\"@id\":\"https:\/\/faculdade.grancursosonline.com.br\/blog\/#\/schema\/logo\/image\/\",\"url\":\"https:\/\/blog-es-static.infra.grancursosonline.com.br\/wp-content\/uploads\/2019\/08\/03123934\/logo.png\",\"contentUrl\":\"https:\/\/blog-es-static.infra.grancursosonline.com.br\/wp-content\/uploads\/2019\/08\/03123934\/logo.png\",\"width\":300,\"height\":57,\"caption\":\"Gran Cursos Online\"},\"image\":{\"@id\":\"https:\/\/faculdade.grancursosonline.com.br\/blog\/#\/schema\/logo\/image\/\"},\"sameAs\":[\"https:\/\/www.facebook.com\/grancursosonline\/\",\"https:\/\/x.com\/gran_online\",\"https:\/\/www.instagram.com\/grancursosonline\/\",\"https:\/\/www.youtube.com\/user\/grancursostv\"]},{\"@type\":\"Person\",\"@id\":\"https:\/\/faculdade.grancursosonline.com.br\/blog\/#\/schema\/person\/9745f9b6db8976613c1f439dbcfe717d\",\"name\":\"Guilherme Henrique\",\"url\":\"https:\/\/faculdade.grancursosonline.com.br\/blog\/author\/guilherme-lourenco\/\"}]}<\/script>\n<!-- \/ Yoast SEO Premium plugin. -->","yoast_head_json":{"title":"Como descobrir minha voca\u00e7\u00e3o? Confira 7 dicas \u00fateis","description":"Descubra sua verdadeira voca\u00e7\u00e3o profissional. Saiba como fazer uma transi\u00e7\u00e3o de carreira segura e escolha o curso certo","robots":{"index":"index","follow":"follow","max-snippet":"max-snippet:-1","max-image-preview":"max-image-preview:large","max-video-preview":"max-video-preview:-1"},"canonical":"https:\/\/faculdade.grancursosonline.com.br\/blog\/como-descobrir-minha-vocacao\/","og_locale":"pt_BR","og_type":"article","og_title":"Como descobrir minha voca\u00e7\u00e3o? Confira 7 dicas \u00fateis","og_description":"Descubra sua verdadeira voca\u00e7\u00e3o profissional. Saiba como fazer uma transi\u00e7\u00e3o de carreira segura e escolha o curso certo","og_url":"https:\/\/faculdade.grancursosonline.com.br\/blog\/como-descobrir-minha-vocacao\/","og_site_name":"Blog Gran Faculdade","article_publisher":"https:\/\/www.facebook.com\/grancursosonline\/","article_published_time":"2026-04-29T19:46:41+00:00","article_modified_time":"2026-04-29T19:52:16+00:00","og_image":[{"width":1200,"height":630,"url":"https:\/\/blog-es-static.infra.grancursosonline.com.br\/wp-content\/uploads\/2026\/04\/29164454\/1-Facebook_1200x630-copia-3-5.jpg","type":"image\/jpeg"}],"author":"Guilherme Henrique","twitter_card":"summary_large_image","twitter_creator":"@gran_online","twitter_site":"@gran_online","twitter_misc":{"Written by":"Guilherme Henrique","Est. reading time":"11 minutos"},"schema":{"@context":"https:\/\/schema.org","@graph":[{"@type":"NewsArticle","@id":"https:\/\/faculdade.grancursosonline.com.br\/blog\/como-descobrir-minha-vocacao\/#article","isPartOf":{"@id":"https:\/\/faculdade.grancursosonline.com.br\/blog\/como-descobrir-minha-vocacao\/"},"author":{"name":"Guilherme Henrique","@id":"https:\/\/faculdade.grancursosonline.com.br\/blog\/#\/schema\/person\/9745f9b6db8976613c1f439dbcfe717d"},"headline":"Como descobrir minha voca\u00e7\u00e3o? Confira 7 dicas \u00fateis","datePublished":"2026-04-29T19:46:41+00:00","dateModified":"2026-04-29T19:52:16+00:00","mainEntityOfPage":{"@id":"https:\/\/faculdade.grancursosonline.com.br\/blog\/como-descobrir-minha-vocacao\/"},"wordCount":1883,"commentCount":0,"publisher":{"@id":"https:\/\/faculdade.grancursosonline.com.br\/blog\/#organization"},"image":{"@id":"https:\/\/faculdade.grancursosonline.com.br\/blog\/como-descobrir-minha-vocacao\/#primaryimage"},"thumbnailUrl":"https:\/\/blog-es-static.infra.grancursosonline.com.br\/wp-content\/uploads\/2026\/04\/29164454\/1-Facebook_1200x630-copia-3-5.jpg","articleSection":["Empregabilidade","\u00daltimas Not\u00edcias"],"inLanguage":"pt-BR","potentialAction":[{"@type":"CommentAction","name":"Comment","target":["https:\/\/faculdade.grancursosonline.com.br\/blog\/como-descobrir-minha-vocacao\/#respond"]}],"copyrightYear":"2026","copyrightHolder":{"@id":"https:\/\/faculdade.grancursosonline.com.br\/blog\/#organization"}},{"@type":"WebPage","@id":"https:\/\/faculdade.grancursosonline.com.br\/blog\/como-descobrir-minha-vocacao\/","url":"https:\/\/faculdade.grancursosonline.com.br\/blog\/como-descobrir-minha-vocacao\/","name":"Como descobrir minha voca\u00e7\u00e3o? Confira 7 dicas \u00fateis","isPartOf":{"@id":"https:\/\/faculdade.grancursosonline.com.br\/blog\/#website"},"primaryImageOfPage":{"@id":"https:\/\/faculdade.grancursosonline.com.br\/blog\/como-descobrir-minha-vocacao\/#primaryimage"},"image":{"@id":"https:\/\/faculdade.grancursosonline.com.br\/blog\/como-descobrir-minha-vocacao\/#primaryimage"},"thumbnailUrl":"https:\/\/blog-es-static.infra.grancursosonline.com.br\/wp-content\/uploads\/2026\/04\/29164454\/1-Facebook_1200x630-copia-3-5.jpg","datePublished":"2026-04-29T19:46:41+00:00","dateModified":"2026-04-29T19:52:16+00:00","description":"Descubra sua verdadeira voca\u00e7\u00e3o profissional. Saiba como fazer uma transi\u00e7\u00e3o de carreira segura e escolha o curso certo","breadcrumb":{"@id":"https:\/\/faculdade.grancursosonline.com.br\/blog\/como-descobrir-minha-vocacao\/#breadcrumb"},"inLanguage":"pt-BR","potentialAction":[{"@type":"ReadAction","target":["https:\/\/faculdade.grancursosonline.com.br\/blog\/como-descobrir-minha-vocacao\/"]}]},{"@type":"ImageObject","inLanguage":"pt-BR","@id":"https:\/\/faculdade.grancursosonline.com.br\/blog\/como-descobrir-minha-vocacao\/#primaryimage","url":"https:\/\/blog-es-static.infra.grancursosonline.com.br\/wp-content\/uploads\/2026\/04\/29164454\/1-Facebook_1200x630-copia-3-5.jpg","contentUrl":"https:\/\/blog-es-static.infra.grancursosonline.com.br\/wp-content\/uploads\/2026\/04\/29164454\/1-Facebook_1200x630-copia-3-5.jpg","width":1200,"height":630},{"@type":"BreadcrumbList","@id":"https:\/\/faculdade.grancursosonline.com.br\/blog\/como-descobrir-minha-vocacao\/#breadcrumb","itemListElement":[{"@type":"ListItem","position":1,"name":"In\u00edcio","item":"https:\/\/faculdade.grancursosonline.com.br\/blog\/"},{"@type":"ListItem","position":2,"name":"Empregabilidade","item":"https:\/\/faculdade.grancursosonline.com.br\/blog\/categoria\/empregabilidade\/"},{"@type":"ListItem","position":3,"name":"Como descobrir minha voca\u00e7\u00e3o? Confira 7 dicas \u00fateis"}]},{"@type":"WebSite","@id":"https:\/\/faculdade.grancursosonline.com.br\/blog\/#website","url":"https:\/\/faculdade.grancursosonline.com.br\/blog\/","name":"Blog Gran Faculdade","description":"Tudo sobre ensino superior, p\u00f3s-gradua\u00e7\u00e3o, enem e carreira.","publisher":{"@id":"https:\/\/faculdade.grancursosonline.com.br\/blog\/#organization"},"potentialAction":[{"@type":"SearchAction","target":{"@type":"EntryPoint","urlTemplate":"https:\/\/faculdade.grancursosonline.com.br\/blog\/?s={search_term_string}"},"query-input":{"@type":"PropertyValueSpecification","valueRequired":true,"valueName":"search_term_string"}}],"inLanguage":"pt-BR"},{"@type":"Organization","@id":"https:\/\/faculdade.grancursosonline.com.br\/blog\/#organization","name":"Gran Cursos Online","url":"https:\/\/faculdade.grancursosonline.com.br\/blog\/","logo":{"@type":"ImageObject","inLanguage":"pt-BR","@id":"https:\/\/faculdade.grancursosonline.com.br\/blog\/#\/schema\/logo\/image\/","url":"https:\/\/blog-es-static.infra.grancursosonline.com.br\/wp-content\/uploads\/2019\/08\/03123934\/logo.png","contentUrl":"https:\/\/blog-es-static.infra.grancursosonline.com.br\/wp-content\/uploads\/2019\/08\/03123934\/logo.png","width":300,"height":57,"caption":"Gran Cursos Online"},"image":{"@id":"https:\/\/faculdade.grancursosonline.com.br\/blog\/#\/schema\/logo\/image\/"},"sameAs":["https:\/\/www.facebook.com\/grancursosonline\/","https:\/\/x.com\/gran_online","https:\/\/www.instagram.com\/grancursosonline\/","https:\/\/www.youtube.com\/user\/grancursostv"]},{"@type":"Person","@id":"https:\/\/faculdade.grancursosonline.com.br\/blog\/#\/schema\/person\/9745f9b6db8976613c1f439dbcfe717d","name":"Guilherme Henrique","url":"https:\/\/faculdade.grancursosonline.com.br\/blog\/author\/guilherme-lourenco\/"}]}},"_links":{"self":[{"href":"https:\/\/faculdade.grancursosonline.com.br\/blog\/wp-json\/wp\/v2\/posts\/79764655","targetHints":{"allow":["GET"]}}],"collection":[{"href":"https:\/\/faculdade.grancursosonline.com.br\/blog\/wp-json\/wp\/v2\/posts"}],"about":[{"href":"https:\/\/faculdade.grancursosonline.com.br\/blog\/wp-json\/wp\/v2\/types\/post"}],"author":[{"embeddable":true,"href":"https:\/\/faculdade.grancursosonline.com.br\/blog\/wp-json\/wp\/v2\/users\/514"}],"replies":[{"embeddable":true,"href":"https:\/\/faculdade.grancursosonline.com.br\/blog\/wp-json\/wp\/v2\/comments?post=79764655"}],"version-history":[{"count":2,"href":"https:\/\/faculdade.grancursosonline.com.br\/blog\/wp-json\/wp\/v2\/posts\/79764655\/revisions"}],"predecessor-version":[{"id":79764659,"href":"https:\/\/faculdade.grancursosonline.com.br\/blog\/wp-json\/wp\/v2\/posts\/79764655\/revisions\/79764659"}],"wp:featuredmedia":[{"embeddable":true,"href":"https:\/\/faculdade.grancursosonline.com.br\/blog\/wp-json\/wp\/v2\/media\/79764656"}],"wp:attachment":[{"href":"https:\/\/faculdade.grancursosonline.com.br\/blog\/wp-json\/wp\/v2\/media?parent=79764655"}],"wp:term":[{"taxonomy":"category","embeddable":true,"href":"https:\/\/faculdade.grancursosonline.com.br\/blog\/wp-json\/wp\/v2\/categories?post=79764655"},{"taxonomy":"post_tag","embeddable":true,"href":"https:\/\/faculdade.grancursosonline.com.br\/blog\/wp-json\/wp\/v2\/tags?post=79764655"}],"curies":[{"name":"wp","href":"https:\/\/api.w.org\/{rel}","templated":true}]}}