{"id":79764697,"date":"2026-04-30T17:06:43","date_gmt":"2026-04-30T20:06:43","guid":{"rendered":"https:\/\/faculdade.grancursosonline.com.br\/blog\/?p=79764697"},"modified":"2026-04-30T17:06:48","modified_gmt":"2026-04-30T20:06:48","slug":"justa-causa","status":"publish","type":"post","link":"https:\/\/faculdade.grancursosonline.com.br\/blog\/justa-causa\/","title":{"rendered":"Justa Causa: o que \u00e9, quando pode ocorrer e quais s\u00e3o os direitos?"},"content":{"rendered":"\n<p>Receber a not\u00edcia de uma demiss\u00e3o por justa causa \u00e9 um dos momentos mais tensos na carreira de qualquer profissional. Trata-se da penalidade m\u00e1xima no Direito do Trabalho, aplicada quando a confian\u00e7a entre patr\u00e3o e empregado se rompe totalmente.&nbsp;<\/p>\n\n\n\n<p>Mas, para que essa medida seja v\u00e1lida, n\u00e3o basta a vontade da empresa, as regras da CLT precisam ser seguidas \u00e0 risca. Entender o que configura essa falta grave \u00e9 importante tanto para quem quer se proteger quanto para quem precisa gerir equipes.&nbsp;<\/p>\n\n\n\n<p>Afinal, os direitos devidos nesse cen\u00e1rio mudam drasticamente em rela\u00e7\u00e3o a uma demiss\u00e3o comum, impactando o seu bolso. Vamos descobrir agora os limites desta lei e o que voc\u00ea realmente precisa saber para lidar com essa situa\u00e7\u00e3o delicada.&nbsp;<\/p>\n\n\n\n<p class=\"has-text-align-center\"><a href=\"https:\/\/faculdade.grancursosonline.com.br\/\" target=\"_blank\" rel=\"noopener\"><strong>Quero conquistar meu diploma reconhecido pelo MEC<\/strong><\/a><\/p>\n\n\n\n<p>Para saber mais, acompanhe o artigo na \u00edntegra ou navegue pelo \u00edndice, se preferir:&nbsp;<\/p>\n\n\n\n<ul class=\"wp-block-list\">\n<li><a href=\"#h-o-que-e-a-demissao-por-justa-causa-e-como-ela-funciona-na-pratica\" type=\"internal\" id=\"#h-o-que-e-a-demissao-por-justa-causa-e-como-ela-funciona-na-pratica\">O que \u00e9 a demiss\u00e3o por justa causa e como ela funciona na pr\u00e1tica?<\/a><\/li>\n\n\n\n<li><a href=\"#h-motivos-previstos-no-artigo-482-da-clt-o-que-realmente-gera-falta-grave\" type=\"internal\" id=\"#h-motivos-previstos-no-artigo-482-da-clt-o-que-realmente-gera-falta-grave\">Motivos previstos no Artigo 482 da CLT: o que realmente gera falta grave?<\/a><\/li>\n\n\n\n<li><a href=\"#h-quais-sao-os-direitos-trabalhistas-de-quem-e-demitido-por-justa-causa\" type=\"internal\" id=\"#h-quais-sao-os-direitos-trabalhistas-de-quem-e-demitido-por-justa-causa\">Quais s\u00e3o os direitos trabalhistas de quem \u00e9 demitido por justa causa?<\/a><\/li>\n\n\n\n<li><a href=\"#h-o-papel-das-provas-e-da-imediatidade-quando-a-empresa-pode-ou-nao-aplicar-a-punicao\" type=\"internal\" id=\"#h-o-papel-das-provas-e-da-imediatidade-quando-a-empresa-pode-ou-nao-aplicar-a-punicao\">O papel das provas e da imediatidade: quando a empresa pode (ou n\u00e3o) aplicar a puni\u00e7\u00e3o?<\/a><\/li>\n\n\n\n<li><a href=\"#h-como-reverter-uma-justa-causa-indevida-na-justica-do-trabalho\" type=\"internal\" id=\"#h-como-reverter-uma-justa-causa-indevida-na-justica-do-trabalho\">Como reverter uma justa causa indevida na Justi\u00e7a do Trabalho?<\/a><\/li>\n\n\n\n<li><a href=\"#h-perguntas-frequentes-sobre-demissao-por-justa-causa-nbsp\" type=\"internal\" id=\"#h-perguntas-frequentes-sobre-demissao-por-justa-causa-nbsp\">Perguntas frequentes sobre demiss\u00e3o por justa causa<\/a><\/li>\n<\/ul>\n\n\n\n<h2 class=\"wp-block-heading\" id=\"h-o-que-e-a-demissao-por-justa-causa-e-como-ela-funciona-na-pratica\"><strong>O que \u00e9 a demiss\u00e3o por justa causa e como ela funciona na pr\u00e1tica?<\/strong><\/h2>\n\n\n\n<p>A demiss\u00e3o por justa causa \u00e9 a san\u00e7\u00e3o mais severa que um empregador pode aplicar a um colaborador. Ela ocorre quando o funcion\u00e1rio comete uma falta t\u00e3o grave que torna imposs\u00edvel a continuidade do v\u00ednculo empregat\u00edcio.&nbsp;<\/p>\n\n\n\n<p>Juridicamente, \u00e9 dito que houve a quebra da <strong>fiduciariedade<\/strong> (a confian\u00e7a m\u00fatua). Na pr\u00e1tica, a empresa deve ser capaz de provar que o erro existiu e que ele se enquadra em uma das hip\u00f3teses previstas em lei.&nbsp;<\/p>\n\n\n\n<p>Al\u00e9m disso, a puni\u00e7\u00e3o deve ser <strong>proporcional<\/strong>: faltas leves devem ser punidas com advert\u00eancias ou suspens\u00f5es antes que se chegue \u00e0 justa causa. Se a empresa &#8220;pular etapas&#8221; sem um motivo de extrema gravidade, a demiss\u00e3o pode ser anulada.<\/p>\n\n\n\n<h2 class=\"wp-block-heading\" id=\"h-motivos-previstos-no-artigo-482-da-clt-o-que-realmente-gera-falta-grave\"><strong>Motivos previstos no Artigo 482 da CLT: o que realmente gera falta grave?<\/strong><\/h2>\n\n\n\n<p>O <strong>Artigo 482 da <\/strong><a href=\"https:\/\/faculdade.grancursosonline.com.br\/blog\/consolidacao-leis-trabalho-clt\/\" target=\"_blank\" rel=\"noopener\"><strong>CLT<\/strong><\/a> \u00e9 a lista oficial de faltas graves do trabalhador contratado segundo as leis. Para que a justa causa seja v\u00e1lida, o motivo deve estar listado ali. Os mais comuns incluem:<\/p>\n\n\n\n<ul class=\"wp-block-list\">\n<li><strong>Improbidade:<\/strong> desonestidade, furto, adultera\u00e7\u00e3o de documentos ou m\u00e1-f\u00e9;<\/li>\n\n\n\n<li><strong>Incontin\u00eancia de conduta ou mau procedimento:<\/strong> comportamento inadequado, ass\u00e9dio ou desrespeito \u00e0s normas internas;<\/li>\n\n\n\n<li><strong>Des\u00eddia:<\/strong> o famoso &#8220;corpo mole&#8221;. \u00c9 o funcion\u00e1rio que acumula faltas, atrasos e entregas mal feitas de forma repetida;<\/li>\n\n\n\n<li><strong>Insubordina\u00e7\u00e3o ou indisciplina:<\/strong> desobedecer ordens diretas ou regras gerais da empresa;<\/li>\n\n\n\n<li><strong>Abandono de emprego:<\/strong> geralmente configurado ap\u00f3s 30 dias de aus\u00eancia injustificada;<\/li>\n\n\n\n<li><strong>Embriaguez em servi\u00e7o:<\/strong> desde que comprovada e que n\u00e3o seja caso de doen\u00e7a (alcoolismo \u00e9 tratado como sa\u00fade p\u00fablica);<\/li>\n<\/ul>\n\n\n\n<p><strong>Aten\u00e7\u00e3o em 2026:<\/strong> Atos de indisciplina no <strong>trabalho remoto<\/strong> ou vazamento de dados confidenciais por neglig\u00eancia digital tamb\u00e9m t\u00eam sido enquadrados como mau procedimento ou des\u00eddia.<\/p>\n\n\n\n<h2 class=\"wp-block-heading\" id=\"h-quais-sao-os-direitos-trabalhistas-de-quem-e-demitido-por-justa-causa\"><strong>Quais s\u00e3o os direitos trabalhistas de quem \u00e9 demitido por justa causa?<\/strong><\/h2>\n\n\n\n<p>Esta \u00e9 a parte que mais d\u00f3i no bolso. Quando a demiss\u00e3o \u00e9 por justa causa, o trabalhador perde o acesso \u00e0 maioria das verbas rescis\u00f3rias que teria em uma demiss\u00e3o comum.<\/p>\n\n\n\n<figure class=\"wp-block-table\"><div class=\"container-tabela\"><table class=\"has-fixed-layout\"><tbody><tr><td><strong>Direito<\/strong><\/td><td><strong>Recebe na justa causa?<\/strong><\/td><\/tr><tr><td><strong>Saldo de sal\u00e1rio<\/strong> (dias trabalhados no m\u00eas)&nbsp;<\/td><td><strong>Sim<\/strong><\/td><\/tr><tr><td><strong>F\u00e9rias vencidas<\/strong> (com 1\/3 constitucional)&nbsp;<\/td><td><strong>Sim<\/strong><\/td><\/tr><tr><td><strong>F\u00e9rias proporcionais&nbsp;<\/strong><\/td><td>N\u00e3o<\/td><\/tr><tr><td><strong>13\u00ba Sal\u00e1rio proporcional&nbsp;<\/strong><\/td><td>N\u00e3o<\/td><\/tr><tr><td><strong>Aviso pr\u00e9vio&nbsp;<\/strong><\/td><td>N\u00e3o<\/td><\/tr><tr><td><strong>Saque do FGTS&nbsp;<\/strong><\/td><td>N\u00e3o<\/td><\/tr><tr><td><strong>Multa de 40% do FGTS&nbsp;<\/strong><\/td><td>N\u00e3o<\/td><\/tr><tr><td><strong>Seguro-desemprego&nbsp;<\/strong><\/td><td>N\u00e3o<\/td><\/tr><\/tbody><\/table><\/div><\/figure>\n\n\n\n<p>Basicamente, o profissional sai apenas com o que j\u00e1 era um &#8220;direito adquirido&#8221; absoluto (o que j\u00e1 trabalhou e as f\u00e9rias que j\u00e1 estavam vencidas).<\/p>\n\n\n\n<h2 class=\"wp-block-heading\" id=\"h-o-papel-das-provas-e-da-imediatidade-quando-a-empresa-pode-ou-nao-aplicar-a-punicao\"><strong>O papel das provas e da imediatidade: quando a empresa pode (ou n\u00e3o) aplicar a puni\u00e7\u00e3o?<\/strong><\/h2>\n\n\n\n<p>Para que a justa causa seja devida na Justi\u00e7a do Trabalho, a empresa precisa respeitar dois princ\u00edpios fundamentais:<\/p>\n\n\n\n<ol class=\"wp-block-list\">\n<li><strong>Imediatidade:<\/strong> a puni\u00e7\u00e3o deve ser aplicada assim que a empresa tomar conhecimento da falta grave. Se o patr\u00e3o souber do erro hoje e s\u00f3 demitir daqui a dois meses, a justi\u00e7a pode entender que houve o <strong>perd\u00e3o t\u00e1cito<\/strong>;<\/li>\n\n\n\n<li><strong>\u00d4nus da prova:<\/strong> o dever de provar a culpa \u00e9 100% da empresa. V\u00eddeos, e-mails, registros de ponto e depoimentos de testemunhas s\u00e3o essenciais. Se a prova for fr\u00e1gil ou &#8220;ouvi dizer&#8221;, o trabalhador tem grandes chances de reverter a situa\u00e7\u00e3o.<\/li>\n<\/ol>\n\n\n\n<h2 class=\"wp-block-heading\" id=\"h-como-reverter-uma-justa-causa-indevida-na-justica-do-trabalho\"><strong>Como reverter uma justa causa indevida na Justi\u00e7a do Trabalho?<\/strong><\/h2>\n\n\n\n<p>Se voc\u00ea acredita que a puni\u00e7\u00e3o foi injusta, exagerada ou que n\u00e3o houve provas, o caminho \u00e9 entrar com uma <strong>Reclamat\u00f3ria Trabalhista <\/strong>na Justi\u00e7a do Trabalho.<\/p>\n\n\n\n<p>O juiz analisar\u00e1 se houve o rigor excessivo. Se a empresa n\u00e3o conseguir provar o motivo alegado, a justa causa \u00e9 anulada e convertida em <strong>demiss\u00e3o sem justa causa<\/strong>.&nbsp;<\/p>\n\n\n\n<p>Nesse caso, a empresa \u00e9 obrigada a pagar todas as verbas que foram negadas anteriormente (aviso pr\u00e9vio, 40% do FGTS, guias para seguro-desemprego, etc.), al\u00e9m de poss\u00edveis indeniza\u00e7\u00f5es por danos morais, dependendo da forma como a demiss\u00e3o foi conduzida.<\/p>\n\n\n\n<h2 class=\"wp-block-heading\" id=\"h-perguntas-frequentes-sobre-demissao-por-justa-causa-nbsp\"><strong>Perguntas frequentes sobre demiss\u00e3o por justa causa&nbsp;<\/strong><\/h2>\n\n\n\n<h3 class=\"wp-block-heading\" id=\"h-1-posso-ser-demitido-por-justa-causa-por-causa-de-uma-unica-falta\"><strong>1. Posso ser demitido por justa causa por causa de uma \u00fanica falta?<\/strong><\/h3>\n\n\n\n<p>Geralmente n\u00e3o, a menos que seja algo grav\u00edssimo (como uma agress\u00e3o f\u00edsica ou um furto). Para casos de atrasos ou baixo rendimento, a empresa deve aplicar advert\u00eancias e suspens\u00f5es antes da demiss\u00e3o.<\/p>\n\n\n\n<h3 class=\"wp-block-heading\" id=\"h-2-a-empresa-pode-escrever-justa-causa-na-minha-carteira-de-trabalho\"><strong>2. A empresa pode escrever &#8220;Justa Causa&#8221; na minha Carteira de Trabalho?<\/strong><\/h3>\n\n\n\n<p><strong>N\u00e3o.<\/strong> \u00c9 proibido fazer anota\u00e7\u00f5es desabonadoras na CTPS (f\u00edsica ou digital). A empresa apenas registra a data de sa\u00edda. O motivo s\u00f3 consta nos documentos internos da rescis\u00e3o.<\/p>\n\n\n\n<h3 class=\"wp-block-heading\" id=\"h-3-falar-mal-da-empresa-em-redes-sociais-gera-justa-causa\"><strong>3. Falar mal da empresa em redes sociais gera justa causa?<\/strong><\/h3>\n\n\n\n<p>Sim. Se o coment\u00e1rio manchar a honra ou a imagem da empresa ou de superiores, pode ser enquadrado como ato lesivo da honra e boa fama, motivando a demiss\u00e3o imediata.<\/p>\n\n\n\n<h3 class=\"wp-block-heading\" id=\"h-4-tenho-estabilidade-ex-gestante-ou-acidente-de-trabalho-posso-sofrer-justa-causa\"><strong>4. Tenho estabilidade (ex: gestante ou acidente de trabalho). Posso sofrer justa causa?<\/strong><\/h3>\n\n\n\n<p>Sim. A estabilidade protege contra a demiss\u00e3o arbitr\u00e1ria (sem motivo). Se a pessoa est\u00e1vel comete uma das faltas do Art. 482, ela perde a garantia de emprego e pode ser demitida.<\/p>\n\n\n\n<h3 class=\"wp-block-heading\" id=\"h-5-o-que-acontece-se-eu-me-recusar-a-assinar-a-carta-de-demissao\"><strong>5. O que acontece se eu me recusar a assinar a carta de demiss\u00e3o?<\/strong><\/h3>\n\n\n\n<p>A demiss\u00e3o continua valendo. A empresa chamar\u00e1 duas testemunhas para presenciar que voc\u00ea tomou ci\u00eancia da decis\u00e3o e se recusou a assinar, o que supre a falta da sua assinatura.<\/p>\n\n\n\n<h3 class=\"wp-block-heading\" id=\"h-6-e-verdade-que-o-uso-de-celular-no-trabalho-pode-dar-justa-causa\"><strong>6. \u00c9 verdade que o uso de celular no trabalho pode dar justa causa?<\/strong><\/h3>\n\n\n\n<p>Se houver uma norma interna clara proibindo o uso e voc\u00ea for flagrado repetidamente ap\u00f3s receber advert\u00eancias, sim, pode ser configurado como <strong>insubordina\u00e7\u00e3o<\/strong> ou <strong>des\u00eddia<\/strong>.<\/p>\n\n\n\n<h2 class=\"wp-block-heading\" id=\"h-vem-pra-gran-faculdade\">Vem pra Gran Faculdade!<\/h2>\n\n\n\n<p>A Gran Faculdade vem mudando a vida de milhares de pessoas por meio de cursos \u00e0 dist\u00e2ncia de <a href=\"https:\/\/faculdade.grancursosonline.com.br\/\" target=\"_blank\" rel=\"noreferrer noopener\">gradua\u00e7\u00e3o<\/a>, <a href=\"https:\/\/pos.grancursosonline.com.br\/\" target=\"_blank\" rel=\"noreferrer noopener\">p\u00f3s-gradua\u00e7\u00e3o<\/a> e <a href=\"https:\/\/pos.grancursosonline.com.br\/mba\" target=\"_blank\" rel=\"noreferrer noopener\">MBA<\/a>. Seja no digital ou em nosso <a href=\"https:\/\/presencial.grancursosonline.com.br\/\" target=\"_blank\" rel=\"noreferrer noopener\">Campus Presencial em Curitiba<\/a>, a nossa miss\u00e3o \u00e9 transformar a educa\u00e7\u00e3o superior.<\/p>\n\n\n\n<p>Como parte de Sistema Gran de Ensino, que \u00e9 reconhecido como marca aprovadora h\u00e1 mais de 10 anos, constru\u00edmos uma renomada reputa\u00e7\u00e3o na \u00e1rea de educa\u00e7\u00e3o.<\/p>\n\n\n\n<p>Veja algumas de nossas conquistas:<\/p>\n\n\n\n<ul class=\"wp-block-list\">\n<li>Reconhecido pela Amazon como um dos projetos mais relevantes do mundo na \u00e1rea de Tecnologia e Educa\u00e7\u00e3o;<\/li>\n\n\n\n<li>Foi eleito pelo Project Management Institute (PMI), um dos 50 Projetos Mais Influentes do mundo;<\/li>\n\n\n\n<li>Somos o site de educa\u00e7\u00e3o mais acessado do Brasil;<\/li>\n\n\n\n<li>Somos avaliados com a nota m\u00e1xima pelo MEC;<\/li>\n\n\n\n<li>Aqui o semestre come\u00e7a quando quiser: entrada imediata e cont\u00ednua!<\/li>\n\n\n\n<li>Melhores pre\u00e7os do mercado;<\/li>\n\n\n\n<li>Mais de 800 mil alunos pagantes e mais de 1000 funcion\u00e1rios;<\/li>\n\n\n\n<li>Diversas ferramentas de estudo: PDFs, audiobooks, mapas mentais, videoaulas, quest\u00f5es, gerenciador de estudos e muito mais!<\/li>\n\n\n\n<li>Professores experientes e capacitados;<\/li>\n\n\n\n<li>Acesso imediato e 100% online.<\/li>\n<\/ul>\n\n\n\n<p class=\"has-text-align-center has-text-align-center\"><strong><a href=\"https:\/\/faculdade.grancursosonline.com.br\/\">Quero ser aluno da Gran Faculdade<\/a><\/strong><\/p>\n\n\n\n<div class=\"wp-block-group has-background\" style=\"background-color:#8dd2fc7a\"><div class=\"wp-block-group__inner-container is-layout-constrained wp-block-group-is-layout-constrained\">\n<p><strong>Outras not\u00edcias em destaque:<\/strong><\/p>\n\n\n\n<ul class=\"wp-block-list\">\n<li><a href=\"https:\/\/faculdade.grancursosonline.com.br\/blog\/como-mudar-de-estagio-para-clt\/\" target=\"_blank\" rel=\"noopener\">Como transformar est\u00e1gio em efetiva\u00e7\u00e3o? Confira dicas para mudar para o CLT<\/a><\/li>\n\n\n\n<li><a href=\"https:\/\/faculdade.grancursosonline.com.br\/blog\/dia-do-trabalhador\/\" target=\"_blank\" rel=\"noopener\">Dia do Trabalhador: origem, direitos e o que muda no Brasil hoje<\/a><\/li>\n\n\n\n<li><a href=\"https:\/\/faculdade.grancursosonline.com.br\/blog\/empregabilidade-setor-publico-e-privado\/\" target=\"_blank\" rel=\"noopener\">Empregabilidade no setor p\u00fablico e setor privado: confira qual pode ser sua melhor escolha!<\/a><\/li>\n<\/ul>\n<\/div><\/div>\n\n\n\n<div class=\"wp-block-group\"><div class=\"wp-block-group__inner-container is-layout-constrained wp-block-group-is-layout-constrained\">\n<div class=\"wp-block-group\"><div class=\"wp-block-group__inner-container is-layout-constrained wp-block-group-is-layout-constrained\">\n<section style=\"text-align: center;\">\n<p>Quer ficar por dentro da Faculdade Digital mais inovadora do Brasil?<\/p>\n<nav>\n<p class=\"has-background has-dark-bluish-background-color\" style=\"font-size: 25px; text-align: center; background: #f0f0f0; color: #ffffff; padding: 4px 0px 4xp 0px;\"><a style=\"color: #0d134c; text-decoration: underline;\" href=\"https:\/\/faculdade.grancursosonline.com.br\/\" target=\"_blank\" rel=\"noopener\">GRADUA\u00c7\u00c3O<\/a><\/p>\n<p class=\"has-background has-dark-bluish-background-color\" style=\"font-size: 25px; text-align: center; background: #f0f0f0; color: #ffffff; padding: 4px 0px 4xp 0px;\"><a style=\"color: #0d134c; text-decoration: underline;\" href=\"https:\/\/pos.grancursosonline.com.br\/\" target=\"_blank\" rel=\"noopener\">P\u00d3S-GRADUA\u00c7\u00c3O<\/a><\/p>\n<p class=\"has-background has-dark-bluish-background-color\" style=\"font-size: 25px; text-align: center; background: #f0f0f0; color: #ffffff; padding: 4px 0px 4xp 0px;\"><a style=\"color: #0d134c; text-decoration: underline;\" href=\"https:\/\/faculdade.grancursosonline.com.br\/nossos-cursos\/\" target=\"_blank\" rel=\"noopener\">TUDO SOBRE A GRAN FACULDADE<\/a><\/p>\n<\/nav>\n<p><strong>Receba <span style=\"color: #cf1e25;\">gratuitamente<\/span> no seu celular as principais not\u00edcias sobre a Gran Faculdade! <br \/>Clique no link abaixo e inscreva-se:<\/strong><\/p>\n<p class=\"has-background has-dark-bluish-background-color\" style=\"font-size: 25px; text-align: center; background: #f0f0f0; color: #ffffff; padding: 4px 0px 4xp 0px;\"><a style=\"color: #0d134c; text-decoration: underline;\" href=\"https:\/\/whatsapp.com\/channel\/0029VaG1sChI7Be7PNndhL43\" target=\"_blank\" rel=\"noopener noreferrer\">WHATSAPP<\/a><\/p>\n<p class=\"has-background has-dark-bluish-background-color\" style=\"font-size: 25px; text-align: center; background: #f0f0f0; color: #ffffff; padding: 4px 0px 4xp 0px;\"><a style=\"color: #0d134c; text-decoration: underline;\" href=\"https:\/\/t.me\/GranFaculdade\" target=\"_blank\" rel=\"noopener noreferrer\">TELEGRAM<\/a><\/p>\n<\/section>\n<\/div><\/div>\n<\/div><\/div>\n","protected":false},"excerpt":{"rendered":"<p>Receber a not\u00edcia de uma demiss\u00e3o por justa causa \u00e9 um dos momentos mais tensos na carreira de qualquer profissional. Trata-se da penalidade m\u00e1xima no Direito do Trabalho, aplicada quando a confian\u00e7a entre patr\u00e3o e empregado se rompe totalmente.&nbsp; Mas, para que essa medida seja v\u00e1lida, n\u00e3o basta a vontade da empresa, as regras da&hellip;<\/p>\n","protected":false},"author":514,"featured_media":79764698,"comment_status":"open","ping_status":"open","sticky":false,"template":"","format":"standard","meta":{"_acf_changed":false,"content-type":"","footnotes":""},"categories":[218669,2],"tags":[],"class_list":["post-79764697","post","type-post","status-publish","format-standard","has-post-thumbnail","hentry","category-empregabilidade","category-ultimas-noticias"],"acf":[],"yoast_head":"<!-- This site is optimized with the Yoast SEO Premium plugin v27.2 (Yoast SEO v27.2) - https:\/\/yoast.com\/product\/yoast-seo-premium-wordpress\/ -->\n<title>Justa Causa: o que \u00e9, quando pode ocorrer e quais s\u00e3o os direitos?<\/title>\n<meta name=\"description\" content=\"Fui demitido por justa causa, e agora? Veja a lista de motivos do Art. 482 da CLT, saiba o que voc\u00ea recebe na rescis\u00e3o e como reverter\" \/>\n<meta name=\"robots\" content=\"index, follow, max-snippet:-1, max-image-preview:large, max-video-preview:-1\" \/>\n<link rel=\"canonical\" href=\"https:\/\/faculdade.grancursosonline.com.br\/blog\/justa-causa\/\" \/>\n<meta property=\"og:locale\" content=\"pt_BR\" \/>\n<meta property=\"og:type\" content=\"article\" \/>\n<meta property=\"og:title\" content=\"Justa Causa: o que \u00e9, quando pode ocorrer e quais s\u00e3o os direitos?\" \/>\n<meta property=\"og:description\" content=\"Fui demitido por justa causa, e agora? Veja a lista de motivos do Art. 482 da CLT, saiba o que voc\u00ea recebe na rescis\u00e3o e como reverter\" \/>\n<meta property=\"og:url\" content=\"https:\/\/faculdade.grancursosonline.com.br\/blog\/justa-causa\/\" \/>\n<meta property=\"og:site_name\" content=\"Blog Gran Faculdade\" \/>\n<meta property=\"article:publisher\" content=\"https:\/\/www.facebook.com\/grancursosonline\/\" \/>\n<meta property=\"article:published_time\" content=\"2026-04-30T20:06:43+00:00\" \/>\n<meta property=\"article:modified_time\" content=\"2026-04-30T20:06:48+00:00\" \/>\n<meta property=\"og:image\" content=\"https:\/\/blog-es-static.infra.grancursosonline.com.br\/wp-content\/uploads\/2026\/04\/30163954\/1-Facebook_1200x630-copia-2-1-3.jpg\" \/>\n\t<meta property=\"og:image:width\" content=\"1200\" \/>\n\t<meta property=\"og:image:height\" content=\"630\" \/>\n\t<meta property=\"og:image:type\" content=\"image\/jpeg\" \/>\n<meta name=\"author\" content=\"Guilherme Henrique\" \/>\n<meta name=\"twitter:card\" content=\"summary_large_image\" \/>\n<meta name=\"twitter:creator\" content=\"@gran_online\" \/>\n<meta name=\"twitter:site\" content=\"@gran_online\" \/>\n<meta name=\"twitter:label1\" content=\"Written by\" \/>\n\t<meta name=\"twitter:data1\" content=\"Guilherme Henrique\" \/>\n\t<meta name=\"twitter:label2\" content=\"Est. reading time\" \/>\n\t<meta name=\"twitter:data2\" content=\"8 minutos\" \/>\n<script type=\"application\/ld+json\" class=\"yoast-schema-graph\">{\"@context\":\"https:\/\/schema.org\",\"@graph\":[{\"@type\":\"NewsArticle\",\"@id\":\"https:\/\/faculdade.grancursosonline.com.br\/blog\/justa-causa\/#article\",\"isPartOf\":{\"@id\":\"https:\/\/faculdade.grancursosonline.com.br\/blog\/justa-causa\/\"},\"author\":{\"name\":\"Guilherme Henrique\",\"@id\":\"https:\/\/faculdade.grancursosonline.com.br\/blog\/#\/schema\/person\/9745f9b6db8976613c1f439dbcfe717d\"},\"headline\":\"Justa Causa: o que \u00e9, quando pode ocorrer e quais s\u00e3o os direitos?\",\"datePublished\":\"2026-04-30T20:06:43+00:00\",\"dateModified\":\"2026-04-30T20:06:48+00:00\",\"mainEntityOfPage\":{\"@id\":\"https:\/\/faculdade.grancursosonline.com.br\/blog\/justa-causa\/\"},\"wordCount\":1247,\"commentCount\":0,\"publisher\":{\"@id\":\"https:\/\/faculdade.grancursosonline.com.br\/blog\/#organization\"},\"image\":{\"@id\":\"https:\/\/faculdade.grancursosonline.com.br\/blog\/justa-causa\/#primaryimage\"},\"thumbnailUrl\":\"https:\/\/blog-es-static.infra.grancursosonline.com.br\/wp-content\/uploads\/2026\/04\/30163954\/1-Facebook_1200x630-copia-2-1-3.jpg\",\"articleSection\":[\"Empregabilidade\",\"\u00daltimas Not\u00edcias\"],\"inLanguage\":\"pt-BR\",\"potentialAction\":[{\"@type\":\"CommentAction\",\"name\":\"Comment\",\"target\":[\"https:\/\/faculdade.grancursosonline.com.br\/blog\/justa-causa\/#respond\"]}],\"copyrightYear\":\"2026\",\"copyrightHolder\":{\"@id\":\"https:\/\/faculdade.grancursosonline.com.br\/blog\/#organization\"}},{\"@type\":\"WebPage\",\"@id\":\"https:\/\/faculdade.grancursosonline.com.br\/blog\/justa-causa\/\",\"url\":\"https:\/\/faculdade.grancursosonline.com.br\/blog\/justa-causa\/\",\"name\":\"Justa Causa: o que \u00e9, quando pode ocorrer e quais s\u00e3o os direitos?\",\"isPartOf\":{\"@id\":\"https:\/\/faculdade.grancursosonline.com.br\/blog\/#website\"},\"primaryImageOfPage\":{\"@id\":\"https:\/\/faculdade.grancursosonline.com.br\/blog\/justa-causa\/#primaryimage\"},\"image\":{\"@id\":\"https:\/\/faculdade.grancursosonline.com.br\/blog\/justa-causa\/#primaryimage\"},\"thumbnailUrl\":\"https:\/\/blog-es-static.infra.grancursosonline.com.br\/wp-content\/uploads\/2026\/04\/30163954\/1-Facebook_1200x630-copia-2-1-3.jpg\",\"datePublished\":\"2026-04-30T20:06:43+00:00\",\"dateModified\":\"2026-04-30T20:06:48+00:00\",\"description\":\"Fui demitido por justa causa, e agora? Veja a lista de motivos do Art. 482 da CLT, saiba o que voc\u00ea recebe na rescis\u00e3o e como reverter\",\"breadcrumb\":{\"@id\":\"https:\/\/faculdade.grancursosonline.com.br\/blog\/justa-causa\/#breadcrumb\"},\"inLanguage\":\"pt-BR\",\"potentialAction\":[{\"@type\":\"ReadAction\",\"target\":[\"https:\/\/faculdade.grancursosonline.com.br\/blog\/justa-causa\/\"]}]},{\"@type\":\"ImageObject\",\"inLanguage\":\"pt-BR\",\"@id\":\"https:\/\/faculdade.grancursosonline.com.br\/blog\/justa-causa\/#primaryimage\",\"url\":\"https:\/\/blog-es-static.infra.grancursosonline.com.br\/wp-content\/uploads\/2026\/04\/30163954\/1-Facebook_1200x630-copia-2-1-3.jpg\",\"contentUrl\":\"https:\/\/blog-es-static.infra.grancursosonline.com.br\/wp-content\/uploads\/2026\/04\/30163954\/1-Facebook_1200x630-copia-2-1-3.jpg\",\"width\":1200,\"height\":630},{\"@type\":\"BreadcrumbList\",\"@id\":\"https:\/\/faculdade.grancursosonline.com.br\/blog\/justa-causa\/#breadcrumb\",\"itemListElement\":[{\"@type\":\"ListItem\",\"position\":1,\"name\":\"In\u00edcio\",\"item\":\"https:\/\/faculdade.grancursosonline.com.br\/blog\/\"},{\"@type\":\"ListItem\",\"position\":2,\"name\":\"Empregabilidade\",\"item\":\"https:\/\/faculdade.grancursosonline.com.br\/blog\/categoria\/empregabilidade\/\"},{\"@type\":\"ListItem\",\"position\":3,\"name\":\"Justa Causa: o que \u00e9, quando pode ocorrer e quais s\u00e3o os direitos?\"}]},{\"@type\":\"WebSite\",\"@id\":\"https:\/\/faculdade.grancursosonline.com.br\/blog\/#website\",\"url\":\"https:\/\/faculdade.grancursosonline.com.br\/blog\/\",\"name\":\"Blog Gran Faculdade\",\"description\":\"Tudo sobre ensino superior, p\u00f3s-gradua\u00e7\u00e3o, enem e carreira.\",\"publisher\":{\"@id\":\"https:\/\/faculdade.grancursosonline.com.br\/blog\/#organization\"},\"potentialAction\":[{\"@type\":\"SearchAction\",\"target\":{\"@type\":\"EntryPoint\",\"urlTemplate\":\"https:\/\/faculdade.grancursosonline.com.br\/blog\/?s={search_term_string}\"},\"query-input\":{\"@type\":\"PropertyValueSpecification\",\"valueRequired\":true,\"valueName\":\"search_term_string\"}}],\"inLanguage\":\"pt-BR\"},{\"@type\":\"Organization\",\"@id\":\"https:\/\/faculdade.grancursosonline.com.br\/blog\/#organization\",\"name\":\"Gran Cursos Online\",\"url\":\"https:\/\/faculdade.grancursosonline.com.br\/blog\/\",\"logo\":{\"@type\":\"ImageObject\",\"inLanguage\":\"pt-BR\",\"@id\":\"https:\/\/faculdade.grancursosonline.com.br\/blog\/#\/schema\/logo\/image\/\",\"url\":\"https:\/\/blog-es-static.infra.grancursosonline.com.br\/wp-content\/uploads\/2019\/08\/03123934\/logo.png\",\"contentUrl\":\"https:\/\/blog-es-static.infra.grancursosonline.com.br\/wp-content\/uploads\/2019\/08\/03123934\/logo.png\",\"width\":300,\"height\":57,\"caption\":\"Gran Cursos Online\"},\"image\":{\"@id\":\"https:\/\/faculdade.grancursosonline.com.br\/blog\/#\/schema\/logo\/image\/\"},\"sameAs\":[\"https:\/\/www.facebook.com\/grancursosonline\/\",\"https:\/\/x.com\/gran_online\",\"https:\/\/www.instagram.com\/grancursosonline\/\",\"https:\/\/www.youtube.com\/user\/grancursostv\"]},{\"@type\":\"Person\",\"@id\":\"https:\/\/faculdade.grancursosonline.com.br\/blog\/#\/schema\/person\/9745f9b6db8976613c1f439dbcfe717d\",\"name\":\"Guilherme Henrique\",\"url\":\"https:\/\/faculdade.grancursosonline.com.br\/blog\/author\/guilherme-lourenco\/\"}]}<\/script>\n<!-- \/ Yoast SEO Premium plugin. -->","yoast_head_json":{"title":"Justa Causa: o que \u00e9, quando pode ocorrer e quais s\u00e3o os direitos?","description":"Fui demitido por justa causa, e agora? Veja a lista de motivos do Art. 482 da CLT, saiba o que voc\u00ea recebe na rescis\u00e3o e como reverter","robots":{"index":"index","follow":"follow","max-snippet":"max-snippet:-1","max-image-preview":"max-image-preview:large","max-video-preview":"max-video-preview:-1"},"canonical":"https:\/\/faculdade.grancursosonline.com.br\/blog\/justa-causa\/","og_locale":"pt_BR","og_type":"article","og_title":"Justa Causa: o que \u00e9, quando pode ocorrer e quais s\u00e3o os direitos?","og_description":"Fui demitido por justa causa, e agora? Veja a lista de motivos do Art. 482 da CLT, saiba o que voc\u00ea recebe na rescis\u00e3o e como reverter","og_url":"https:\/\/faculdade.grancursosonline.com.br\/blog\/justa-causa\/","og_site_name":"Blog Gran Faculdade","article_publisher":"https:\/\/www.facebook.com\/grancursosonline\/","article_published_time":"2026-04-30T20:06:43+00:00","article_modified_time":"2026-04-30T20:06:48+00:00","og_image":[{"width":1200,"height":630,"url":"https:\/\/blog-es-static.infra.grancursosonline.com.br\/wp-content\/uploads\/2026\/04\/30163954\/1-Facebook_1200x630-copia-2-1-3.jpg","type":"image\/jpeg"}],"author":"Guilherme Henrique","twitter_card":"summary_large_image","twitter_creator":"@gran_online","twitter_site":"@gran_online","twitter_misc":{"Written by":"Guilherme Henrique","Est. reading time":"8 minutos"},"schema":{"@context":"https:\/\/schema.org","@graph":[{"@type":"NewsArticle","@id":"https:\/\/faculdade.grancursosonline.com.br\/blog\/justa-causa\/#article","isPartOf":{"@id":"https:\/\/faculdade.grancursosonline.com.br\/blog\/justa-causa\/"},"author":{"name":"Guilherme Henrique","@id":"https:\/\/faculdade.grancursosonline.com.br\/blog\/#\/schema\/person\/9745f9b6db8976613c1f439dbcfe717d"},"headline":"Justa Causa: o que \u00e9, quando pode ocorrer e quais s\u00e3o os direitos?","datePublished":"2026-04-30T20:06:43+00:00","dateModified":"2026-04-30T20:06:48+00:00","mainEntityOfPage":{"@id":"https:\/\/faculdade.grancursosonline.com.br\/blog\/justa-causa\/"},"wordCount":1247,"commentCount":0,"publisher":{"@id":"https:\/\/faculdade.grancursosonline.com.br\/blog\/#organization"},"image":{"@id":"https:\/\/faculdade.grancursosonline.com.br\/blog\/justa-causa\/#primaryimage"},"thumbnailUrl":"https:\/\/blog-es-static.infra.grancursosonline.com.br\/wp-content\/uploads\/2026\/04\/30163954\/1-Facebook_1200x630-copia-2-1-3.jpg","articleSection":["Empregabilidade","\u00daltimas Not\u00edcias"],"inLanguage":"pt-BR","potentialAction":[{"@type":"CommentAction","name":"Comment","target":["https:\/\/faculdade.grancursosonline.com.br\/blog\/justa-causa\/#respond"]}],"copyrightYear":"2026","copyrightHolder":{"@id":"https:\/\/faculdade.grancursosonline.com.br\/blog\/#organization"}},{"@type":"WebPage","@id":"https:\/\/faculdade.grancursosonline.com.br\/blog\/justa-causa\/","url":"https:\/\/faculdade.grancursosonline.com.br\/blog\/justa-causa\/","name":"Justa Causa: o que \u00e9, quando pode ocorrer e quais s\u00e3o os direitos?","isPartOf":{"@id":"https:\/\/faculdade.grancursosonline.com.br\/blog\/#website"},"primaryImageOfPage":{"@id":"https:\/\/faculdade.grancursosonline.com.br\/blog\/justa-causa\/#primaryimage"},"image":{"@id":"https:\/\/faculdade.grancursosonline.com.br\/blog\/justa-causa\/#primaryimage"},"thumbnailUrl":"https:\/\/blog-es-static.infra.grancursosonline.com.br\/wp-content\/uploads\/2026\/04\/30163954\/1-Facebook_1200x630-copia-2-1-3.jpg","datePublished":"2026-04-30T20:06:43+00:00","dateModified":"2026-04-30T20:06:48+00:00","description":"Fui demitido por justa causa, e agora? Veja a lista de motivos do Art. 482 da CLT, saiba o que voc\u00ea recebe na rescis\u00e3o e como reverter","breadcrumb":{"@id":"https:\/\/faculdade.grancursosonline.com.br\/blog\/justa-causa\/#breadcrumb"},"inLanguage":"pt-BR","potentialAction":[{"@type":"ReadAction","target":["https:\/\/faculdade.grancursosonline.com.br\/blog\/justa-causa\/"]}]},{"@type":"ImageObject","inLanguage":"pt-BR","@id":"https:\/\/faculdade.grancursosonline.com.br\/blog\/justa-causa\/#primaryimage","url":"https:\/\/blog-es-static.infra.grancursosonline.com.br\/wp-content\/uploads\/2026\/04\/30163954\/1-Facebook_1200x630-copia-2-1-3.jpg","contentUrl":"https:\/\/blog-es-static.infra.grancursosonline.com.br\/wp-content\/uploads\/2026\/04\/30163954\/1-Facebook_1200x630-copia-2-1-3.jpg","width":1200,"height":630},{"@type":"BreadcrumbList","@id":"https:\/\/faculdade.grancursosonline.com.br\/blog\/justa-causa\/#breadcrumb","itemListElement":[{"@type":"ListItem","position":1,"name":"In\u00edcio","item":"https:\/\/faculdade.grancursosonline.com.br\/blog\/"},{"@type":"ListItem","position":2,"name":"Empregabilidade","item":"https:\/\/faculdade.grancursosonline.com.br\/blog\/categoria\/empregabilidade\/"},{"@type":"ListItem","position":3,"name":"Justa Causa: o que \u00e9, quando pode ocorrer e quais s\u00e3o os direitos?"}]},{"@type":"WebSite","@id":"https:\/\/faculdade.grancursosonline.com.br\/blog\/#website","url":"https:\/\/faculdade.grancursosonline.com.br\/blog\/","name":"Blog Gran Faculdade","description":"Tudo sobre ensino superior, p\u00f3s-gradua\u00e7\u00e3o, enem e carreira.","publisher":{"@id":"https:\/\/faculdade.grancursosonline.com.br\/blog\/#organization"},"potentialAction":[{"@type":"SearchAction","target":{"@type":"EntryPoint","urlTemplate":"https:\/\/faculdade.grancursosonline.com.br\/blog\/?s={search_term_string}"},"query-input":{"@type":"PropertyValueSpecification","valueRequired":true,"valueName":"search_term_string"}}],"inLanguage":"pt-BR"},{"@type":"Organization","@id":"https:\/\/faculdade.grancursosonline.com.br\/blog\/#organization","name":"Gran Cursos Online","url":"https:\/\/faculdade.grancursosonline.com.br\/blog\/","logo":{"@type":"ImageObject","inLanguage":"pt-BR","@id":"https:\/\/faculdade.grancursosonline.com.br\/blog\/#\/schema\/logo\/image\/","url":"https:\/\/blog-es-static.infra.grancursosonline.com.br\/wp-content\/uploads\/2019\/08\/03123934\/logo.png","contentUrl":"https:\/\/blog-es-static.infra.grancursosonline.com.br\/wp-content\/uploads\/2019\/08\/03123934\/logo.png","width":300,"height":57,"caption":"Gran Cursos Online"},"image":{"@id":"https:\/\/faculdade.grancursosonline.com.br\/blog\/#\/schema\/logo\/image\/"},"sameAs":["https:\/\/www.facebook.com\/grancursosonline\/","https:\/\/x.com\/gran_online","https:\/\/www.instagram.com\/grancursosonline\/","https:\/\/www.youtube.com\/user\/grancursostv"]},{"@type":"Person","@id":"https:\/\/faculdade.grancursosonline.com.br\/blog\/#\/schema\/person\/9745f9b6db8976613c1f439dbcfe717d","name":"Guilherme Henrique","url":"https:\/\/faculdade.grancursosonline.com.br\/blog\/author\/guilherme-lourenco\/"}]}},"_links":{"self":[{"href":"https:\/\/faculdade.grancursosonline.com.br\/blog\/wp-json\/wp\/v2\/posts\/79764697","targetHints":{"allow":["GET"]}}],"collection":[{"href":"https:\/\/faculdade.grancursosonline.com.br\/blog\/wp-json\/wp\/v2\/posts"}],"about":[{"href":"https:\/\/faculdade.grancursosonline.com.br\/blog\/wp-json\/wp\/v2\/types\/post"}],"author":[{"embeddable":true,"href":"https:\/\/faculdade.grancursosonline.com.br\/blog\/wp-json\/wp\/v2\/users\/514"}],"replies":[{"embeddable":true,"href":"https:\/\/faculdade.grancursosonline.com.br\/blog\/wp-json\/wp\/v2\/comments?post=79764697"}],"version-history":[{"count":1,"href":"https:\/\/faculdade.grancursosonline.com.br\/blog\/wp-json\/wp\/v2\/posts\/79764697\/revisions"}],"predecessor-version":[{"id":79764700,"href":"https:\/\/faculdade.grancursosonline.com.br\/blog\/wp-json\/wp\/v2\/posts\/79764697\/revisions\/79764700"}],"wp:featuredmedia":[{"embeddable":true,"href":"https:\/\/faculdade.grancursosonline.com.br\/blog\/wp-json\/wp\/v2\/media\/79764698"}],"wp:attachment":[{"href":"https:\/\/faculdade.grancursosonline.com.br\/blog\/wp-json\/wp\/v2\/media?parent=79764697"}],"wp:term":[{"taxonomy":"category","embeddable":true,"href":"https:\/\/faculdade.grancursosonline.com.br\/blog\/wp-json\/wp\/v2\/categories?post=79764697"},{"taxonomy":"post_tag","embeddable":true,"href":"https:\/\/faculdade.grancursosonline.com.br\/blog\/wp-json\/wp\/v2\/tags?post=79764697"}],"curies":[{"name":"wp","href":"https:\/\/api.w.org\/{rel}","templated":true}]}}