{"id":79766811,"date":"2026-06-22T15:31:32","date_gmt":"2026-06-22T18:31:32","guid":{"rendered":"https:\/\/faculdade.grancursosonline.com.br\/blog\/?p=79766811"},"modified":"2026-06-22T15:31:40","modified_gmt":"2026-06-22T18:31:40","slug":"impactos-da-ia-no-meio-ambiente","status":"publish","type":"post","link":"https:\/\/faculdade.grancursosonline.com.br\/blog\/impactos-da-ia-no-meio-ambiente\/","title":{"rendered":"Impactos da IA no meio ambiente: riscos, benef\u00edcios e desafios"},"content":{"rendered":"\n<p class=\"wp-block-paragraph\">Quando interagimos com ferramentas de intelig\u00eancia artificial generativa, temos a falsa impress\u00e3o de que tudo acontece em uma &#8220;nuvem&#8221; abstrata e sem peso. No entanto, \u00e9 preciso refletir sobre o impacto ambiental da intelig\u00eancia artificial.<\/p>\n\n\n\n<p class=\"wp-block-paragraph\">O avan\u00e7o da tecnologia fez com que as discuss\u00f5es ecol\u00f3gicas deixassem de focar apenas em escapamentos de carros e chamin\u00e9s de f\u00e1bricas. Hoje, a expans\u00e3o digital acendeu um alerta global: os c\u00f3digos tamb\u00e9m consomem recursos da Terra, como energia, \u00e1gua pot\u00e1vel e minerais raros.<\/p>\n\n\n\n<p class=\"has-text-align-center wp-block-paragraph\"><a href=\"https:\/\/faculdade.grancursosonline.com.br\/\" target=\"_blank\" rel=\"noopener\"><strong>Quero come\u00e7ar minha faculdade hoje<\/strong><\/a><\/p>\n\n\n\n<p class=\"wp-block-paragraph\">Equilibrar essa balan\u00e7a tecnol\u00f3gica \u00e9 um dos maiores desafios de sustentabilidade da atualidade.<\/p>\n\n\n\n<p class=\"wp-block-paragraph\">Neste artigo voc\u00ea encontrar\u00e1:<\/p>\n\n\n\n<ul class=\"wp-block-list\">\n<li><a href=\"#h-impactos-da-ia-no-meio-ambiente-por-que-esse-debate-cresceu\" id=\"#h-impactos-da-ia-no-meio-ambiente-por-que-esse-debate-cresceu\">Impactos da IA no meio ambiente: por que esse debate cresceu?<\/a><\/li>\n\n\n\n<li><a href=\"#h-qual-e-o-impacto-ambiental-da-inteligencia-artificial\" id=\"#h-qual-e-o-impacto-ambiental-da-inteligencia-artificial\">Qual \u00e9 o impacto ambiental da intelig\u00eancia artificial?<\/a><\/li>\n\n\n\n<li><a href=\"#h-por-que-a-ia-consome-tanta-energia\" id=\"#h-por-que-a-ia-consome-tanta-energia\">Por que a IA consome tanta energia?<\/a><\/li>\n\n\n\n<li><a href=\"#h-como-os-data-centers-afetam-o-meio-ambiente\" id=\"#h-como-os-data-centers-afetam-o-meio-ambiente\">Como os data centers afetam o meio ambiente?<\/a><\/li>\n\n\n\n<li><a href=\"#h-ia-tambem-consome-agua\" id=\"#h-ia-tambem-consome-agua\">IA tamb\u00e9m consome \u00e1gua?<\/a><\/li>\n\n\n\n<li><a href=\"#h-a-inteligencia-artificial-gera-lixo-eletronico\" id=\"#h-a-inteligencia-artificial-gera-lixo-eletronico\">A intelig\u00eancia artificial gera lixo eletr\u00f4nico?<\/a><\/li>\n\n\n\n<li><a href=\"#h-a-ia-pode-ajudar-o-meio-ambiente\" id=\"#h-a-ia-pode-ajudar-o-meio-ambiente\">A IA pode ajudar o meio ambiente?<\/a><\/li>\n\n\n\n<li><a href=\"#h-ia-e-sustentabilidade-aliada-ou-ameaca\" id=\"#h-ia-e-sustentabilidade-aliada-ou-ameaca\">IA e sustentabilidade: aliada ou amea\u00e7a?<\/a><\/li>\n\n\n\n<li><a href=\"#h-como-reduzir-o-impacto-ambiental-da-ia\" id=\"#h-como-reduzir-o-impacto-ambiental-da-ia\">Como reduzir o impacto ambiental da IA?<\/a><\/li>\n\n\n\n<li><a href=\"#h-o-futuro-da-ia-sera-mais-sustentavel\" id=\"#h-o-futuro-da-ia-sera-mais-sustentavel\">O futuro da IA ser\u00e1 mais sustent\u00e1vel?<\/a><\/li>\n\n\n\n<li><a href=\"#h-faq-perguntas-frequentes-sobre-ia-e-meio-ambiente\" id=\"#h-faq-perguntas-frequentes-sobre-ia-e-meio-ambiente\">FAQ: perguntas frequentes sobre IA e Meio Ambiente<\/a><\/li>\n<\/ul>\n\n\n<div class=\"wp-block-image\">\n<figure class=\"aligncenter size-large\"><img loading=\"lazy\" decoding=\"async\" width=\"1024\" height=\"572\" src=\"https:\/\/blog-es-static.infra.grancursosonline.com.br\/wp-content\/uploads\/2026\/06\/22151840\/ilustracao-impacto-ambiental-da-inteligencia-artificial-1024x572.webp\" alt=\"a imagem ilustra um modelo ideal de data center de IA, que pode ajudar a reduzir os danos aos recursos do meio ambiente\" class=\"wp-image-79766812\"\/><\/figure>\n<\/div>\n\n\n<h2 class=\"wp-block-heading\" id=\"h-impactos-da-ia-no-meio-ambiente-por-que-esse-debate-cresceu\"><strong>Impactos da IA no meio ambiente: por que esse debate cresceu?<\/strong><\/h2>\n\n\n\n<p class=\"wp-block-paragraph\">A populariza\u00e7\u00e3o massiva da intelig\u00eancia artificial transformou radicalmente a nossa rotina, mas tamb\u00e9m exigiu uma expans\u00e3o sem precedentes da infraestrutura digital.&nbsp;<\/p>\n\n\n\n<p class=\"wp-block-paragraph\">Cada comando enviado a um modelo de linguagem complexo dispara uma cadeia de processamento que consome recursos naturais f\u00edsicos. O conceito de nuvem esconde uma realidade de cabos submarinos, supercomputadores e instala\u00e7\u00f5es gigantescas.&nbsp;<\/p>\n\n\n\n<p class=\"wp-block-paragraph\">\u00c0 medida que as empresas correm para integrar a tecnologia em seus produtos, cientistas e ambientalistas alertam que o custo ecol\u00f3gico do processamento invis\u00edvel est\u00e1 cobrando o seu pre\u00e7o no mundo real.<\/p>\n\n\n\n<h2 class=\"wp-block-heading\" id=\"h-qual-e-o-impacto-ambiental-da-inteligencia-artificial\"><strong>Qual \u00e9 o impacto ambiental da intelig\u00eancia artificial?<\/strong><\/h2>\n\n\n\n<p class=\"wp-block-paragraph\">O <strong>impacto ambiental da intelig\u00eancia artificial<\/strong> \u00e9 diverso e ocorre em tr\u00eas frentes principais: no <strong>treinamento<\/strong> dos modelos matem\u00e1ticos, na <strong>opera\u00e7\u00e3o<\/strong> cont\u00ednua dos sistemas e na <strong>constru\u00e7\u00e3o da infraestrutura<\/strong> f\u00edsica necess\u00e1ria para mant\u00ea-los funcionando.<\/p>\n\n\n\n<p class=\"wp-block-paragraph\">A engenharia por tr\u00e1s dessa tecnologia gera uma dualidade complexa:<\/p>\n\n\n\n<ul class=\"wp-block-list\">\n<li><strong>Os danos:<\/strong> aumento exponencial nas emiss\u00f5es de gases de efeito estufa, consumo massivo de \u00e1gua pot\u00e1vel para resfriamento e descarte acelerado de hardware (lixo eletr\u00f4nico);<\/li>\n\n\n\n<li><strong>As solu\u00e7\u00f5es:<\/strong> em contrapartida, a IA \u00e9 um instrumento eficiente para otimizar frotas de transporte, prever desastres clim\u00e1ticos, gerenciar redes el\u00e9tricas inteligentes e acelerar a transi\u00e7\u00e3o ecol\u00f3gica.<\/li>\n<\/ul>\n\n\n\n<h2 class=\"wp-block-heading\" id=\"h-por-que-a-ia-consome-tanta-energia\"><strong>Por que a IA consome tanta energia?<\/strong><\/h2>\n\n\n\n<p class=\"wp-block-paragraph\">A resposta curta \u00e9: por causa do processamento intensivo de dados. Diferente de uma busca comum na internet, que apenas consulta um \u00edndice existente, a IA calcula probabilidades e gera respostas in\u00e9ditas em tempo real.&nbsp;<\/p>\n\n\n\n<p class=\"wp-block-paragraph\"><strong>IA consome muita energia<\/strong> porque treinar um \u00fanico modelo de grande escala (LLM) exige que milhares de placas de v\u00eddeo (GPUs) funcionem em pot\u00eancia m\u00e1xima, ininterruptamente, por semanas ou meses.<\/p>\n\n\n\n<p class=\"wp-block-paragraph\">Esse consumo cont\u00ednuo e em larga escala liga-se diretamente \u00e0 <strong>pegada de carbono da IA<\/strong>. Se os servidores que processam as requisi\u00e7\u00f5es estiverem localizados em regi\u00f5es onde a matriz energ\u00e9tica \u00e9 dependente de combust\u00edveis f\u00f3sseis (como carv\u00e3o ou g\u00e1s natural), a tecnologia acelera diretamente as <strong>emiss\u00f5es de carbono<\/strong> na atmosfera.<\/p>\n\n\n\n<h2 class=\"wp-block-heading\" id=\"h-como-os-data-centers-afetam-o-meio-ambiente\"><strong>Como os data centers afetam o meio ambiente?<\/strong><\/h2>\n\n\n\n<p class=\"wp-block-paragraph\">Os <strong>data centers e meio ambiente<\/strong> possuem uma rela\u00e7\u00e3o de depend\u00eancia e press\u00e3o ecol\u00f3gica. Essas estruturas s\u00e3o verdadeiras f\u00e1bricas de processamento de dados que operam 24 horas por dia.&nbsp;<\/p>\n\n\n\n<p class=\"wp-block-paragraph\">Os <strong>impactos ambientais dos data centers<\/strong> v\u00e3o al\u00e9m do consumo el\u00e9trico da computa\u00e7\u00e3o em si; eles geram uma quantidade massiva de calor t\u00e9rmico e exigem resfriamento constante para n\u00e3o derreterem.<\/p>\n\n\n\n<p class=\"wp-block-paragraph\">Isso causa uma forte press\u00e3o sobre a infraestrutura energ\u00e9tica local de munic\u00edpios e estados, gerando conflitos de prioridade de fornecimento de eletricidade e acelerando a necessidade de expans\u00e3o territorial dessas instala\u00e7\u00f5es industriais tecnol\u00f3gicas.<\/p>\n\n\n\n<h2 class=\"wp-block-heading\" id=\"h-ia-tambem-consome-agua\"><strong>IA tamb\u00e9m consome \u00e1gua?<\/strong><\/h2>\n\n\n\n<p class=\"wp-block-paragraph\">Sim, e em volumes alarmantes. O <strong>consumo de \u00e1gua da intelig\u00eancia artificial<\/strong> tornou-se um dos pontos mais cr\u00edticos do debate de sustentabilidade e ainda surpreende o leitor m\u00e9dio.&nbsp;<\/p>\n\n\n\n<p class=\"wp-block-paragraph\">Para evitar o superaquecimento dos servidores nos data centers, as empresas utilizam sistemas de resfriamento evaporativo. Em termos simples: usa-se \u00e1gua limpa para refrigerar as m\u00e1quinas.<\/p>\n\n\n\n<p class=\"wp-block-paragraph\"><strong>Dado relevante:<\/strong> Estima-se que uma conversa simples de 20 a 50 perguntas com uma intelig\u00eancia artificial generativa de ponta possa &#8220;beber&#8221; o equivalente a uma garrafa de 500 ml de \u00e1gua pot\u00e1vel para fins de resfriamento de servidores. Em regi\u00f5es que j\u00e1 sofrem com estresse h\u00eddrico cr\u00f4nico, esse consumo intensivo gera tens\u00f5es sociais e ecol\u00f3gicas complexas.<\/p>\n\n\n\n<h2 class=\"wp-block-heading\" id=\"h-a-inteligencia-artificial-gera-lixo-eletronico\"><strong>A intelig\u00eancia artificial gera lixo eletr\u00f4nico?<\/strong><\/h2>\n\n\n\n<p class=\"wp-block-paragraph\">A corrida pela lideran\u00e7a tecnol\u00f3gica imp\u00f5e um ciclo de obsolesc\u00eancia extremamente r\u00e1pido para o hardware. As placas de processamento usadas para IA s\u00e3o substitu\u00eddas em intervalos curtos para dar espa\u00e7o a chips mais eficientes e velozes.<\/p>\n\n\n\n<p class=\"wp-block-paragraph\">Essa substitui\u00e7\u00e3o acelerada pressiona a extra\u00e7\u00e3o de minerais cr\u00edticos e <a href=\"https:\/\/faculdade.grancursosonline.com.br\/blog\/metais-raros\/\" target=\"_blank\" rel=\"noopener\">terras raras<\/a>, gerando um volume expressivo de lixo eletr\u00f4nico de dif\u00edcil reciclagem.\u00a0<\/p>\n\n\n\n<p class=\"wp-block-paragraph\">A cadeia material que sustenta o software, portanto, deixa marcas profundas na minera\u00e7\u00e3o e no descarte de res\u00edduos industriais.<\/p>\n\n\n\n<h2 class=\"wp-block-heading\" id=\"h-a-ia-pode-ajudar-o-meio-ambiente\"><strong>A IA pode ajudar o meio ambiente?<\/strong><\/h2>\n\n\n\n<p class=\"wp-block-paragraph\">Apesar dos riscos, a <strong>intelig\u00eancia artificial e a sustentabilidade<\/strong> n\u00e3o precisam caminhar em rota de colis\u00e3o. Quando aplicada de forma \u00e9tica e estrat\u00e9gica, a IA atua como uma das maiores aliadas no combate \u00e0 crise clim\u00e1tica.<\/p>\n\n\n\n<h3 class=\"wp-block-heading\" id=\"h-principais-aplicacoes-sustentaveis-da-ia\"><strong>Principais aplica\u00e7\u00f5es sustent\u00e1veis da IA<\/strong><\/h3>\n\n\n\n<figure class=\"wp-block-table\"><div class=\"container-tabela\"><table class=\"has-fixed-layout\"><tbody><tr><td>Monitoramento ambiental<\/td><td>Detecta desmatamento e inc\u00eandios via sat\u00e9lite em tempo real.<\/td><\/tr><tr><td>Agricultura de precis\u00e3o<\/td><td>Reduz o uso de defensivos qu\u00edmicos e otimiza a irriga\u00e7\u00e3o de \u00e1gua.<\/td><\/tr><tr><td>Log\u00edstica inteligente<\/td><td>Otimiza rotas de frotas para reduzir a queima de combust\u00edveis.<\/td><\/tr><tr><td>Economia circular<\/td><td>Triagem automatizada de materiais recicl\u00e1veis em larga escala.<\/td><\/tr><\/tbody><\/table><\/div><\/figure>\n\n\n\n<p class=\"wp-block-paragraph\">O mesmo recurso computacional que consome energia pode ser utilizado para desenhar redes el\u00e9tricas inteligentes que evitam o desperd\u00edcio em cidades inteiras.<\/p>\n\n\n\n<h2 class=\"wp-block-heading\" id=\"h-ia-e-sustentabilidade-aliada-ou-ameaca\"><strong>IA e sustentabilidade: aliada ou amea\u00e7a?<\/strong><\/h2>\n\n\n\n<p class=\"wp-block-paragraph\">Avaliar o <strong>impacto da IA na sustentabilidade<\/strong> exige evitar vis\u00f5es polarizadas. A IA n\u00e3o \u00e9 uma vil\u00e3 apocal\u00edptica e tampouco uma salvadora m\u00e1gica. O veredito depende de fatores estruturais espec\u00edficos:<\/p>\n\n\n\n<ul class=\"wp-block-list\">\n<li><strong>A escala de uso:<\/strong> a efici\u00eancia com que os c\u00f3digos s\u00e3o programados;<\/li>\n\n\n\n<li><strong>A matriz energ\u00e9tica:<\/strong> a fonte que abastece os servidores (limpa ou f\u00f3ssil);<\/li>\n\n\n\n<li><strong>A Governan\u00e7a:<\/strong> pol\u00edticas corporativas s\u00e9rias que freiem o desperd\u00edcio de processamento in\u00fatil.<\/li>\n<\/ul>\n\n\n\n<p class=\"wp-block-paragraph\">O contraste entre o benef\u00edcio de otimiza\u00e7\u00e3o operacional e o custo ambiental de sua infraestrutura f\u00edsica define a linha t\u00eanue que separa o avan\u00e7o consciente do retrocesso ecol\u00f3gico.<\/p>\n\n\n\n<h2 class=\"wp-block-heading\" id=\"h-como-reduzir-o-impacto-ambiental-da-ia\"><strong>Como reduzir o impacto ambiental da IA?<\/strong><\/h2>\n\n\n\n<p class=\"wp-block-paragraph\">A mitiga\u00e7\u00e3o dos danos ecol\u00f3gicos exige um esfor\u00e7o conjunto entre engenheiros de software, empresas de tecnologia e autoridades regulat\u00f3rias. As solu\u00e7\u00f5es mais vi\u00e1veis incluem:<\/p>\n\n\n\n<ul class=\"wp-block-list\">\n<li><strong>Modelos menores e eficientes:<\/strong> desenvolvimento de IAs focadas em tarefas espec\u00edficas, que demandam menos poder computacional do que os modelos gigantescos e generalistas;<\/li>\n\n\n\n<li><strong>Data centers verdes:<\/strong> migra\u00e7\u00e3o de servidores para instala\u00e7\u00f5es 100% abastecidas por energias renov\u00e1veis (solar, e\u00f3lica ou geot\u00e9rmica);<\/li>\n\n\n\n<li><strong>Transpar\u00eancia ecol\u00f3gica:<\/strong> obrigatoriedade de mensura\u00e7\u00e3o e divulga\u00e7\u00e3o p\u00fablica da pegada de carbono e consumo h\u00eddrico de cada modelo lan\u00e7ado no mercado;<\/li>\n\n\n\n<li><strong>Reciclagem de Hardware:<\/strong> cria\u00e7\u00e3o de cadeias circulares de reaproveitamento de componentes e reciclagem de terras raras de chips antigos.<\/li>\n<\/ul>\n\n\n\n<h2 class=\"wp-block-heading\" id=\"h-o-futuro-da-ia-sera-mais-sustentavel\"><strong>O futuro da IA ser\u00e1 mais sustent\u00e1vel?<\/strong><\/h2>\n\n\n\n<p class=\"wp-block-paragraph\">A press\u00e3o social, as regulamenta\u00e7\u00f5es governamentais e a pr\u00f3pria necessidade de efici\u00eancia econ\u00f4mica est\u00e3o moldando o futuro da tecnologia.&nbsp;<\/p>\n\n\n\n<p class=\"wp-block-paragraph\">Empresas globais j\u00e1 enfrentam auditorias rigorosas de <a href=\"https:\/\/faculdade.grancursosonline.com.br\/blog\/esg\/\" target=\"_blank\" rel=\"noopener\">ESG<\/a> (<a href=\"https:\/\/faculdade.grancursosonline.com.br\/blog\/esg\/\" target=\"_blank\" rel=\"noopener\"><em>Environmental, Social, and Governance<\/em><\/a>) e come\u00e7am a buscar solu\u00e7\u00f5es para tornar seus modelos menos intensivos em recursos finitos.<\/p>\n\n\n\n<p class=\"wp-block-paragraph\">A intelig\u00eancia artificial continuar\u00e1 crescendo e se expandindo. O grande desafio da humanidade n\u00e3o \u00e9 frear essa evolu\u00e7\u00e3o, mas garantir que a intelig\u00eancia artificial aprenda a otimizar sua pr\u00f3pria exist\u00eancia, consumindo menos recursos e preservando o ecossistema que a abriga.<\/p>\n\n\n\n<h2 class=\"wp-block-heading\" id=\"h-faq-perguntas-frequentes-sobre-ia-e-meio-ambiente\"><strong>FAQ: perguntas frequentes sobre IA e Meio Ambiente<\/strong><\/h2>\n\n\n\n<h3 class=\"wp-block-heading\" id=\"h-a-inteligencia-artificial-prejudica-o-meio-ambiente\"><strong>A intelig\u00eancia artificial prejudica o meio ambiente?<\/strong><\/h3>\n\n\n\n<p class=\"wp-block-paragraph\">Sim, ela gera impactos negativos devido ao alto consumo de energia el\u00e9trica, emiss\u00f5es de carbono associadas a matrizes f\u00f3sseis e uso expressivo de \u00e1gua pot\u00e1vel para resfriamento de data centers, al\u00e9m da gera\u00e7\u00e3o de lixo eletr\u00f4nico.<\/p>\n\n\n\n<h3 class=\"wp-block-heading\" id=\"h-por-que-a-ia-consome-tanta-energia-0\"><strong>Por que a IA consome tanta energia?<\/strong><\/h3>\n\n\n\n<p class=\"wp-block-paragraph\">Ao contr\u00e1rio de buscas comuns, a IA realiza processamento intensivo de dados em tempo real, calculando bilh\u00f5es de probabilidades para gerar respostas novas. Esse processo exige que milhares de servidores operem em pot\u00eancia m\u00e1xima constantemente.<\/p>\n\n\n\n<h3 class=\"wp-block-heading\" id=\"h-a-ia-usa-agua-para-funcionar\"><strong>A IA usa \u00e1gua para funcionar?<\/strong><\/h3>\n\n\n\n<p class=\"wp-block-paragraph\">A IA usa \u00e1gua indiretamente na etapa de refrigera\u00e7\u00e3o. Os supercomputadores dos data centers geram calor extremo e utilizam sistemas evaporativos de \u00e1gua limpa para manter as m\u00e1quinas em temperaturas seguras de opera\u00e7\u00e3o.<\/p>\n\n\n\n<h3 class=\"wp-block-heading\" id=\"h-o-que-os-data-centers-tem-a-ver-com-a-ia\"><strong>O que os data centers t\u00eam a ver com a IA?<\/strong><\/h3>\n\n\n\n<p class=\"wp-block-paragraph\">Os data centers s\u00e3o a infraestrutura f\u00edsica (&#8220;a casa&#8221;) onde as intelig\u00eancias artificiais s\u00e3o hospedadas, treinadas e operadas. \u00c9 neles que se concentra todo o gasto energ\u00e9tico e h\u00eddrico associado \u00e0 tecnologia.<\/p>\n\n\n\n<h3 class=\"wp-block-heading\" id=\"h-a-inteligencia-artificial-tambem-pode-ajudar-a-sustentabilidade\"><strong>A intelig\u00eancia artificial tamb\u00e9m pode ajudar a sustentabilidade?<\/strong><\/h3>\n\n\n\n<p class=\"wp-block-paragraph\">Certamente. Ela \u00e9 fundamental para monitorar o desmatamento, criar sistemas de log\u00edstica que emitem menos poluentes, gerenciar a efici\u00eancia energ\u00e9tica de ind\u00fastrias e otimizar o uso de \u00e1gua e insumos na agricultura de precis\u00e3o.<\/p>\n\n\n\n<h3 class=\"wp-block-heading\" id=\"h-como-reduzir-o-impacto-ambiental-da-ia-0\"><strong>Como reduzir o impacto ambiental da IA?<\/strong><\/h3>\n\n\n\n<p class=\"wp-block-paragraph\">Os caminhos incluem o abastecimento de data centers exclusivamente por energia renov\u00e1vel, a cria\u00e7\u00e3o de c\u00f3digos e modelos matem\u00e1ticos mais leves e eficientes, reciclagem de componentes eletr\u00f4nicos e leis que exijam transpar\u00eancia sobre os gastos ambientais das Big Techs.<\/p>\n\n\n\n<h2 class=\"wp-block-heading\" id=\"h-vem-ser-gran\">Vem ser Gran!<\/h2>\n\n\n\n<p class=\"wp-block-paragraph\">A Gran Faculdade vem mudando a vida de milhares de pessoas por meio de cursos \u00e0 dist\u00e2ncia de <a href=\"https:\/\/faculdade.grancursosonline.com.br\/\" target=\"_blank\" rel=\"noreferrer noopener\">gradua\u00e7\u00e3o<\/a>, <a href=\"https:\/\/pos.grancursosonline.com.br\/\" target=\"_blank\" rel=\"noreferrer noopener\">p\u00f3s-gradua\u00e7\u00e3o<\/a> e <a href=\"https:\/\/pos.grancursosonline.com.br\/mba\" target=\"_blank\" rel=\"noreferrer noopener\">MBA<\/a>. Seja no digital ou em nosso <a href=\"https:\/\/presencial.grancursosonline.com.br\/\" target=\"_blank\" rel=\"noreferrer noopener\">Campus Presencial em Curitiba<\/a>, a nossa miss\u00e3o \u00e9 transformar a educa\u00e7\u00e3o superior.<\/p>\n\n\n\n<p class=\"wp-block-paragraph\">Como parte de Sistema Gran de Ensino, que \u00e9 reconhecido como marca aprovadora h\u00e1 mais de 10 anos, constru\u00edmos uma renomada reputa\u00e7\u00e3o na \u00e1rea de educa\u00e7\u00e3o.<\/p>\n\n\n\n<p class=\"wp-block-paragraph\">Veja algumas de nossas conquistas:<\/p>\n\n\n\n<ul class=\"wp-block-list\">\n<li>Reconhecido pela Amazon como um dos projetos mais relevantes do mundo na \u00e1rea de Tecnologia e Educa\u00e7\u00e3o;<\/li>\n\n\n\n<li>Foi eleito pelo Project Management Institute (PMI), um dos 50 Projetos Mais Influentes do mundo;<\/li>\n\n\n\n<li>Somos o site de educa\u00e7\u00e3o mais acessado do Brasil;<\/li>\n\n\n\n<li>Somos avaliados com a nota m\u00e1xima pelo MEC;<\/li>\n\n\n\n<li>Aqui o semestre come\u00e7a quando quiser: entrada imediata e cont\u00ednua!<\/li>\n\n\n\n<li>Melhores pre\u00e7os do mercado;<\/li>\n\n\n\n<li>Mais de 800 mil alunos pagantes e mais de 1000 funcion\u00e1rios;<\/li>\n\n\n\n<li>Diversas ferramentas de estudo: PDFs, audiobooks, mapas mentais, videoaulas, quest\u00f5es, gerenciador de estudos e muito mais!<\/li>\n\n\n\n<li>Professores experientes e capacitados;<\/li>\n\n\n\n<li>Acesso imediato e 100% online.<\/li>\n<\/ul>\n\n\n\n<p class=\"has-text-align-center wp-block-paragraph\"><strong><a href=\"https:\/\/faculdade.grancursosonline.com.br\/\">Quero ser aluno da Gran Faculdade<\/a><\/strong><\/p>\n\n\n\n<div class=\"wp-block-group has-background\" style=\"background-color:#8dd2fc7a\"><div class=\"wp-block-group__inner-container is-layout-constrained wp-block-group-is-layout-constrained\">\n<p class=\"wp-block-paragraph\"><strong>Outras not\u00edcias em destaque:<\/strong><\/p>\n\n\n\n<ul class=\"wp-block-list\">\n<li><a href=\"https:\/\/faculdade.grancursosonline.com.br\/blog\/etica-na-inteligencia-artificial\/\" target=\"_blank\" rel=\"noopener\">\u00c9tica na Intelig\u00eancia Artificial: entenda sobre governan\u00e7a, LGPD, compliance e IA respons\u00e1vel nas empresas<\/a><\/li>\n\n\n\n<li><a href=\"https:\/\/faculdade.grancursosonline.com.br\/blog\/ia-generativa-mercado-de-trabalho\/\" target=\"_blank\" rel=\"noopener\">IA generativa: o que muda no mercado de trabalho com a sua populariza\u00e7\u00e3o? Tire suas d\u00favidas!<\/a><\/li>\n\n\n\n<li><a href=\"https:\/\/faculdade.grancursosonline.com.br\/blog\/transformacao-digital-na-administracao\/\" target=\"_blank\" rel=\"noopener\">Transforma\u00e7\u00e3o digital: qual seu impacto nas carreiras administrativas? Entenda!<\/a><\/li>\n<\/ul>\n<\/div><\/div>\n\n\n\n<div class=\"wp-block-group\"><div class=\"wp-block-group__inner-container is-layout-constrained wp-block-group-is-layout-constrained\">\n<div class=\"wp-block-group\"><div class=\"wp-block-group__inner-container is-layout-constrained wp-block-group-is-layout-constrained\">\n<section style=\"text-align: center;\">\n<p>Quer ficar por dentro da Faculdade Digital mais inovadora do Brasil?<\/p>\n<nav>\n<p class=\"has-background has-dark-bluish-background-color\" style=\"font-size: 25px; text-align: center; background: #f0f0f0; color: #ffffff; padding: 4px 0px 4xp 0px;\"><a style=\"color: #0d134c; text-decoration: underline;\" href=\"https:\/\/faculdade.grancursosonline.com.br\/\" target=\"_blank\" rel=\"noopener\">GRADUA\u00c7\u00c3O<\/a><\/p>\n<p class=\"has-background has-dark-bluish-background-color\" style=\"font-size: 25px; text-align: center; background: #f0f0f0; color: #ffffff; padding: 4px 0px 4xp 0px;\"><a style=\"color: #0d134c; text-decoration: underline;\" href=\"https:\/\/pos.grancursosonline.com.br\/\" target=\"_blank\" rel=\"noopener\">P\u00d3S-GRADUA\u00c7\u00c3O<\/a><\/p>\n<p class=\"has-background has-dark-bluish-background-color\" style=\"font-size: 25px; text-align: center; background: #f0f0f0; color: #ffffff; padding: 4px 0px 4xp 0px;\"><a style=\"color: #0d134c; text-decoration: underline;\" href=\"https:\/\/faculdade.grancursosonline.com.br\/nossos-cursos\/\" target=\"_blank\" rel=\"noopener\">TUDO SOBRE A GRAN FACULDADE<\/a><\/p>\n<\/nav>\n<p><strong>Receba <span style=\"color: #cf1e25;\">gratuitamente<\/span> no seu celular as principais not\u00edcias sobre a Gran Faculdade! <br \/>Clique no link abaixo e inscreva-se:<\/strong><\/p>\n<p class=\"has-background has-dark-bluish-background-color\" style=\"font-size: 25px; text-align: center; background: #f0f0f0; color: #ffffff; padding: 4px 0px 4xp 0px;\"><a style=\"color: #0d134c; text-decoration: underline;\" href=\"https:\/\/whatsapp.com\/channel\/0029VaG1sChI7Be7PNndhL43\" target=\"_blank\" rel=\"noopener noreferrer\">WHATSAPP<\/a><\/p>\n<p class=\"has-background has-dark-bluish-background-color\" style=\"font-size: 25px; text-align: center; background: #f0f0f0; color: #ffffff; padding: 4px 0px 4xp 0px;\"><a style=\"color: #0d134c; text-decoration: underline;\" href=\"https:\/\/t.me\/GranFaculdade\" target=\"_blank\" rel=\"noopener noreferrer\">TELEGRAM<\/a><\/p>\n<\/section>\n<\/div><\/div>\n<\/div><\/div>\n","protected":false},"excerpt":{"rendered":"<p>Quando interagimos com ferramentas de intelig\u00eancia artificial generativa, temos a falsa impress\u00e3o de que tudo acontece em uma &#8220;nuvem&#8221; abstrata e sem peso. No entanto, \u00e9 preciso refletir sobre o impacto ambiental da intelig\u00eancia artificial. O avan\u00e7o da tecnologia fez com que as discuss\u00f5es ecol\u00f3gicas deixassem de focar apenas em escapamentos de carros e chamin\u00e9s&hellip;<\/p>\n","protected":false},"author":514,"featured_media":79766814,"comment_status":"open","ping_status":"open","sticky":false,"template":"","format":"standard","meta":{"_acf_changed":false,"content-type":"","footnotes":""},"categories":[220350,2],"tags":[],"class_list":["post-79766811","post","type-post","status-publish","format-standard","has-post-thumbnail","hentry","category-atualidades","category-ultimas-noticias"],"acf":[],"yoast_head":"<!-- This site is optimized with the Yoast SEO Premium plugin v27.2 (Yoast SEO v27.2) - https:\/\/yoast.com\/product\/yoast-seo-premium-wordpress\/ -->\n<title>Impactos da IA no meio ambiente: riscos, benef\u00edcios e desafios<\/title>\n<meta name=\"description\" content=\"Entenda os impactos ambiental da intelig\u00eancia artificial e como consumo de energia, uso de \u00e1gua e data centers entram no debate sobre sustentabilidade.\" \/>\n<meta name=\"robots\" content=\"index, follow, max-snippet:-1, max-image-preview:large, max-video-preview:-1\" \/>\n<link rel=\"canonical\" href=\"https:\/\/faculdade.grancursosonline.com.br\/blog\/impactos-da-ia-no-meio-ambiente\/\" \/>\n<meta property=\"og:locale\" content=\"pt_BR\" \/>\n<meta property=\"og:type\" content=\"article\" \/>\n<meta property=\"og:title\" content=\"Impactos da IA no meio ambiente: riscos, benef\u00edcios e desafios\" \/>\n<meta property=\"og:description\" content=\"Entenda os impactos ambiental da intelig\u00eancia artificial e como consumo de energia, uso de \u00e1gua e data centers entram no debate sobre sustentabilidade.\" \/>\n<meta property=\"og:url\" content=\"https:\/\/faculdade.grancursosonline.com.br\/blog\/impactos-da-ia-no-meio-ambiente\/\" \/>\n<meta property=\"og:site_name\" content=\"Blog Gran Faculdade\" \/>\n<meta property=\"article:publisher\" content=\"https:\/\/www.facebook.com\/grancursosonline\/\" \/>\n<meta property=\"article:published_time\" content=\"2026-06-22T18:31:32+00:00\" \/>\n<meta property=\"article:modified_time\" content=\"2026-06-22T18:31:40+00:00\" \/>\n<meta property=\"og:image\" content=\"https:\/\/blog-es-static.infra.grancursosonline.com.br\/wp-content\/uploads\/2026\/06\/22153112\/impacto-ambiental-da-inteligencia-artificial-1024x615.webp\" \/>\n\t<meta property=\"og:image:width\" content=\"1024\" \/>\n\t<meta property=\"og:image:height\" content=\"615\" \/>\n\t<meta property=\"og:image:type\" content=\"image\/webp\" \/>\n<meta name=\"author\" content=\"Guilherme Henrique\" \/>\n<meta name=\"twitter:card\" content=\"summary_large_image\" \/>\n<meta name=\"twitter:creator\" content=\"@gran_online\" \/>\n<meta name=\"twitter:site\" content=\"@gran_online\" \/>\n<meta name=\"twitter:label1\" content=\"Written by\" \/>\n\t<meta name=\"twitter:data1\" content=\"Guilherme Henrique\" \/>\n\t<meta name=\"twitter:label2\" content=\"Est. reading time\" \/>\n\t<meta name=\"twitter:data2\" content=\"11 minutos\" \/>\n<script type=\"application\/ld+json\" class=\"yoast-schema-graph\">{\"@context\":\"https:\/\/schema.org\",\"@graph\":[{\"@type\":\"NewsArticle\",\"@id\":\"https:\/\/faculdade.grancursosonline.com.br\/blog\/impactos-da-ia-no-meio-ambiente\/#article\",\"isPartOf\":{\"@id\":\"https:\/\/faculdade.grancursosonline.com.br\/blog\/impactos-da-ia-no-meio-ambiente\/\"},\"author\":{\"name\":\"Guilherme Henrique\",\"@id\":\"https:\/\/faculdade.grancursosonline.com.br\/blog\/#\/schema\/person\/9745f9b6db8976613c1f439dbcfe717d\"},\"headline\":\"Impactos da IA no meio ambiente: riscos, benef\u00edcios e desafios\",\"datePublished\":\"2026-06-22T18:31:32+00:00\",\"dateModified\":\"2026-06-22T18:31:40+00:00\",\"mainEntityOfPage\":{\"@id\":\"https:\/\/faculdade.grancursosonline.com.br\/blog\/impactos-da-ia-no-meio-ambiente\/\"},\"wordCount\":1751,\"commentCount\":0,\"publisher\":{\"@id\":\"https:\/\/faculdade.grancursosonline.com.br\/blog\/#organization\"},\"image\":{\"@id\":\"https:\/\/faculdade.grancursosonline.com.br\/blog\/impactos-da-ia-no-meio-ambiente\/#primaryimage\"},\"thumbnailUrl\":\"https:\/\/blog-es-static.infra.grancursosonline.com.br\/wp-content\/uploads\/2026\/06\/22153112\/impacto-ambiental-da-inteligencia-artificial-scaled.webp\",\"articleSection\":[\"Atualidades\",\"\u00daltimas Not\u00edcias\"],\"inLanguage\":\"pt-BR\",\"potentialAction\":[{\"@type\":\"CommentAction\",\"name\":\"Comment\",\"target\":[\"https:\/\/faculdade.grancursosonline.com.br\/blog\/impactos-da-ia-no-meio-ambiente\/#respond\"]}],\"copyrightYear\":\"2026\",\"copyrightHolder\":{\"@id\":\"https:\/\/faculdade.grancursosonline.com.br\/blog\/#organization\"}},{\"@type\":\"WebPage\",\"@id\":\"https:\/\/faculdade.grancursosonline.com.br\/blog\/impactos-da-ia-no-meio-ambiente\/\",\"url\":\"https:\/\/faculdade.grancursosonline.com.br\/blog\/impactos-da-ia-no-meio-ambiente\/\",\"name\":\"Impactos da IA no meio ambiente: riscos, benef\u00edcios e desafios\",\"isPartOf\":{\"@id\":\"https:\/\/faculdade.grancursosonline.com.br\/blog\/#website\"},\"primaryImageOfPage\":{\"@id\":\"https:\/\/faculdade.grancursosonline.com.br\/blog\/impactos-da-ia-no-meio-ambiente\/#primaryimage\"},\"image\":{\"@id\":\"https:\/\/faculdade.grancursosonline.com.br\/blog\/impactos-da-ia-no-meio-ambiente\/#primaryimage\"},\"thumbnailUrl\":\"https:\/\/blog-es-static.infra.grancursosonline.com.br\/wp-content\/uploads\/2026\/06\/22153112\/impacto-ambiental-da-inteligencia-artificial-scaled.webp\",\"datePublished\":\"2026-06-22T18:31:32+00:00\",\"dateModified\":\"2026-06-22T18:31:40+00:00\",\"description\":\"Entenda os impactos ambiental da intelig\u00eancia artificial e como consumo de energia, uso de \u00e1gua e data centers entram no debate sobre sustentabilidade.\",\"breadcrumb\":{\"@id\":\"https:\/\/faculdade.grancursosonline.com.br\/blog\/impactos-da-ia-no-meio-ambiente\/#breadcrumb\"},\"inLanguage\":\"pt-BR\",\"potentialAction\":[{\"@type\":\"ReadAction\",\"target\":[\"https:\/\/faculdade.grancursosonline.com.br\/blog\/impactos-da-ia-no-meio-ambiente\/\"]}]},{\"@type\":\"ImageObject\",\"inLanguage\":\"pt-BR\",\"@id\":\"https:\/\/faculdade.grancursosonline.com.br\/blog\/impactos-da-ia-no-meio-ambiente\/#primaryimage\",\"url\":\"https:\/\/blog-es-static.infra.grancursosonline.com.br\/wp-content\/uploads\/2026\/06\/22153112\/impacto-ambiental-da-inteligencia-artificial-scaled.webp\",\"contentUrl\":\"https:\/\/blog-es-static.infra.grancursosonline.com.br\/wp-content\/uploads\/2026\/06\/22153112\/impacto-ambiental-da-inteligencia-artificial-scaled.webp\",\"width\":2560,\"height\":1536,\"caption\":\"Impactos da IA no meio ambiente: riscos, benef\u00edcios e desafios\"},{\"@type\":\"BreadcrumbList\",\"@id\":\"https:\/\/faculdade.grancursosonline.com.br\/blog\/impactos-da-ia-no-meio-ambiente\/#breadcrumb\",\"itemListElement\":[{\"@type\":\"ListItem\",\"position\":1,\"name\":\"In\u00edcio\",\"item\":\"https:\/\/faculdade.grancursosonline.com.br\/blog\/\"},{\"@type\":\"ListItem\",\"position\":2,\"name\":\"Atualidades\",\"item\":\"https:\/\/faculdade.grancursosonline.com.br\/blog\/categoria\/atualidades\/\"},{\"@type\":\"ListItem\",\"position\":3,\"name\":\"Impactos da IA no meio ambiente: riscos, benef\u00edcios e desafios\"}]},{\"@type\":\"WebSite\",\"@id\":\"https:\/\/faculdade.grancursosonline.com.br\/blog\/#website\",\"url\":\"https:\/\/faculdade.grancursosonline.com.br\/blog\/\",\"name\":\"Blog Gran Faculdade\",\"description\":\"Tudo sobre ensino superior, p\u00f3s-gradua\u00e7\u00e3o, enem e carreira.\",\"publisher\":{\"@id\":\"https:\/\/faculdade.grancursosonline.com.br\/blog\/#organization\"},\"potentialAction\":[{\"@type\":\"SearchAction\",\"target\":{\"@type\":\"EntryPoint\",\"urlTemplate\":\"https:\/\/faculdade.grancursosonline.com.br\/blog\/?s={search_term_string}\"},\"query-input\":{\"@type\":\"PropertyValueSpecification\",\"valueRequired\":true,\"valueName\":\"search_term_string\"}}],\"inLanguage\":\"pt-BR\"},{\"@type\":\"Organization\",\"@id\":\"https:\/\/faculdade.grancursosonline.com.br\/blog\/#organization\",\"name\":\"Gran Cursos Online\",\"url\":\"https:\/\/faculdade.grancursosonline.com.br\/blog\/\",\"logo\":{\"@type\":\"ImageObject\",\"inLanguage\":\"pt-BR\",\"@id\":\"https:\/\/faculdade.grancursosonline.com.br\/blog\/#\/schema\/logo\/image\/\",\"url\":\"https:\/\/blog-es-static.infra.grancursosonline.com.br\/wp-content\/uploads\/2019\/08\/03123934\/logo.png\",\"contentUrl\":\"https:\/\/blog-es-static.infra.grancursosonline.com.br\/wp-content\/uploads\/2019\/08\/03123934\/logo.png\",\"width\":300,\"height\":57,\"caption\":\"Gran Cursos Online\"},\"image\":{\"@id\":\"https:\/\/faculdade.grancursosonline.com.br\/blog\/#\/schema\/logo\/image\/\"},\"sameAs\":[\"https:\/\/www.facebook.com\/grancursosonline\/\",\"https:\/\/x.com\/gran_online\",\"https:\/\/www.instagram.com\/grancursosonline\/\",\"https:\/\/www.youtube.com\/user\/grancursostv\"]},{\"@type\":\"Person\",\"@id\":\"https:\/\/faculdade.grancursosonline.com.br\/blog\/#\/schema\/person\/9745f9b6db8976613c1f439dbcfe717d\",\"name\":\"Guilherme Henrique\",\"url\":\"https:\/\/faculdade.grancursosonline.com.br\/blog\/author\/guilherme-lourenco\/\"}]}<\/script>\n<!-- \/ Yoast SEO Premium plugin. -->","yoast_head_json":{"title":"Impactos da IA no meio ambiente: riscos, benef\u00edcios e desafios","description":"Entenda os impactos ambiental da intelig\u00eancia artificial e como consumo de energia, uso de \u00e1gua e data centers entram no debate sobre sustentabilidade.","robots":{"index":"index","follow":"follow","max-snippet":"max-snippet:-1","max-image-preview":"max-image-preview:large","max-video-preview":"max-video-preview:-1"},"canonical":"https:\/\/faculdade.grancursosonline.com.br\/blog\/impactos-da-ia-no-meio-ambiente\/","og_locale":"pt_BR","og_type":"article","og_title":"Impactos da IA no meio ambiente: riscos, benef\u00edcios e desafios","og_description":"Entenda os impactos ambiental da intelig\u00eancia artificial e como consumo de energia, uso de \u00e1gua e data centers entram no debate sobre sustentabilidade.","og_url":"https:\/\/faculdade.grancursosonline.com.br\/blog\/impactos-da-ia-no-meio-ambiente\/","og_site_name":"Blog Gran Faculdade","article_publisher":"https:\/\/www.facebook.com\/grancursosonline\/","article_published_time":"2026-06-22T18:31:32+00:00","article_modified_time":"2026-06-22T18:31:40+00:00","og_image":[{"width":1024,"height":615,"url":"https:\/\/blog-es-static.infra.grancursosonline.com.br\/wp-content\/uploads\/2026\/06\/22153112\/impacto-ambiental-da-inteligencia-artificial-1024x615.webp","type":"image\/webp"}],"author":"Guilherme Henrique","twitter_card":"summary_large_image","twitter_creator":"@gran_online","twitter_site":"@gran_online","twitter_misc":{"Written by":"Guilherme Henrique","Est. reading time":"11 minutos"},"schema":{"@context":"https:\/\/schema.org","@graph":[{"@type":"NewsArticle","@id":"https:\/\/faculdade.grancursosonline.com.br\/blog\/impactos-da-ia-no-meio-ambiente\/#article","isPartOf":{"@id":"https:\/\/faculdade.grancursosonline.com.br\/blog\/impactos-da-ia-no-meio-ambiente\/"},"author":{"name":"Guilherme Henrique","@id":"https:\/\/faculdade.grancursosonline.com.br\/blog\/#\/schema\/person\/9745f9b6db8976613c1f439dbcfe717d"},"headline":"Impactos da IA no meio ambiente: riscos, benef\u00edcios e desafios","datePublished":"2026-06-22T18:31:32+00:00","dateModified":"2026-06-22T18:31:40+00:00","mainEntityOfPage":{"@id":"https:\/\/faculdade.grancursosonline.com.br\/blog\/impactos-da-ia-no-meio-ambiente\/"},"wordCount":1751,"commentCount":0,"publisher":{"@id":"https:\/\/faculdade.grancursosonline.com.br\/blog\/#organization"},"image":{"@id":"https:\/\/faculdade.grancursosonline.com.br\/blog\/impactos-da-ia-no-meio-ambiente\/#primaryimage"},"thumbnailUrl":"https:\/\/blog-es-static.infra.grancursosonline.com.br\/wp-content\/uploads\/2026\/06\/22153112\/impacto-ambiental-da-inteligencia-artificial-scaled.webp","articleSection":["Atualidades","\u00daltimas Not\u00edcias"],"inLanguage":"pt-BR","potentialAction":[{"@type":"CommentAction","name":"Comment","target":["https:\/\/faculdade.grancursosonline.com.br\/blog\/impactos-da-ia-no-meio-ambiente\/#respond"]}],"copyrightYear":"2026","copyrightHolder":{"@id":"https:\/\/faculdade.grancursosonline.com.br\/blog\/#organization"}},{"@type":"WebPage","@id":"https:\/\/faculdade.grancursosonline.com.br\/blog\/impactos-da-ia-no-meio-ambiente\/","url":"https:\/\/faculdade.grancursosonline.com.br\/blog\/impactos-da-ia-no-meio-ambiente\/","name":"Impactos da IA no meio ambiente: riscos, benef\u00edcios e desafios","isPartOf":{"@id":"https:\/\/faculdade.grancursosonline.com.br\/blog\/#website"},"primaryImageOfPage":{"@id":"https:\/\/faculdade.grancursosonline.com.br\/blog\/impactos-da-ia-no-meio-ambiente\/#primaryimage"},"image":{"@id":"https:\/\/faculdade.grancursosonline.com.br\/blog\/impactos-da-ia-no-meio-ambiente\/#primaryimage"},"thumbnailUrl":"https:\/\/blog-es-static.infra.grancursosonline.com.br\/wp-content\/uploads\/2026\/06\/22153112\/impacto-ambiental-da-inteligencia-artificial-scaled.webp","datePublished":"2026-06-22T18:31:32+00:00","dateModified":"2026-06-22T18:31:40+00:00","description":"Entenda os impactos ambiental da intelig\u00eancia artificial e como consumo de energia, uso de \u00e1gua e data centers entram no debate sobre sustentabilidade.","breadcrumb":{"@id":"https:\/\/faculdade.grancursosonline.com.br\/blog\/impactos-da-ia-no-meio-ambiente\/#breadcrumb"},"inLanguage":"pt-BR","potentialAction":[{"@type":"ReadAction","target":["https:\/\/faculdade.grancursosonline.com.br\/blog\/impactos-da-ia-no-meio-ambiente\/"]}]},{"@type":"ImageObject","inLanguage":"pt-BR","@id":"https:\/\/faculdade.grancursosonline.com.br\/blog\/impactos-da-ia-no-meio-ambiente\/#primaryimage","url":"https:\/\/blog-es-static.infra.grancursosonline.com.br\/wp-content\/uploads\/2026\/06\/22153112\/impacto-ambiental-da-inteligencia-artificial-scaled.webp","contentUrl":"https:\/\/blog-es-static.infra.grancursosonline.com.br\/wp-content\/uploads\/2026\/06\/22153112\/impacto-ambiental-da-inteligencia-artificial-scaled.webp","width":2560,"height":1536,"caption":"Impactos da IA no meio ambiente: riscos, benef\u00edcios e desafios"},{"@type":"BreadcrumbList","@id":"https:\/\/faculdade.grancursosonline.com.br\/blog\/impactos-da-ia-no-meio-ambiente\/#breadcrumb","itemListElement":[{"@type":"ListItem","position":1,"name":"In\u00edcio","item":"https:\/\/faculdade.grancursosonline.com.br\/blog\/"},{"@type":"ListItem","position":2,"name":"Atualidades","item":"https:\/\/faculdade.grancursosonline.com.br\/blog\/categoria\/atualidades\/"},{"@type":"ListItem","position":3,"name":"Impactos da IA no meio ambiente: riscos, benef\u00edcios e desafios"}]},{"@type":"WebSite","@id":"https:\/\/faculdade.grancursosonline.com.br\/blog\/#website","url":"https:\/\/faculdade.grancursosonline.com.br\/blog\/","name":"Blog Gran Faculdade","description":"Tudo sobre ensino superior, p\u00f3s-gradua\u00e7\u00e3o, enem e carreira.","publisher":{"@id":"https:\/\/faculdade.grancursosonline.com.br\/blog\/#organization"},"potentialAction":[{"@type":"SearchAction","target":{"@type":"EntryPoint","urlTemplate":"https:\/\/faculdade.grancursosonline.com.br\/blog\/?s={search_term_string}"},"query-input":{"@type":"PropertyValueSpecification","valueRequired":true,"valueName":"search_term_string"}}],"inLanguage":"pt-BR"},{"@type":"Organization","@id":"https:\/\/faculdade.grancursosonline.com.br\/blog\/#organization","name":"Gran Cursos Online","url":"https:\/\/faculdade.grancursosonline.com.br\/blog\/","logo":{"@type":"ImageObject","inLanguage":"pt-BR","@id":"https:\/\/faculdade.grancursosonline.com.br\/blog\/#\/schema\/logo\/image\/","url":"https:\/\/blog-es-static.infra.grancursosonline.com.br\/wp-content\/uploads\/2019\/08\/03123934\/logo.png","contentUrl":"https:\/\/blog-es-static.infra.grancursosonline.com.br\/wp-content\/uploads\/2019\/08\/03123934\/logo.png","width":300,"height":57,"caption":"Gran Cursos Online"},"image":{"@id":"https:\/\/faculdade.grancursosonline.com.br\/blog\/#\/schema\/logo\/image\/"},"sameAs":["https:\/\/www.facebook.com\/grancursosonline\/","https:\/\/x.com\/gran_online","https:\/\/www.instagram.com\/grancursosonline\/","https:\/\/www.youtube.com\/user\/grancursostv"]},{"@type":"Person","@id":"https:\/\/faculdade.grancursosonline.com.br\/blog\/#\/schema\/person\/9745f9b6db8976613c1f439dbcfe717d","name":"Guilherme Henrique","url":"https:\/\/faculdade.grancursosonline.com.br\/blog\/author\/guilherme-lourenco\/"}]}},"_links":{"self":[{"href":"https:\/\/faculdade.grancursosonline.com.br\/blog\/wp-json\/wp\/v2\/posts\/79766811","targetHints":{"allow":["GET"]}}],"collection":[{"href":"https:\/\/faculdade.grancursosonline.com.br\/blog\/wp-json\/wp\/v2\/posts"}],"about":[{"href":"https:\/\/faculdade.grancursosonline.com.br\/blog\/wp-json\/wp\/v2\/types\/post"}],"author":[{"embeddable":true,"href":"https:\/\/faculdade.grancursosonline.com.br\/blog\/wp-json\/wp\/v2\/users\/514"}],"replies":[{"embeddable":true,"href":"https:\/\/faculdade.grancursosonline.com.br\/blog\/wp-json\/wp\/v2\/comments?post=79766811"}],"version-history":[{"count":1,"href":"https:\/\/faculdade.grancursosonline.com.br\/blog\/wp-json\/wp\/v2\/posts\/79766811\/revisions"}],"predecessor-version":[{"id":79766815,"href":"https:\/\/faculdade.grancursosonline.com.br\/blog\/wp-json\/wp\/v2\/posts\/79766811\/revisions\/79766815"}],"wp:featuredmedia":[{"embeddable":true,"href":"https:\/\/faculdade.grancursosonline.com.br\/blog\/wp-json\/wp\/v2\/media\/79766814"}],"wp:attachment":[{"href":"https:\/\/faculdade.grancursosonline.com.br\/blog\/wp-json\/wp\/v2\/media?parent=79766811"}],"wp:term":[{"taxonomy":"category","embeddable":true,"href":"https:\/\/faculdade.grancursosonline.com.br\/blog\/wp-json\/wp\/v2\/categories?post=79766811"},{"taxonomy":"post_tag","embeddable":true,"href":"https:\/\/faculdade.grancursosonline.com.br\/blog\/wp-json\/wp\/v2\/tags?post=79766811"}],"curies":[{"name":"wp","href":"https:\/\/api.w.org\/{rel}","templated":true}]}}