{"id":79768382,"date":"2026-08-11T14:26:12","date_gmt":"2026-08-11T17:26:12","guid":{"rendered":"https:\/\/faculdade.grancursosonline.com.br\/blog\/?p=79768382"},"modified":"2026-08-11T14:26:22","modified_gmt":"2026-08-11T17:26:22","slug":"ia-no-brasil","status":"publish","type":"post","link":"https:\/\/faculdade.grancursosonline.com.br\/blog\/ia-no-brasil\/","title":{"rendered":"IA no Brasil: d\u00e9ficit de talentos em tecnologia e o plano de a\u00e7\u00e3o at\u00e9 2028"},"content":{"rendered":"\n<p class=\"wp-block-paragraph\">O <strong>mercado de tecnologia brasileiro <\/strong>vive um grande contraste. Enquanto o avan\u00e7o do setor gera centenas de oportunidades em todo o pa\u00eds, a velocidade de forma\u00e7\u00e3o de profissionais n\u00e3o acompanha a abertura de vagas.<\/p>\n\n\n\n<p class=\"wp-block-paragraph\">De acordo com dados do Plano Brasileiro de Intelig\u00eancia Artificial (PBIA), o pa\u00eds <strong>forma cerca de 53 mil profissionais de TI por ano, n\u00famero significativamente inferior \u00e0 demanda do mercado corporativo, que supera 150 mil novas vagas anuais<\/strong>.<\/p>\n\n\n\n<p class=\"wp-block-paragraph\">Essa diferen\u00e7a entre profissionais qualificados e cadeiras abertas cria uma lacuna no ecossistema de inova\u00e7\u00e3o nacional.<\/p>\n\n\n\n<p class=\"wp-block-paragraph\">Para conter esse apag\u00e3o de talentos e acelerar o desenvolvimento de solu\u00e7\u00f5es locais, o governo estruturou diretrizes de investimento em infraestrutura, capacita\u00e7\u00e3o em massa e apoio acad\u00eamico programadas at\u00e9 <strong>2028<\/strong>.<\/p>\n\n\n\n<p class=\"wp-block-paragraph\">Se preferir, navegue pelo \u00edndice:<\/p>\n\n\n\n<ul class=\"wp-block-list\">\n<li><a href=\"#h-o-cenario-da-inteligencia-artificial-no-brasil-e-o-apagao-de-talentos\">O cen\u00e1rio da intelig\u00eancia artificial no Brasil e o apag\u00e3o de talentos<\/a><\/li>\n\n\n\n<li><a href=\"#h-o-que-preve-o-plano-brasileiro-de-inteligencia-artificial-ate-2028\">O que prev\u00ea o Plano Brasileiro de Intelig\u00eancia Artificial at\u00e9 2028<\/a><\/li>\n\n\n\n<li><a href=\"#h-como-o-mercado-de-trabalho-reage-a-demanda-por-profissionais-de-ti\">Como o mercado de trabalho reage \u00e0 demanda por profissionais de TI<\/a><\/li>\n\n\n\n<li><a href=\"#h-faculdade-de-ti-e-cursos-de-graduacao-como-se-preparar-para-o-mercado\">Faculdade de TI e cursos de gradua\u00e7\u00e3o: como se preparar para o mercado<\/a><\/li>\n\n\n\n<li><a href=\"#h-perguntas-frequentes-sobre-o-mercado-e-a-formacao-em-ti\">Perguntas frequentes sobre o mercado e a forma\u00e7\u00e3o em TI<\/a><\/li>\n\n\n\n<li><a href=\"#h-vem-pra-gran-faculdade\">Vem pra Gran Faculdade!<\/a><\/li>\n<\/ul>\n\n\n\n<figure class=\"wp-block-image size-large is-resized\"><img loading=\"lazy\" decoding=\"async\" width=\"1024\" height=\"559\" src=\"https:\/\/blog-es-static.infra.grancursosonline.com.br\/wp-content\/uploads\/2026\/08\/11133608\/IA-no-Brasil-1024x559.png\" alt=\"Dois estudantes brasileiros colaboram sorridentes em um laborat\u00f3rio de inova\u00e7\u00e3o da Gran Faculdade. Eles est\u00e3o concentrados em um laptop que exibe gr\u00e1ficos sobre o d\u00e9ficit de profissionais de TI no Brasil e o Plano de IA at\u00e9 2028. A imagem transmite a dedica\u00e7\u00e3o humana e o ambiente acolhedor necess\u00e1rio para superar os desafios da capacita\u00e7\u00e3o em massa.\" class=\"wp-image-79768383\" style=\"aspect-ratio:1.8318695106649938;width:696px;height:auto\"\/><\/figure>\n\n\n\n<p class=\"wp-block-paragraph\"><em>Entenda mais sobre a capacita\u00e7\u00e3o tecnol\u00f3gica necess\u00e1ria para o mercado brasileiro.<\/em><\/p>\n\n\n\n<h2 id=\"h-o-cenario-da-inteligencia-artificial-no-brasil-e-o-apagao-de-talentos\" class=\"wp-block-heading\"><strong>O cen\u00e1rio da intelig\u00eancia artificial no Brasil e o apag\u00e3o de talentos<\/strong><\/h2>\n\n\n\n<p class=\"wp-block-paragraph\">A defasagem de especialistas em tecnologia atinge diversos setores da economia, desde fintechs e ind\u00fastrias pesadas at\u00e9 o agroneg\u00f3cio e os servi\u00e7os de sa\u00fade.<\/p>\n\n\n\n<p class=\"wp-block-paragraph\">A busca intensa por competitividade internacional e a necessidade de automatizar processos internos impulsionaram a demanda por compet\u00eancias avan\u00e7adas em <a href=\"https:\/\/faculdade.grancursosonline.com.br\/curso\/ciencia-de-dados\/\">ci\u00eancia de dados<\/a>, aprendizado de m\u00e1quina e arquitetura de nuvem.<\/p>\n\n\n\n<p class=\"wp-block-paragraph\">Embora o interesse por carreiras na \u00e1rea de tecnologia continue em ascens\u00e3o, a forma\u00e7\u00e3o tradicional de n\u00edvel superior enfrentava ciclos longos para se adaptar \u00e0s novas exig\u00eancias do mercado.<\/p>\n\n\n\n<p class=\"wp-block-paragraph\">Como resultado, empresas disputam profissionais experientes com sal\u00e1rios atrativos, enquanto posi\u00e7\u00f5es de entrada nem sempre encontram candidatos devidamente capacitados em conceitos de ponta.<\/p>\n\n\n\n<h2 id=\"h-o-que-preve-o-plano-brasileiro-de-inteligencia-artificial-ate-2028\" class=\"wp-block-heading\"><strong>O que prev\u00ea o Plano Brasileiro de Intelig\u00eancia Artificial at\u00e9 2028?<\/strong><\/h2>\n\n\n\n<p class=\"wp-block-paragraph\">O PBIA prop\u00f5e frentes estruturantes para mitigar o d\u00e9ficit de m\u00e3o de obra e refor\u00e7ar a autonomia tecnol\u00f3gica do pa\u00eds. As principais metas do plano at\u00e9 2028 incluem:<\/p>\n\n\n\n<ul class=\"wp-block-list\">\n<li><strong>Investimento em capacita\u00e7\u00e3o em massa:<\/strong> programas integrados entre institui\u00e7\u00f5es de ensino e empresas para formar estudantes e promover requalifica\u00e7\u00e3o profissional;<br><\/li>\n\n\n\n<li><strong>Infraestrutura e supercomputa\u00e7\u00e3o:<\/strong> amplia\u00e7\u00e3o do parque computacional nacional para dar suporte ao treinamento de modelos de grande escala;<br><\/li>\n\n\n\n<li><strong>Apoio ao ensino superior:<\/strong> incentivo a cursos de <a href=\"https:\/\/faculdade.grancursosonline.com.br\/nossos-cursos\/#cursos\">gradua\u00e7\u00e3o e p\u00f3s-gradua\u00e7\u00e3o<\/a> voltados \u00e0 tecnologia da informa\u00e7\u00e3o, machine learning e governan\u00e7a de dados;<br><\/li>\n\n\n\n<li><strong>Aplica\u00e7\u00f5es de impacto social e econ\u00f4mico:<\/strong> Fomento a pesquisas que apliquem automa\u00e7\u00e3o e an\u00e1lise preditiva na sa\u00fade, no agroneg\u00f3cio e na gest\u00e3o p\u00fablica.<br><\/li>\n<\/ul>\n\n\n\n<p class=\"has-text-align-center wp-block-paragraph\"><a href=\"https:\/\/faculdade.grancursosonline.com.br\/\"><strong>Quero come\u00e7ar minha faculdade hoje<\/strong><\/a>&nbsp;<\/p>\n\n\n\n<h2 id=\"h-como-o-mercado-de-trabalho-reage-a-demanda-por-profissionais-de-ti\" class=\"wp-block-heading\"><strong>Como o mercado de trabalho reage \u00e0 demanda por profissionais de TI<\/strong><\/h2>\n\n\n\n<p class=\"wp-block-paragraph\">O aumento de vagas em aberto fez com que recrutadores passassem a priorizar candidatos que alinham bagagem t\u00e9cnica com vis\u00e3o de neg\u00f3cios. Profissionais formados na \u00e1rea encontram um leque amplo de carreiras em expans\u00e3o.<\/p>\n\n\n\n<h3 id=\"h-principais-cargos-em-alta-no-setor-tech\" class=\"wp-block-heading\"><strong>Principais cargos em alta no setor tech<\/strong><\/h3>\n\n\n\n<ol class=\"wp-block-list\">\n<li><strong>Engenheiro de intelig\u00eancia artificial:<\/strong> respons\u00e1vel por criar, otimizar e implementar modelos preditivos e sistemas inteligentes na infraestrutura corporativa;<\/li>\n\n\n\n<li><strong>Cientista de dados:<\/strong> atua na coleta, estrutura\u00e7\u00e3o e an\u00e1lise de grandes volumes de informa\u00e7\u00e3o para gerar intelig\u00eancia de neg\u00f3cios;<\/li>\n\n\n\n<li><strong>Desenvolvedor de software:<\/strong> cria e mant\u00e9m aplica\u00e7\u00f5es, APIs e plataformas digitais indispens\u00e1veis para a opera\u00e7\u00e3o di\u00e1ria das empresas;<\/li>\n\n\n\n<li><strong>Especialista em governan\u00e7a e \u00e9tica de dados:<\/strong> garante o cumprimento do Marco Legal da Intelig\u00eancia Artificial e das normas da LGPD, trazendo seguran\u00e7a para a implementa\u00e7\u00e3o de novas tecnologias.<\/li>\n<\/ol>\n\n\n\n<h2 id=\"h-faculdade-de-ti-e-cursos-de-graduacao-como-se-preparar-para-o-mercado\" class=\"wp-block-heading\"><strong>Faculdade de TI e cursos de gradua\u00e7\u00e3o: como se preparar para o mercado<\/strong><\/h2>\n\n\n\n<p class=\"wp-block-paragraph\">Para quem pretende ingressar na \u00e1rea ou migrar de carreira, a forma\u00e7\u00e3o acad\u00eamica continua sendo um diferencial decisivo.<\/p>\n\n\n\n<p class=\"wp-block-paragraph\">Os <a href=\"https:\/\/faculdade.grancursosonline.com.br\/nossos-cursos\/?area=tecnologia\">cursos superiores da Gran Faculdade<\/a> garantem a fundamenta\u00e7\u00e3o s\u00f3lida exigida por grandes empresas e oferecem atualiza\u00e7\u00e3o cont\u00ednua sobre as tecnologias emergentes.<\/p>\n\n\n\n<p class=\"wp-block-paragraph\">As op\u00e7\u00f5es de ingresso no ensino superior dividem-se principalmente em duas modalidades de forma\u00e7\u00e3o:<\/p>\n\n\n\n<ul class=\"wp-block-list\">\n<li><strong>Tecn\u00f3logo (2 a 2,5 anos):<\/strong> focado na aplica\u00e7\u00e3o pr\u00e1tica e no alinhamento r\u00e1pido com as necessidades das empresas. Exemplos incluem os cursos de An\u00e1lise e Desenvolvimento de Sistemas, Intelig\u00eancia Artificial e Gest\u00e3o da Tecnologia da Informa\u00e7\u00e3o;<br><\/li>\n\n\n\n<li><strong>Bacharelado (4 a 5 anos):<\/strong> oferece aprofundamento te\u00f3rico e conceitual, abrangendo disciplinas de matem\u00e1tica avan\u00e7ada, engenharia de software e pesquisa cient\u00edfica, como Ci\u00eancia da Computa\u00e7\u00e3o e Engenharia de Software.<\/li>\n<\/ul>\n\n\n\n<p class=\"wp-block-paragraph\">O Minist\u00e9rio da Educa\u00e7\u00e3o (MEC) valida forma\u00e7\u00f5es tanto presenciais quanto EAD, permitindo que estudantes de todo o pa\u00eds tenham acesso ao ensino superior de qualidade e conquistem espa\u00e7o nas empresas que mais contratam.<\/p>\n\n\n\n<p class=\"wp-block-paragraph\">Conhe\u00e7a as op\u00e7\u00f5es de forma\u00e7\u00e3o em TI e conhe\u00e7a os<a href=\"https:\/\/faculdade.grancursosonline.com.br\/nossos-cursos\/?area=tecnologia\"> cursos de tecnologia da Gran Faculdade<\/a> para iniciar sua jornada profissional na \u00e1rea.<\/p>\n\n\n\n<p class=\"wp-block-paragraph\">O portf\u00f3lio de cursos abrange forma\u00e7\u00f5es em <a href=\"https:\/\/faculdade.grancursosonline.com.br\/curso\/inteligencia-artificial\/\">Intelig\u00eancia Artificial<\/a>, <a href=\"https:\/\/faculdade.grancursosonline.com.br\/curso\/analise-e-desenvolvimento-de-sistemas\/\">An\u00e1lise e Desenvolvimento de Sistemas<\/a>, <a href=\"https:\/\/faculdade.grancursosonline.com.br\/curso\/ciencia-da-computacao\/\">Ci\u00eancia da Computa\u00e7\u00e3o<\/a>, <a href=\"https:\/\/faculdade.grancursosonline.com.br\/curso\/engenharia-de-software\/\">Engenharia de Software<\/a>, <a href=\"https:\/\/faculdade.grancursosonline.com.br\/curso\/ciencia-de-dados\/\">Ci\u00eancia de Dados<\/a> e <a href=\"https:\/\/faculdade.grancursosonline.com.br\/curso\/defesa-cibernetica\/\">Defesa Cibern\u00e9tica<\/a>, al\u00e9m de op\u00e7\u00f5es em Gest\u00e3o da Tecnologia da Informa\u00e7\u00e3o e Seguran\u00e7a da Informa\u00e7\u00e3o.<\/p>\n\n\n\n<p class=\"wp-block-paragraph\">Com matrizes curriculares atualizadas e reconhecidas pelo MEC, as gradua\u00e7\u00f5es contam com formatos tecnol\u00f3gicos a partir de dois anos de dura\u00e7\u00e3o e bacharelados focados nas principais demandas do setor produtivo brasileiro.&nbsp;<\/p>\n\n\n\n<h2 id=\"h-perguntas-frequentes-sobre-o-mercado-e-a-formacao-em-ti\" class=\"wp-block-heading\"><strong>Perguntas frequentes sobre o mercado e a forma\u00e7\u00e3o em TI<\/strong><\/h2>\n\n\n\n<h3 id=\"h-qual-a-diferenca-entre-inteligencia-artificial-e-ciencia-de-dados\" class=\"wp-block-heading\"><strong>Qual a diferen\u00e7a entre Intelig\u00eancia Artificial e Ci\u00eancia de Dados?<\/strong><\/h3>\n\n\n\n<p class=\"wp-block-paragraph\">A Ci\u00eancia de Dados foca na extra\u00e7\u00e3o de relat\u00f3rios, insights e estat\u00edsticas a partir do hist\u00f3rico de dados. A Intelig\u00eancia Artificial utiliza essa base para treinar sistemas capazes de tomar decis\u00f5es, prever cen\u00e1rios e gerar conte\u00fados sem supervis\u00e3o constante.<\/p>\n\n\n\n<h3 id=\"h-precisa-de-diploma-de-ensino-superior-para-trabalhar-com-tecnologia\" class=\"wp-block-heading\"><strong>Precisa de diploma de ensino superior para trabalhar com tecnologia?<\/strong><\/h3>\n\n\n\n<p class=\"wp-block-paragraph\">Embora projetos pr\u00e1ticos sejam importantes, o diploma de gradua\u00e7\u00e3o ou p\u00f3s-gradua\u00e7\u00e3o \u00e9 amplamente exigido em processos seletivos corporativos, cargos de lideran\u00e7a e licita\u00e7\u00f5es p\u00fablicas, al\u00e9m de assegurar s\u00f3lida base conceitual.<\/p>\n\n\n\n<h3 id=\"h-quanto-dura-a-faculdade-de-inteligencia-artificial\" class=\"wp-block-heading\"><strong>Quanto dura a faculdade de Intelig\u00eancia Artificial?<\/strong><\/h3>\n\n\n\n<p class=\"wp-block-paragraph\">A gradua\u00e7\u00e3o tecnol\u00f3gica em Intelig\u00eancia Artificial dura em m\u00e9dia 2 a 2,5 anos, priorizando r\u00e1pida inser\u00e7\u00e3o no mercado de trabalho e pr\u00e1tica orientada a projetos.<\/p>\n\n\n\n<h2 id=\"h-vem-pra-gran-faculdade\" class=\"wp-block-heading\"><strong>Vem pra Gran Faculdade!<\/strong><\/h2>\n\n\n\n<p class=\"wp-block-paragraph\">A Gran Faculdade vem mudando a vida de milhares de pessoas por meio de cursos \u00e0 dist\u00e2ncia de <a href=\"https:\/\/faculdade.grancursosonline.com.br\/\" target=\"_blank\" rel=\"noreferrer noopener\">gradua\u00e7\u00e3o<\/a>, <a href=\"https:\/\/pos.grancursosonline.com.br\/\" target=\"_blank\" rel=\"noreferrer noopener\">p\u00f3s-gradua\u00e7\u00e3o<\/a> e <a href=\"https:\/\/pos.grancursosonline.com.br\/mba\" target=\"_blank\" rel=\"noreferrer noopener\">MBA<\/a>. Seja no digital ou em nosso <a href=\"https:\/\/presencial.grancursosonline.com.br\/\" target=\"_blank\" rel=\"noreferrer noopener\">Campus Presencial em Curitiba<\/a>, a nossa miss\u00e3o \u00e9 transformar a educa\u00e7\u00e3o superior.<\/p>\n\n\n\n<p class=\"wp-block-paragraph\">Como parte de Sistema Gran de Ensino, que \u00e9 reconhecido como marca aprovadora h\u00e1 mais de 10 anos, constru\u00edmos uma renomada reputa\u00e7\u00e3o na \u00e1rea de educa\u00e7\u00e3o.<\/p>\n\n\n\n<p class=\"wp-block-paragraph\">Veja algumas de nossas conquistas:<\/p>\n\n\n\n<ul class=\"wp-block-list\">\n<li>Reconhecido pela Amazon como um dos projetos mais relevantes do mundo na \u00e1rea de Tecnologia e Educa\u00e7\u00e3o;<\/li>\n\n\n\n<li>Foi eleito pelo Project Management Institute (PMI), um dos 50 Projetos Mais Influentes do mundo;<\/li>\n\n\n\n<li>Somos o site de educa\u00e7\u00e3o mais acessado do Brasil;<\/li>\n\n\n\n<li>Somos avaliados com a nota m\u00e1xima pelo MEC;<\/li>\n\n\n\n<li>Aqui o semestre come\u00e7a quando quiser: entrada imediata e cont\u00ednua!<\/li>\n\n\n\n<li>Melhores pre\u00e7os do mercado;<\/li>\n\n\n\n<li>Mais de 800 mil alunos pagantes e mais de 1000 funcion\u00e1rios;<\/li>\n\n\n\n<li>Diversas ferramentas de estudo: PDFs, audiobooks, mapas mentais, videoaulas, quest\u00f5es, gerenciador de estudos e muito mais!<\/li>\n\n\n\n<li>Professores experientes e capacitados;<\/li>\n\n\n\n<li>Acesso imediato e 100% online.<\/li>\n<\/ul>\n\n\n\n<p class=\"has-text-align-center wp-block-paragraph\"><strong><a href=\"https:\/\/faculdade.grancursosonline.com.br\/\">Quero ser aluno da Gran Faculdade<\/a><\/strong><\/p>\n\n\n\n<div class=\"wp-block-group has-background\" style=\"background-color:#8dd2fc7a\"><div class=\"wp-block-group__inner-container is-layout-constrained wp-block-group-is-layout-constrained\">\n<p class=\"wp-block-paragraph\"><strong>Outras not\u00edcias em destaque:<\/strong><\/p>\n\n\n\n<ul class=\"wp-block-list\">\n<li><a href=\"https:\/\/faculdade.grancursosonline.com.br\/blog\/tecnologia-na-educacao\/\" target=\"_blank\" rel=\"noopener\">Tecnologia na educa\u00e7\u00e3o: import\u00e2ncia, benef\u00edcios, exemplos e tend\u00eancias<\/a><\/li>\n\n\n\n<li><a href=\"https:\/\/faculdade.grancursosonline.com.br\/blog\/ergonomia-no-trabalho\/\" target=\"_blank\" rel=\"noopener\">Ergonomia no trabalho: entenda para que serve, sua import\u00e2ncia e como aplicar?<\/a><\/li>\n\n\n\n<li><a href=\"https:\/\/faculdade.grancursosonline.com.br\/blog\/inteligencia-artificial-nos-negocios\/\">Intelig\u00eancia artifi<\/a><a href=\"https:\/\/faculdade.grancursosonline.com.br\/blog\/inteligencia-artificial-nos-negocios\/\" target=\"_blank\" rel=\"noopener\">c<\/a><a href=\"https:\/\/faculdade.grancursosonline.com.br\/blog\/inteligencia-artificial-nos-negocios\/\">ial nos neg\u00f3cios: como transformar dados em estrat\u00e9gias inteligentes<\/a><\/li>\n<\/ul>\n<\/div><\/div>\n\n\n\n<div class=\"wp-block-group\"><div class=\"wp-block-group__inner-container is-layout-constrained wp-block-group-is-layout-constrained\">\n<div class=\"wp-block-group\"><div class=\"wp-block-group__inner-container is-layout-constrained wp-block-group-is-layout-constrained\">\n<section style=\"text-align: center;\">\n<p>Quer ficar por dentro da Faculdade Digital mais inovadora do Brasil?<\/p>\n<nav>\n<p class=\"has-background has-dark-bluish-background-color\" style=\"font-size: 25px; text-align: center; background: #f0f0f0; color: #ffffff; padding: 4px 0px 4xp 0px;\"><a style=\"color: #0d134c; text-decoration: underline;\" href=\"https:\/\/faculdade.grancursosonline.com.br\/\" target=\"_blank\" rel=\"noopener\">GRADUA\u00c7\u00c3O<\/a><\/p>\n<p class=\"has-background has-dark-bluish-background-color\" style=\"font-size: 25px; text-align: center; background: #f0f0f0; color: #ffffff; padding: 4px 0px 4xp 0px;\"><a style=\"color: #0d134c; text-decoration: underline;\" href=\"https:\/\/pos.grancursosonline.com.br\/\" target=\"_blank\" rel=\"noopener\">P\u00d3S-GRADUA\u00c7\u00c3O<\/a><\/p>\n<p class=\"has-background has-dark-bluish-background-color\" style=\"font-size: 25px; text-align: center; background: #f0f0f0; color: #ffffff; padding: 4px 0px 4xp 0px;\"><a style=\"color: #0d134c; text-decoration: underline;\" href=\"https:\/\/faculdade.grancursosonline.com.br\/nossos-cursos\/\" target=\"_blank\" rel=\"noopener\">TUDO SOBRE A GRAN FACULDADE<\/a><\/p>\n<\/nav>\n<p><strong>Receba <span style=\"color: #cf1e25;\">gratuitamente<\/span> no seu celular as principais not\u00edcias sobre a Gran Faculdade! <br \/>Clique no link abaixo e inscreva-se:<\/strong><\/p>\n<p class=\"has-background has-dark-bluish-background-color\" style=\"font-size: 25px; text-align: center; background: #f0f0f0; color: #ffffff; padding: 4px 0px 4xp 0px;\"><a style=\"color: #0d134c; text-decoration: underline;\" href=\"https:\/\/whatsapp.com\/channel\/0029VaG1sChI7Be7PNndhL43\" target=\"_blank\" rel=\"noopener noreferrer\">WHATSAPP<\/a><\/p>\n<p class=\"has-background has-dark-bluish-background-color\" style=\"font-size: 25px; text-align: center; background: #f0f0f0; color: #ffffff; padding: 4px 0px 4xp 0px;\"><a style=\"color: #0d134c; text-decoration: underline;\" href=\"https:\/\/t.me\/GranFaculdade\" target=\"_blank\" rel=\"noopener noreferrer\">TELEGRAM<\/a><\/p>\n<\/section>\n<\/div><\/div>\n<\/div><\/div>\n\n\n\n<p class=\"wp-block-paragraph\"><\/p>\n","protected":false},"excerpt":{"rendered":"<p>O mercado de tecnologia brasileiro vive um grande contraste. Enquanto o avan\u00e7o do setor gera centenas de oportunidades em todo o pa\u00eds, a velocidade de forma\u00e7\u00e3o de profissionais n\u00e3o acompanha a abertura de vagas. De acordo com dados do Plano Brasileiro de Intelig\u00eancia Artificial (PBIA), o pa\u00eds forma cerca de 53 mil profissionais de TI&hellip;<\/p>\n","protected":false},"author":525,"featured_media":79768388,"comment_status":"open","ping_status":"open","sticky":false,"template":"","format":"standard","meta":{"_acf_changed":false,"content-type":"","footnotes":""},"categories":[220350,2],"tags":[],"class_list":["post-79768382","post","type-post","status-publish","format-standard","has-post-thumbnail","hentry","category-atualidades","category-ultimas-noticias"],"acf":[],"yoast_head":"<!-- This site is optimized with the Yoast SEO Premium plugin v27.2 (Yoast SEO v27.2) - https:\/\/yoast.com\/product\/yoast-seo-premium-wordpress\/ -->\n<title>IA no Brasil: entenda o d\u00e9ficit de talentos em tecnologia<\/title>\n<meta name=\"description\" content=\"O Brasil sofre com d\u00e9ficit de 100 mil profissionais de TI por ano. Entenda o Plano de IA no Brasil e como se qualificar na \u00e1rea.\" \/>\n<meta name=\"robots\" content=\"index, follow, max-snippet:-1, max-image-preview:large, max-video-preview:-1\" \/>\n<link rel=\"canonical\" href=\"https:\/\/faculdade.grancursosonline.com.br\/blog\/ia-no-brasil\/\" \/>\n<meta property=\"og:locale\" content=\"pt_BR\" \/>\n<meta property=\"og:type\" content=\"article\" \/>\n<meta property=\"og:title\" content=\"IA no Brasil: d\u00e9ficit de talentos em tecnologia e o plano de a\u00e7\u00e3o at\u00e9 2028\" \/>\n<meta property=\"og:description\" content=\"O Brasil sofre com d\u00e9ficit de 100 mil profissionais de TI por ano. Entenda o Plano de IA no Brasil e como se qualificar na \u00e1rea.\" \/>\n<meta property=\"og:url\" content=\"https:\/\/faculdade.grancursosonline.com.br\/blog\/ia-no-brasil\/\" \/>\n<meta property=\"og:site_name\" content=\"Blog Gran Faculdade\" \/>\n<meta property=\"article:publisher\" content=\"https:\/\/www.facebook.com\/grancursosonline\/\" \/>\n<meta property=\"article:published_time\" content=\"2026-08-11T17:26:12+00:00\" \/>\n<meta property=\"article:modified_time\" content=\"2026-08-11T17:26:22+00:00\" \/>\n<meta property=\"og:image\" content=\"https:\/\/blog-es-static.infra.grancursosonline.com.br\/wp-content\/uploads\/2026\/08\/11140613\/IA-no-Brasil-2-scaled.png\" \/>\n\t<meta property=\"og:image:width\" content=\"2560\" \/>\n\t<meta property=\"og:image:height\" content=\"1538\" \/>\n\t<meta property=\"og:image:type\" content=\"image\/png\" \/>\n<meta name=\"author\" content=\"Aline Damettos\" \/>\n<meta name=\"twitter:card\" content=\"summary_large_image\" \/>\n<meta name=\"twitter:creator\" content=\"@gran_online\" \/>\n<meta name=\"twitter:site\" content=\"@gran_online\" \/>\n<meta name=\"twitter:label1\" content=\"Written by\" \/>\n\t<meta name=\"twitter:data1\" content=\"Aline Damettos\" \/>\n\t<meta name=\"twitter:label2\" content=\"Est. reading time\" \/>\n\t<meta name=\"twitter:data2\" content=\"8 minutos\" \/>\n<script type=\"application\/ld+json\" class=\"yoast-schema-graph\">{\"@context\":\"https:\/\/schema.org\",\"@graph\":[{\"@type\":\"NewsArticle\",\"@id\":\"https:\/\/faculdade.grancursosonline.com.br\/blog\/ia-no-brasil\/#article\",\"isPartOf\":{\"@id\":\"https:\/\/faculdade.grancursosonline.com.br\/blog\/ia-no-brasil\/\"},\"author\":{\"name\":\"Aline Damettos\",\"@id\":\"https:\/\/faculdade.grancursosonline.com.br\/blog\/#\/schema\/person\/14e0fa771c0614c4b7434ee70589c075\"},\"headline\":\"IA no Brasil: d\u00e9ficit de talentos em tecnologia e o plano de a\u00e7\u00e3o at\u00e9 2028\",\"datePublished\":\"2026-08-11T17:26:12+00:00\",\"dateModified\":\"2026-08-11T17:26:22+00:00\",\"mainEntityOfPage\":{\"@id\":\"https:\/\/faculdade.grancursosonline.com.br\/blog\/ia-no-brasil\/\"},\"wordCount\":1182,\"commentCount\":0,\"publisher\":{\"@id\":\"https:\/\/faculdade.grancursosonline.com.br\/blog\/#organization\"},\"image\":{\"@id\":\"https:\/\/faculdade.grancursosonline.com.br\/blog\/ia-no-brasil\/#primaryimage\"},\"thumbnailUrl\":\"https:\/\/blog-es-static.infra.grancursosonline.com.br\/wp-content\/uploads\/2026\/08\/11140613\/IA-no-Brasil-2-scaled.png\",\"articleSection\":[\"Atualidades\",\"\u00daltimas Not\u00edcias\"],\"inLanguage\":\"pt-BR\",\"potentialAction\":[{\"@type\":\"CommentAction\",\"name\":\"Comment\",\"target\":[\"https:\/\/faculdade.grancursosonline.com.br\/blog\/ia-no-brasil\/#respond\"]}],\"copyrightYear\":\"2026\",\"copyrightHolder\":{\"@id\":\"https:\/\/faculdade.grancursosonline.com.br\/blog\/#organization\"}},{\"@type\":\"WebPage\",\"@id\":\"https:\/\/faculdade.grancursosonline.com.br\/blog\/ia-no-brasil\/\",\"url\":\"https:\/\/faculdade.grancursosonline.com.br\/blog\/ia-no-brasil\/\",\"name\":\"IA no Brasil: entenda o d\u00e9ficit de talentos em tecnologia\",\"isPartOf\":{\"@id\":\"https:\/\/faculdade.grancursosonline.com.br\/blog\/#website\"},\"primaryImageOfPage\":{\"@id\":\"https:\/\/faculdade.grancursosonline.com.br\/blog\/ia-no-brasil\/#primaryimage\"},\"image\":{\"@id\":\"https:\/\/faculdade.grancursosonline.com.br\/blog\/ia-no-brasil\/#primaryimage\"},\"thumbnailUrl\":\"https:\/\/blog-es-static.infra.grancursosonline.com.br\/wp-content\/uploads\/2026\/08\/11140613\/IA-no-Brasil-2-scaled.png\",\"datePublished\":\"2026-08-11T17:26:12+00:00\",\"dateModified\":\"2026-08-11T17:26:22+00:00\",\"description\":\"O Brasil sofre com d\u00e9ficit de 100 mil profissionais de TI por ano. Entenda o Plano de IA no Brasil e como se qualificar na \u00e1rea.\",\"breadcrumb\":{\"@id\":\"https:\/\/faculdade.grancursosonline.com.br\/blog\/ia-no-brasil\/#breadcrumb\"},\"inLanguage\":\"pt-BR\",\"potentialAction\":[{\"@type\":\"ReadAction\",\"target\":[\"https:\/\/faculdade.grancursosonline.com.br\/blog\/ia-no-brasil\/\"]}]},{\"@type\":\"ImageObject\",\"inLanguage\":\"pt-BR\",\"@id\":\"https:\/\/faculdade.grancursosonline.com.br\/blog\/ia-no-brasil\/#primaryimage\",\"url\":\"https:\/\/blog-es-static.infra.grancursosonline.com.br\/wp-content\/uploads\/2026\/08\/11140613\/IA-no-Brasil-2-scaled.png\",\"contentUrl\":\"https:\/\/blog-es-static.infra.grancursosonline.com.br\/wp-content\/uploads\/2026\/08\/11140613\/IA-no-Brasil-2-scaled.png\",\"width\":2560,\"height\":1538,\"caption\":\"ia no brasil\"},{\"@type\":\"BreadcrumbList\",\"@id\":\"https:\/\/faculdade.grancursosonline.com.br\/blog\/ia-no-brasil\/#breadcrumb\",\"itemListElement\":[{\"@type\":\"ListItem\",\"position\":1,\"name\":\"In\u00edcio\",\"item\":\"https:\/\/faculdade.grancursosonline.com.br\/blog\/\"},{\"@type\":\"ListItem\",\"position\":2,\"name\":\"Atualidades\",\"item\":\"https:\/\/faculdade.grancursosonline.com.br\/blog\/categoria\/atualidades\/\"},{\"@type\":\"ListItem\",\"position\":3,\"name\":\"IA no Brasil: d\u00e9ficit de talentos em tecnologia e o plano de a\u00e7\u00e3o at\u00e9 2028\"}]},{\"@type\":\"WebSite\",\"@id\":\"https:\/\/faculdade.grancursosonline.com.br\/blog\/#website\",\"url\":\"https:\/\/faculdade.grancursosonline.com.br\/blog\/\",\"name\":\"Blog Gran Faculdade\",\"description\":\"Tudo sobre ensino superior, p\u00f3s-gradua\u00e7\u00e3o, enem e carreira.\",\"publisher\":{\"@id\":\"https:\/\/faculdade.grancursosonline.com.br\/blog\/#organization\"},\"potentialAction\":[{\"@type\":\"SearchAction\",\"target\":{\"@type\":\"EntryPoint\",\"urlTemplate\":\"https:\/\/faculdade.grancursosonline.com.br\/blog\/?s={search_term_string}\"},\"query-input\":{\"@type\":\"PropertyValueSpecification\",\"valueRequired\":true,\"valueName\":\"search_term_string\"}}],\"inLanguage\":\"pt-BR\"},{\"@type\":\"Organization\",\"@id\":\"https:\/\/faculdade.grancursosonline.com.br\/blog\/#organization\",\"name\":\"Gran Cursos Online\",\"url\":\"https:\/\/faculdade.grancursosonline.com.br\/blog\/\",\"logo\":{\"@type\":\"ImageObject\",\"inLanguage\":\"pt-BR\",\"@id\":\"https:\/\/faculdade.grancursosonline.com.br\/blog\/#\/schema\/logo\/image\/\",\"url\":\"https:\/\/blog-es-static.infra.grancursosonline.com.br\/wp-content\/uploads\/2019\/08\/03123934\/logo.png\",\"contentUrl\":\"https:\/\/blog-es-static.infra.grancursosonline.com.br\/wp-content\/uploads\/2019\/08\/03123934\/logo.png\",\"width\":300,\"height\":57,\"caption\":\"Gran Cursos Online\"},\"image\":{\"@id\":\"https:\/\/faculdade.grancursosonline.com.br\/blog\/#\/schema\/logo\/image\/\"},\"sameAs\":[\"https:\/\/www.facebook.com\/grancursosonline\/\",\"https:\/\/x.com\/gran_online\",\"https:\/\/www.instagram.com\/grancursosonline\/\",\"https:\/\/www.youtube.com\/user\/grancursostv\"]},{\"@type\":\"Person\",\"@id\":\"https:\/\/faculdade.grancursosonline.com.br\/blog\/#\/schema\/person\/14e0fa771c0614c4b7434ee70589c075\",\"name\":\"Aline Damettos\",\"url\":\"https:\/\/faculdade.grancursosonline.com.br\/blog\/author\/aline-damettos\/\"}]}<\/script>\n<!-- \/ Yoast SEO Premium plugin. -->","yoast_head_json":{"title":"IA no Brasil: entenda o d\u00e9ficit de talentos em tecnologia","description":"O Brasil sofre com d\u00e9ficit de 100 mil profissionais de TI por ano. Entenda o Plano de IA no Brasil e como se qualificar na \u00e1rea.","robots":{"index":"index","follow":"follow","max-snippet":"max-snippet:-1","max-image-preview":"max-image-preview:large","max-video-preview":"max-video-preview:-1"},"canonical":"https:\/\/faculdade.grancursosonline.com.br\/blog\/ia-no-brasil\/","og_locale":"pt_BR","og_type":"article","og_title":"IA no Brasil: d\u00e9ficit de talentos em tecnologia e o plano de a\u00e7\u00e3o at\u00e9 2028","og_description":"O Brasil sofre com d\u00e9ficit de 100 mil profissionais de TI por ano. Entenda o Plano de IA no Brasil e como se qualificar na \u00e1rea.","og_url":"https:\/\/faculdade.grancursosonline.com.br\/blog\/ia-no-brasil\/","og_site_name":"Blog Gran Faculdade","article_publisher":"https:\/\/www.facebook.com\/grancursosonline\/","article_published_time":"2026-08-11T17:26:12+00:00","article_modified_time":"2026-08-11T17:26:22+00:00","og_image":[{"width":2560,"height":1538,"url":"https:\/\/blog-es-static.infra.grancursosonline.com.br\/wp-content\/uploads\/2026\/08\/11140613\/IA-no-Brasil-2-scaled.png","type":"image\/png"}],"author":"Aline Damettos","twitter_card":"summary_large_image","twitter_creator":"@gran_online","twitter_site":"@gran_online","twitter_misc":{"Written by":"Aline Damettos","Est. reading time":"8 minutos"},"schema":{"@context":"https:\/\/schema.org","@graph":[{"@type":"NewsArticle","@id":"https:\/\/faculdade.grancursosonline.com.br\/blog\/ia-no-brasil\/#article","isPartOf":{"@id":"https:\/\/faculdade.grancursosonline.com.br\/blog\/ia-no-brasil\/"},"author":{"name":"Aline Damettos","@id":"https:\/\/faculdade.grancursosonline.com.br\/blog\/#\/schema\/person\/14e0fa771c0614c4b7434ee70589c075"},"headline":"IA no Brasil: d\u00e9ficit de talentos em tecnologia e o plano de a\u00e7\u00e3o at\u00e9 2028","datePublished":"2026-08-11T17:26:12+00:00","dateModified":"2026-08-11T17:26:22+00:00","mainEntityOfPage":{"@id":"https:\/\/faculdade.grancursosonline.com.br\/blog\/ia-no-brasil\/"},"wordCount":1182,"commentCount":0,"publisher":{"@id":"https:\/\/faculdade.grancursosonline.com.br\/blog\/#organization"},"image":{"@id":"https:\/\/faculdade.grancursosonline.com.br\/blog\/ia-no-brasil\/#primaryimage"},"thumbnailUrl":"https:\/\/blog-es-static.infra.grancursosonline.com.br\/wp-content\/uploads\/2026\/08\/11140613\/IA-no-Brasil-2-scaled.png","articleSection":["Atualidades","\u00daltimas Not\u00edcias"],"inLanguage":"pt-BR","potentialAction":[{"@type":"CommentAction","name":"Comment","target":["https:\/\/faculdade.grancursosonline.com.br\/blog\/ia-no-brasil\/#respond"]}],"copyrightYear":"2026","copyrightHolder":{"@id":"https:\/\/faculdade.grancursosonline.com.br\/blog\/#organization"}},{"@type":"WebPage","@id":"https:\/\/faculdade.grancursosonline.com.br\/blog\/ia-no-brasil\/","url":"https:\/\/faculdade.grancursosonline.com.br\/blog\/ia-no-brasil\/","name":"IA no Brasil: entenda o d\u00e9ficit de talentos em tecnologia","isPartOf":{"@id":"https:\/\/faculdade.grancursosonline.com.br\/blog\/#website"},"primaryImageOfPage":{"@id":"https:\/\/faculdade.grancursosonline.com.br\/blog\/ia-no-brasil\/#primaryimage"},"image":{"@id":"https:\/\/faculdade.grancursosonline.com.br\/blog\/ia-no-brasil\/#primaryimage"},"thumbnailUrl":"https:\/\/blog-es-static.infra.grancursosonline.com.br\/wp-content\/uploads\/2026\/08\/11140613\/IA-no-Brasil-2-scaled.png","datePublished":"2026-08-11T17:26:12+00:00","dateModified":"2026-08-11T17:26:22+00:00","description":"O Brasil sofre com d\u00e9ficit de 100 mil profissionais de TI por ano. Entenda o Plano de IA no Brasil e como se qualificar na \u00e1rea.","breadcrumb":{"@id":"https:\/\/faculdade.grancursosonline.com.br\/blog\/ia-no-brasil\/#breadcrumb"},"inLanguage":"pt-BR","potentialAction":[{"@type":"ReadAction","target":["https:\/\/faculdade.grancursosonline.com.br\/blog\/ia-no-brasil\/"]}]},{"@type":"ImageObject","inLanguage":"pt-BR","@id":"https:\/\/faculdade.grancursosonline.com.br\/blog\/ia-no-brasil\/#primaryimage","url":"https:\/\/blog-es-static.infra.grancursosonline.com.br\/wp-content\/uploads\/2026\/08\/11140613\/IA-no-Brasil-2-scaled.png","contentUrl":"https:\/\/blog-es-static.infra.grancursosonline.com.br\/wp-content\/uploads\/2026\/08\/11140613\/IA-no-Brasil-2-scaled.png","width":2560,"height":1538,"caption":"ia no brasil"},{"@type":"BreadcrumbList","@id":"https:\/\/faculdade.grancursosonline.com.br\/blog\/ia-no-brasil\/#breadcrumb","itemListElement":[{"@type":"ListItem","position":1,"name":"In\u00edcio","item":"https:\/\/faculdade.grancursosonline.com.br\/blog\/"},{"@type":"ListItem","position":2,"name":"Atualidades","item":"https:\/\/faculdade.grancursosonline.com.br\/blog\/categoria\/atualidades\/"},{"@type":"ListItem","position":3,"name":"IA no Brasil: d\u00e9ficit de talentos em tecnologia e o plano de a\u00e7\u00e3o at\u00e9 2028"}]},{"@type":"WebSite","@id":"https:\/\/faculdade.grancursosonline.com.br\/blog\/#website","url":"https:\/\/faculdade.grancursosonline.com.br\/blog\/","name":"Blog Gran Faculdade","description":"Tudo sobre ensino superior, p\u00f3s-gradua\u00e7\u00e3o, enem e carreira.","publisher":{"@id":"https:\/\/faculdade.grancursosonline.com.br\/blog\/#organization"},"potentialAction":[{"@type":"SearchAction","target":{"@type":"EntryPoint","urlTemplate":"https:\/\/faculdade.grancursosonline.com.br\/blog\/?s={search_term_string}"},"query-input":{"@type":"PropertyValueSpecification","valueRequired":true,"valueName":"search_term_string"}}],"inLanguage":"pt-BR"},{"@type":"Organization","@id":"https:\/\/faculdade.grancursosonline.com.br\/blog\/#organization","name":"Gran Cursos Online","url":"https:\/\/faculdade.grancursosonline.com.br\/blog\/","logo":{"@type":"ImageObject","inLanguage":"pt-BR","@id":"https:\/\/faculdade.grancursosonline.com.br\/blog\/#\/schema\/logo\/image\/","url":"https:\/\/blog-es-static.infra.grancursosonline.com.br\/wp-content\/uploads\/2019\/08\/03123934\/logo.png","contentUrl":"https:\/\/blog-es-static.infra.grancursosonline.com.br\/wp-content\/uploads\/2019\/08\/03123934\/logo.png","width":300,"height":57,"caption":"Gran Cursos Online"},"image":{"@id":"https:\/\/faculdade.grancursosonline.com.br\/blog\/#\/schema\/logo\/image\/"},"sameAs":["https:\/\/www.facebook.com\/grancursosonline\/","https:\/\/x.com\/gran_online","https:\/\/www.instagram.com\/grancursosonline\/","https:\/\/www.youtube.com\/user\/grancursostv"]},{"@type":"Person","@id":"https:\/\/faculdade.grancursosonline.com.br\/blog\/#\/schema\/person\/14e0fa771c0614c4b7434ee70589c075","name":"Aline Damettos","url":"https:\/\/faculdade.grancursosonline.com.br\/blog\/author\/aline-damettos\/"}]}},"_links":{"self":[{"href":"https:\/\/faculdade.grancursosonline.com.br\/blog\/wp-json\/wp\/v2\/posts\/79768382","targetHints":{"allow":["GET"]}}],"collection":[{"href":"https:\/\/faculdade.grancursosonline.com.br\/blog\/wp-json\/wp\/v2\/posts"}],"about":[{"href":"https:\/\/faculdade.grancursosonline.com.br\/blog\/wp-json\/wp\/v2\/types\/post"}],"author":[{"embeddable":true,"href":"https:\/\/faculdade.grancursosonline.com.br\/blog\/wp-json\/wp\/v2\/users\/525"}],"replies":[{"embeddable":true,"href":"https:\/\/faculdade.grancursosonline.com.br\/blog\/wp-json\/wp\/v2\/comments?post=79768382"}],"version-history":[{"count":1,"href":"https:\/\/faculdade.grancursosonline.com.br\/blog\/wp-json\/wp\/v2\/posts\/79768382\/revisions"}],"predecessor-version":[{"id":79768393,"href":"https:\/\/faculdade.grancursosonline.com.br\/blog\/wp-json\/wp\/v2\/posts\/79768382\/revisions\/79768393"}],"wp:featuredmedia":[{"embeddable":true,"href":"https:\/\/faculdade.grancursosonline.com.br\/blog\/wp-json\/wp\/v2\/media\/79768388"}],"wp:attachment":[{"href":"https:\/\/faculdade.grancursosonline.com.br\/blog\/wp-json\/wp\/v2\/media?parent=79768382"}],"wp:term":[{"taxonomy":"category","embeddable":true,"href":"https:\/\/faculdade.grancursosonline.com.br\/blog\/wp-json\/wp\/v2\/categories?post=79768382"},{"taxonomy":"post_tag","embeddable":true,"href":"https:\/\/faculdade.grancursosonline.com.br\/blog\/wp-json\/wp\/v2\/tags?post=79768382"}],"curies":[{"name":"wp","href":"https:\/\/api.w.org\/{rel}","templated":true}]}}