{"id":79768723,"date":"2026-08-24T17:09:29","date_gmt":"2026-08-24T20:09:29","guid":{"rendered":"https:\/\/faculdade.grancursosonline.com.br\/blog\/?p=79768723"},"modified":"2026-08-25T11:21:24","modified_gmt":"2026-08-25T14:21:24","slug":"edital-vestibular-unb","status":"publish","type":"post","link":"https:\/\/faculdade.grancursosonline.com.br\/blog\/edital-vestibular-unb\/","title":{"rendered":"Edital vestibular UnB 2027: inscri\u00e7\u00f5es, isen\u00e7\u00e3o e provas"},"content":{"rendered":"\n<p class=\"wp-block-paragraph\">A Universidade de Bras\u00edlia figura entre as institui\u00e7\u00f5es de ensino superior p\u00fablicas mais prestigiadas do pa\u00eds.<\/p>\n\n\n\n<p class=\"wp-block-paragraph\">Conquistar uma vaga nos cursos ofertados nos campi Darcy Ribeiro, Ceil\u00e2ndia, Gama e Planaltina requer aten\u00e7\u00e3o minuciosa ao regulamento divulgado pela banca Cebraspe.<\/p>\n\n\n\n<p class=\"wp-block-paragraph\">Organizar a rotina de prepara\u00e7\u00e3o com anteced\u00eancia exige o dom\u00ednio dos prazos de inscri\u00e7\u00e3o, das regras de isen\u00e7\u00e3o da taxa e do formato das avalia\u00e7\u00f5es. Entenda!<\/p>\n\n\n\n<p class=\"wp-block-paragraph\">Se preferir, navegue pelo \u00edndice:<\/p>\n\n\n\n<ul class=\"wp-block-list\">\n<li><a href=\"#h-quando-sai-o-edital-do-vestibular-unb-2027\">Quando sai o edital do Vestibular UnB 2027?<\/a><\/li>\n\n\n\n<li><a href=\"#h-edital-vestibular-unb-2027-o-que-ja-se-sabe\">Edital Vestibular UnB 2027: o que j\u00e1 se sabe<\/a><\/li>\n\n\n\n<li><a href=\"#h-como-fazer-a-inscricao-no-vestibular-unb-pelo-cebraspe\">Como fazer a inscri\u00e7\u00e3o no Vestibular UnB pelo Cebraspe?<\/a><\/li>\n\n\n\n<li><a href=\"#h-unb-tradicional-vs-pas-unb-qual-a-diferenca\">UnB Tradicional vs. PAS UnB: qual a diferen\u00e7a?<\/a><\/li>\n\n\n\n<li><a href=\"#h-qual-o-valor-da-taxa-do-vestibular-unb-2027\">Qual o valor da taxa do Vestibular UnB 2027?<\/a><\/li>\n\n\n\n<li><a href=\"#h-como-pedir-isencao-da-taxa-do-vestibular-unb\">Como pedir isen\u00e7\u00e3o da taxa do Vestibular UnB?<\/a><\/li>\n\n\n\n<li><a href=\"#h-como-funciona-a-prova-do-vestibular-unb\">Como funciona a prova do Vestibular UnB?<\/a><\/li>\n\n\n\n<li><a href=\"#h-o-que-estudar-para-o-vestibular-unb-2027\">O que estudar para o Vestibular UnB 2027?<\/a><\/li>\n\n\n\n<li><a href=\"#h-como-e-a-redacao-do-vestibular-unb\">Como \u00e9 a reda\u00e7\u00e3o do Vestibular UnB?<\/a><\/li>\n\n\n\n<li><a href=\"#h-vestibular-unb-aceita-nota-do-enem\">Vestibular UnB aceita nota do Enem?<\/a><\/li>\n\n\n\n<li><a href=\"#h-quando-sai-o-resultado-do-vestibular-unb-2027\">Quando sai o resultado do Vestibular UnB 2027?<\/a><\/li>\n\n\n\n<li><a href=\"#h-perguntas-frequentes-sobre-o-edital-unb-faq\">Perguntas frequentes sobre o edital UnB (FAQ)<\/a><\/li>\n\n\n\n<li><a href=\"#h-vem-pra-gran-faculdade\">Vem pra Gran Faculdade!<\/a><\/li>\n<\/ul>\n\n\n\n<figure class=\"wp-block-image size-large is-resized\"><img loading=\"lazy\" decoding=\"async\" width=\"1024\" height=\"683\" src=\"https:\/\/blog-es-static.infra.grancursosonline.com.br\/wp-content\/uploads\/2026\/08\/24170123\/Edital-vestibular-UnB-1024x683.png\" alt=\"A imagem mostra uma estudante concentrada, revisando conte\u00fados e fazendo anota\u00e7\u00f5es para a prova. O notebook, os livros e o caderno representam a rotina de prepara\u00e7\u00e3o para o vestibular. O ambiente iluminado transmite foco, organiza\u00e7\u00e3o e tranquilidade durante os estudos.\" class=\"wp-image-79768724\" style=\"aspect-ratio:1.499310034979622;width:621px;height:auto\"\/><\/figure>\n\n\n\n<p class=\"wp-block-paragraph\"><em>Se prepare para o vestibular UnB em um ambiente de estudos confort\u00e1vel<\/em>.<\/p>\n\n\n\n<h2 id=\"h-quando-sai-o-edital-do-vestibular-unb-2027\" class=\"wp-block-heading\"><strong>Quando sai o edital do Vestibular UnB 2027?<\/strong><\/h2>\n\n\n\n<p class=\"wp-block-paragraph\">A publica\u00e7\u00e3o do edital do Vestibular UnB 2027 foi divulgada em <strong>24 de agosto de 2026<\/strong>. O documento apresenta a distribui\u00e7\u00e3o de vagas em cada gradua\u00e7\u00e3o e as orienta\u00e7\u00f5es para o envio de documentos.<\/p>\n\n\n\n<p class=\"wp-block-paragraph\">Acompanhar as not\u00edcias no canal oficial Vem pra UnB e na p\u00e1gina da organizadora garante acesso r\u00e1pido aos arquivos e comunicados referentes ao certame.<\/p>\n\n\n\n<h2 id=\"h-edital-vestibular-unb-2027-o-que-ja-se-sabe\" class=\"wp-block-heading\"><strong>Edital Vestibular UnB 2027: o que j\u00e1 se sabe<\/strong><\/h2>\n\n\n\n<p class=\"wp-block-paragraph\">O sistema seletivo reserva metade das oportunidades ofertadas aos alunos da rede p\u00fablica e cotas raciais ou sociais, destina o restante \u00e0 ampla concorr\u00eancia. A sele\u00e7\u00e3o re\u00fane exames de conhecimentos gerais, idioma estrangeiro e uma reda\u00e7\u00e3o em L\u00edngua Portuguesa.<\/p>\n\n\n\n<p class=\"wp-block-paragraph\">As datas de aplica\u00e7\u00e3o dos testes e de publica\u00e7\u00e3o do manual do candidato seguem o planejamento definido pela banca e pela administra\u00e7\u00e3o universit\u00e1ria.<\/p>\n\n\n\n<figure class=\"wp-block-table\"><div class=\"container-tabela\"><table class=\"has-fixed-layout\"><tbody><tr><td><strong>Etapa do Processo<\/strong><\/td><td><strong>Cronograma Previsto<\/strong><\/td><\/tr><tr><td>Publica\u00e7\u00e3o do Edital Vestibular Tradicional<\/td><td>20 a 24 de agosto de 2026<\/td><\/tr><tr><td>Aplica\u00e7\u00e3o das Provas do Vestibular Tradicional<\/td><td>21 e 22 de novembro de 2026<\/td><\/tr><tr><td>Prova do PAS Etapa 3<\/td><td>29 de novembro de 2026<\/td><\/tr><tr><td>Prova do PAS Etapa 1<\/td><td>6 de dezembro de 2026<\/td><\/tr><tr><td>Prova do PAS Etapa 2<\/td><td>13 de dezembro de 2026<\/td><\/tr><\/tbody><\/table><\/div><\/figure>\n\n\n\n<p class=\"wp-block-paragraph\"><\/p>\n\n\n\n<p class=\"has-text-align-center wp-block-paragraph\"><a href=\"https:\/\/faculdade.grancursosonline.com.br\/\" target=\"_blank\" rel=\"noopener\"><strong>Quero conquistar meu diploma reconhecido pelo MEC<\/strong><\/a><\/p>\n\n\n\n<h3 id=\"h-como-pedir-isencao-da-taxa-de-inscricao-no-vestibular-unb\" class=\"wp-block-heading\"><strong>Como pedir isen\u00e7\u00e3o da taxa de inscri\u00e7\u00e3o no Vestibular UnB<\/strong><\/h3>\n\n\n\n<p class=\"wp-block-paragraph\">O abatimento total do valor de taxa \u00e9 concedido aos inscritos no Cadastro \u00danico (Cad\u00danico) ou aos jovens que conclu\u00edram os estudos na rede p\u00fablica com renda familiar reduzida.<\/p>\n\n\n\n<p class=\"wp-block-paragraph\">O pedido deve ser formalizado pelo painel do candidato no site do Cebraspe, mediante informe do NIS ou envio da documenta\u00e7\u00e3o declarat\u00f3ria da situa\u00e7\u00e3o financeira da fam\u00edlia.<\/p>\n\n\n\n<h2 id=\"h-como-fazer-a-inscricao-no-vestibular-unb-pelo-cebraspe\" class=\"wp-block-heading\"><strong>Como fazer a inscri\u00e7\u00e3o no Vestibular UnB pelo Cebraspe?<\/strong><\/h2>\n\n\n\n<p class=\"wp-block-paragraph\">Todo o procedimento de cadastro ocorre de modo digital no portal do Cebraspe. O candidato informa seus dados pessoais, escolhe o curso desejado, a op\u00e7\u00e3o de idioma para a prova de l\u00edngua estrangeira e o sistema de vagas no qual pretende concorrer.<\/p>\n\n\n\n<p class=\"wp-block-paragraph\">Ao finalizar o preenchimento dos campos, o sistema gera o boleto ou a Guia de Recolhimento da Uni\u00e3o para liquida\u00e7\u00e3o banc\u00e1ria. Caso necessite de condi\u00e7\u00f5es especiais no dia do exame, o participante precisa anexar a documenta\u00e7\u00e3o m\u00e9dica comprobat\u00f3ria durante este processo.<\/p>\n\n\n\n<h2 id=\"h-unb-tradicional-vs-pas-unb-qual-a-diferenca\" class=\"wp-block-heading\"><strong>UnB tradicional vs. PAS UnB: qual a diferen\u00e7a?<\/strong><\/h2>\n\n\n\n<p class=\"wp-block-paragraph\">O vestibular tradicional avalia o conte\u00fado de forma concentrada durante um \u00fanico fim de semana. Essa modalidade \u00e9 aberta a qualquer pessoa que concluiu ou est\u00e1 prestes a concluir o ensino m\u00e9dio.<\/p>\n\n\n\n<p class=\"wp-block-paragraph\">J\u00e1 o Programa de Avalia\u00e7\u00e3o Seriada (PAS) fraciona o conte\u00fado nos tr\u00eas anos de forma\u00e7\u00e3o escolar. O estudante realiza um teste ao fim do primeiro, do segundo e do terceiro ano do ensino m\u00e9dio, acumulando uma m\u00e9dia final que define o ingresso no ensino superior.<\/p>\n\n\n\n<h2 id=\"h-qual-o-valor-da-taxa-do-vestibular-unb-2027\" class=\"wp-block-heading\"><strong>Qual o valor da taxa do Vestibular UnB 2027?<\/strong><\/h2>\n\n\n\n<p class=\"wp-block-paragraph\">O custo fixado para confirmar a participa\u00e7\u00e3o no vestibular ou nas etapas do PAS \u00e9 detalhado diretamente na abertura das inscri\u00e7\u00f5es. O pagamento deve ser realizado via documento banc\u00e1rio at\u00e9 o dia limite estipulado na agenda oficial.<\/p>\n\n\n\n<p class=\"wp-block-paragraph\">Historicamente, os valores s\u00e3o alinhados ao patamar de cobran\u00e7a de grandes concursos e exames universit\u00e1rios nacionais para cobrir os custos operacionais de aplica\u00e7\u00e3o.<\/p>\n\n\n\n<h2 id=\"h-como-pedir-isencao-da-taxa-do-vestibular-unb\" class=\"wp-block-heading\"><strong>Como pedir isen\u00e7\u00e3o da taxa do Vestibular UnB?<\/strong><\/h2>\n\n\n\n<p class=\"wp-block-paragraph\">A solicita\u00e7\u00e3o de gratuidade para a taxa do vestibular UnB ocorre durante o per\u00edodo inicial de atendimento no sistema do Cebraspe. O participante precisa selecionar qual das duas modalidades atende o seu perfil:<\/p>\n\n\n\n<ol class=\"wp-block-list\">\n<li><strong>Inscri\u00e7\u00e3o via Cad\u00danico:<\/strong> apresenta\u00e7\u00e3o do n\u00famero do NIS ativo e associado \u00e0 fam\u00edlia de baixa renda.<\/li>\n\n\n\n<li><strong>Atendimento pela Lei Federal 12.799\/2013:<\/strong> envio de documenta\u00e7\u00e3o escolar que comprove estudos em escola p\u00fablica e comprovantes de renda familiar por pessoa igual ou abaixo de 1,5 sal\u00e1rio m\u00ednimo.<\/li>\n<\/ol>\n\n\n\n<p class=\"wp-block-paragraph\">A banca divulga um resultado preliminar ap\u00f3s analisar os dados enviados e abre prazo para envio de recursos caso a solicita\u00e7\u00e3o seja indeferida.<\/p>\n\n\n\n<h2 id=\"h-como-funciona-a-prova-do-vestibular-unb\" class=\"wp-block-heading\"><strong>Como funciona a prova do Vestibular UnB?<\/strong><\/h2>\n\n\n\n<p class=\"wp-block-paragraph\">O exame ocorre em dois dias seguidos de aplica\u00e7\u00e3o. O m\u00e9todo de avalia\u00e7\u00e3o do Cebraspe adota prioritariamente itens de marca\u00e7\u00e3o de Certo ou Errado.<\/p>\n\n\n\n<p class=\"wp-block-paragraph\">Nessa metodologia, a marca\u00e7\u00e3o que discorde do gabarito definitivo anula os pontos obtidos em um item respondido corretamente. O teste tamb\u00e9m costuma apresentar quest\u00f5es com respostas num\u00e9ricas, de m\u00faltipla escolha e discursivas.<\/p>\n\n\n\n<h2 id=\"h-o-que-estudar-para-o-vestibular-unb-2027\" class=\"wp-block-heading\"><strong>O que estudar para o Vestibular UnB 2027?<\/strong><\/h2>\n\n\n\n<p class=\"wp-block-paragraph\">As matrizes de refer\u00eancia abordam as disciplinas do ciclo escolar de n\u00edvel m\u00e9dio. A cobran\u00e7a prioriza o racioc\u00ednio cr\u00edtico, a leitura interpretativa e a integra\u00e7\u00e3o entre diferentes \u00e1reas do conhecimento.<\/p>\n\n\n\n<p class=\"wp-block-paragraph\">As mat\u00e9rias est\u00e3o divididas nos blocos tem\u00e1ticos:<\/p>\n\n\n\n<ul class=\"wp-block-list\">\n<li><strong>L\u00edngua Estrangeira:<\/strong> escolha entre Espanhol ou Ingl\u00eas.<\/li>\n\n\n\n<li><strong>Linguagens e Ci\u00eancias Humanas:<\/strong> L\u00edngua Portuguesa, Literatura, Hist\u00f3ria, Geografia, Artes, Filosofia e Sociologia.<\/li>\n\n\n\n<li><strong>Ci\u00eancias da Natureza e Matem\u00e1tica:<\/strong> F\u00edsica, Qu\u00edmica, Biologia e Matem\u00e1tica.<\/li>\n<\/ul>\n\n\n\n<p class=\"wp-block-paragraph\">A prepara\u00e7\u00e3o deve incluir o estudo das obras liter\u00e1rias, teatrais e musicais indicadas na matriz oficial publicada no portal da universidade.<\/p>\n\n\n\n<h2 id=\"h-como-e-a-redacao-do-vestibular-unb\" class=\"wp-block-heading\"><strong>Como \u00e9 a reda\u00e7\u00e3o do Vestibular UnB?<\/strong><\/h2>\n\n\n\n<p class=\"wp-block-paragraph\">A prova de reda\u00e7\u00e3o possui peso determinante no resultado final e exige a elabora\u00e7\u00e3o de um texto no formato dissertativo-argumentativo sobre o tema proposto na colet\u00e2nea.<\/p>\n\n\n\n<p class=\"wp-block-paragraph\">A equipe de corretores avalia a estrutura formal do texto, a coer\u00eancia dos argumentos apresentados, a clareza textual e o cumprimento das normas da linguagem escrita.<\/p>\n\n\n\n<h2 id=\"h-vestibular-unb-aceita-nota-do-enem\" class=\"wp-block-heading\"><strong>Vestibular UnB aceita nota do Enem?<\/strong><\/h2>\n\n\n\n<p class=\"wp-block-paragraph\">O processo seletivo tradicional do vestibular n\u00e3o faz uso do desempenho individual obtido no Exame Nacional do Ensino M\u00e9dio para somar pontos aos testes presenciais.<\/p>\n\n\n\n<p class=\"wp-block-paragraph\">A institui\u00e7\u00e3o reserva um edital espec\u00edfico e independente chamado <strong>Acesso Enem<\/strong>, no qual os candidatos concorrem \u00e0s vagas utilizando exclusivamente as notas da avalia\u00e7\u00e3o nacional pelo Sisu UnB.<\/p>\n\n\n\n<h2 id=\"h-quando-sai-o-resultado-do-vestibular-unb-2027\" class=\"wp-block-heading\"><strong>Quando sai o resultado do Vestibular UnB 2027?<\/strong><\/h2>\n\n\n\n<p class=\"wp-block-paragraph\">As datas relativas \u00e0 divulga\u00e7\u00e3o dos gabaritos finais e da lista de aprovados na primeira chamada constam no cronograma do edital. As listagens com os nomes dos selecionados s\u00e3o publicadas na p\u00e1gina do candidato no Cebraspe.<\/p>\n\n\n\n<p class=\"wp-block-paragraph\">Ap\u00f3s o an\u00fancio, os estudantes convocados devem efetuar o Registro Acad\u00eamico On-line no portal universit\u00e1rio para garantir o v\u00ednculo institucional e realizar a matr\u00edcula.<\/p>\n\n\n\n<p class=\"wp-block-paragraph\">Garantir a aprova\u00e7\u00e3o na Universidade de Bras\u00edlia requer planejamento, leitura cuidadosa das regras do edital e rigoroso acompanhamento dos prazos divulgados. Compreender o estilo de prova da banca e as regras do sistema de cotas \u00e9 um passo decisivo no caminho at\u00e9 a gradua\u00e7\u00e3o.<\/p>\n\n\n\n<p class=\"wp-block-paragraph\">Mantenha a frequ\u00eancia de consulta ao site da banca e utilize exames anteriores como ferramenta central nos seus estudos para alcan\u00e7ar um \u00f3timo desempenho.<\/p>\n\n\n\n<h2 id=\"h-perguntas-frequentes-sobre-o-edital-unb-faq\" class=\"wp-block-heading\"><strong>Perguntas frequentes sobre o edital UnB (FAQ)<\/strong><\/h2>\n\n\n\n<p class=\"wp-block-paragraph\"><strong>Em quais cidades os exames s\u00e3o aplicados?<\/strong><\/p>\n\n\n\n<p class=\"wp-block-paragraph\">Os testes ocorrem em regi\u00f5es do Distrito Federal (Bras\u00edlia) e em munic\u00edpios vizinhos como Goi\u00e2nia, Formosa e Valpara\u00edso no estado de Goi\u00e1s, al\u00e9m de Uberl\u00e2ndia em Minas Gerais.<\/p>\n\n\n\n<p class=\"wp-block-paragraph\"><strong>Estudantes com bolsa em col\u00e9gio particular t\u00eam direito \u00e0s cotas sociais?<\/strong><\/p>\n\n\n\n<p class=\"wp-block-paragraph\">N\u00e3o. As cotas reservadas para o ensino p\u00fablico pertencem estritamente a estudantes que cursaram a totalidade do ensino m\u00e9dio em institui\u00e7\u00f5es p\u00fablicas.<\/p>\n\n\n\n<p class=\"wp-block-paragraph\"><strong>Onde consultar o local de prova?<\/strong><\/p>\n\n\n\n<p class=\"wp-block-paragraph\">O cart\u00e3o de confirma\u00e7\u00e3o contendo o endere\u00e7o exato do pr\u00e9dio e o n\u00famero da sala fica dispon\u00edvel na \u00e1rea restrita do candidato no portal do Cebraspe dias antes da aplica\u00e7\u00e3o.<\/p>\n\n\n\n<h2 id=\"h-vem-pra-gran-faculdade\" class=\"wp-block-heading\"><strong>Vem pra Gran Faculdade!<\/strong><\/h2>\n\n\n\n<p class=\"wp-block-paragraph\">A Gran Faculdade vem mudando a vida de milhares de pessoas por meio de cursos \u00e0 dist\u00e2ncia de <a href=\"https:\/\/faculdade.grancursosonline.com.br\/\" target=\"_blank\" rel=\"noreferrer noopener\">gradua\u00e7\u00e3o<\/a>, <a href=\"https:\/\/pos.grancursosonline.com.br\/\" target=\"_blank\" rel=\"noreferrer noopener\">p\u00f3s-gradua\u00e7\u00e3o<\/a> e <a href=\"https:\/\/pos.grancursosonline.com.br\/mba\" target=\"_blank\" rel=\"noreferrer noopener\">MBA<\/a>. Seja no digital ou em nosso <a href=\"https:\/\/presencial.grancursosonline.com.br\/\" target=\"_blank\" rel=\"noreferrer noopener\">Campus Presencial em Curitiba<\/a>, a nossa miss\u00e3o \u00e9 transformar a educa\u00e7\u00e3o superior.<\/p>\n\n\n\n<p class=\"wp-block-paragraph\">Como parte de Sistema Gran de Ensino, que \u00e9 reconhecido como marca aprovadora h\u00e1 mais de 10 anos, constru\u00edmos uma renomada reputa\u00e7\u00e3o na \u00e1rea de educa\u00e7\u00e3o.<\/p>\n\n\n\n<p class=\"wp-block-paragraph\">Veja algumas de nossas conquistas:<\/p>\n\n\n\n<ul class=\"wp-block-list\">\n<li>Reconhecido pela Amazon como um dos projetos mais relevantes do mundo na \u00e1rea de Tecnologia e Educa\u00e7\u00e3o;<\/li>\n\n\n\n<li>Foi eleito pelo Project Management Institute (PMI), um dos 50 Projetos Mais Influentes do mundo;<\/li>\n\n\n\n<li>Somos o site de educa\u00e7\u00e3o mais acessado do Brasil;<\/li>\n\n\n\n<li>Somos avaliados com a nota m\u00e1xima pelo MEC;<\/li>\n\n\n\n<li>Aqui o semestre come\u00e7a quando quiser: entrada imediata e cont\u00ednua!<\/li>\n\n\n\n<li>Melhores pre\u00e7os do mercado;<\/li>\n\n\n\n<li>Mais de 800 mil alunos pagantes e mais de 1000 funcion\u00e1rios;<\/li>\n\n\n\n<li>Diversas ferramentas de estudo: PDFs, audiobooks, mapas mentais, videoaulas, quest\u00f5es, gerenciador de estudos e muito mais!<\/li>\n\n\n\n<li>Professores experientes e capacitados;<\/li>\n\n\n\n<li>Acesso imediato e 100% online.<\/li>\n<\/ul>\n\n\n\n<p class=\"has-text-align-center wp-block-paragraph\"><strong><a href=\"https:\/\/faculdade.grancursosonline.com.br\/\">Quero ser aluno da Gran Faculdade<\/a><\/strong><\/p>\n\n\n\n<div class=\"wp-block-group has-background\" style=\"background-color:#8dd2fc7a\"><div class=\"wp-block-group__inner-container is-layout-constrained wp-block-group-is-layout-constrained\">\n<p class=\"wp-block-paragraph\"><strong>Outras not\u00edcias em destaque:<\/strong><\/p>\n\n\n\n<ul class=\"wp-block-list\">\n<li><a href=\"https:\/\/faculdade.grancursosonline.com.br\/blog\/pas-unb\/\" target=\"_blank\" rel=\"noopener\">PAS UnB: entenda tudo sobre o Programa de Avalia\u00e7\u00e3o Seriada<\/a><\/li>\n\n\n\n<li><a href=\"https:\/\/faculdade.grancursosonline.com.br\/blog\/calendario-unb-2027-sisu-vagas\/\" target=\"_blank\" rel=\"noopener\">Calend\u00e1rio UnB 2027: aulas iniciam em mar\u00e7o e ingresso pelo Sisu ganha protagonismo<\/a><\/li>\n\n\n\n<li><a href=\"https:\/\/faculdade.grancursosonline.com.br\/blog\/unb-volta-a-adotar-o-sisu\/\" target=\"_blank\" rel=\"noopener\">UnB volta a adotar o Sisu ap\u00f3s anos; Saiba mais!<\/a><\/li>\n<\/ul>\n<\/div><\/div>\n\n\n\n<div class=\"wp-block-group\"><div class=\"wp-block-group__inner-container is-layout-constrained wp-block-group-is-layout-constrained\">\n<div class=\"wp-block-group\"><div class=\"wp-block-group__inner-container is-layout-constrained wp-block-group-is-layout-constrained\">\n<section style=\"text-align: center;\">\n<p>Quer ficar por dentro da Faculdade Digital mais inovadora do Brasil?<\/p>\n<nav>\n<p class=\"has-background has-dark-bluish-background-color\" style=\"font-size: 25px; text-align: center; background: #f0f0f0; color: #ffffff; padding: 4px 0px 4xp 0px;\"><a style=\"color: #0d134c; text-decoration: underline;\" href=\"https:\/\/faculdade.grancursosonline.com.br\/\" target=\"_blank\" rel=\"noopener\">GRADUA\u00c7\u00c3O<\/a><\/p>\n<p class=\"has-background has-dark-bluish-background-color\" style=\"font-size: 25px; text-align: center; background: #f0f0f0; color: #ffffff; padding: 4px 0px 4xp 0px;\"><a style=\"color: #0d134c; text-decoration: underline;\" href=\"https:\/\/pos.grancursosonline.com.br\/\" target=\"_blank\" rel=\"noopener\">P\u00d3S-GRADUA\u00c7\u00c3O<\/a><\/p>\n<p class=\"has-background has-dark-bluish-background-color\" style=\"font-size: 25px; text-align: center; background: #f0f0f0; color: #ffffff; padding: 4px 0px 4xp 0px;\"><a style=\"color: #0d134c; text-decoration: underline;\" href=\"https:\/\/faculdade.grancursosonline.com.br\/nossos-cursos\/\" target=\"_blank\" rel=\"noopener\">TUDO SOBRE A GRAN FACULDADE<\/a><\/p>\n<\/nav>\n<p><strong>Receba <span style=\"color: #cf1e25;\">gratuitamente<\/span> no seu celular as principais not\u00edcias sobre a Gran Faculdade! <br \/>Clique no link abaixo e inscreva-se:<\/strong><\/p>\n<p class=\"has-background has-dark-bluish-background-color\" style=\"font-size: 25px; text-align: center; background: #f0f0f0; color: #ffffff; padding: 4px 0px 4xp 0px;\"><a style=\"color: #0d134c; text-decoration: underline;\" href=\"https:\/\/whatsapp.com\/channel\/0029VaG1sChI7Be7PNndhL43\" target=\"_blank\" rel=\"noopener noreferrer\">WHATSAPP<\/a><\/p>\n<p class=\"has-background has-dark-bluish-background-color\" style=\"font-size: 25px; text-align: center; background: #f0f0f0; color: #ffffff; padding: 4px 0px 4xp 0px;\"><a style=\"color: #0d134c; text-decoration: underline;\" href=\"https:\/\/t.me\/GranFaculdade\" target=\"_blank\" rel=\"noopener noreferrer\">TELEGRAM<\/a><\/p>\n<\/section>\n<\/div><\/div>\n<\/div><\/div>\n","protected":false},"excerpt":{"rendered":"<p>A Universidade de Bras\u00edlia figura entre as institui\u00e7\u00f5es de ensino superior p\u00fablicas mais prestigiadas do pa\u00eds. Conquistar uma vaga nos cursos ofertados nos campi Darcy Ribeiro, Ceil\u00e2ndia, Gama e Planaltina requer aten\u00e7\u00e3o minuciosa ao regulamento divulgado pela banca Cebraspe. Organizar a rotina de prepara\u00e7\u00e3o com anteced\u00eancia exige o dom\u00ednio dos prazos de inscri\u00e7\u00e3o, das regras&hellip;<\/p>\n","protected":false},"author":525,"featured_media":79768747,"comment_status":"open","ping_status":"open","sticky":false,"template":"","format":"standard","meta":{"_acf_changed":false,"content-type":"","footnotes":""},"categories":[220350,2],"tags":[],"class_list":["post-79768723","post","type-post","status-publish","format-standard","has-post-thumbnail","hentry","category-atualidades","category-ultimas-noticias"],"acf":[],"yoast_head":"<!-- This site is optimized with the Yoast SEO Premium plugin v27.2 (Yoast SEO v27.2) - https:\/\/yoast.com\/product\/yoast-seo-premium-wordpress\/ -->\n<title>Edital vestibular UnB 2027: inscri\u00e7\u00f5es, isen\u00e7\u00e3o e provas<\/title>\n<meta name=\"description\" content=\"Confira as datas oficiais, isen\u00e7\u00e3o de taxa, estrutura de provas e detalhes para garantir sua vaga no edital do Vestibular UnB 2027.\" \/>\n<meta name=\"robots\" content=\"index, follow, max-snippet:-1, max-image-preview:large, max-video-preview:-1\" \/>\n<link rel=\"canonical\" href=\"https:\/\/faculdade.grancursosonline.com.br\/blog\/edital-vestibular-unb\/\" \/>\n<meta property=\"og:locale\" content=\"pt_BR\" \/>\n<meta property=\"og:type\" content=\"article\" \/>\n<meta property=\"og:title\" content=\"Edital vestibular UnB 2027: inscri\u00e7\u00f5es, isen\u00e7\u00e3o e provas\" \/>\n<meta property=\"og:description\" content=\"Confira as datas oficiais, isen\u00e7\u00e3o de taxa, estrutura de provas e detalhes para garantir sua vaga no edital do Vestibular UnB 2027.\" \/>\n<meta property=\"og:url\" content=\"https:\/\/faculdade.grancursosonline.com.br\/blog\/edital-vestibular-unb\/\" \/>\n<meta property=\"og:site_name\" content=\"Blog Gran Faculdade\" \/>\n<meta property=\"article:publisher\" content=\"https:\/\/www.facebook.com\/grancursosonline\/\" \/>\n<meta property=\"article:published_time\" content=\"2026-08-24T20:09:29+00:00\" \/>\n<meta property=\"article:modified_time\" content=\"2026-08-25T14:21:24+00:00\" \/>\n<meta property=\"og:image\" content=\"https:\/\/blog-es-static.infra.grancursosonline.com.br\/wp-content\/uploads\/2026\/08\/25112025\/Edital-vestibular-UnB-2.jpg\" \/>\n\t<meta property=\"og:image:width\" content=\"511\" \/>\n\t<meta property=\"og:image:height\" content=\"311\" \/>\n\t<meta property=\"og:image:type\" content=\"image\/jpeg\" \/>\n<meta name=\"author\" content=\"Aline Damettos\" \/>\n<meta name=\"twitter:card\" content=\"summary_large_image\" \/>\n<meta name=\"twitter:creator\" content=\"@gran_online\" \/>\n<meta name=\"twitter:site\" content=\"@gran_online\" \/>\n<meta name=\"twitter:label1\" content=\"Written by\" \/>\n\t<meta name=\"twitter:data1\" content=\"Aline Damettos\" \/>\n\t<meta name=\"twitter:label2\" content=\"Est. reading time\" \/>\n\t<meta name=\"twitter:data2\" content=\"10 minutos\" \/>\n<script type=\"application\/ld+json\" class=\"yoast-schema-graph\">{\"@context\":\"https:\/\/schema.org\",\"@graph\":[{\"@type\":\"NewsArticle\",\"@id\":\"https:\/\/faculdade.grancursosonline.com.br\/blog\/edital-vestibular-unb\/#article\",\"isPartOf\":{\"@id\":\"https:\/\/faculdade.grancursosonline.com.br\/blog\/edital-vestibular-unb\/\"},\"author\":{\"name\":\"Aline Damettos\",\"@id\":\"https:\/\/faculdade.grancursosonline.com.br\/blog\/#\/schema\/person\/14e0fa771c0614c4b7434ee70589c075\"},\"headline\":\"Edital vestibular UnB 2027: inscri\u00e7\u00f5es, isen\u00e7\u00e3o e provas\",\"datePublished\":\"2026-08-24T20:09:29+00:00\",\"dateModified\":\"2026-08-25T14:21:24+00:00\",\"mainEntityOfPage\":{\"@id\":\"https:\/\/faculdade.grancursosonline.com.br\/blog\/edital-vestibular-unb\/\"},\"wordCount\":1507,\"commentCount\":0,\"publisher\":{\"@id\":\"https:\/\/faculdade.grancursosonline.com.br\/blog\/#organization\"},\"image\":{\"@id\":\"https:\/\/faculdade.grancursosonline.com.br\/blog\/edital-vestibular-unb\/#primaryimage\"},\"thumbnailUrl\":\"https:\/\/blog-es-static.infra.grancursosonline.com.br\/wp-content\/uploads\/2026\/08\/25112012\/Edital-vestibular-UnB.jpg\",\"articleSection\":[\"Atualidades\",\"\u00daltimas Not\u00edcias\"],\"inLanguage\":\"pt-BR\",\"potentialAction\":[{\"@type\":\"CommentAction\",\"name\":\"Comment\",\"target\":[\"https:\/\/faculdade.grancursosonline.com.br\/blog\/edital-vestibular-unb\/#respond\"]}],\"copyrightYear\":\"2026\",\"copyrightHolder\":{\"@id\":\"https:\/\/faculdade.grancursosonline.com.br\/blog\/#organization\"}},{\"@type\":\"WebPage\",\"@id\":\"https:\/\/faculdade.grancursosonline.com.br\/blog\/edital-vestibular-unb\/\",\"url\":\"https:\/\/faculdade.grancursosonline.com.br\/blog\/edital-vestibular-unb\/\",\"name\":\"Edital vestibular UnB 2027: inscri\u00e7\u00f5es, isen\u00e7\u00e3o e provas\",\"isPartOf\":{\"@id\":\"https:\/\/faculdade.grancursosonline.com.br\/blog\/#website\"},\"primaryImageOfPage\":{\"@id\":\"https:\/\/faculdade.grancursosonline.com.br\/blog\/edital-vestibular-unb\/#primaryimage\"},\"image\":{\"@id\":\"https:\/\/faculdade.grancursosonline.com.br\/blog\/edital-vestibular-unb\/#primaryimage\"},\"thumbnailUrl\":\"https:\/\/blog-es-static.infra.grancursosonline.com.br\/wp-content\/uploads\/2026\/08\/25112012\/Edital-vestibular-UnB.jpg\",\"datePublished\":\"2026-08-24T20:09:29+00:00\",\"dateModified\":\"2026-08-25T14:21:24+00:00\",\"description\":\"Confira as datas oficiais, isen\u00e7\u00e3o de taxa, estrutura de provas e detalhes para garantir sua vaga no edital do Vestibular UnB 2027.\",\"breadcrumb\":{\"@id\":\"https:\/\/faculdade.grancursosonline.com.br\/blog\/edital-vestibular-unb\/#breadcrumb\"},\"inLanguage\":\"pt-BR\",\"potentialAction\":[{\"@type\":\"ReadAction\",\"target\":[\"https:\/\/faculdade.grancursosonline.com.br\/blog\/edital-vestibular-unb\/\"]}]},{\"@type\":\"ImageObject\",\"inLanguage\":\"pt-BR\",\"@id\":\"https:\/\/faculdade.grancursosonline.com.br\/blog\/edital-vestibular-unb\/#primaryimage\",\"url\":\"https:\/\/blog-es-static.infra.grancursosonline.com.br\/wp-content\/uploads\/2026\/08\/25112012\/Edital-vestibular-UnB.jpg\",\"contentUrl\":\"https:\/\/blog-es-static.infra.grancursosonline.com.br\/wp-content\/uploads\/2026\/08\/25112012\/Edital-vestibular-UnB.jpg\",\"width\":1001,\"height\":601,\"caption\":\"Edital vestibular UnB\"},{\"@type\":\"BreadcrumbList\",\"@id\":\"https:\/\/faculdade.grancursosonline.com.br\/blog\/edital-vestibular-unb\/#breadcrumb\",\"itemListElement\":[{\"@type\":\"ListItem\",\"position\":1,\"name\":\"In\u00edcio\",\"item\":\"https:\/\/faculdade.grancursosonline.com.br\/blog\/\"},{\"@type\":\"ListItem\",\"position\":2,\"name\":\"Atualidades\",\"item\":\"https:\/\/faculdade.grancursosonline.com.br\/blog\/categoria\/atualidades\/\"},{\"@type\":\"ListItem\",\"position\":3,\"name\":\"Edital vestibular UnB 2027: inscri\u00e7\u00f5es, isen\u00e7\u00e3o e provas\"}]},{\"@type\":\"WebSite\",\"@id\":\"https:\/\/faculdade.grancursosonline.com.br\/blog\/#website\",\"url\":\"https:\/\/faculdade.grancursosonline.com.br\/blog\/\",\"name\":\"Blog Gran Faculdade\",\"description\":\"Tudo sobre ensino superior, p\u00f3s-gradua\u00e7\u00e3o, enem e carreira.\",\"publisher\":{\"@id\":\"https:\/\/faculdade.grancursosonline.com.br\/blog\/#organization\"},\"potentialAction\":[{\"@type\":\"SearchAction\",\"target\":{\"@type\":\"EntryPoint\",\"urlTemplate\":\"https:\/\/faculdade.grancursosonline.com.br\/blog\/?s={search_term_string}\"},\"query-input\":{\"@type\":\"PropertyValueSpecification\",\"valueRequired\":true,\"valueName\":\"search_term_string\"}}],\"inLanguage\":\"pt-BR\"},{\"@type\":\"Organization\",\"@id\":\"https:\/\/faculdade.grancursosonline.com.br\/blog\/#organization\",\"name\":\"Gran Cursos Online\",\"url\":\"https:\/\/faculdade.grancursosonline.com.br\/blog\/\",\"logo\":{\"@type\":\"ImageObject\",\"inLanguage\":\"pt-BR\",\"@id\":\"https:\/\/faculdade.grancursosonline.com.br\/blog\/#\/schema\/logo\/image\/\",\"url\":\"https:\/\/blog-es-static.infra.grancursosonline.com.br\/wp-content\/uploads\/2019\/08\/03123934\/logo.png\",\"contentUrl\":\"https:\/\/blog-es-static.infra.grancursosonline.com.br\/wp-content\/uploads\/2019\/08\/03123934\/logo.png\",\"width\":300,\"height\":57,\"caption\":\"Gran Cursos Online\"},\"image\":{\"@id\":\"https:\/\/faculdade.grancursosonline.com.br\/blog\/#\/schema\/logo\/image\/\"},\"sameAs\":[\"https:\/\/www.facebook.com\/grancursosonline\/\",\"https:\/\/x.com\/gran_online\",\"https:\/\/www.instagram.com\/grancursosonline\/\",\"https:\/\/www.youtube.com\/user\/grancursostv\"]},{\"@type\":\"Person\",\"@id\":\"https:\/\/faculdade.grancursosonline.com.br\/blog\/#\/schema\/person\/14e0fa771c0614c4b7434ee70589c075\",\"name\":\"Aline Damettos\",\"url\":\"https:\/\/faculdade.grancursosonline.com.br\/blog\/author\/aline-damettos\/\"}]}<\/script>\n<!-- \/ Yoast SEO Premium plugin. -->","yoast_head_json":{"title":"Edital vestibular UnB 2027: inscri\u00e7\u00f5es, isen\u00e7\u00e3o e provas","description":"Confira as datas oficiais, isen\u00e7\u00e3o de taxa, estrutura de provas e detalhes para garantir sua vaga no edital do Vestibular UnB 2027.","robots":{"index":"index","follow":"follow","max-snippet":"max-snippet:-1","max-image-preview":"max-image-preview:large","max-video-preview":"max-video-preview:-1"},"canonical":"https:\/\/faculdade.grancursosonline.com.br\/blog\/edital-vestibular-unb\/","og_locale":"pt_BR","og_type":"article","og_title":"Edital vestibular UnB 2027: inscri\u00e7\u00f5es, isen\u00e7\u00e3o e provas","og_description":"Confira as datas oficiais, isen\u00e7\u00e3o de taxa, estrutura de provas e detalhes para garantir sua vaga no edital do Vestibular UnB 2027.","og_url":"https:\/\/faculdade.grancursosonline.com.br\/blog\/edital-vestibular-unb\/","og_site_name":"Blog Gran Faculdade","article_publisher":"https:\/\/www.facebook.com\/grancursosonline\/","article_published_time":"2026-08-24T20:09:29+00:00","article_modified_time":"2026-08-25T14:21:24+00:00","og_image":[{"width":511,"height":311,"url":"https:\/\/blog-es-static.infra.grancursosonline.com.br\/wp-content\/uploads\/2026\/08\/25112025\/Edital-vestibular-UnB-2.jpg","type":"image\/jpeg"}],"author":"Aline Damettos","twitter_card":"summary_large_image","twitter_creator":"@gran_online","twitter_site":"@gran_online","twitter_misc":{"Written by":"Aline Damettos","Est. reading time":"10 minutos"},"schema":{"@context":"https:\/\/schema.org","@graph":[{"@type":"NewsArticle","@id":"https:\/\/faculdade.grancursosonline.com.br\/blog\/edital-vestibular-unb\/#article","isPartOf":{"@id":"https:\/\/faculdade.grancursosonline.com.br\/blog\/edital-vestibular-unb\/"},"author":{"name":"Aline Damettos","@id":"https:\/\/faculdade.grancursosonline.com.br\/blog\/#\/schema\/person\/14e0fa771c0614c4b7434ee70589c075"},"headline":"Edital vestibular UnB 2027: inscri\u00e7\u00f5es, isen\u00e7\u00e3o e provas","datePublished":"2026-08-24T20:09:29+00:00","dateModified":"2026-08-25T14:21:24+00:00","mainEntityOfPage":{"@id":"https:\/\/faculdade.grancursosonline.com.br\/blog\/edital-vestibular-unb\/"},"wordCount":1507,"commentCount":0,"publisher":{"@id":"https:\/\/faculdade.grancursosonline.com.br\/blog\/#organization"},"image":{"@id":"https:\/\/faculdade.grancursosonline.com.br\/blog\/edital-vestibular-unb\/#primaryimage"},"thumbnailUrl":"https:\/\/blog-es-static.infra.grancursosonline.com.br\/wp-content\/uploads\/2026\/08\/25112012\/Edital-vestibular-UnB.jpg","articleSection":["Atualidades","\u00daltimas Not\u00edcias"],"inLanguage":"pt-BR","potentialAction":[{"@type":"CommentAction","name":"Comment","target":["https:\/\/faculdade.grancursosonline.com.br\/blog\/edital-vestibular-unb\/#respond"]}],"copyrightYear":"2026","copyrightHolder":{"@id":"https:\/\/faculdade.grancursosonline.com.br\/blog\/#organization"}},{"@type":"WebPage","@id":"https:\/\/faculdade.grancursosonline.com.br\/blog\/edital-vestibular-unb\/","url":"https:\/\/faculdade.grancursosonline.com.br\/blog\/edital-vestibular-unb\/","name":"Edital vestibular UnB 2027: inscri\u00e7\u00f5es, isen\u00e7\u00e3o e provas","isPartOf":{"@id":"https:\/\/faculdade.grancursosonline.com.br\/blog\/#website"},"primaryImageOfPage":{"@id":"https:\/\/faculdade.grancursosonline.com.br\/blog\/edital-vestibular-unb\/#primaryimage"},"image":{"@id":"https:\/\/faculdade.grancursosonline.com.br\/blog\/edital-vestibular-unb\/#primaryimage"},"thumbnailUrl":"https:\/\/blog-es-static.infra.grancursosonline.com.br\/wp-content\/uploads\/2026\/08\/25112012\/Edital-vestibular-UnB.jpg","datePublished":"2026-08-24T20:09:29+00:00","dateModified":"2026-08-25T14:21:24+00:00","description":"Confira as datas oficiais, isen\u00e7\u00e3o de taxa, estrutura de provas e detalhes para garantir sua vaga no edital do Vestibular UnB 2027.","breadcrumb":{"@id":"https:\/\/faculdade.grancursosonline.com.br\/blog\/edital-vestibular-unb\/#breadcrumb"},"inLanguage":"pt-BR","potentialAction":[{"@type":"ReadAction","target":["https:\/\/faculdade.grancursosonline.com.br\/blog\/edital-vestibular-unb\/"]}]},{"@type":"ImageObject","inLanguage":"pt-BR","@id":"https:\/\/faculdade.grancursosonline.com.br\/blog\/edital-vestibular-unb\/#primaryimage","url":"https:\/\/blog-es-static.infra.grancursosonline.com.br\/wp-content\/uploads\/2026\/08\/25112012\/Edital-vestibular-UnB.jpg","contentUrl":"https:\/\/blog-es-static.infra.grancursosonline.com.br\/wp-content\/uploads\/2026\/08\/25112012\/Edital-vestibular-UnB.jpg","width":1001,"height":601,"caption":"Edital vestibular UnB"},{"@type":"BreadcrumbList","@id":"https:\/\/faculdade.grancursosonline.com.br\/blog\/edital-vestibular-unb\/#breadcrumb","itemListElement":[{"@type":"ListItem","position":1,"name":"In\u00edcio","item":"https:\/\/faculdade.grancursosonline.com.br\/blog\/"},{"@type":"ListItem","position":2,"name":"Atualidades","item":"https:\/\/faculdade.grancursosonline.com.br\/blog\/categoria\/atualidades\/"},{"@type":"ListItem","position":3,"name":"Edital vestibular UnB 2027: inscri\u00e7\u00f5es, isen\u00e7\u00e3o e provas"}]},{"@type":"WebSite","@id":"https:\/\/faculdade.grancursosonline.com.br\/blog\/#website","url":"https:\/\/faculdade.grancursosonline.com.br\/blog\/","name":"Blog Gran Faculdade","description":"Tudo sobre ensino superior, p\u00f3s-gradua\u00e7\u00e3o, enem e carreira.","publisher":{"@id":"https:\/\/faculdade.grancursosonline.com.br\/blog\/#organization"},"potentialAction":[{"@type":"SearchAction","target":{"@type":"EntryPoint","urlTemplate":"https:\/\/faculdade.grancursosonline.com.br\/blog\/?s={search_term_string}"},"query-input":{"@type":"PropertyValueSpecification","valueRequired":true,"valueName":"search_term_string"}}],"inLanguage":"pt-BR"},{"@type":"Organization","@id":"https:\/\/faculdade.grancursosonline.com.br\/blog\/#organization","name":"Gran Cursos Online","url":"https:\/\/faculdade.grancursosonline.com.br\/blog\/","logo":{"@type":"ImageObject","inLanguage":"pt-BR","@id":"https:\/\/faculdade.grancursosonline.com.br\/blog\/#\/schema\/logo\/image\/","url":"https:\/\/blog-es-static.infra.grancursosonline.com.br\/wp-content\/uploads\/2019\/08\/03123934\/logo.png","contentUrl":"https:\/\/blog-es-static.infra.grancursosonline.com.br\/wp-content\/uploads\/2019\/08\/03123934\/logo.png","width":300,"height":57,"caption":"Gran Cursos Online"},"image":{"@id":"https:\/\/faculdade.grancursosonline.com.br\/blog\/#\/schema\/logo\/image\/"},"sameAs":["https:\/\/www.facebook.com\/grancursosonline\/","https:\/\/x.com\/gran_online","https:\/\/www.instagram.com\/grancursosonline\/","https:\/\/www.youtube.com\/user\/grancursostv"]},{"@type":"Person","@id":"https:\/\/faculdade.grancursosonline.com.br\/blog\/#\/schema\/person\/14e0fa771c0614c4b7434ee70589c075","name":"Aline Damettos","url":"https:\/\/faculdade.grancursosonline.com.br\/blog\/author\/aline-damettos\/"}]}},"_links":{"self":[{"href":"https:\/\/faculdade.grancursosonline.com.br\/blog\/wp-json\/wp\/v2\/posts\/79768723","targetHints":{"allow":["GET"]}}],"collection":[{"href":"https:\/\/faculdade.grancursosonline.com.br\/blog\/wp-json\/wp\/v2\/posts"}],"about":[{"href":"https:\/\/faculdade.grancursosonline.com.br\/blog\/wp-json\/wp\/v2\/types\/post"}],"author":[{"embeddable":true,"href":"https:\/\/faculdade.grancursosonline.com.br\/blog\/wp-json\/wp\/v2\/users\/525"}],"replies":[{"embeddable":true,"href":"https:\/\/faculdade.grancursosonline.com.br\/blog\/wp-json\/wp\/v2\/comments?post=79768723"}],"version-history":[{"count":2,"href":"https:\/\/faculdade.grancursosonline.com.br\/blog\/wp-json\/wp\/v2\/posts\/79768723\/revisions"}],"predecessor-version":[{"id":79768750,"href":"https:\/\/faculdade.grancursosonline.com.br\/blog\/wp-json\/wp\/v2\/posts\/79768723\/revisions\/79768750"}],"wp:featuredmedia":[{"embeddable":true,"href":"https:\/\/faculdade.grancursosonline.com.br\/blog\/wp-json\/wp\/v2\/media\/79768747"}],"wp:attachment":[{"href":"https:\/\/faculdade.grancursosonline.com.br\/blog\/wp-json\/wp\/v2\/media?parent=79768723"}],"wp:term":[{"taxonomy":"category","embeddable":true,"href":"https:\/\/faculdade.grancursosonline.com.br\/blog\/wp-json\/wp\/v2\/categories?post=79768723"},{"taxonomy":"post_tag","embeddable":true,"href":"https:\/\/faculdade.grancursosonline.com.br\/blog\/wp-json\/wp\/v2\/tags?post=79768723"}],"curies":[{"name":"wp","href":"https:\/\/api.w.org\/{rel}","templated":true}]}}