{"id":79768742,"date":"2026-08-25T11:09:32","date_gmt":"2026-08-25T14:09:32","guid":{"rendered":"https:\/\/faculdade.grancursosonline.com.br\/blog\/?p=79768742"},"modified":"2026-08-25T11:09:36","modified_gmt":"2026-08-25T14:09:36","slug":"o-que-faz-o-profissional-de-servicos-penais","status":"publish","type":"post","link":"https:\/\/faculdade.grancursosonline.com.br\/blog\/o-que-faz-o-profissional-de-servicos-penais\/","title":{"rendered":"O que faz o profissional de Servi\u00e7os Penais? Entenda!"},"content":{"rendered":"\n<p class=\"wp-block-paragraph\">A \u00e1rea de execu\u00e7\u00e3o penitenci\u00e1ria no Brasil exige profissionais capacitados para gerenciar rotinas operacionais e promover a reinser\u00e7\u00e3o de egressos na sociedade.<\/p>\n\n\n\n<p class=\"wp-block-paragraph\">O <a href=\"https:\/\/faculdade.grancursosonline.com.br\/curso\/servicos-penais\/\"><strong>curso de gradua\u00e7\u00e3o de Servi\u00e7os Penais<\/strong><\/a> prepara especialistas para lidar com os desafios da seguran\u00e7a p\u00fablica moderna, unindo conhecimento jur\u00eddico, t\u00e9cnico e humano.<\/p>\n\n\n\n<p class=\"wp-block-paragraph\">Compreender o papel do diplomado em Servi\u00e7os Penais ajuda quem busca ingressar em uma carreira s\u00f3lida e com impacto social real. Entenda mais!<\/p>\n\n\n\n<p class=\"wp-block-paragraph\">Se preferir, navegue pelo \u00edndice:<\/p>\n\n\n\n<ul class=\"wp-block-list\">\n<li><a href=\"#h-o-que-faz-o-profissional-de-servicos-penais\">O que faz o profissional de Servi\u00e7os Penais?<\/a><\/li>\n\n\n\n<li><a href=\"#h-onde-trabalha-quem-se-forma-em-servicos-penais\">Onde trabalha quem se forma em Servi\u00e7os Penais?<\/a><\/li>\n\n\n\n<li><a href=\"#h-quanto-ganha-um-profissional-de-servicos-penais\">Quanto ganha um profissional de Servi\u00e7os Penais?<\/a><\/li>\n\n\n\n<li><a href=\"#h-quem-faz-servicos-penais-pode-ser-policial-penal\">Quem faz Servi\u00e7os Penais pode ser policial penal?<\/a><\/li>\n\n\n\n<li><a href=\"#h-tecnologo-em-servicos-penais-e-curso-superior\">Tecn\u00f3logo em Servi\u00e7os Penais \u00e9 curso superior?<\/a><\/li>\n\n\n\n<li><a href=\"#h-o-que-se-estuda-em-servicos-penais\">O que se estuda em Servi\u00e7os Penais?<\/a><\/li>\n\n\n\n<li><a href=\"#h-servicos-penais-e-criminologia-qual-a-diferenca\">Servi\u00e7os Penais ou Criminologia: qual a diferen\u00e7a?<\/a><\/li>\n\n\n\n<li><a href=\"#h-servicos-penais-vale-a-pena\">Servi\u00e7os Penais vale a pena?<\/a><\/li>\n\n\n\n<li><a href=\"#h-perguntas-frequentes-faq\">Perguntas frequentes (FAQ)<\/a><\/li>\n\n\n\n<li><a href=\"#h-vem-pra-gran-faculdade\">Vem pra Gran Faculdade!<\/a><\/li>\n<\/ul>\n\n\n\n<figure class=\"wp-block-image size-large is-resized\"><img loading=\"lazy\" decoding=\"async\" width=\"1024\" height=\"683\" src=\"https:\/\/blog-es-static.infra.grancursosonline.com.br\/wp-content\/uploads\/2026\/08\/25104529\/profissional-de-Servicos-Penais-1024x683.png\" alt=\"A imagem retrata uma profissional trabalhando em um ambiente administrativo de uma unidade prisional. Ela utiliza o computador e registra informa\u00e7\u00f5es em um caderno, representando tarefas de gest\u00e3o e acompanhamento. Ao fundo, elementos visuais refor\u00e7am conceitos como reintegra\u00e7\u00e3o social, cidadania e responsabilidade.\" class=\"wp-image-79768743\" style=\"aspect-ratio:1.499310034979622;width:639px;height:auto\"\/><\/figure>\n\n\n\n<p class=\"wp-block-paragraph\"><em>O profissional de Servi\u00e7os Penais atua na gest\u00e3o e no acompanhamento de atividades do sistema prisional.<\/em><\/p>\n\n\n\n<h2 id=\"h-o-que-faz-o-profissional-de-servicos-penais\" class=\"wp-block-heading\"><strong>O que faz o profissional de Servi\u00e7os Penais?<\/strong><\/h2>\n\n\n\n<p class=\"wp-block-paragraph\">O <strong>especialista em Servi\u00e7os Penais<\/strong> coordena rotinas operacionais, fiscaliza o cumprimento das penas e desenvolve programas de reinser\u00e7\u00e3o social. Ele atua como uma ponte entre a aplica\u00e7\u00e3o da lei e a gest\u00e3o do ambiente prisional.<\/p>\n\n\n\n<h3 id=\"h-gestao-de-unidades-e-servicos-penais\" class=\"wp-block-heading\"><strong>Gest\u00e3o de unidades e servi\u00e7os penais<\/strong><\/h3>\n\n\n\n<p class=\"wp-block-paragraph\">Esse profissional administra a infraestrutura e a log\u00edstica de estabelecimentos prisionais. Ele organiza rotinas internas, controla o fluxo de detentos e coordena equipes operacionais para manter a ordem e a conformidade com as normas legais.<\/p>\n\n\n\n<h3 id=\"h-planejamento-e-execucao-de-politicas-penais\" class=\"wp-block-heading\"><strong>Planejamento e execu\u00e7\u00e3o de pol\u00edticas penais<\/strong><\/h3>\n\n\n\n<p class=\"wp-block-paragraph\">Participa da formula\u00e7\u00e3o de estrat\u00e9gias p\u00fablicas para melhorar o sistema carcer\u00e1rio. O especialista implementa diretrizes alinhadas \u00e0 Lei de Execu\u00e7\u00e3o Penal para garantir o cumprimento adequado das senten\u00e7as.<\/p>\n\n\n\n<h3 id=\"h-reintegracao-social-e-ressocializacao\" class=\"wp-block-heading\"><strong>Reintegra\u00e7\u00e3o social e ressocializa\u00e7\u00e3o<\/strong><\/h3>\n\n\n\n<p class=\"wp-block-paragraph\">Desenvolve projetos voltados ao ensino, trabalho e capacita\u00e7\u00e3o profissional dos apenados. O objetivo central \u00e9 criar condi\u00e7\u00f5es reais para que o indiv\u00edduo retorne ao conv\u00edvio social sem reincidir na criminalidade.<\/p>\n\n\n\n<h3 id=\"h-mediacao-e-gerenciamento-de-conflitos\" class=\"wp-block-heading\"><strong>Media\u00e7\u00e3o e gerenciamento de conflitos<\/strong><\/h3>\n\n\n\n<p class=\"wp-block-paragraph\">Aplica t\u00e9cnicas de comunica\u00e7\u00e3o interpessoal e media\u00e7\u00e3o para conter tens\u00f5es em ambientes de priva\u00e7\u00e3o de liberdade. A interven\u00e7\u00e3o pac\u00edfica reduz as crises e preserva a integridade de agentes e detentos.<\/p>\n\n\n\n<h3 id=\"h-relatorios-e-acompanhamento-tecnico\" class=\"wp-block-heading\"><strong>Relat\u00f3rios e acompanhamento t\u00e9cnico<\/strong><\/h3>\n\n\n\n<p class=\"wp-block-paragraph\">Elabora pareceres t\u00e9cnicos sobre a conduta e a evolu\u00e7\u00e3o do apenado. Esses documentos orientam decis\u00f5es do Poder Judici\u00e1rio em pedidos de progress\u00e3o de regime ou benef\u00edcios legais.<\/p>\n\n\n\n<h3 id=\"h-articulacao-com-orgaos-e-instituicoes\" class=\"wp-block-heading\"><strong>Articula\u00e7\u00e3o com \u00f3rg\u00e3os e institui\u00e7\u00f5es<\/strong><\/h3>\n\n\n\n<p class=\"wp-block-paragraph\">Promove o di\u00e1logo entre o sistema prisional, a Defensoria P\u00fablica, o Minist\u00e9rio P\u00fablico e o Judici\u00e1rio. Essa articula\u00e7\u00e3o agiliza tr\u00e2mites e assegura o respeito aos Direitos Humanos.<\/p>\n\n\n\n<h2 id=\"h-onde-trabalha-quem-se-forma-em-servicos-penais\" class=\"wp-block-heading\"><strong>Onde trabalha quem se forma em Servi\u00e7os Penais?<\/strong><\/h2>\n\n\n\n<p class=\"wp-block-paragraph\">O <strong>mercado de trabalho<\/strong> para essa forma\u00e7\u00e3o abrange \u00f3rg\u00e3os governamentais, organiza\u00e7\u00f5es da sociedade civil e o setor privado.<\/p>\n\n\n\n<h3 id=\"h-orgaos-publicos-e-sistema-prisional\" class=\"wp-block-heading\"><strong>\u00d3rg\u00e3os p\u00fablicos e sistema prisional<\/strong><\/h3>\n\n\n\n<p class=\"wp-block-paragraph\">A maior demanda est\u00e1 nas Secretarias de Administra\u00e7\u00e3o Penitenci\u00e1ria estaduais e na Secretaria Nacional de Pol\u00edticas Penais. O profissional atua em fun\u00e7\u00f5es t\u00e9cnicas, administrativas ou operacionais.<\/p>\n\n\n\n<h3 id=\"h-empresas-privadas\" class=\"wp-block-heading\"><strong>Empresas privadas<\/strong><\/h3>\n\n\n\n<p class=\"wp-block-paragraph\">Instala\u00e7\u00f5es que operam em modelo de cogest\u00e3o prisional contratam tecn\u00f3logos para supervisionar \u00e1reas administrativas, de apoio log\u00edstico e de seguran\u00e7a interna.<\/p>\n\n\n\n<h3 id=\"h-ongs-e-terceiro-setor\" class=\"wp-block-heading\"><strong>ONGs e terceiro setor<\/strong><\/h3>\n\n\n\n<p class=\"wp-block-paragraph\">Institui\u00e7\u00f5es voltadas \u00e0 defesa dos Direitos Humanos e ao apoio a familiares de detentos empregam profissionais da \u00e1rea para coordenar projetos sociais e de assist\u00eancia.<\/p>\n\n\n\n<h3 id=\"h-projetos-de-reintegracao-social\" class=\"wp-block-heading\"><strong>Projetos de reintegra\u00e7\u00e3o social<\/strong><\/h3>\n\n\n\n<p class=\"wp-block-paragraph\">Organiza\u00e7\u00f5es parceiras do Estado utilizam o conhecimento desse especialista para criar oficinas de trabalho, cursos e acompanhamento para egressos do sistema carcer\u00e1rio.<\/p>\n\n\n\n<h3 id=\"h-consultoria-e-gestao\" class=\"wp-block-heading\"><strong>Consultoria e gest\u00e3o<\/strong><\/h3>\n\n\n\n<p class=\"wp-block-paragraph\">\u00c9 poss\u00edvel atuar como consultor independente, oferecendo pareceres sobre seguran\u00e7a patrimonial, an\u00e1lise de riscos em institui\u00e7\u00f5es e auditoria de processos prisionais.<\/p>\n\n\n\n<h2 id=\"h-quanto-ganha-um-profissional-de-servicos-penais\" class=\"wp-block-heading\"><strong>Quanto ganha um profissional de Servi\u00e7os Penais?<\/strong><\/h2>\n\n\n\n<p class=\"wp-block-paragraph\">A <strong>remunera\u00e7\u00e3o na \u00e1rea<\/strong> varia de acordo com o setor de atua\u00e7\u00e3o, o porte da institui\u00e7\u00e3o e a aprova\u00e7\u00e3o em concursos p\u00fablicos.<\/p>\n\n\n\n<p class=\"wp-block-paragraph\">Em cargos do setor privado e terceirizado, os sal\u00e1rios costumam iniciar na faixa dos dois a quatro mil reais. J\u00e1 no setor p\u00fablico, as remunera\u00e7\u00f5es s\u00e3o mais atrativas.<\/p>\n\n\n\n<p class=\"wp-block-paragraph\">Confira:<\/p>\n\n\n\n<figure class=\"wp-block-table\"><div class=\"container-tabela\"><table class=\"has-fixed-layout\"><tbody><tr><td><strong>Setor de atua\u00e7\u00e3o<\/strong><\/td><td><strong>Cargo exemplo<\/strong><\/td><td><strong>M\u00e9dia salarial<\/strong><\/td><\/tr><tr><td>Setor P\u00fablico (Estadual)<\/td><td>Agente ou Gestor Prisional<\/td><td>R$ 4.500,00 a R$ 8.000,00<\/td><\/tr><tr><td>Setor P\u00fablico (Federal)<\/td><td>Policial Penal Federal<\/td><td>R$ 9.000,00 a R$ 13.000,00<\/td><\/tr><tr><td>Setor Privado \/ Cogest\u00e3o<\/td><td>Supervisor de Servi\u00e7os Penais<\/td><td>R$ 3.500,00 a R$ 5.500,00<\/td><\/tr><tr><td>Terceiro Setor \/ ONGs<\/td><td>Coordenador de Projetos Sociais<\/td><td>R$ 3.000,00 a R$ 4.800,00<\/td><\/tr><\/tbody><\/table><\/div><\/figure>\n\n\n\n<h2 id=\"h-quem-faz-servicos-penais-pode-ser-policial-penal\" class=\"wp-block-heading\"><strong>Quem faz Servi\u00e7os Penais pode ser policial penal?<\/strong><\/h2>\n\n\n\n<p class=\"wp-block-paragraph\"><strong>Sim<\/strong>. Quem conclui a gradua\u00e7\u00e3o em Servi\u00e7os Penais est\u00e1 apto a prestar concurso para a Pol\u00edcia Penal, desde que o edital da vaga exija n\u00edvel superior em qualquer \u00e1rea de forma\u00e7\u00e3o. O curso oferece uma base direta de conhecimentos exigidos nas provas do setor.<\/p>\n\n\n\n<h2 id=\"h-tecnologo-em-servicos-penais-e-curso-superior\" class=\"wp-block-heading\"><strong>Tecn\u00f3logo em Servi\u00e7os Penais \u00e9 curso superior?<\/strong><\/h2>\n\n\n\n<p class=\"wp-block-paragraph\"><strong>Sim<\/strong>. O <a href=\"https:\/\/faculdade.grancursosonline.com.br\/blog\/servicos-penais\/\">curso superior de Tecnologia em Servi\u00e7os Penais<\/a> \u00e9 uma gradua\u00e7\u00e3o reconhecida pelo Minist\u00e9rio da Educa\u00e7\u00e3o. O diploma permite ao formado concorrer a vagas de n\u00edvel superior em concursos p\u00fablicos e realizar p\u00f3s-gradua\u00e7\u00f5es.<\/p>\n\n\n\n<h2 id=\"h-o-que-se-estuda-em-servicos-penais\" class=\"wp-block-heading\"><strong>O que se estuda em Servi\u00e7os Penais?<\/strong><\/h2>\n\n\n\n<p class=\"wp-block-paragraph\">A grade <strong>curricular abrange disciplinas<\/strong> das \u00e1reas do Direito, da Gest\u00e3o P\u00fablica e da Sociologia. Os alunos estudam t\u00f3picos como:<\/p>\n\n\n\n<ul class=\"wp-block-list\">\n<li>Direitos Humanos e Cidadania;<\/li>\n\n\n\n<li>Direito Penal e Processual Penal;<\/li>\n\n\n\n<li>Lei de Execu\u00e7\u00e3o Penal;<\/li>\n\n\n\n<li>Gest\u00e3o da Seguran\u00e7a P\u00fablica;<\/li>\n\n\n\n<li>Criminologia e Gerenciamento de Crises;<\/li>\n\n\n\n<li>Media\u00e7\u00e3o de Conflitos e Psicologia Aplicada.<\/li>\n<\/ul>\n\n\n\n<p class=\"has-text-align-center wp-block-paragraph\"><a href=\"https:\/\/faculdade.grancursosonline.com.br\/\"><strong>Quero come\u00e7ar minha faculdade hoje<\/strong><\/a>&nbsp;<\/p>\n\n\n\n<h2 id=\"h-servicos-penais-e-criminologia-qual-a-diferenca\" class=\"wp-block-heading\"><strong>Servi\u00e7os Penais e Criminologia: qual a diferen\u00e7a?<\/strong><\/h2>\n\n\n\n<p class=\"wp-block-paragraph\">Embora integradas \u00e0 \u00e1rea de seguran\u00e7a, as forma\u00e7\u00f5es possuem focos distintos.<\/p>\n\n\n\n<p class=\"wp-block-paragraph\">A <a href=\"https:\/\/faculdade.grancursosonline.com.br\/curso\/servicos-penais\/\">gradua\u00e7\u00e3o em Servi\u00e7os Penais<\/a> prepara o estudante para a gest\u00e3o pr\u00e1tica, operacional e administrativa do sistema prisional e da aplica\u00e7\u00e3o de penas.<\/p>\n\n\n\n<p class=\"wp-block-paragraph\">A <a href=\"https:\/\/faculdade.grancursosonline.com.br\/curso\/criminologia\/\">Criminologia <\/a>foca no estudo cient\u00edfico do crime, no comportamento do criminoso e na an\u00e1lise das causas sociais da delinqu\u00eancia.<\/p>\n\n\n\n<h2 id=\"h-servicos-penais-vale-a-pena\" class=\"wp-block-heading\"><strong>Servi\u00e7os Penais vale a pena?<\/strong><\/h2>\n\n\n\n<p class=\"wp-block-paragraph\">Para quem busca uma forma\u00e7\u00e3o r\u00e1pida com foco no mercado de seguran\u00e7a p\u00fablica e em concursos, a <strong>op\u00e7\u00e3o \u00e9 vantajosa<\/strong>. A dura\u00e7\u00e3o m\u00e9dia de dois anos facilita o ingresso r\u00e1pido no mercado de trabalho e a prepara\u00e7\u00e3o com diploma de n\u00edvel superior para editais p\u00fablicos.<\/p>\n\n\n\n<p class=\"wp-block-paragraph\">O profissional formado em Servi\u00e7os Penais desempenha uma fun\u00e7\u00e3o importante na administra\u00e7\u00e3o da justi\u00e7a e na organiza\u00e7\u00e3o do sistema carcer\u00e1rio.<\/p>\n\n\n\n<p class=\"wp-block-paragraph\">A forma\u00e7\u00e3o t\u00e9cnica aliada \u00e0 vis\u00e3o human\u00edstica permite criar novos caminhos para a ressocializa\u00e7\u00e3o no pa\u00eds.<\/p>\n\n\n\n<h2 id=\"h-perguntas-frequentes-faq\" class=\"wp-block-heading\"><strong>Perguntas frequentes (FAQ)<\/strong><\/h2>\n\n\n\n<h3 id=\"h-o-diploma-de-servicos-penais-da-direito-ao-porte-de-arma\" class=\"wp-block-heading\"><strong>O diploma de Servi\u00e7os Penais d\u00e1 direito ao porte de arma?<\/strong><\/h3>\n\n\n\n<p class=\"wp-block-paragraph\">N\u00e3o. O diploma em si n\u00e3o concede porte de arma. Esse direito \u00e9 exclusivo de determinadas carreiras policiais ap\u00f3s a aprova\u00e7\u00e3o em concurso p\u00fablico e posse do cargo.<\/p>\n\n\n\n<h3 id=\"h-qual-a-duracao-media-do-curso-de-servicos-penais\" class=\"wp-block-heading\"><strong>Qual a dura\u00e7\u00e3o m\u00e9dia do curso de Servi\u00e7os Penais?<\/strong><\/h3>\n\n\n\n<p class=\"wp-block-paragraph\">O curso modalidade tecn\u00f3logo tem dura\u00e7\u00e3o m\u00e9dia de dois anos (quatro semestres), tanto na modalidade presencial quanto a dist\u00e2ncia.<\/p>\n\n\n\n<h3 id=\"h-o-curso-possui-estagio-obrigatorio\" class=\"wp-block-heading\"><strong>O curso possui est\u00e1gio obrigat\u00f3rio?<\/strong><\/h3>\n\n\n\n<p class=\"wp-block-paragraph\">Na maioria das institui\u00e7\u00f5es, o est\u00e1gio supervisionado n\u00e3o \u00e9 obrigat\u00f3rio, mas a realiza\u00e7\u00e3o de atividades pr\u00e1ticas complementares \u00e9 incentivada durante a gradua\u00e7\u00e3o.<\/p>\n\n\n\n<h2 id=\"h-vem-pra-gran-faculdade\" class=\"wp-block-heading\"><strong>Vem pra Gran Faculdade!<\/strong><\/h2>\n\n\n\n<p class=\"wp-block-paragraph\">A Gran Faculdade vem mudando a vida de milhares de pessoas por meio de cursos \u00e0 dist\u00e2ncia de <a href=\"https:\/\/faculdade.grancursosonline.com.br\/\" target=\"_blank\" rel=\"noreferrer noopener\">gradua\u00e7\u00e3o<\/a>, <a href=\"https:\/\/pos.grancursosonline.com.br\/\" target=\"_blank\" rel=\"noreferrer noopener\">p\u00f3s-gradua\u00e7\u00e3o<\/a> e <a href=\"https:\/\/pos.grancursosonline.com.br\/mba\" target=\"_blank\" rel=\"noreferrer noopener\">MBA<\/a>. Seja no digital ou em nosso <a href=\"https:\/\/presencial.grancursosonline.com.br\/\" target=\"_blank\" rel=\"noreferrer noopener\">Campus Presencial em Curitiba<\/a>, a nossa miss\u00e3o \u00e9 transformar a educa\u00e7\u00e3o superior.<\/p>\n\n\n\n<p class=\"wp-block-paragraph\">Como parte de Sistema Gran de Ensino, que \u00e9 reconhecido como marca aprovadora h\u00e1 mais de 10 anos, constru\u00edmos uma renomada reputa\u00e7\u00e3o na \u00e1rea de educa\u00e7\u00e3o.<\/p>\n\n\n\n<p class=\"wp-block-paragraph\">Veja algumas de nossas conquistas:<\/p>\n\n\n\n<ul class=\"wp-block-list\">\n<li>Reconhecido pela Amazon como um dos projetos mais relevantes do mundo na \u00e1rea de Tecnologia e Educa\u00e7\u00e3o;<\/li>\n\n\n\n<li>Foi eleito pelo Project Management Institute (PMI), um dos 50 Projetos Mais Influentes do mundo;<\/li>\n\n\n\n<li>Somos o site de educa\u00e7\u00e3o mais acessado do Brasil;<\/li>\n\n\n\n<li>Somos avaliados com a nota m\u00e1xima pelo MEC;<\/li>\n\n\n\n<li>Aqui o semestre come\u00e7a quando quiser: entrada imediata e cont\u00ednua!<\/li>\n\n\n\n<li>Melhores pre\u00e7os do mercado;<\/li>\n\n\n\n<li>Mais de 800 mil alunos pagantes e mais de 1000 funcion\u00e1rios;<\/li>\n\n\n\n<li>Diversas ferramentas de estudo: PDFs, audiobooks, mapas mentais, videoaulas, quest\u00f5es, gerenciador de estudos e muito mais!<\/li>\n\n\n\n<li>Professores experientes e capacitados;<\/li>\n\n\n\n<li>Acesso imediato e 100% online.<\/li>\n<\/ul>\n\n\n\n<p class=\"has-text-align-center wp-block-paragraph\"><strong><a href=\"https:\/\/faculdade.grancursosonline.com.br\/\">Quero ser aluno da Gran Faculdade<\/a><\/strong><\/p>\n\n\n\n<div class=\"wp-block-group has-background\" style=\"background-color:#8dd2fc7a\"><div class=\"wp-block-group__inner-container is-layout-constrained wp-block-group-is-layout-constrained\">\n<p class=\"wp-block-paragraph\"><strong>Outras not\u00edcias em destaque:<\/strong><\/p>\n\n\n\n<ul class=\"wp-block-list\">\n<li><a href=\"https:\/\/blog.grancursosonline.com.br\/curso-tecnologo\/\" target=\"_blank\" rel=\"noopener\">Curso tecn\u00f3logo \u00e9 superior? Veja o que \u00e9 e quais os melhores<\/a>&nbsp;<\/li>\n\n\n\n<li><a href=\"https:\/\/faculdade.grancursosonline.com.br\/blog\/graduacao-dicas-para-comecar\/\" id=\"https:\/\/faculdade.grancursosonline.com.br\/blog\/graduacao-dicas-para-comecar\/\" target=\"_blank\" rel=\"noopener\">Gradua\u00e7\u00e3o 2026: 9 dicas para voc\u00ea come\u00e7ar sua faculdade<\/a><\/li>\n\n\n\n<li><a href=\"https:\/\/blog.grancursosonline.com.br\/direito-penal\/\" target=\"_blank\" rel=\"noopener\">Direito Penal: entenda os principais conceitos e caracter\u00edsticas<\/a>&nbsp;<\/li>\n<\/ul>\n<\/div><\/div>\n\n\n\n<div class=\"wp-block-group\"><div class=\"wp-block-group__inner-container is-layout-constrained wp-block-group-is-layout-constrained\">\n<div class=\"wp-block-group\"><div class=\"wp-block-group__inner-container is-layout-constrained wp-block-group-is-layout-constrained\">\n<section style=\"text-align: center;\">\n<p>Quer ficar por dentro da Faculdade Digital mais inovadora do Brasil?<\/p>\n<nav>\n<p class=\"has-background has-dark-bluish-background-color\" style=\"font-size: 25px; text-align: center; background: #f0f0f0; color: #ffffff; padding: 4px 0px 4xp 0px;\"><a style=\"color: #0d134c; text-decoration: underline;\" href=\"https:\/\/faculdade.grancursosonline.com.br\/\" target=\"_blank\" rel=\"noopener\">GRADUA\u00c7\u00c3O<\/a><\/p>\n<p class=\"has-background has-dark-bluish-background-color\" style=\"font-size: 25px; text-align: center; background: #f0f0f0; color: #ffffff; padding: 4px 0px 4xp 0px;\"><a style=\"color: #0d134c; text-decoration: underline;\" href=\"https:\/\/pos.grancursosonline.com.br\/\" target=\"_blank\" rel=\"noopener\">P\u00d3S-GRADUA\u00c7\u00c3O<\/a><\/p>\n<p class=\"has-background has-dark-bluish-background-color\" style=\"font-size: 25px; text-align: center; background: #f0f0f0; color: #ffffff; padding: 4px 0px 4xp 0px;\"><a style=\"color: #0d134c; text-decoration: underline;\" href=\"https:\/\/faculdade.grancursosonline.com.br\/nossos-cursos\/\" target=\"_blank\" rel=\"noopener\">TUDO SOBRE A GRAN FACULDADE<\/a><\/p>\n<\/nav>\n<p><strong>Receba <span style=\"color: #cf1e25;\">gratuitamente<\/span> no seu celular as principais not\u00edcias sobre a Gran Faculdade! <br \/>Clique no link abaixo e inscreva-se:<\/strong><\/p>\n<p class=\"has-background has-dark-bluish-background-color\" style=\"font-size: 25px; text-align: center; background: #f0f0f0; color: #ffffff; padding: 4px 0px 4xp 0px;\"><a style=\"color: #0d134c; text-decoration: underline;\" href=\"https:\/\/whatsapp.com\/channel\/0029VaG1sChI7Be7PNndhL43\" target=\"_blank\" rel=\"noopener noreferrer\">WHATSAPP<\/a><\/p>\n<p class=\"has-background has-dark-bluish-background-color\" style=\"font-size: 25px; text-align: center; background: #f0f0f0; color: #ffffff; padding: 4px 0px 4xp 0px;\"><a style=\"color: #0d134c; text-decoration: underline;\" href=\"https:\/\/t.me\/GranFaculdade\" target=\"_blank\" rel=\"noopener noreferrer\">TELEGRAM<\/a><\/p>\n<\/section>\n<\/div><\/div>\n<\/div><\/div>\n","protected":false},"excerpt":{"rendered":"<p>A \u00e1rea de execu\u00e7\u00e3o penitenci\u00e1ria no Brasil exige profissionais capacitados para gerenciar rotinas operacionais e promover a reinser\u00e7\u00e3o de egressos na sociedade. O curso de gradua\u00e7\u00e3o de Servi\u00e7os Penais prepara especialistas para lidar com os desafios da seguran\u00e7a p\u00fablica moderna, unindo conhecimento jur\u00eddico, t\u00e9cnico e humano. Compreender o papel do diplomado em Servi\u00e7os Penais ajuda&hellip;<\/p>\n","protected":false},"author":525,"featured_media":79768744,"comment_status":"open","ping_status":"open","sticky":false,"template":"","format":"standard","meta":{"_acf_changed":false,"content-type":"","footnotes":""},"categories":[218669,2],"tags":[],"class_list":["post-79768742","post","type-post","status-publish","format-standard","has-post-thumbnail","hentry","category-empregabilidade","category-ultimas-noticias"],"acf":[],"yoast_head":"<!-- This site is optimized with the Yoast SEO Premium plugin v27.2 (Yoast SEO v27.2) - https:\/\/yoast.com\/product\/yoast-seo-premium-wordpress\/ -->\n<title>O que faz o profissional de Servi\u00e7os Penais? Entenda!<\/title>\n<meta name=\"description\" content=\"Descubra o que faz o formado em Servi\u00e7os Penais, onde trabalhar, sal\u00e1rios da \u00e1rea e se o curso \u00e9 aceito em concurso para a Pol\u00edcia Penal.\" \/>\n<meta name=\"robots\" content=\"index, follow, max-snippet:-1, max-image-preview:large, max-video-preview:-1\" \/>\n<link rel=\"canonical\" href=\"https:\/\/faculdade.grancursosonline.com.br\/blog\/o-que-faz-o-profissional-de-servicos-penais\/\" \/>\n<meta property=\"og:locale\" content=\"pt_BR\" \/>\n<meta property=\"og:type\" content=\"article\" \/>\n<meta property=\"og:title\" content=\"O que faz o profissional de Servi\u00e7os Penais? Entenda!\" \/>\n<meta property=\"og:description\" content=\"Descubra o que faz o formado em Servi\u00e7os Penais, onde trabalhar, sal\u00e1rios da \u00e1rea e se o curso \u00e9 aceito em concurso para a Pol\u00edcia Penal.\" \/>\n<meta property=\"og:url\" content=\"https:\/\/faculdade.grancursosonline.com.br\/blog\/o-que-faz-o-profissional-de-servicos-penais\/\" \/>\n<meta property=\"og:site_name\" content=\"Blog Gran Faculdade\" \/>\n<meta property=\"article:publisher\" content=\"https:\/\/www.facebook.com\/grancursosonline\/\" \/>\n<meta property=\"article:published_time\" content=\"2026-08-25T14:09:32+00:00\" \/>\n<meta property=\"article:modified_time\" content=\"2026-08-25T14:09:36+00:00\" \/>\n<meta property=\"og:image\" content=\"https:\/\/blog-es-static.infra.grancursosonline.com.br\/wp-content\/uploads\/2026\/08\/25110821\/profissional-de-Servicos-Penais-2.jpg\" \/>\n\t<meta property=\"og:image:width\" content=\"511\" \/>\n\t<meta property=\"og:image:height\" content=\"311\" \/>\n\t<meta property=\"og:image:type\" content=\"image\/jpeg\" \/>\n<meta name=\"author\" content=\"Aline Damettos\" \/>\n<meta name=\"twitter:card\" content=\"summary_large_image\" \/>\n<meta name=\"twitter:creator\" content=\"@gran_online\" \/>\n<meta name=\"twitter:site\" content=\"@gran_online\" \/>\n<meta name=\"twitter:label1\" content=\"Written by\" \/>\n\t<meta name=\"twitter:data1\" content=\"Aline Damettos\" \/>\n\t<meta name=\"twitter:label2\" content=\"Est. reading time\" \/>\n\t<meta name=\"twitter:data2\" content=\"8 minutos\" \/>\n<script type=\"application\/ld+json\" class=\"yoast-schema-graph\">{\"@context\":\"https:\/\/schema.org\",\"@graph\":[{\"@type\":\"NewsArticle\",\"@id\":\"https:\/\/faculdade.grancursosonline.com.br\/blog\/o-que-faz-o-profissional-de-servicos-penais\/#article\",\"isPartOf\":{\"@id\":\"https:\/\/faculdade.grancursosonline.com.br\/blog\/o-que-faz-o-profissional-de-servicos-penais\/\"},\"author\":{\"name\":\"Aline Damettos\",\"@id\":\"https:\/\/faculdade.grancursosonline.com.br\/blog\/#\/schema\/person\/14e0fa771c0614c4b7434ee70589c075\"},\"headline\":\"O que faz o profissional de Servi\u00e7os Penais? Entenda!\",\"datePublished\":\"2026-08-25T14:09:32+00:00\",\"dateModified\":\"2026-08-25T14:09:36+00:00\",\"mainEntityOfPage\":{\"@id\":\"https:\/\/faculdade.grancursosonline.com.br\/blog\/o-que-faz-o-profissional-de-servicos-penais\/\"},\"wordCount\":1299,\"commentCount\":0,\"publisher\":{\"@id\":\"https:\/\/faculdade.grancursosonline.com.br\/blog\/#organization\"},\"image\":{\"@id\":\"https:\/\/faculdade.grancursosonline.com.br\/blog\/o-que-faz-o-profissional-de-servicos-penais\/#primaryimage\"},\"thumbnailUrl\":\"https:\/\/blog-es-static.infra.grancursosonline.com.br\/wp-content\/uploads\/2026\/08\/25110729\/profissional-de-Servicos-Penais.jpg\",\"articleSection\":[\"Empregabilidade\",\"\u00daltimas Not\u00edcias\"],\"inLanguage\":\"pt-BR\",\"potentialAction\":[{\"@type\":\"CommentAction\",\"name\":\"Comment\",\"target\":[\"https:\/\/faculdade.grancursosonline.com.br\/blog\/o-que-faz-o-profissional-de-servicos-penais\/#respond\"]}],\"copyrightYear\":\"2026\",\"copyrightHolder\":{\"@id\":\"https:\/\/faculdade.grancursosonline.com.br\/blog\/#organization\"}},{\"@type\":\"WebPage\",\"@id\":\"https:\/\/faculdade.grancursosonline.com.br\/blog\/o-que-faz-o-profissional-de-servicos-penais\/\",\"url\":\"https:\/\/faculdade.grancursosonline.com.br\/blog\/o-que-faz-o-profissional-de-servicos-penais\/\",\"name\":\"O que faz o profissional de Servi\u00e7os Penais? Entenda!\",\"isPartOf\":{\"@id\":\"https:\/\/faculdade.grancursosonline.com.br\/blog\/#website\"},\"primaryImageOfPage\":{\"@id\":\"https:\/\/faculdade.grancursosonline.com.br\/blog\/o-que-faz-o-profissional-de-servicos-penais\/#primaryimage\"},\"image\":{\"@id\":\"https:\/\/faculdade.grancursosonline.com.br\/blog\/o-que-faz-o-profissional-de-servicos-penais\/#primaryimage\"},\"thumbnailUrl\":\"https:\/\/blog-es-static.infra.grancursosonline.com.br\/wp-content\/uploads\/2026\/08\/25110729\/profissional-de-Servicos-Penais.jpg\",\"datePublished\":\"2026-08-25T14:09:32+00:00\",\"dateModified\":\"2026-08-25T14:09:36+00:00\",\"description\":\"Descubra o que faz o formado em Servi\u00e7os Penais, onde trabalhar, sal\u00e1rios da \u00e1rea e se o curso \u00e9 aceito em concurso para a Pol\u00edcia Penal.\",\"breadcrumb\":{\"@id\":\"https:\/\/faculdade.grancursosonline.com.br\/blog\/o-que-faz-o-profissional-de-servicos-penais\/#breadcrumb\"},\"inLanguage\":\"pt-BR\",\"potentialAction\":[{\"@type\":\"ReadAction\",\"target\":[\"https:\/\/faculdade.grancursosonline.com.br\/blog\/o-que-faz-o-profissional-de-servicos-penais\/\"]}]},{\"@type\":\"ImageObject\",\"inLanguage\":\"pt-BR\",\"@id\":\"https:\/\/faculdade.grancursosonline.com.br\/blog\/o-que-faz-o-profissional-de-servicos-penais\/#primaryimage\",\"url\":\"https:\/\/blog-es-static.infra.grancursosonline.com.br\/wp-content\/uploads\/2026\/08\/25110729\/profissional-de-Servicos-Penais.jpg\",\"contentUrl\":\"https:\/\/blog-es-static.infra.grancursosonline.com.br\/wp-content\/uploads\/2026\/08\/25110729\/profissional-de-Servicos-Penais.jpg\",\"width\":1001,\"height\":601,\"caption\":\"profissional-de-Servicos-Penais\"},{\"@type\":\"BreadcrumbList\",\"@id\":\"https:\/\/faculdade.grancursosonline.com.br\/blog\/o-que-faz-o-profissional-de-servicos-penais\/#breadcrumb\",\"itemListElement\":[{\"@type\":\"ListItem\",\"position\":1,\"name\":\"In\u00edcio\",\"item\":\"https:\/\/faculdade.grancursosonline.com.br\/blog\/\"},{\"@type\":\"ListItem\",\"position\":2,\"name\":\"Empregabilidade\",\"item\":\"https:\/\/faculdade.grancursosonline.com.br\/blog\/categoria\/empregabilidade\/\"},{\"@type\":\"ListItem\",\"position\":3,\"name\":\"O que faz o profissional de Servi\u00e7os Penais? Entenda!\"}]},{\"@type\":\"WebSite\",\"@id\":\"https:\/\/faculdade.grancursosonline.com.br\/blog\/#website\",\"url\":\"https:\/\/faculdade.grancursosonline.com.br\/blog\/\",\"name\":\"Blog Gran Faculdade\",\"description\":\"Tudo sobre ensino superior, p\u00f3s-gradua\u00e7\u00e3o, enem e carreira.\",\"publisher\":{\"@id\":\"https:\/\/faculdade.grancursosonline.com.br\/blog\/#organization\"},\"potentialAction\":[{\"@type\":\"SearchAction\",\"target\":{\"@type\":\"EntryPoint\",\"urlTemplate\":\"https:\/\/faculdade.grancursosonline.com.br\/blog\/?s={search_term_string}\"},\"query-input\":{\"@type\":\"PropertyValueSpecification\",\"valueRequired\":true,\"valueName\":\"search_term_string\"}}],\"inLanguage\":\"pt-BR\"},{\"@type\":\"Organization\",\"@id\":\"https:\/\/faculdade.grancursosonline.com.br\/blog\/#organization\",\"name\":\"Gran Cursos Online\",\"url\":\"https:\/\/faculdade.grancursosonline.com.br\/blog\/\",\"logo\":{\"@type\":\"ImageObject\",\"inLanguage\":\"pt-BR\",\"@id\":\"https:\/\/faculdade.grancursosonline.com.br\/blog\/#\/schema\/logo\/image\/\",\"url\":\"https:\/\/blog-es-static.infra.grancursosonline.com.br\/wp-content\/uploads\/2019\/08\/03123934\/logo.png\",\"contentUrl\":\"https:\/\/blog-es-static.infra.grancursosonline.com.br\/wp-content\/uploads\/2019\/08\/03123934\/logo.png\",\"width\":300,\"height\":57,\"caption\":\"Gran Cursos Online\"},\"image\":{\"@id\":\"https:\/\/faculdade.grancursosonline.com.br\/blog\/#\/schema\/logo\/image\/\"},\"sameAs\":[\"https:\/\/www.facebook.com\/grancursosonline\/\",\"https:\/\/x.com\/gran_online\",\"https:\/\/www.instagram.com\/grancursosonline\/\",\"https:\/\/www.youtube.com\/user\/grancursostv\"]},{\"@type\":\"Person\",\"@id\":\"https:\/\/faculdade.grancursosonline.com.br\/blog\/#\/schema\/person\/14e0fa771c0614c4b7434ee70589c075\",\"name\":\"Aline Damettos\",\"url\":\"https:\/\/faculdade.grancursosonline.com.br\/blog\/author\/aline-damettos\/\"}]}<\/script>\n<!-- \/ Yoast SEO Premium plugin. -->","yoast_head_json":{"title":"O que faz o profissional de Servi\u00e7os Penais? Entenda!","description":"Descubra o que faz o formado em Servi\u00e7os Penais, onde trabalhar, sal\u00e1rios da \u00e1rea e se o curso \u00e9 aceito em concurso para a Pol\u00edcia Penal.","robots":{"index":"index","follow":"follow","max-snippet":"max-snippet:-1","max-image-preview":"max-image-preview:large","max-video-preview":"max-video-preview:-1"},"canonical":"https:\/\/faculdade.grancursosonline.com.br\/blog\/o-que-faz-o-profissional-de-servicos-penais\/","og_locale":"pt_BR","og_type":"article","og_title":"O que faz o profissional de Servi\u00e7os Penais? Entenda!","og_description":"Descubra o que faz o formado em Servi\u00e7os Penais, onde trabalhar, sal\u00e1rios da \u00e1rea e se o curso \u00e9 aceito em concurso para a Pol\u00edcia Penal.","og_url":"https:\/\/faculdade.grancursosonline.com.br\/blog\/o-que-faz-o-profissional-de-servicos-penais\/","og_site_name":"Blog Gran Faculdade","article_publisher":"https:\/\/www.facebook.com\/grancursosonline\/","article_published_time":"2026-08-25T14:09:32+00:00","article_modified_time":"2026-08-25T14:09:36+00:00","og_image":[{"width":511,"height":311,"url":"https:\/\/blog-es-static.infra.grancursosonline.com.br\/wp-content\/uploads\/2026\/08\/25110821\/profissional-de-Servicos-Penais-2.jpg","type":"image\/jpeg"}],"author":"Aline Damettos","twitter_card":"summary_large_image","twitter_creator":"@gran_online","twitter_site":"@gran_online","twitter_misc":{"Written by":"Aline Damettos","Est. reading time":"8 minutos"},"schema":{"@context":"https:\/\/schema.org","@graph":[{"@type":"NewsArticle","@id":"https:\/\/faculdade.grancursosonline.com.br\/blog\/o-que-faz-o-profissional-de-servicos-penais\/#article","isPartOf":{"@id":"https:\/\/faculdade.grancursosonline.com.br\/blog\/o-que-faz-o-profissional-de-servicos-penais\/"},"author":{"name":"Aline Damettos","@id":"https:\/\/faculdade.grancursosonline.com.br\/blog\/#\/schema\/person\/14e0fa771c0614c4b7434ee70589c075"},"headline":"O que faz o profissional de Servi\u00e7os Penais? Entenda!","datePublished":"2026-08-25T14:09:32+00:00","dateModified":"2026-08-25T14:09:36+00:00","mainEntityOfPage":{"@id":"https:\/\/faculdade.grancursosonline.com.br\/blog\/o-que-faz-o-profissional-de-servicos-penais\/"},"wordCount":1299,"commentCount":0,"publisher":{"@id":"https:\/\/faculdade.grancursosonline.com.br\/blog\/#organization"},"image":{"@id":"https:\/\/faculdade.grancursosonline.com.br\/blog\/o-que-faz-o-profissional-de-servicos-penais\/#primaryimage"},"thumbnailUrl":"https:\/\/blog-es-static.infra.grancursosonline.com.br\/wp-content\/uploads\/2026\/08\/25110729\/profissional-de-Servicos-Penais.jpg","articleSection":["Empregabilidade","\u00daltimas Not\u00edcias"],"inLanguage":"pt-BR","potentialAction":[{"@type":"CommentAction","name":"Comment","target":["https:\/\/faculdade.grancursosonline.com.br\/blog\/o-que-faz-o-profissional-de-servicos-penais\/#respond"]}],"copyrightYear":"2026","copyrightHolder":{"@id":"https:\/\/faculdade.grancursosonline.com.br\/blog\/#organization"}},{"@type":"WebPage","@id":"https:\/\/faculdade.grancursosonline.com.br\/blog\/o-que-faz-o-profissional-de-servicos-penais\/","url":"https:\/\/faculdade.grancursosonline.com.br\/blog\/o-que-faz-o-profissional-de-servicos-penais\/","name":"O que faz o profissional de Servi\u00e7os Penais? Entenda!","isPartOf":{"@id":"https:\/\/faculdade.grancursosonline.com.br\/blog\/#website"},"primaryImageOfPage":{"@id":"https:\/\/faculdade.grancursosonline.com.br\/blog\/o-que-faz-o-profissional-de-servicos-penais\/#primaryimage"},"image":{"@id":"https:\/\/faculdade.grancursosonline.com.br\/blog\/o-que-faz-o-profissional-de-servicos-penais\/#primaryimage"},"thumbnailUrl":"https:\/\/blog-es-static.infra.grancursosonline.com.br\/wp-content\/uploads\/2026\/08\/25110729\/profissional-de-Servicos-Penais.jpg","datePublished":"2026-08-25T14:09:32+00:00","dateModified":"2026-08-25T14:09:36+00:00","description":"Descubra o que faz o formado em Servi\u00e7os Penais, onde trabalhar, sal\u00e1rios da \u00e1rea e se o curso \u00e9 aceito em concurso para a Pol\u00edcia Penal.","breadcrumb":{"@id":"https:\/\/faculdade.grancursosonline.com.br\/blog\/o-que-faz-o-profissional-de-servicos-penais\/#breadcrumb"},"inLanguage":"pt-BR","potentialAction":[{"@type":"ReadAction","target":["https:\/\/faculdade.grancursosonline.com.br\/blog\/o-que-faz-o-profissional-de-servicos-penais\/"]}]},{"@type":"ImageObject","inLanguage":"pt-BR","@id":"https:\/\/faculdade.grancursosonline.com.br\/blog\/o-que-faz-o-profissional-de-servicos-penais\/#primaryimage","url":"https:\/\/blog-es-static.infra.grancursosonline.com.br\/wp-content\/uploads\/2026\/08\/25110729\/profissional-de-Servicos-Penais.jpg","contentUrl":"https:\/\/blog-es-static.infra.grancursosonline.com.br\/wp-content\/uploads\/2026\/08\/25110729\/profissional-de-Servicos-Penais.jpg","width":1001,"height":601,"caption":"profissional-de-Servicos-Penais"},{"@type":"BreadcrumbList","@id":"https:\/\/faculdade.grancursosonline.com.br\/blog\/o-que-faz-o-profissional-de-servicos-penais\/#breadcrumb","itemListElement":[{"@type":"ListItem","position":1,"name":"In\u00edcio","item":"https:\/\/faculdade.grancursosonline.com.br\/blog\/"},{"@type":"ListItem","position":2,"name":"Empregabilidade","item":"https:\/\/faculdade.grancursosonline.com.br\/blog\/categoria\/empregabilidade\/"},{"@type":"ListItem","position":3,"name":"O que faz o profissional de Servi\u00e7os Penais? Entenda!"}]},{"@type":"WebSite","@id":"https:\/\/faculdade.grancursosonline.com.br\/blog\/#website","url":"https:\/\/faculdade.grancursosonline.com.br\/blog\/","name":"Blog Gran Faculdade","description":"Tudo sobre ensino superior, p\u00f3s-gradua\u00e7\u00e3o, enem e carreira.","publisher":{"@id":"https:\/\/faculdade.grancursosonline.com.br\/blog\/#organization"},"potentialAction":[{"@type":"SearchAction","target":{"@type":"EntryPoint","urlTemplate":"https:\/\/faculdade.grancursosonline.com.br\/blog\/?s={search_term_string}"},"query-input":{"@type":"PropertyValueSpecification","valueRequired":true,"valueName":"search_term_string"}}],"inLanguage":"pt-BR"},{"@type":"Organization","@id":"https:\/\/faculdade.grancursosonline.com.br\/blog\/#organization","name":"Gran Cursos Online","url":"https:\/\/faculdade.grancursosonline.com.br\/blog\/","logo":{"@type":"ImageObject","inLanguage":"pt-BR","@id":"https:\/\/faculdade.grancursosonline.com.br\/blog\/#\/schema\/logo\/image\/","url":"https:\/\/blog-es-static.infra.grancursosonline.com.br\/wp-content\/uploads\/2019\/08\/03123934\/logo.png","contentUrl":"https:\/\/blog-es-static.infra.grancursosonline.com.br\/wp-content\/uploads\/2019\/08\/03123934\/logo.png","width":300,"height":57,"caption":"Gran Cursos Online"},"image":{"@id":"https:\/\/faculdade.grancursosonline.com.br\/blog\/#\/schema\/logo\/image\/"},"sameAs":["https:\/\/www.facebook.com\/grancursosonline\/","https:\/\/x.com\/gran_online","https:\/\/www.instagram.com\/grancursosonline\/","https:\/\/www.youtube.com\/user\/grancursostv"]},{"@type":"Person","@id":"https:\/\/faculdade.grancursosonline.com.br\/blog\/#\/schema\/person\/14e0fa771c0614c4b7434ee70589c075","name":"Aline Damettos","url":"https:\/\/faculdade.grancursosonline.com.br\/blog\/author\/aline-damettos\/"}]}},"_links":{"self":[{"href":"https:\/\/faculdade.grancursosonline.com.br\/blog\/wp-json\/wp\/v2\/posts\/79768742","targetHints":{"allow":["GET"]}}],"collection":[{"href":"https:\/\/faculdade.grancursosonline.com.br\/blog\/wp-json\/wp\/v2\/posts"}],"about":[{"href":"https:\/\/faculdade.grancursosonline.com.br\/blog\/wp-json\/wp\/v2\/types\/post"}],"author":[{"embeddable":true,"href":"https:\/\/faculdade.grancursosonline.com.br\/blog\/wp-json\/wp\/v2\/users\/525"}],"replies":[{"embeddable":true,"href":"https:\/\/faculdade.grancursosonline.com.br\/blog\/wp-json\/wp\/v2\/comments?post=79768742"}],"version-history":[{"count":1,"href":"https:\/\/faculdade.grancursosonline.com.br\/blog\/wp-json\/wp\/v2\/posts\/79768742\/revisions"}],"predecessor-version":[{"id":79768746,"href":"https:\/\/faculdade.grancursosonline.com.br\/blog\/wp-json\/wp\/v2\/posts\/79768742\/revisions\/79768746"}],"wp:featuredmedia":[{"embeddable":true,"href":"https:\/\/faculdade.grancursosonline.com.br\/blog\/wp-json\/wp\/v2\/media\/79768744"}],"wp:attachment":[{"href":"https:\/\/faculdade.grancursosonline.com.br\/blog\/wp-json\/wp\/v2\/media?parent=79768742"}],"wp:term":[{"taxonomy":"category","embeddable":true,"href":"https:\/\/faculdade.grancursosonline.com.br\/blog\/wp-json\/wp\/v2\/categories?post=79768742"},{"taxonomy":"post_tag","embeddable":true,"href":"https:\/\/faculdade.grancursosonline.com.br\/blog\/wp-json\/wp\/v2\/tags?post=79768742"}],"curies":[{"name":"wp","href":"https:\/\/api.w.org\/{rel}","templated":true}]}}