{"id":79768824,"date":"2026-08-27T15:20:39","date_gmt":"2026-08-27T18:20:39","guid":{"rendered":"https:\/\/faculdade.grancursosonline.com.br\/blog\/?p=79768824"},"modified":"2026-08-27T15:20:43","modified_gmt":"2026-08-27T18:20:43","slug":"pos-graduacao-em-economia-e-financas","status":"publish","type":"post","link":"https:\/\/faculdade.grancursosonline.com.br\/blog\/pos-graduacao-em-economia-e-financas\/","title":{"rendered":"P\u00f3s-gradua\u00e7\u00e3o em Economia e Finan\u00e7as: guia do curso, EAD e sal\u00e1rios"},"content":{"rendered":"\n<p class=\"wp-block-paragraph\">Compreender o cen\u00e1rio macroecon\u00f4mico e tomar decis\u00f5es financeiras embasadas s\u00e3o habilidades valiosas em um mercado din\u00e2mico.<\/p>\n\n\n\n<p class=\"wp-block-paragraph\">A <a href=\"https:\/\/pos.grancursosonline.com.br\/curso\/economia-e-financas\/\"><strong>p\u00f3s-gradua\u00e7\u00e3o em Economia e Finan\u00e7as<\/strong><\/a> surge como uma escolha s\u00f3lida para profissionais que buscam aprofundar conhecimentos e alcan\u00e7ar posi\u00e7\u00f5es de destaque na carreira.<\/p>\n\n\n\n<p class=\"wp-block-paragraph\">Ao longo deste guia, apresentamos detalhes sobre a estrutura do curso, disciplinas, modalidades de estudo, m\u00e9dias salariais e as oportunidades que essa especializa\u00e7\u00e3o proporciona.<\/p>\n\n\n\n<p class=\"wp-block-paragraph\">Se preferir, navegue pelo \u00edndice:<\/p>\n\n\n\n<ul class=\"wp-block-list\">\n<li><a href=\"#h-o-que-e-uma-pos-graduacao-em-economia-e-financas\">O que \u00e9 uma p\u00f3s-gradua\u00e7\u00e3o em Economia e Finan\u00e7as?<\/a><\/li>\n\n\n\n<li><a href=\"#h-quem-pode-fazer-pos-em-economia-e-financas\">Quem pode fazer p\u00f3s em Economia e Finan\u00e7as?<\/a><\/li>\n\n\n\n<li><a href=\"#h-o-que-se-aprende-na-pos-de-economia-e-financas\">O que se aprende na p\u00f3s?<\/a><\/li>\n\n\n\n<li><a href=\"#h-quais-sao-as-principais-areas-de-especializacao\">Quais s\u00e3o as principais \u00e1reas de especializa\u00e7\u00e3o?<\/a><\/li>\n\n\n\n<li><a href=\"#h-pos-em-economia-e-financas-ou-mba-em-financas\">P\u00f3s em Economia e Finan\u00e7as ou MBA em Finan\u00e7as?<\/a><\/li>\n\n\n\n<li><a href=\"#h-qual-pos-fazer-para-trabalhar-no-mercado-financeiro\">Qual p\u00f3s fazer para trabalhar no mercado financeiro?<\/a><\/li>\n\n\n\n<li><a href=\"#h-quais-cargos-posso-ocupar-depois-da-pos\">Quais cargos posso ocupar depois da p\u00f3s?<\/a><\/li>\n\n\n\n<li><a href=\"#h-quanto-ganha-quem-tem-pos-em-economia-e-financas\">Quanto ganha quem tem p\u00f3s em Economia e Finan\u00e7as?<\/a><\/li>\n\n\n\n<li><a href=\"#h-quanto-custa-uma-pos-em-economia-e-financas\">Quanto custa uma p\u00f3s em Economia e Finan\u00e7as?<\/a><\/li>\n\n\n\n<li><a href=\"#h-pos-em-economia-e-financas-ead-vale-a-pena\">P\u00f3s em Economia e Finan\u00e7as EAD vale a pena?<\/a><\/li>\n\n\n\n<li><a href=\"#h-como-saber-se-a-pos-e-reconhecida-pelo-mec\">Como saber se a p\u00f3s \u00e9 reconhecida pelo MEC?<\/a><\/li>\n\n\n\n<li><a href=\"#h-pos-em-economia-e-financas-da-registro-no-corecon\">P\u00f3s em Economia e Finan\u00e7as d\u00e1 registro no Corecon?<\/a><\/li>\n\n\n\n<li><a href=\"#h-quais-certificacoes-combinam-com-a-pos\">Quais certifica\u00e7\u00f5es combinam com a p\u00f3s?<\/a><\/li>\n\n\n\n<li><a href=\"#h-quais-ferramentas-um-profissional-de-financas-deve-dominar\">Quais ferramentas um profissional de Finan\u00e7as deve dominar?<\/a><\/li>\n\n\n\n<li><a href=\"#h-vale-a-pena-fazer-pos-em-economia-e-financas\">Vale a pena fazer p\u00f3s em Economia e Finan\u00e7as?<\/a><\/li>\n\n\n\n<li><a href=\"#h-como-escolher-a-melhor-pos-em-economia-e-financas\">Como escolher a melhor p\u00f3s em Economia e Finan\u00e7as?<\/a><\/li>\n\n\n\n<li><a href=\"#h-perguntas-frequentes\">Perguntas frequentes<\/a><\/li>\n\n\n\n<li><a href=\"#h-vem-pra-gran-faculdade\">Vem pra Gran Faculdade!<\/a><\/li>\n<\/ul>\n\n\n\n<figure class=\"wp-block-image size-large is-resized\"><img loading=\"lazy\" decoding=\"async\" width=\"1024\" height=\"683\" src=\"https:\/\/blog-es-static.infra.grancursosonline.com.br\/wp-content\/uploads\/2026\/08\/27135730\/Pos-em-Economia-e-Financas-1024x683.png\" alt=\"A imagem mostra uma pessoa navegando pela p\u00e1gina do curso de P\u00f3s-Gradua\u00e7\u00e3o em Economia e Finan\u00e7as do Gran.\nA tela destaca informa\u00e7\u00f5es sobre a forma\u00e7\u00e3o, dura\u00e7\u00e3o, modalidade e matr\u00edcula.\nO ambiente transmite uma sensa\u00e7\u00e3o de estudo, organiza\u00e7\u00e3o e desenvolvimento profissional.\" class=\"wp-image-79768826\" style=\"aspect-ratio:1.499310034979622;width:649px;height:auto\"\/><\/figure>\n\n\n\n<p class=\"wp-block-paragraph\"><em>Conhe\u00e7a a P\u00f3s-Gradua\u00e7\u00e3o em Economia e Finan\u00e7as da Gran Faculdade e prepare-se para novos desafios no mercado financeiro<\/em>.<\/p>\n\n\n\n<h2 id=\"h-o-que-e-uma-pos-graduacao-em-economia-e-financas\" class=\"wp-block-heading\"><strong>O que \u00e9 uma p\u00f3s-gradua\u00e7\u00e3o em Economia e Finan\u00e7as?<\/strong><\/h2>\n\n\n\n<p class=\"wp-block-paragraph\">A <strong>p\u00f3s em Economia e Finan\u00e7as<\/strong> \u00e9 um curso de <strong>especializa\u00e7\u00e3o <\/strong>focado em unir conceitos da teoria econ\u00f4mica com ferramentas pr\u00e1ticas de gest\u00e3o financeira. O programa capacita o aluno a analisar indicadores econ\u00f4micos, avaliar riscos, realizar an\u00e1lises de investimentos e compreender o funcionamento dos mercados globais e locais.<\/p>\n\n\n\n<p class=\"wp-block-paragraph\">Essa forma\u00e7\u00e3o integrada permite entender como grandes movimentos da economia impactam a sa\u00fade financeira de empresas e o valor dos ativos. Por isso, atrai profissionais que desejam atuar no <strong>setor corporativo<\/strong>, em institui\u00e7\u00f5es financeiras ou na consultoria de neg\u00f3cios.<\/p>\n\n\n\n<p class=\"wp-block-paragraph\">Na Gran Faculdade, a <a href=\"https:\/\/pos.grancursosonline.com.br\/\">p\u00f3s-gradua\u00e7\u00e3o<\/a> em Economia e Finan\u00e7as oferece um formato totalmente <strong>online<\/strong>, permitindo flexibilidade para organizar os estudos de acordo com a rotina profissional.&nbsp;<\/p>\n\n\n\n<p class=\"wp-block-paragraph\">A institui\u00e7\u00e3o disponibiliza materiais atualizados e professores experientes na \u00e1rea, preparando os alunos para os desafios do mercado de trabalho.<\/p>\n\n\n\n<p class=\"wp-block-paragraph\">Para conhecer os detalhes da grade e das condi\u00e7\u00f5es de matr\u00edcula, acesse a<a href=\"https:\/\/pos.grancursosonline.com.br\/curso\/economia-e-financas\/\"> p\u00f3s em Economia e Finan\u00e7as da Gran Faculdade<\/a> e saiba mais.<\/p>\n\n\n\n<h2 id=\"h-quem-pode-fazer-pos-em-economia-e-financas\" class=\"wp-block-heading\"><strong>Quem pode fazer p\u00f3s em Economia e Finan\u00e7as?<\/strong><\/h2>\n\n\n\n<p class=\"wp-block-paragraph\">O curso \u00e9 voltado para <strong>portadores de diploma de curso superior em qualquer \u00e1rea<\/strong> do conhecimento.<\/p>\n\n\n\n<p class=\"wp-block-paragraph\">Embora profissionais graduados em Economia, Administra\u00e7\u00e3o, Ci\u00eancias Cont\u00e1beis e Engenharia sejam o p\u00fablico mais comum, graduados em Direito, Tecnologia e Comunica\u00e7\u00e3o tamb\u00e9m encontram na especializa\u00e7\u00e3o uma oportunidade de transi\u00e7\u00e3o ou aprimoramento de carreira.<\/p>\n\n\n\n<p class=\"wp-block-paragraph\"><strong>N\u00e3o \u00e9 obrigat\u00f3rio ter forma\u00e7\u00e3o pr\u00e9via na \u00e1rea exata<\/strong>, pois os m\u00f3dulos iniciais costumam alinhar conceitos fundamentais de matem\u00e1tica financeira e contabilidade b\u00e1sica.<\/p>\n\n\n\n<p class=\"wp-block-paragraph\">O requisito principal \u00e9 o interesse em compreender a din\u00e2mica do mercado financeiro e a an\u00e1lise de dados econ\u00f4micos.<\/p>\n\n\n\n<h2 id=\"h-o-que-se-aprende-na-pos-de-economia-e-financas\" class=\"wp-block-heading\"><strong>O que se aprende na p\u00f3s de Economia e Finan\u00e7as?<\/strong><\/h2>\n\n\n\n<p class=\"wp-block-paragraph\">A <strong>grade curricular<\/strong> combina teoria e pr\u00e1tica para oferecer uma vis\u00e3o ampla da economia aplicada \u00e0s finan\u00e7as. O estudante desenvolve capacidades anal\u00edticas relevantes para a tomada de decis\u00e3o em cen\u00e1rios de incerteza.<\/p>\n\n\n\n<p class=\"wp-block-paragraph\">Entre os t\u00f3picos abordados, destacam-se:<\/p>\n\n\n\n<ul class=\"wp-block-list\">\n<li>Macroeconomia aplicada e an\u00e1lise de cen\u00e1rios econ\u00f4micos;<\/li>\n\n\n\n<li>Finan\u00e7as corporativas avan\u00e7adas e fluxo de caixa;<\/li>\n\n\n\n<li>An\u00e1lise de demonstra\u00e7\u00f5es financeiras e or\u00e7amento empresarial;<\/li>\n\n\n\n<li>Valuation e avalia\u00e7\u00e3o de empresas;<\/li>\n\n\n\n<li>Mercado de capitais, renda fixa, renda vari\u00e1vel e derivativos;<\/li>\n\n\n\n<li>Gest\u00e3o de riscos e aloca\u00e7\u00e3o de carteiras de investimento;<\/li>\n\n\n\n<li>Econometria e m\u00e9todos quantitativos aplicados;<\/li>\n\n\n\n<li>Governan\u00e7a corporativa, compliance e \u00e9tica nos neg\u00f3cios.<\/li>\n<\/ul>\n\n\n\n<h2 id=\"h-quais-sao-as-principais-areas-de-especializacao\" class=\"wp-block-heading\"><strong>Quais s\u00e3o as principais \u00e1reas de especializa\u00e7\u00e3o?<\/strong><\/h2>\n\n\n\n<p class=\"wp-block-paragraph\">A <strong>\u00e1rea de economia<\/strong> <strong>e finan\u00e7as <\/strong>possui ramifica\u00e7\u00f5es que atendem a diferentes perfis profissionais e objetivos de carreira.<\/p>\n\n\n\n<h3 id=\"h-financas-corporativas\" class=\"wp-block-heading\"><strong>Finan\u00e7as corporativas<\/strong><\/h3>\n\n\n\n<p class=\"wp-block-paragraph\">Voltada para a gest\u00e3o financeira interna de empresas. Abrange temas como estrutura de capital, an\u00e1lise de projetos de investimento, planejamento or\u00e7ament\u00e1rio e estrat\u00e9gias de fus\u00f5es e aquisi\u00e7\u00f5es.<\/p>\n\n\n\n<h3 id=\"h-mercado-financeiro\" class=\"wp-block-heading\"><strong>Mercado financeiro<\/strong><\/h3>\n\n\n\n<p class=\"wp-block-paragraph\">Focada no funcionamento do sistema financeiro, corretoras, bancos de investimento e fundos. Prepara o profissional para atuar no acompanhamento de cen\u00e1rios econ\u00f4micos e opera\u00e7\u00f5es do mercado.<\/p>\n\n\n\n<h3 id=\"h-investimentos\" class=\"wp-block-heading\"><strong>Investimentos<\/strong><\/h3>\n\n\n\n<p class=\"wp-block-paragraph\">Direcionada para a gest\u00e3o de ativos, montagem de carteiras e an\u00e1lise de produtos financeiros de renda fixa e vari\u00e1vel. Ideal para quem deseja atuar como gestor de patrim\u00f4nio ou analista.<\/p>\n\n\n\n<h3 id=\"h-economia-de-negocios\" class=\"wp-block-heading\"><strong>Economia de neg\u00f3cios<\/strong><\/h3>\n\n\n\n<p class=\"wp-block-paragraph\">Concentra-se na aplica\u00e7\u00e3o da teoria econ\u00f4mica para fundamentar decis\u00f5es estrat\u00e9gicas dentro das organiza\u00e7\u00f5es, analisando concorr\u00eancia, precifica\u00e7\u00e3o de produtos e comportamento de mercados.<\/p>\n\n\n\n<h3 id=\"h-economia-quantitativa\" class=\"wp-block-heading\"><strong>Economia quantitativa<\/strong><\/h3>\n\n\n\n<p class=\"wp-block-paragraph\">Enfatiza o uso de m\u00e9todos estat\u00edsticos, modelos matem\u00e1ticos e ferramentas de dados para prever tend\u00eancias e mensurar riscos no setor financeiro.<\/p>\n\n\n\n<h2 id=\"h-pos-em-economia-e-financas-ou-mba-em-financas\" class=\"wp-block-heading\"><strong>P\u00f3s em Economia e Finan\u00e7as ou MBA em Finan\u00e7as?<\/strong><\/h2>\n\n\n\n<p class=\"wp-block-paragraph\">A escolha entre uma p\u00f3s em Economia e Finan\u00e7as e um MBA depende dos objetivos profissionais.<\/p>\n\n\n\n<p class=\"wp-block-paragraph\">A especializa\u00e7\u00e3o tradicional aprofunda aspectos t\u00e9cnicos, te\u00f3ricos e anal\u00edticos da economia. J\u00e1 o MBA possui um vi\u00e9s direcionado \u00e0 gest\u00e3o de equipes, lideran\u00e7a e vis\u00e3o estrat\u00e9gica de neg\u00f3cios.<\/p>\n\n\n\n<p class=\"wp-block-paragraph\">Confira diferen\u00e7as:<\/p>\n\n\n\n<figure class=\"wp-block-table\"><div class=\"container-tabela\"><table class=\"has-fixed-layout\"><tbody><tr><td><strong>Crit\u00e9rio<\/strong><\/td><td><strong>P\u00f3s-gradua\u00e7\u00e3o em Economia e Finan\u00e7as<\/strong><\/td><td><strong>MBA em Finan\u00e7as<\/strong><\/td><\/tr><tr><td>Foco principal<\/td><td>An\u00e1lise t\u00e9cnica, economia e m\u00e9todos quantitativos<\/td><td>Gest\u00e3o estrat\u00e9gica, lideran\u00e7a e neg\u00f3cios<\/td><\/tr><tr><td>Perfil do aluno<\/td><td>Analistas, consultores e t\u00e9cnicos<\/td><td>Gestores, diretores e empreendedores<\/td><\/tr><tr><td>Conte\u00fado acad\u00eamico<\/td><td>Denso em teoria econ\u00f4mica e valuation<\/td><td>Voltado para tomada de decis\u00e3o e processos<\/td><\/tr><tr><td>Aplica\u00e7\u00e3o pr\u00e1tica<\/td><td>An\u00e1lise de dados, riscos e mercado<\/td><td>Gest\u00e3o de equipes e departamentos<\/td><\/tr><\/tbody><\/table><\/div><\/figure>\n\n\n\n<p class=\"wp-block-paragraph\"><\/p>\n\n\n\n<p class=\"has-text-align-center wp-block-paragraph\"><a href=\"https:\/\/faculdade.grancursosonline.com.br\/\" target=\"_blank\" rel=\"noopener\"><strong>Quero come\u00e7ar minha faculdade hoje<\/strong><\/a><\/p>\n\n\n\n<h2 id=\"h-qual-pos-fazer-para-trabalhar-no-mercado-financeiro\" class=\"wp-block-heading\"><strong>Qual p\u00f3s fazer para trabalhar no mercado financeiro?<\/strong><\/h2>\n\n\n\n<p class=\"wp-block-paragraph\">Para trabalhar em institui\u00e7\u00f5es do mercado financeiro, como bancos, corretoras e gestoras de recursos, a <strong>p\u00f3s em Economia e Finan\u00e7as<\/strong> <strong>\u00e9 indicada<\/strong> por cobrir tanto o cen\u00e1rio macroecon\u00f4mico quanto a an\u00e1lise de ativos.<\/p>\n\n\n\n<p class=\"wp-block-paragraph\">Programas com m\u00f3dulos focados em mercado de capitais, valuation e gest\u00e3o de riscos trazem uma base s\u00f3lida para quem deseja atuar em an\u00e1lise de investimentos, tesouraria e assessoria financeira.<\/p>\n\n\n\n<h2 id=\"h-quais-cargos-posso-ocupar-depois-da-pos\" class=\"wp-block-heading\"><strong>Quais cargos posso ocupar depois da p\u00f3s?<\/strong><\/h2>\n\n\n\n<p class=\"wp-block-paragraph\">A forma\u00e7\u00e3o abre portas para diversas posi\u00e7\u00f5es em empresas privadas, institui\u00e7\u00f5es financeiras e consultorias.<\/p>\n\n\n\n<p class=\"wp-block-paragraph\">Entre os cargos mais comuns est\u00e3o:<\/p>\n\n\n\n<ul class=\"wp-block-list\">\n<li>Analista financeiro s\u00eanior;<\/li>\n\n\n\n<li>Analista de equity research;<\/li>\n\n\n\n<li>Controller empresarial;<\/li>\n\n\n\n<li>Gerente de tesouraria;<\/li>\n\n\n\n<li>Consultor de investimentos;<\/li>\n\n\n\n<li>Analista de riscos;<\/li>\n\n\n\n<li>Assessor de investimentos;<\/li>\n\n\n\n<li>Gerente de planejamento financeiro.<\/li>\n<\/ul>\n\n\n\n<h2 id=\"h-quanto-ganha-quem-tem-pos-em-economia-e-financas\" class=\"wp-block-heading\"><strong>Quanto ganha quem tem p\u00f3s em Economia e Finan\u00e7as?<\/strong><\/h2>\n\n\n\n<p class=\"wp-block-paragraph\">A remunera\u00e7\u00e3o <strong>varia <\/strong>conforme a regi\u00e3o, o porte da empresa e a experi\u00eancia pr\u00e9via do profissional. No entanto, a <strong>p\u00f3s-gradua\u00e7\u00e3o tende a impulsionar<\/strong> os sal\u00e1rios na \u00e1rea financeira.<\/p>\n\n\n\n<p class=\"wp-block-paragraph\">Analistas em n\u00edvel pleno e s\u00eanior costumam ter remunera\u00e7\u00e3o <strong>entre 6 mil reais e 12 mil reais.<\/strong>&nbsp;<\/p>\n\n\n\n<p class=\"wp-block-paragraph\">Cargos de lideran\u00e7a intermedi\u00e1ria, como gerentes de planejamento ou tesouraria, apresentam m\u00e9dias que variam de <strong>12 mil reais a 22 mil reais<\/strong>.<\/p>\n\n\n\n<p class=\"wp-block-paragraph\">Em posi\u00e7\u00f5es executivas, os vencimentos podem <strong>ultrapassar 30 mil<\/strong> reais mensais, somados a b\u00f4nus por desempenho.<\/p>\n\n\n\n<h2 id=\"h-quanto-custa-uma-pos-em-economia-e-financas\" class=\"wp-block-heading\"><strong>Quanto custa uma p\u00f3s em Economia e Finan\u00e7as?<\/strong><\/h2>\n\n\n\n<p class=\"wp-block-paragraph\">Os valores de uma p\u00f3s em Economia e Finan\u00e7as variam bastante no mercado brasileiro. Cursos na modalidade EAD costumam apresentar mensalidades entre 150 reais e 500 reais.<\/p>\n\n\n\n<p class=\"wp-block-paragraph\">A Gran Faculdade oferece essa p\u00f3s-gradua\u00e7\u00e3o por cerca de <strong>R$109,90<\/strong> por m\u00eas, um excelente custo-benef\u00edcio.<\/p>\n\n\n\n<p class=\"wp-block-paragraph\">J\u00e1 especializa\u00e7\u00f5es presenciais ou executivas em institui\u00e7\u00f5es tradicionais podem ter mensalidades situadas entre 1.000 reais e 3.000 reais.<\/p>\n\n\n\n<p class=\"wp-block-paragraph\">A escolha deve considerar o or\u00e7amento dispon\u00edvel, a modalidade de ensino e a rede de contatos desejada.<\/p>\n\n\n\n<h2 id=\"h-pos-em-economia-e-financas-ead-vale-a-pena\" class=\"wp-block-heading\"><strong>P\u00f3s em Economia e Finan\u00e7as EAD vale a pena?<\/strong><\/h2>\n\n\n\n<p class=\"wp-block-paragraph\"><strong>Sim<\/strong>, a modalidade EAD vale a pena para quem precisa de flexibilidade de hor\u00e1rios e deseja conciliar os estudos com o trabalho. A qualidade do ensino a dist\u00e2ncia acompanha os padr\u00f5es presenciais quando o curso \u00e9 oferecido por uma institui\u00e7\u00e3o credenciada.<\/p>\n\n\n\n<p class=\"wp-block-paragraph\">Al\u00e9m da economia com transporte e alimenta\u00e7\u00e3o, o aluno EAD desenvolve disciplina e autogest\u00e3o do tempo, compet\u00eancias valorizadas no ambiente corporativo.<\/p>\n\n\n\n<h2 id=\"h-como-saber-se-a-pos-e-reconhecida-pelo-mec\" class=\"wp-block-heading\"><strong>Como saber se a p\u00f3s \u00e9 reconhecida pelo MEC?<\/strong><\/h2>\n\n\n\n<p class=\"wp-block-paragraph\">Para verificar a regularidade do curso, basta acessar o portal e-MEC do Minist\u00e9rio da Educa\u00e7\u00e3o. Na busca por institui\u00e7\u00f5es, digite o nome da faculdade e verifique o status do credenciamento.<\/p>\n\n\n\n<p class=\"wp-block-paragraph\">Cursos de p\u00f3s-gradua\u00e7\u00e3o lato sensu reconhecidos pelo MEC garantem a emiss\u00e3o de certificado v\u00e1lido em todo o territ\u00f3rio nacional, fundamental para comprova\u00e7\u00e3o de t\u00edtulos e progress\u00e3o de carreira.<\/p>\n\n\n\n<h2 id=\"h-pos-em-economia-e-financas-da-registro-no-corecon\" class=\"wp-block-heading\"><strong>P\u00f3s em Economia e Finan\u00e7as d\u00e1 registro no Corecon?<\/strong><\/h2>\n\n\n\n<p class=\"wp-block-paragraph\"><strong>N\u00e3o<\/strong>. O registro profissional no Conselho Regional de Economia (Corecon) \u00e9 concedido aos diplomados em cursos de bacharelado em Ci\u00eancias Econ\u00f4micas.<\/p>\n\n\n\n<p class=\"wp-block-paragraph\">A p\u00f3s em Economia e Finan\u00e7as oferece <strong>titula\u00e7\u00e3o de especialista<\/strong>, permitindo a atua\u00e7\u00e3o profissional em empresas e no mercado de investimentos, mas sem conceder a carteira de economista a quem tem gradua\u00e7\u00e3o em outra \u00e1rea.<\/p>\n\n\n\n<h2 id=\"h-quais-certificacoes-combinam-com-a-pos\" class=\"wp-block-heading\"><strong>Quais certifica\u00e7\u00f5es combinam com a p\u00f3s?<\/strong><\/h2>\n\n\n\n<p class=\"wp-block-paragraph\">A combina\u00e7\u00e3o da p\u00f3s em Economia e Finan\u00e7as com certifica\u00e7\u00f5es do mercado financeiro fortalece a reputa\u00e7\u00e3o profissional e amplia as chances de contrata\u00e7\u00e3o.<\/p>\n\n\n\n<p class=\"wp-block-paragraph\">As principais certifica\u00e7\u00f5es recomendadas s\u00e3o:<\/p>\n\n\n\n<ul class=\"wp-block-list\">\n<li>CPA-20 e CEA da Anbima, para atua\u00e7\u00e3o em distribui\u00e7\u00e3o de produtos de investimento;<\/li>\n\n\n\n<li>AAI da Ancord, para quem atua como assessor de investimentos;<\/li>\n\n\n\n<li>CFP, voltada para o planejamento financeiro pessoal e patrimonial;<\/li>\n\n\n\n<li>CFA, certifica\u00e7\u00e3o global de relev\u00e2ncia para an\u00e1lise de investimentos e gest\u00e3o de carteiras.<\/li>\n<\/ul>\n\n\n\n<h2 id=\"h-quais-ferramentas-um-profissional-de-financas-deve-dominar\" class=\"wp-block-heading\"><strong>Quais ferramentas um profissional de Finan\u00e7as deve dominar?<\/strong><\/h2>\n\n\n\n<p class=\"wp-block-paragraph\">Al\u00e9m dos conceitos te\u00f3ricos, o mercado exige dom\u00ednio pr\u00e1tico de ferramentas tecnol\u00f3gicas para an\u00e1lise de dados e automa\u00e7\u00e3o de processos.<\/p>\n\n\n\n<p class=\"wp-block-paragraph\">As ferramentas mais solicitadas incluem:<\/p>\n\n\n\n<ul class=\"wp-block-list\">\n<li>Excel avan\u00e7ado para modelagem financeira e constru\u00e7\u00e3o de cen\u00e1rios;<\/li>\n\n\n\n<li>Power BI para cria\u00e7\u00e3o de relat\u00f3rios din\u00e2micos e dashboards;<\/li>\n\n\n\n<li>Python para finan\u00e7as, utilizado em automa\u00e7\u00e3o e an\u00e1lise de dados;<\/li>\n\n\n\n<li>Bloomberg Terminal e Broadcast, para acompanhamento de cota\u00e7\u00f5es em tempo real.<\/li>\n<\/ul>\n\n\n\n<h2 id=\"h-vale-a-pena-fazer-pos-em-economia-e-financas\" class=\"wp-block-heading\"><strong>Vale a pena fazer p\u00f3s em Economia e Finan\u00e7as?<\/strong><\/h2>\n\n\n\n<p class=\"wp-block-paragraph\">Fazer essa <strong>especializa\u00e7\u00e3o vale a pena <\/strong>para quem busca estabilidade, bons sal\u00e1rios e crescimento na carreira.<\/p>\n\n\n\n<p class=\"wp-block-paragraph\">O conhecimento integrado de economia e finan\u00e7as torna o profissional apto a resolver problemas complexos e propor solu\u00e7\u00f5es estrat\u00e9gicas para as organiza\u00e7\u00f5es.<\/p>\n\n\n\n<p class=\"wp-block-paragraph\">Em momentos de incerteza econ\u00f4mica, empresas buscam profissionais capacitados para gerir recursos e identificar oportunidades de investimento, tornando a especializa\u00e7\u00e3o um diferencial competitivo constante.<\/p>\n\n\n\n<h2 id=\"h-como-escolher-a-melhor-pos-em-economia-e-financas\" class=\"wp-block-heading\"><strong>Como escolher a melhor p\u00f3s em Economia e Finan\u00e7as?<\/strong><\/h2>\n\n\n\n<p class=\"wp-block-paragraph\">Para escolher a melhor op\u00e7\u00e3o, considere alguns pontos relevantes antes de realizar a matr\u00edcula:<\/p>\n\n\n\n<ul class=\"wp-block-list\">\n<li>Credenciamento da institui\u00e7\u00e3o de ensino no MEC;<\/li>\n\n\n\n<li>Qualifica\u00e7\u00e3o do corpo docente, priorizando mestres, doutores e especialistas atuantes no mercado;<\/li>\n\n\n\n<li>Grade curricular atualizada com as exig\u00eancias do setor financeiro;<\/li>\n\n\n\n<li>Flexibilidade da modalidade (EAD ou presencial);<\/li>\n\n\n\n<li>Custo total do curso e condi\u00e7\u00f5es de pagamento.<\/li>\n<\/ul>\n\n\n\n<p class=\"wp-block-paragraph\">A <strong>p\u00f3s em Economia e Finan\u00e7as<\/strong> representa um passo estrat\u00e9gico para quem deseja avan\u00e7ar no setor corporativo ou no mercado financeiro.<\/p>\n\n\n\n<p class=\"wp-block-paragraph\">Ao unir vis\u00e3o macroecon\u00f4mica com pr\u00e1ticas de gest\u00e3o e investimentos, o curso prepara o profissional para os desafios de um cen\u00e1rio em constante evolu\u00e7\u00e3o.<\/p>\n\n\n\n<p class=\"wp-block-paragraph\">Avaliar suas metas de carreira e escolher um programa reconhecido garantir\u00e1 o retorno desse investimento na sua vida profissional.<\/p>\n\n\n\n<h2 id=\"h-perguntas-frequentes\" class=\"wp-block-heading\"><strong>Perguntas frequentes<\/strong><\/h2>\n\n\n\n<p class=\"wp-block-paragraph\"><strong>Qual \u00e9 a dura\u00e7\u00e3o m\u00e9dia da p\u00f3s em Economia e Finan\u00e7as?<\/strong><\/p>\n\n\n\n<p class=\"wp-block-paragraph\">A dura\u00e7\u00e3o m\u00e9dia varia entre 6 e 18 meses, dependendo da institui\u00e7\u00e3o de ensino e da carga hor\u00e1ria do programa.<\/p>\n\n\n\n<p class=\"wp-block-paragraph\"><strong>Precisa de TCC na p\u00f3s em Economia e Finan\u00e7as?<\/strong><\/p>\n\n\n\n<p class=\"wp-block-paragraph\">Segundo as diretrizes do MEC, o TCC n\u00e3o \u00e9 obrigat\u00f3rio para cursos de p\u00f3s-gradua\u00e7\u00e3o lato sensu, ficando a crit\u00e9rio de cada faculdade exigi-lo ou n\u00e3o. Na Gran Faculdade, o TCC para essa p\u00f3s-gradua\u00e7\u00e3o \u00e9 opcional.<\/p>\n\n\n\n<p class=\"wp-block-paragraph\"><strong>Quem \u00e9 formado em Direito pode fazer p\u00f3s em Economia e Finan\u00e7as?<\/strong><\/p>\n\n\n\n<p class=\"wp-block-paragraph\">Sim, qualquer pessoa com diploma de ensino superior reconhecido pelo MEC pode ingressar no curso.<\/p>\n\n\n\n<h2 id=\"h-vem-pra-gran-faculdade\" class=\"wp-block-heading\"><strong>Vem pra Gran Faculdade!<\/strong><\/h2>\n\n\n\n<p class=\"wp-block-paragraph\">A Gran Faculdade vem mudando a vida de milhares de pessoas por meio de cursos \u00e0 dist\u00e2ncia de <a href=\"https:\/\/faculdade.grancursosonline.com.br\/\" target=\"_blank\" rel=\"noreferrer noopener\">gradua\u00e7\u00e3o<\/a>, <a href=\"https:\/\/pos.grancursosonline.com.br\/\" target=\"_blank\" rel=\"noreferrer noopener\">p\u00f3s-gradua\u00e7\u00e3o<\/a> e <a href=\"https:\/\/pos.grancursosonline.com.br\/mba\" target=\"_blank\" rel=\"noreferrer noopener\">MBA<\/a>. Seja no digital ou em nosso <a href=\"https:\/\/presencial.grancursosonline.com.br\/\" target=\"_blank\" rel=\"noreferrer noopener\">Campus Presencial em Curitiba<\/a>, a nossa miss\u00e3o \u00e9 transformar a educa\u00e7\u00e3o superior.<\/p>\n\n\n\n<p class=\"wp-block-paragraph\">Como parte de Sistema Gran de Ensino, que \u00e9 reconhecido como marca aprovadora h\u00e1 mais de 10 anos, constru\u00edmos uma renomada reputa\u00e7\u00e3o na \u00e1rea de educa\u00e7\u00e3o.<\/p>\n\n\n\n<p class=\"wp-block-paragraph\">Veja algumas de nossas conquistas:<\/p>\n\n\n\n<ul class=\"wp-block-list\">\n<li>Reconhecido pela Amazon como um dos projetos mais relevantes do mundo na \u00e1rea de Tecnologia e Educa\u00e7\u00e3o;<\/li>\n\n\n\n<li>Foi eleito pelo Project Management Institute (PMI), um dos 50 Projetos Mais Influentes do mundo;<\/li>\n\n\n\n<li>Somos o site de educa\u00e7\u00e3o mais acessado do Brasil;<\/li>\n\n\n\n<li>Somos avaliados com a nota m\u00e1xima pelo MEC;<\/li>\n\n\n\n<li>Aqui o semestre come\u00e7a quando quiser: entrada imediata e cont\u00ednua!<\/li>\n\n\n\n<li>Melhores pre\u00e7os do mercado;<\/li>\n\n\n\n<li>Mais de 800 mil alunos pagantes e mais de 1000 funcion\u00e1rios;<\/li>\n\n\n\n<li>Diversas ferramentas de estudo: PDFs, audiobooks, mapas mentais, videoaulas, quest\u00f5es, gerenciador de estudos e muito mais!<\/li>\n\n\n\n<li>Professores experientes e capacitados;<\/li>\n\n\n\n<li>Acesso imediato e 100% online.<\/li>\n<\/ul>\n\n\n\n<p class=\"has-text-align-center wp-block-paragraph\"><strong><a href=\"https:\/\/faculdade.grancursosonline.com.br\/\">Quero ser aluno da Gran Faculdade<\/a><\/strong><\/p>\n\n\n\n<div class=\"wp-block-group has-background\" style=\"background-color:#8dd2fc7a\"><div class=\"wp-block-group__inner-container is-layout-constrained wp-block-group-is-layout-constrained\">\n<p class=\"wp-block-paragraph\"><strong>Outras not\u00edcias em destaque:<\/strong><\/p>\n\n\n\n<ul class=\"wp-block-list\">\n<li><a href=\"https:\/\/faculdade.grancursosonline.com.br\/blog\/transformacao-digital-na-administracao\/\">Transforma\u00e7\u00e3o digital: qual seu impacto nas carreiras administrativas? Entenda!<\/a><\/li>\n\n\n\n<li><a href=\"https:\/\/faculdade.grancursosonline.com.br\/blog\/inovacao-profissoes\/\">Inova\u00e7\u00e3o: quais profiss\u00f5es est\u00e3o ganhando espa\u00e7o no Brasil? Entenda<\/a><\/li>\n\n\n\n<li><a href=\"https:\/\/faculdade.grancursosonline.com.br\/blog\/ia-para-melhorar-a-produtividade-nos-estudos\/\">Como utilizar IA para melhorar a produtividade nos estudos? Aprenda!<\/a><\/li>\n<\/ul>\n<\/div><\/div>\n\n\n\n<div class=\"wp-block-group\"><div class=\"wp-block-group__inner-container is-layout-constrained wp-block-group-is-layout-constrained\">\n<div class=\"wp-block-group\"><div class=\"wp-block-group__inner-container is-layout-constrained wp-block-group-is-layout-constrained\">\n<section style=\"text-align: center;\">\n<p>Quer ficar por dentro da Faculdade Digital mais inovadora do Brasil?<\/p>\n<nav>\n<p class=\"has-background has-dark-bluish-background-color\" style=\"font-size: 25px; text-align: center; background: #f0f0f0; color: #ffffff; padding: 4px 0px 4xp 0px;\"><a style=\"color: #0d134c; text-decoration: underline;\" href=\"https:\/\/faculdade.grancursosonline.com.br\/\" target=\"_blank\" rel=\"noopener\">GRADUA\u00c7\u00c3O<\/a><\/p>\n<p class=\"has-background has-dark-bluish-background-color\" style=\"font-size: 25px; text-align: center; background: #f0f0f0; color: #ffffff; padding: 4px 0px 4xp 0px;\"><a style=\"color: #0d134c; text-decoration: underline;\" href=\"https:\/\/pos.grancursosonline.com.br\/\" target=\"_blank\" rel=\"noopener\">P\u00d3S-GRADUA\u00c7\u00c3O<\/a><\/p>\n<p class=\"has-background has-dark-bluish-background-color\" style=\"font-size: 25px; text-align: center; background: #f0f0f0; color: #ffffff; padding: 4px 0px 4xp 0px;\"><a style=\"color: #0d134c; text-decoration: underline;\" href=\"https:\/\/faculdade.grancursosonline.com.br\/nossos-cursos\/\" target=\"_blank\" rel=\"noopener\">TUDO SOBRE A GRAN FACULDADE<\/a><\/p>\n<\/nav>\n<p><strong>Receba <span style=\"color: #cf1e25;\">gratuitamente<\/span> no seu celular as principais not\u00edcias sobre a Gran Faculdade! <br \/>Clique no link abaixo e inscreva-se:<\/strong><\/p>\n<p class=\"has-background has-dark-bluish-background-color\" style=\"font-size: 25px; text-align: center; background: #f0f0f0; color: #ffffff; padding: 4px 0px 4xp 0px;\"><a style=\"color: #0d134c; text-decoration: underline;\" href=\"https:\/\/whatsapp.com\/channel\/0029VaG1sChI7Be7PNndhL43\" target=\"_blank\" rel=\"noopener noreferrer\">WHATSAPP<\/a><\/p>\n<p class=\"has-background has-dark-bluish-background-color\" style=\"font-size: 25px; text-align: center; background: #f0f0f0; color: #ffffff; padding: 4px 0px 4xp 0px;\"><a style=\"color: #0d134c; text-decoration: underline;\" href=\"https:\/\/t.me\/GranFaculdade\" target=\"_blank\" rel=\"noopener noreferrer\">TELEGRAM<\/a><\/p>\n<\/section>\n<\/div><\/div>\n<\/div><\/div>\n","protected":false},"excerpt":{"rendered":"<p>Compreender o cen\u00e1rio macroecon\u00f4mico e tomar decis\u00f5es financeiras embasadas s\u00e3o habilidades valiosas em um mercado din\u00e2mico. A p\u00f3s-gradua\u00e7\u00e3o em Economia e Finan\u00e7as surge como uma escolha s\u00f3lida para profissionais que buscam aprofundar conhecimentos e alcan\u00e7ar posi\u00e7\u00f5es de destaque na carreira. Ao longo deste guia, apresentamos detalhes sobre a estrutura do curso, disciplinas, modalidades de estudo,&hellip;<\/p>\n","protected":false},"author":525,"featured_media":79768830,"comment_status":"open","ping_status":"open","sticky":false,"template":"","format":"standard","meta":{"_acf_changed":false,"content-type":"","footnotes":""},"categories":[209229,2],"tags":[],"class_list":["post-79768824","post","type-post","status-publish","format-standard","has-post-thumbnail","hentry","category-pos-graduacao","category-ultimas-noticias"],"acf":[],"yoast_head":"<!-- This site is optimized with the Yoast SEO Premium plugin v27.2 (Yoast SEO v27.2) - https:\/\/yoast.com\/product\/yoast-seo-premium-wordpress\/ -->\n<title>P\u00f3s-gradua\u00e7\u00e3o em Economia e Finan\u00e7as: guia do curso e sal\u00e1rios<\/title>\n<meta name=\"description\" content=\"Guia sobre a p\u00f3s em Economia e Finan\u00e7as. Descubra o que se aprende, os sal\u00e1rios da \u00e1rea, op\u00e7\u00f5es EAD e como escolher a melhor op\u00e7\u00e3o.\" \/>\n<meta name=\"robots\" content=\"index, follow, max-snippet:-1, max-image-preview:large, max-video-preview:-1\" \/>\n<link rel=\"canonical\" href=\"https:\/\/faculdade.grancursosonline.com.br\/blog\/pos-graduacao-em-economia-e-financas\/\" \/>\n<meta property=\"og:locale\" content=\"pt_BR\" \/>\n<meta property=\"og:type\" content=\"article\" \/>\n<meta property=\"og:title\" content=\"P\u00f3s-gradua\u00e7\u00e3o em Economia e Finan\u00e7as: guia do curso, EAD e sal\u00e1rios\" \/>\n<meta property=\"og:description\" content=\"Guia sobre a p\u00f3s em Economia e Finan\u00e7as. Descubra o que se aprende, os sal\u00e1rios da \u00e1rea, op\u00e7\u00f5es EAD e como escolher a melhor op\u00e7\u00e3o.\" \/>\n<meta property=\"og:url\" content=\"https:\/\/faculdade.grancursosonline.com.br\/blog\/pos-graduacao-em-economia-e-financas\/\" \/>\n<meta property=\"og:site_name\" content=\"Blog Gran Faculdade\" \/>\n<meta property=\"article:publisher\" content=\"https:\/\/www.facebook.com\/grancursosonline\/\" \/>\n<meta property=\"article:published_time\" content=\"2026-08-27T18:20:39+00:00\" \/>\n<meta property=\"article:modified_time\" content=\"2026-08-27T18:20:43+00:00\" \/>\n<meta property=\"og:image\" content=\"https:\/\/blog-es-static.infra.grancursosonline.com.br\/wp-content\/uploads\/2026\/08\/27135911\/pos-em-economia-e-financas-2.jpg\" \/>\n\t<meta property=\"og:image:width\" content=\"511\" \/>\n\t<meta property=\"og:image:height\" content=\"311\" \/>\n\t<meta property=\"og:image:type\" content=\"image\/jpeg\" \/>\n<meta name=\"author\" content=\"Aline Damettos\" \/>\n<meta name=\"twitter:card\" content=\"summary_large_image\" \/>\n<meta name=\"twitter:creator\" content=\"@gran_online\" \/>\n<meta name=\"twitter:site\" content=\"@gran_online\" \/>\n<meta name=\"twitter:label1\" content=\"Written by\" \/>\n\t<meta name=\"twitter:data1\" content=\"Aline Damettos\" \/>\n\t<meta name=\"twitter:label2\" content=\"Est. reading time\" \/>\n\t<meta name=\"twitter:data2\" content=\"12 minutos\" \/>\n<script type=\"application\/ld+json\" class=\"yoast-schema-graph\">{\"@context\":\"https:\/\/schema.org\",\"@graph\":[{\"@type\":\"NewsArticle\",\"@id\":\"https:\/\/faculdade.grancursosonline.com.br\/blog\/pos-graduacao-em-economia-e-financas\/#article\",\"isPartOf\":{\"@id\":\"https:\/\/faculdade.grancursosonline.com.br\/blog\/pos-graduacao-em-economia-e-financas\/\"},\"author\":{\"name\":\"Aline Damettos\",\"@id\":\"https:\/\/faculdade.grancursosonline.com.br\/blog\/#\/schema\/person\/14e0fa771c0614c4b7434ee70589c075\"},\"headline\":\"P\u00f3s-gradua\u00e7\u00e3o em Economia e Finan\u00e7as: guia do curso, EAD e sal\u00e1rios\",\"datePublished\":\"2026-08-27T18:20:39+00:00\",\"dateModified\":\"2026-08-27T18:20:43+00:00\",\"mainEntityOfPage\":{\"@id\":\"https:\/\/faculdade.grancursosonline.com.br\/blog\/pos-graduacao-em-economia-e-financas\/\"},\"wordCount\":2204,\"commentCount\":0,\"publisher\":{\"@id\":\"https:\/\/faculdade.grancursosonline.com.br\/blog\/#organization\"},\"image\":{\"@id\":\"https:\/\/faculdade.grancursosonline.com.br\/blog\/pos-graduacao-em-economia-e-financas\/#primaryimage\"},\"thumbnailUrl\":\"https:\/\/blog-es-static.infra.grancursosonline.com.br\/wp-content\/uploads\/2026\/08\/27135857\/pos-em-economia-e-financas.jpg\",\"articleSection\":[\"P\u00f3s-Gradua\u00e7\u00e3o Gran Faculdade\",\"\u00daltimas Not\u00edcias\"],\"inLanguage\":\"pt-BR\",\"potentialAction\":[{\"@type\":\"CommentAction\",\"name\":\"Comment\",\"target\":[\"https:\/\/faculdade.grancursosonline.com.br\/blog\/pos-graduacao-em-economia-e-financas\/#respond\"]}],\"copyrightYear\":\"2026\",\"copyrightHolder\":{\"@id\":\"https:\/\/faculdade.grancursosonline.com.br\/blog\/#organization\"}},{\"@type\":\"WebPage\",\"@id\":\"https:\/\/faculdade.grancursosonline.com.br\/blog\/pos-graduacao-em-economia-e-financas\/\",\"url\":\"https:\/\/faculdade.grancursosonline.com.br\/blog\/pos-graduacao-em-economia-e-financas\/\",\"name\":\"P\u00f3s-gradua\u00e7\u00e3o em Economia e Finan\u00e7as: guia do curso e sal\u00e1rios\",\"isPartOf\":{\"@id\":\"https:\/\/faculdade.grancursosonline.com.br\/blog\/#website\"},\"primaryImageOfPage\":{\"@id\":\"https:\/\/faculdade.grancursosonline.com.br\/blog\/pos-graduacao-em-economia-e-financas\/#primaryimage\"},\"image\":{\"@id\":\"https:\/\/faculdade.grancursosonline.com.br\/blog\/pos-graduacao-em-economia-e-financas\/#primaryimage\"},\"thumbnailUrl\":\"https:\/\/blog-es-static.infra.grancursosonline.com.br\/wp-content\/uploads\/2026\/08\/27135857\/pos-em-economia-e-financas.jpg\",\"datePublished\":\"2026-08-27T18:20:39+00:00\",\"dateModified\":\"2026-08-27T18:20:43+00:00\",\"description\":\"Guia sobre a p\u00f3s em Economia e Finan\u00e7as. Descubra o que se aprende, os sal\u00e1rios da \u00e1rea, op\u00e7\u00f5es EAD e como escolher a melhor op\u00e7\u00e3o.\",\"breadcrumb\":{\"@id\":\"https:\/\/faculdade.grancursosonline.com.br\/blog\/pos-graduacao-em-economia-e-financas\/#breadcrumb\"},\"inLanguage\":\"pt-BR\",\"potentialAction\":[{\"@type\":\"ReadAction\",\"target\":[\"https:\/\/faculdade.grancursosonline.com.br\/blog\/pos-graduacao-em-economia-e-financas\/\"]}]},{\"@type\":\"ImageObject\",\"inLanguage\":\"pt-BR\",\"@id\":\"https:\/\/faculdade.grancursosonline.com.br\/blog\/pos-graduacao-em-economia-e-financas\/#primaryimage\",\"url\":\"https:\/\/blog-es-static.infra.grancursosonline.com.br\/wp-content\/uploads\/2026\/08\/27135857\/pos-em-economia-e-financas.jpg\",\"contentUrl\":\"https:\/\/blog-es-static.infra.grancursosonline.com.br\/wp-content\/uploads\/2026\/08\/27135857\/pos-em-economia-e-financas.jpg\",\"width\":1001,\"height\":601,\"caption\":\"p\u00f3s-gradua\u00e7\u00e3o em Economia e Finan\u00e7as\"},{\"@type\":\"BreadcrumbList\",\"@id\":\"https:\/\/faculdade.grancursosonline.com.br\/blog\/pos-graduacao-em-economia-e-financas\/#breadcrumb\",\"itemListElement\":[{\"@type\":\"ListItem\",\"position\":1,\"name\":\"In\u00edcio\",\"item\":\"https:\/\/faculdade.grancursosonline.com.br\/blog\/\"},{\"@type\":\"ListItem\",\"position\":2,\"name\":\"P\u00f3s-Gradua\u00e7\u00e3o Gran Faculdade\",\"item\":\"https:\/\/faculdade.grancursosonline.com.br\/blog\/pos-graduacao\/\"},{\"@type\":\"ListItem\",\"position\":3,\"name\":\"P\u00f3s-gradua\u00e7\u00e3o em Economia e Finan\u00e7as: guia do curso, EAD e sal\u00e1rios\"}]},{\"@type\":\"WebSite\",\"@id\":\"https:\/\/faculdade.grancursosonline.com.br\/blog\/#website\",\"url\":\"https:\/\/faculdade.grancursosonline.com.br\/blog\/\",\"name\":\"Blog Gran Faculdade\",\"description\":\"Tudo sobre ensino superior, p\u00f3s-gradua\u00e7\u00e3o, enem e carreira.\",\"publisher\":{\"@id\":\"https:\/\/faculdade.grancursosonline.com.br\/blog\/#organization\"},\"potentialAction\":[{\"@type\":\"SearchAction\",\"target\":{\"@type\":\"EntryPoint\",\"urlTemplate\":\"https:\/\/faculdade.grancursosonline.com.br\/blog\/?s={search_term_string}\"},\"query-input\":{\"@type\":\"PropertyValueSpecification\",\"valueRequired\":true,\"valueName\":\"search_term_string\"}}],\"inLanguage\":\"pt-BR\"},{\"@type\":\"Organization\",\"@id\":\"https:\/\/faculdade.grancursosonline.com.br\/blog\/#organization\",\"name\":\"Gran Cursos Online\",\"url\":\"https:\/\/faculdade.grancursosonline.com.br\/blog\/\",\"logo\":{\"@type\":\"ImageObject\",\"inLanguage\":\"pt-BR\",\"@id\":\"https:\/\/faculdade.grancursosonline.com.br\/blog\/#\/schema\/logo\/image\/\",\"url\":\"https:\/\/blog-es-static.infra.grancursosonline.com.br\/wp-content\/uploads\/2019\/08\/03123934\/logo.png\",\"contentUrl\":\"https:\/\/blog-es-static.infra.grancursosonline.com.br\/wp-content\/uploads\/2019\/08\/03123934\/logo.png\",\"width\":300,\"height\":57,\"caption\":\"Gran Cursos Online\"},\"image\":{\"@id\":\"https:\/\/faculdade.grancursosonline.com.br\/blog\/#\/schema\/logo\/image\/\"},\"sameAs\":[\"https:\/\/www.facebook.com\/grancursosonline\/\",\"https:\/\/x.com\/gran_online\",\"https:\/\/www.instagram.com\/grancursosonline\/\",\"https:\/\/www.youtube.com\/user\/grancursostv\"]},{\"@type\":\"Person\",\"@id\":\"https:\/\/faculdade.grancursosonline.com.br\/blog\/#\/schema\/person\/14e0fa771c0614c4b7434ee70589c075\",\"name\":\"Aline Damettos\",\"url\":\"https:\/\/faculdade.grancursosonline.com.br\/blog\/author\/aline-damettos\/\"}]}<\/script>\n<!-- \/ Yoast SEO Premium plugin. -->","yoast_head_json":{"title":"P\u00f3s-gradua\u00e7\u00e3o em Economia e Finan\u00e7as: guia do curso e sal\u00e1rios","description":"Guia sobre a p\u00f3s em Economia e Finan\u00e7as. Descubra o que se aprende, os sal\u00e1rios da \u00e1rea, op\u00e7\u00f5es EAD e como escolher a melhor op\u00e7\u00e3o.","robots":{"index":"index","follow":"follow","max-snippet":"max-snippet:-1","max-image-preview":"max-image-preview:large","max-video-preview":"max-video-preview:-1"},"canonical":"https:\/\/faculdade.grancursosonline.com.br\/blog\/pos-graduacao-em-economia-e-financas\/","og_locale":"pt_BR","og_type":"article","og_title":"P\u00f3s-gradua\u00e7\u00e3o em Economia e Finan\u00e7as: guia do curso, EAD e sal\u00e1rios","og_description":"Guia sobre a p\u00f3s em Economia e Finan\u00e7as. Descubra o que se aprende, os sal\u00e1rios da \u00e1rea, op\u00e7\u00f5es EAD e como escolher a melhor op\u00e7\u00e3o.","og_url":"https:\/\/faculdade.grancursosonline.com.br\/blog\/pos-graduacao-em-economia-e-financas\/","og_site_name":"Blog Gran Faculdade","article_publisher":"https:\/\/www.facebook.com\/grancursosonline\/","article_published_time":"2026-08-27T18:20:39+00:00","article_modified_time":"2026-08-27T18:20:43+00:00","og_image":[{"width":511,"height":311,"url":"https:\/\/blog-es-static.infra.grancursosonline.com.br\/wp-content\/uploads\/2026\/08\/27135911\/pos-em-economia-e-financas-2.jpg","type":"image\/jpeg"}],"author":"Aline Damettos","twitter_card":"summary_large_image","twitter_creator":"@gran_online","twitter_site":"@gran_online","twitter_misc":{"Written by":"Aline Damettos","Est. reading time":"12 minutos"},"schema":{"@context":"https:\/\/schema.org","@graph":[{"@type":"NewsArticle","@id":"https:\/\/faculdade.grancursosonline.com.br\/blog\/pos-graduacao-em-economia-e-financas\/#article","isPartOf":{"@id":"https:\/\/faculdade.grancursosonline.com.br\/blog\/pos-graduacao-em-economia-e-financas\/"},"author":{"name":"Aline Damettos","@id":"https:\/\/faculdade.grancursosonline.com.br\/blog\/#\/schema\/person\/14e0fa771c0614c4b7434ee70589c075"},"headline":"P\u00f3s-gradua\u00e7\u00e3o em Economia e Finan\u00e7as: guia do curso, EAD e sal\u00e1rios","datePublished":"2026-08-27T18:20:39+00:00","dateModified":"2026-08-27T18:20:43+00:00","mainEntityOfPage":{"@id":"https:\/\/faculdade.grancursosonline.com.br\/blog\/pos-graduacao-em-economia-e-financas\/"},"wordCount":2204,"commentCount":0,"publisher":{"@id":"https:\/\/faculdade.grancursosonline.com.br\/blog\/#organization"},"image":{"@id":"https:\/\/faculdade.grancursosonline.com.br\/blog\/pos-graduacao-em-economia-e-financas\/#primaryimage"},"thumbnailUrl":"https:\/\/blog-es-static.infra.grancursosonline.com.br\/wp-content\/uploads\/2026\/08\/27135857\/pos-em-economia-e-financas.jpg","articleSection":["P\u00f3s-Gradua\u00e7\u00e3o Gran Faculdade","\u00daltimas Not\u00edcias"],"inLanguage":"pt-BR","potentialAction":[{"@type":"CommentAction","name":"Comment","target":["https:\/\/faculdade.grancursosonline.com.br\/blog\/pos-graduacao-em-economia-e-financas\/#respond"]}],"copyrightYear":"2026","copyrightHolder":{"@id":"https:\/\/faculdade.grancursosonline.com.br\/blog\/#organization"}},{"@type":"WebPage","@id":"https:\/\/faculdade.grancursosonline.com.br\/blog\/pos-graduacao-em-economia-e-financas\/","url":"https:\/\/faculdade.grancursosonline.com.br\/blog\/pos-graduacao-em-economia-e-financas\/","name":"P\u00f3s-gradua\u00e7\u00e3o em Economia e Finan\u00e7as: guia do curso e sal\u00e1rios","isPartOf":{"@id":"https:\/\/faculdade.grancursosonline.com.br\/blog\/#website"},"primaryImageOfPage":{"@id":"https:\/\/faculdade.grancursosonline.com.br\/blog\/pos-graduacao-em-economia-e-financas\/#primaryimage"},"image":{"@id":"https:\/\/faculdade.grancursosonline.com.br\/blog\/pos-graduacao-em-economia-e-financas\/#primaryimage"},"thumbnailUrl":"https:\/\/blog-es-static.infra.grancursosonline.com.br\/wp-content\/uploads\/2026\/08\/27135857\/pos-em-economia-e-financas.jpg","datePublished":"2026-08-27T18:20:39+00:00","dateModified":"2026-08-27T18:20:43+00:00","description":"Guia sobre a p\u00f3s em Economia e Finan\u00e7as. Descubra o que se aprende, os sal\u00e1rios da \u00e1rea, op\u00e7\u00f5es EAD e como escolher a melhor op\u00e7\u00e3o.","breadcrumb":{"@id":"https:\/\/faculdade.grancursosonline.com.br\/blog\/pos-graduacao-em-economia-e-financas\/#breadcrumb"},"inLanguage":"pt-BR","potentialAction":[{"@type":"ReadAction","target":["https:\/\/faculdade.grancursosonline.com.br\/blog\/pos-graduacao-em-economia-e-financas\/"]}]},{"@type":"ImageObject","inLanguage":"pt-BR","@id":"https:\/\/faculdade.grancursosonline.com.br\/blog\/pos-graduacao-em-economia-e-financas\/#primaryimage","url":"https:\/\/blog-es-static.infra.grancursosonline.com.br\/wp-content\/uploads\/2026\/08\/27135857\/pos-em-economia-e-financas.jpg","contentUrl":"https:\/\/blog-es-static.infra.grancursosonline.com.br\/wp-content\/uploads\/2026\/08\/27135857\/pos-em-economia-e-financas.jpg","width":1001,"height":601,"caption":"p\u00f3s-gradua\u00e7\u00e3o em Economia e Finan\u00e7as"},{"@type":"BreadcrumbList","@id":"https:\/\/faculdade.grancursosonline.com.br\/blog\/pos-graduacao-em-economia-e-financas\/#breadcrumb","itemListElement":[{"@type":"ListItem","position":1,"name":"In\u00edcio","item":"https:\/\/faculdade.grancursosonline.com.br\/blog\/"},{"@type":"ListItem","position":2,"name":"P\u00f3s-Gradua\u00e7\u00e3o Gran Faculdade","item":"https:\/\/faculdade.grancursosonline.com.br\/blog\/pos-graduacao\/"},{"@type":"ListItem","position":3,"name":"P\u00f3s-gradua\u00e7\u00e3o em Economia e Finan\u00e7as: guia do curso, EAD e sal\u00e1rios"}]},{"@type":"WebSite","@id":"https:\/\/faculdade.grancursosonline.com.br\/blog\/#website","url":"https:\/\/faculdade.grancursosonline.com.br\/blog\/","name":"Blog Gran Faculdade","description":"Tudo sobre ensino superior, p\u00f3s-gradua\u00e7\u00e3o, enem e carreira.","publisher":{"@id":"https:\/\/faculdade.grancursosonline.com.br\/blog\/#organization"},"potentialAction":[{"@type":"SearchAction","target":{"@type":"EntryPoint","urlTemplate":"https:\/\/faculdade.grancursosonline.com.br\/blog\/?s={search_term_string}"},"query-input":{"@type":"PropertyValueSpecification","valueRequired":true,"valueName":"search_term_string"}}],"inLanguage":"pt-BR"},{"@type":"Organization","@id":"https:\/\/faculdade.grancursosonline.com.br\/blog\/#organization","name":"Gran Cursos Online","url":"https:\/\/faculdade.grancursosonline.com.br\/blog\/","logo":{"@type":"ImageObject","inLanguage":"pt-BR","@id":"https:\/\/faculdade.grancursosonline.com.br\/blog\/#\/schema\/logo\/image\/","url":"https:\/\/blog-es-static.infra.grancursosonline.com.br\/wp-content\/uploads\/2019\/08\/03123934\/logo.png","contentUrl":"https:\/\/blog-es-static.infra.grancursosonline.com.br\/wp-content\/uploads\/2019\/08\/03123934\/logo.png","width":300,"height":57,"caption":"Gran Cursos Online"},"image":{"@id":"https:\/\/faculdade.grancursosonline.com.br\/blog\/#\/schema\/logo\/image\/"},"sameAs":["https:\/\/www.facebook.com\/grancursosonline\/","https:\/\/x.com\/gran_online","https:\/\/www.instagram.com\/grancursosonline\/","https:\/\/www.youtube.com\/user\/grancursostv"]},{"@type":"Person","@id":"https:\/\/faculdade.grancursosonline.com.br\/blog\/#\/schema\/person\/14e0fa771c0614c4b7434ee70589c075","name":"Aline Damettos","url":"https:\/\/faculdade.grancursosonline.com.br\/blog\/author\/aline-damettos\/"}]}},"_links":{"self":[{"href":"https:\/\/faculdade.grancursosonline.com.br\/blog\/wp-json\/wp\/v2\/posts\/79768824","targetHints":{"allow":["GET"]}}],"collection":[{"href":"https:\/\/faculdade.grancursosonline.com.br\/blog\/wp-json\/wp\/v2\/posts"}],"about":[{"href":"https:\/\/faculdade.grancursosonline.com.br\/blog\/wp-json\/wp\/v2\/types\/post"}],"author":[{"embeddable":true,"href":"https:\/\/faculdade.grancursosonline.com.br\/blog\/wp-json\/wp\/v2\/users\/525"}],"replies":[{"embeddable":true,"href":"https:\/\/faculdade.grancursosonline.com.br\/blog\/wp-json\/wp\/v2\/comments?post=79768824"}],"version-history":[{"count":2,"href":"https:\/\/faculdade.grancursosonline.com.br\/blog\/wp-json\/wp\/v2\/posts\/79768824\/revisions"}],"predecessor-version":[{"id":79768833,"href":"https:\/\/faculdade.grancursosonline.com.br\/blog\/wp-json\/wp\/v2\/posts\/79768824\/revisions\/79768833"}],"wp:featuredmedia":[{"embeddable":true,"href":"https:\/\/faculdade.grancursosonline.com.br\/blog\/wp-json\/wp\/v2\/media\/79768830"}],"wp:attachment":[{"href":"https:\/\/faculdade.grancursosonline.com.br\/blog\/wp-json\/wp\/v2\/media?parent=79768824"}],"wp:term":[{"taxonomy":"category","embeddable":true,"href":"https:\/\/faculdade.grancursosonline.com.br\/blog\/wp-json\/wp\/v2\/categories?post=79768824"},{"taxonomy":"post_tag","embeddable":true,"href":"https:\/\/faculdade.grancursosonline.com.br\/blog\/wp-json\/wp\/v2\/tags?post=79768824"}],"curies":[{"name":"wp","href":"https:\/\/api.w.org\/{rel}","templated":true}]}}