{"id":79768930,"date":"2026-08-31T18:47:22","date_gmt":"2026-08-31T21:47:22","guid":{"rendered":"https:\/\/faculdade.grancursosonline.com.br\/blog\/?p=79768930"},"modified":"2026-08-31T18:47:25","modified_gmt":"2026-08-31T21:47:25","slug":"quem-faz-ads-pode-prestar-concurso","status":"publish","type":"post","link":"https:\/\/faculdade.grancursosonline.com.br\/blog\/quem-faz-ads-pode-prestar-concurso\/","title":{"rendered":"Quem faz ADS pode prestar concurso p\u00fablico? Cargos, requisitos e prepara\u00e7\u00e3o"},"content":{"rendered":"\n<p class=\"wp-block-paragraph\">O curso de <strong><a href=\"https:\/\/faculdade.grancursosonline.com.br\/curso\/analise-e-desenvolvimento-de-sistemas\/\" id=\"https:\/\/faculdade.grancursosonline.com.br\/curso\/analise-e-desenvolvimento-de-sistemas\/\" target=\"_blank\" rel=\"noopener\">An\u00e1lise e Desenvolvimento de Sistemas (ADS)<\/a><\/strong> \u00e9 um dos mais procurados por quem deseja ingressar rapidamente no mercado de tecnologia. Com dura\u00e7\u00e3o m\u00e9dia de 2 anos, a forma\u00e7\u00e3o destaca-se pela alta empregabilidade no setor privado. <\/p>\n\n\n\n<p class=\"wp-block-paragraph\">Contudo, surge uma d\u00favida recorrente entre os estudantes: <strong>quem faz ADS pode prestar concurso p\u00fablico de n\u00edvel superior?<\/strong> A resposta \u00e9 <strong>SIM!<\/strong> O diploma de Tecn\u00f3logo em ADS conferido por uma institui\u00e7\u00e3o reconhecida pelo MEC \u00e9 um diploma de gradua\u00e7\u00e3o de n\u00edvel superior, permitindo ao aprovado assumir cargos p\u00fablicos que exijam essa escolaridade.<\/p>\n\n\n\n<p class=\"wp-block-paragraph\">Abaixo, detalhamos as regras de aceita\u00e7\u00e3o em edital, os principais cargos e sal\u00e1rios para formados em ADS e como se estruturar para conquistar a aprova\u00e7\u00e3o. Acompanhe na \u00edntegra ou pelo \u00edndice, se preferir: <\/p>\n\n\n\n<ul class=\"wp-block-list\">\n<li><a href=\"#h-regras-de-aceitacao-do-diploma-de-ads-em-concursos\" id=\"#h-regras-de-aceitacao-do-diploma-de-ads-em-concursos\">Regras de aceita\u00e7\u00e3o do diploma de ADS em concursos<\/a><\/li>\n\n\n\n<li><a href=\"#h-principais-cargos-e-salarios-para-formados-em-ads\" id=\"#h-principais-cargos-e-salarios-para-formados-em-ads\">Principais cargos e sal\u00e1rios para formados em ADS<\/a><\/li>\n\n\n\n<li><a href=\"#h-disciplinas-mais-cobradas-nas-provas-de-concurso-para-ti\" id=\"#h-disciplinas-mais-cobradas-nas-provas-de-concurso-para-ti\">Disciplinas mais cobradas nas provas de concurso para TI<\/a><\/li>\n\n\n\n<li><a href=\"#h-conquiste-seu-diploma-de-nivel-superior-com-a-gran-faculdade\" id=\"#h-conquiste-seu-diploma-de-nivel-superior-com-a-gran-faculdade\">Conquiste seu diploma de n\u00edvel superior com a Gran Faculdade!<\/a><\/li>\n\n\n\n<li><a href=\"#h-faq-duvidas-frequentes-sobre-ads-e-concursos-publicos\" id=\"#h-faq-duvidas-frequentes-sobre-ads-e-concursos-publicos\">FAQ: D\u00favidas frequentes sobre ADS e concursos p\u00fablicos<\/a><\/li>\n<\/ul>\n\n\n\n<h2 id=\"h-regras-de-aceitacao-do-diploma-de-ads-em-concursos\" class=\"wp-block-heading\"><strong>Regras de aceita\u00e7\u00e3o do diploma de ADS em concursos<\/strong><\/h2>\n\n\n\n<p class=\"wp-block-paragraph\">A aceita\u00e7\u00e3o do diploma de Tecn\u00f3logo depende exclusivamente da forma como o requisito de escolaridade \u00e9 redigido no edital do certame:<\/p>\n\n\n\n<ul class=\"wp-block-list\">\n<li><strong>Exig\u00eancia de &#8220;N\u00edvel superior em qualquer \u00e1rea&#8221;:<\/strong> <strong>100% aceito.<\/strong> Vagas para Auditor Fiscal (Receita Federal\/SEFAZ), Analista Administrativo de Tribunais e Agente de Tr\u00e2nsito aceitam o diploma de ADS normalmente;<\/li>\n\n\n\n<li><strong>Exig\u00eancia de &#8220;N\u00edvel superior na \u00e1rea de TI \/ Computa\u00e7\u00e3o&#8221;:<\/strong> <strong>Aceito na maioria dos casos.<\/strong> Editais que pedem gradua\u00e7\u00e3o em TI, Tecnologia da Informa\u00e7\u00e3o ou Ci\u00eancias Exatas aceitam ADS, salvo se restringirem expressamente no texto a titula\u00e7\u00e3o exclusiva de &#8220;Bacharelado&#8221;;<\/li>\n\n\n\n<li><strong>Exig\u00eancia espec\u00edfica de &#8220;Bacharelado em \u00e1rea X&#8221;:<\/strong> <strong>N\u00e3o aceito.<\/strong> Caso o edital exija explicitamente o grau de Bacharel (situa\u00e7\u00e3o comum para carreiras jur\u00eddicas de Juiz\/Promotor ou Engenharia com CREA), a forma\u00e7\u00e3o de Tecn\u00f3logo n\u00e3o preenche a exig\u00eancia legal.<\/li>\n<\/ul>\n\n\n\n<p class=\"wp-block-paragraph\"><em>(Conforme o Conselho Nacional de Educa\u00e7\u00e3o e a jurisprud\u00eancia consolidada dos Tribunais, cursos de tecnologia s\u00e3o gradua\u00e7\u00f5es de n\u00edvel superior v\u00e1lidas para fins de concurso p\u00fablico).<\/em><\/p>\n\n\n\n<h2 id=\"h-principais-cargos-e-salarios-para-formados-em-ads\" class=\"wp-block-heading\"><strong>Principais cargos e sal\u00e1rios para formados em ADS<\/strong><\/h2>\n\n\n\n<p class=\"wp-block-paragraph\">A \u00e1rea de Tecnologia da Informa\u00e7\u00e3o \u00e9 uma das que mais oferece vagas com alta remunera\u00e7\u00e3o e estabilidade no servi\u00e7o p\u00fablico.<\/p>\n\n\n\n<figure class=\"wp-block-table\"><div class=\"container-tabela\"><table class=\"has-fixed-layout\"><tbody><tr><td><strong>\u00d3rg\u00e3o \/ carreiras<\/strong><\/td><td><strong>Cargo t\u00edpico<\/strong><\/td><td><strong>Faixa salarial inicial<\/strong><\/td><\/tr><tr><td><strong>Tribunais (STF, STJ, TRFs, TRTs, TJs)<\/strong><\/td><td>Analista Judici\u00e1rio &#8211; \u00c1rea Apoio Especializado (TI)<\/td><td>R$ 13.900,00 a R$ 16.000,00<\/td><\/tr><tr><td><strong>Carreiras fiscais (SEFAZ \/ Receita Federal)<\/strong><\/td><td>Auditor Fiscal (TI ou \u00c1rea Geral)<\/td><td>R$ 19.000,00 a R$ 24.000,00+<\/td><\/tr><tr><td><strong>Seguran\u00e7a p\u00fablica (Pol\u00edcia Federal e Civil)<\/strong><\/td><td>Perito Criminal (TI) \/ Agente de Pol\u00edcia<\/td><td>R$ 9.500,00 a R$ 14.000,00<\/td><\/tr><tr><td><strong>Bancos p\u00fablicos (Banco do Brasil e Caixa)<\/strong><\/td><td>T.I. \/ Analista de Sistemas<\/td><td>R$ 6.000,00 a R$ 10.500,00<\/td><\/tr><tr><td><strong>Ag\u00eancias reguladoras e minist\u00e9rios<\/strong><\/td><td>Analista em Tecnologia da Informa\u00e7\u00e3o (ATI)<\/td><td>R$ 8.500,00 a R$ 15.000,00<\/td><\/tr><\/tbody><\/table><\/div><\/figure>\n\n\n\n<h2 id=\"h-disciplinas-mais-cobradas-nas-provas-de-concurso-para-ti\" class=\"wp-block-heading\"><strong>Disciplinas mais cobradas nas provas de concurso para TI<\/strong><\/h2>\n\n\n\n<p class=\"wp-block-paragraph\">Para garantir a aprova\u00e7\u00e3o em concursos da \u00e1rea de Tecnologia, a prepara\u00e7\u00e3o deve focar tanto nas disciplinas b\u00e1sicas quanto nos t\u00f3picos espec\u00edficos de Engenharia de Software e Infraestrutura:<\/p>\n\n\n\n<h3 id=\"h-materias-basicas\" class=\"wp-block-heading\"><strong>Mat\u00e9rias b\u00e1sicas<\/strong><\/h3>\n\n\n\n<ul class=\"wp-block-list\">\n<li><strong>L\u00edngua Portuguesa:<\/strong> Interpreta\u00e7\u00e3o de texto, gram\u00e1tica e reda\u00e7\u00e3o oficial;<\/li>\n\n\n\n<li><strong>Racioc\u00ednio l\u00f3gico e matem\u00e1tica:<\/strong> Estruturas l\u00f3gicas, an\u00e1lise combinat\u00f3ria e probabilidade;<\/li>\n\n\n\n<li><strong>Direito administrativo e constitucional:<\/strong> Organiza\u00e7\u00e3o do Estado, Lei das Licita\u00e7\u00f5es (Lei 14.133\/21) e princ\u00edpios da administra\u00e7\u00e3o p\u00fablica.<\/li>\n<\/ul>\n\n\n\n<h3 id=\"h-materias-especificas-de-ti\" class=\"wp-block-heading\"><strong>Mat\u00e9rias espec\u00edficas de TI<\/strong><\/h3>\n\n\n\n<ol class=\"wp-block-list\">\n<li><strong>Engenharia e Arquitetura de Software:<\/strong> Metodologias \u00c1geis (Scrum, Kanban), DevOps, Microsservi\u00e7os e Padr\u00f5es de Projeto (<em>Design Patterns<\/em>);<\/li>\n\n\n\n<li><strong>Bancos de dados:<\/strong> Modelagem conceitual, linguagem SQL, SGDBs (PostgreSQL, Oracle) e conceitos de Big Data\/NoSQL;<\/li>\n\n\n\n<li><strong>Seguran\u00e7a da informa\u00e7\u00e3o:<\/strong> LGPD (Lei Geral de Prote\u00e7\u00e3o de Dados), ISO 27001, criptografia e seguran\u00e7a de aplica\u00e7\u00f5es;<\/li>\n\n\n\n<li><strong>Redes de computadores e nuvem:<\/strong> Protocolos (TCP\/IP), arquitetura em nuvem (AWS, Azure) e virtualiza\u00e7\u00e3o\/cont\u00eaineres (Docker, Kubernetes).<\/li>\n<\/ol>\n\n\n\n<h2 id=\"h-conquiste-seu-diploma-de-nivel-superior-com-a-gran-faculdade\" class=\"wp-block-heading\"><strong>Conquiste seu diploma de n\u00edvel superior com a Gran Faculdade!<\/strong><\/h2>\n\n\n\n<p class=\"wp-block-paragraph\">Quer utilizar o curso de ADS como trampolim para conquistar o seu cargo p\u00fablico de n\u00edvel superior no menor tempo poss\u00edvel?<\/p>\n\n\n\n<p class=\"wp-block-paragraph\">Na <strong><a href=\"https:\/\/faculdade.grancursosonline.com.br\/nossos-cursos\/#cursos\" id=\"https:\/\/faculdade.grancursosonline.com.br\/nossos-cursos\/#cursos\">Gran Faculdade<\/a><\/strong>, voc\u00ea cursa o <strong><a href=\"https:\/\/faculdade.grancursosonline.com.br\/curso\/analise-e-desenvolvimento-de-sistemas\/\" id=\"https:\/\/faculdade.grancursosonline.com.br\/curso\/analise-e-desenvolvimento-de-sistemas\/\" target=\"_blank\" rel=\"noopener\">Tecn\u00f3logo em An\u00e1lise e Desenvolvimento de Sistemas EAD<\/a><\/strong> com <strong>nota m\u00e1xima no MEC<\/strong>:<\/p>\n\n\n\n<ul class=\"wp-block-list\">\n<li><strong>Diploma em apenas 2,5 anos (5 semestres):<\/strong> Forma\u00e7\u00e3o de n\u00edvel superior \u00e1gil e reconhecida pelo MEC para prestar concursos p\u00fablicos;<\/li>\n\n\n\n<li><strong>Conte\u00fado alinhado ao edital:<\/strong> Matriz curricular que abrange exatamente os conhecimentos de TI mais cobrados pelas bancas examinadoras de concursos (como Cebraspe, FGV e FCC);<\/li>\n\n\n\n<li><strong>Estudo 100% digital e flex\u00edvel:<\/strong> Concilie sua gradua\u00e7\u00e3o com a rotina de estudos para concursos, estudando onde e quando quiser pelo celular ou computador.<\/li>\n<\/ul>\n\n\n\n<p class=\"has-text-align-center wp-block-paragraph\"><a href=\"https:\/\/faculdade.grancursosonline.com.br\/curso\/analise-e-desenvolvimento-de-sistemas\/\" id=\"https:\/\/faculdade.grancursosonline.com.br\/curso\/analise-e-desenvolvimento-de-sistemas\/\" target=\"_blank\" rel=\"noopener\"><strong>Conhe\u00e7a o curso de ADS da Gran Faculdade<\/strong>!<\/a><\/p>\n\n\n\n<h2 id=\"h-faq-duvidas-frequentes-sobre-ads-e-concursos-publicos\" class=\"wp-block-heading\"><strong>FAQ: D\u00favidas frequentes sobre ADS e concursos p\u00fablicos<\/strong><\/h2>\n\n\n\n<h3 id=\"h-o-diploma-de-ads-da-gran-faculdade-e-aceito-em-qualquer-concurso-publico\" class=\"wp-block-heading\"><strong>O diploma de ADS da Gran Faculdade \u00e9 aceito em qualquer concurso p\u00fablico?<\/strong><\/h3>\n\n\n\n<p class=\"wp-block-paragraph\"><strong>Sim.<\/strong> A Gran Faculdade \u00e9 uma institui\u00e7\u00e3o de ensino superior devidamente credenciada e recredenciada pelo MEC com <strong>nota m\u00e1xima (Nota 5)<\/strong>. O diploma emitido possui validade jur\u00eddica nacional id\u00eantica \u00e0 de qualquer universidade presencial p\u00fablica ou privada.<\/p>\n\n\n\n<h3 id=\"h-posso-assumir-o-cargo-publico-se-eu-me-formar-antes-da-posse\" class=\"wp-block-heading\"><strong>Posso assumir o cargo p\u00fablico se eu me formar antes da posse?<\/strong><\/h3>\n\n\n\n<p class=\"wp-block-paragraph\"><strong>Sim.<\/strong> A S\u00famula 266 do Superior Tribunal de Justi\u00e7a (STJ) estabelece que &#8220;o diploma ou habilita\u00e7\u00e3o legal exigida para o cargo p\u00fablico deve ser apresentado no momento da posse, e n\u00e3o no ato da inscri\u00e7\u00e3o do concurso&#8221;. Isso significa que voc\u00ea pode fazer a prova enquanto cursa ADS e apresentar o diploma conclu\u00eddo no dia de tomar posse.<\/p>\n\n\n\n<h3 id=\"h-pos-graduacao-conta-pontos-na-prova-de-titulos-para-quem-faz-ads\" class=\"wp-block-heading\"><strong>P\u00f3s-gradua\u00e7\u00e3o conta pontos na prova de t\u00edtulos para quem faz ADS?<\/strong><\/h3>\n\n\n\n<p class=\"wp-block-paragraph\"><strong>Sim.<\/strong> Ap\u00f3s concluir o Tecn\u00f3logo em ADS, voc\u00ea pode ingressar em uma p\u00f3s-gradua\u00e7\u00e3o <em>lato sensu<\/em> (Especializa\u00e7\u00e3o ou MBA). A apresenta\u00e7\u00e3o de certificados de p\u00f3s-gradua\u00e7\u00e3o garante pontua\u00e7\u00e3o extra relevante na fase de <strong>prova de t\u00edtulos<\/strong> em concursos de tribunais, Pol\u00edcias e Receita Federal.<\/p>\n\n\n\n<h2 id=\"h-vem-ser-gran\" class=\"wp-block-heading\">Vem ser Gran!<\/h2>\n\n\n\n<p class=\"wp-block-paragraph\">A Gran Faculdade vem mudando a vida de milhares de pessoas por meio de cursos \u00e0 dist\u00e2ncia de <a href=\"https:\/\/faculdade.grancursosonline.com.br\/\" target=\"_blank\" rel=\"noreferrer noopener\">gradua\u00e7\u00e3o<\/a>, <a href=\"https:\/\/pos.grancursosonline.com.br\/\" target=\"_blank\" rel=\"noreferrer noopener\">p\u00f3s-gradua\u00e7\u00e3o<\/a> e <a href=\"https:\/\/pos.grancursosonline.com.br\/mba\" target=\"_blank\" rel=\"noreferrer noopener\">MBA<\/a>. Seja no digital ou em nosso <a href=\"https:\/\/presencial.grancursosonline.com.br\/\" target=\"_blank\" rel=\"noreferrer noopener\">Campus Presencial em Curitiba<\/a>, a nossa miss\u00e3o \u00e9 transformar a educa\u00e7\u00e3o superior.<\/p>\n\n\n\n<p class=\"wp-block-paragraph\">Como parte de Sistema Gran de Ensino, que \u00e9 reconhecido como marca aprovadora h\u00e1 mais de 10 anos, constru\u00edmos uma renomada reputa\u00e7\u00e3o na \u00e1rea de educa\u00e7\u00e3o.<\/p>\n\n\n\n<p class=\"wp-block-paragraph\">Veja algumas de nossas conquistas:<\/p>\n\n\n\n<ul class=\"wp-block-list\">\n<li>Reconhecido pela Amazon como um dos projetos mais relevantes do mundo na \u00e1rea de Tecnologia e Educa\u00e7\u00e3o;<\/li>\n\n\n\n<li>Foi eleito pelo Project Management Institute (PMI), um dos 50 Projetos Mais Influentes do mundo;<\/li>\n\n\n\n<li>Somos o site de educa\u00e7\u00e3o mais acessado do Brasil;<\/li>\n\n\n\n<li>Somos avaliados com a nota m\u00e1xima pelo MEC;<\/li>\n\n\n\n<li>Aqui o semestre come\u00e7a quando quiser: entrada imediata e cont\u00ednua!<\/li>\n\n\n\n<li>Melhores pre\u00e7os do mercado;<\/li>\n\n\n\n<li>Mais de 800 mil alunos pagantes e mais de 1000 funcion\u00e1rios;<\/li>\n\n\n\n<li>Diversas ferramentas de estudo: PDFs, audiobooks, mapas mentais, videoaulas, quest\u00f5es, gerenciador de estudos e muito mais!<\/li>\n\n\n\n<li>Professores experientes e capacitados;<\/li>\n\n\n\n<li>Acesso imediato e 100% online.<\/li>\n<\/ul>\n\n\n\n<p class=\"has-text-align-center wp-block-paragraph\"><strong><a href=\"https:\/\/faculdade.grancursosonline.com.br\/\">Quero ser aluno da Gran Faculdade<\/a><\/strong><\/p>\n\n\n\n<div class=\"wp-block-group has-background\" style=\"background-color:#8dd2fc7a\"><div class=\"wp-block-group__inner-container is-layout-constrained wp-block-group-is-layout-constrained\">\n<p class=\"wp-block-paragraph\"><strong>Outras not\u00edcias em destaque:<\/strong><\/p>\n\n\n\n<ul class=\"wp-block-list\">\n<li><a href=\"https:\/\/faculdade.grancursosonline.com.br\/blog\/recursos-humanos-no-setor-publico\/\" target=\"_blank\" rel=\"noopener\">Recursos Humanos no setor p\u00fablico: \u00e1reas de atua\u00e7\u00e3o e concursos<\/a><\/li>\n\n\n\n<li><a href=\"https:\/\/faculdade.grancursosonline.com.br\/blog\/diploma-ead-vale-para-concurso-publico\/\" target=\"_blank\" rel=\"noopener\">Diploma EAD vale para concurso p\u00fablico? Saiba o que analisar<\/a><\/li>\n\n\n\n<li><a href=\"https:\/\/faculdade.grancursosonline.com.br\/blog\/o-que-estudar-para-concurso\/\" target=\"_blank\" rel=\"noopener\">O que estudar para concurso p\u00fablico: guia completo para iniciantes<\/a><\/li>\n<\/ul>\n<\/div><\/div>\n\n\n\n<div class=\"wp-block-group\"><div class=\"wp-block-group__inner-container is-layout-constrained wp-block-group-is-layout-constrained\">\n<div class=\"wp-block-group\"><div class=\"wp-block-group__inner-container is-layout-constrained wp-block-group-is-layout-constrained\">\n<section style=\"text-align: center;\">\n<p>Quer ficar por dentro da Faculdade Digital mais inovadora do Brasil?<\/p>\n<nav>\n<p class=\"has-background has-dark-bluish-background-color\" style=\"font-size: 25px; text-align: center; background: #f0f0f0; color: #ffffff; padding: 4px 0px 4xp 0px;\"><a style=\"color: #0d134c; text-decoration: underline;\" href=\"https:\/\/faculdade.grancursosonline.com.br\/\" target=\"_blank\" rel=\"noopener\">GRADUA\u00c7\u00c3O<\/a><\/p>\n<p class=\"has-background has-dark-bluish-background-color\" style=\"font-size: 25px; text-align: center; background: #f0f0f0; color: #ffffff; padding: 4px 0px 4xp 0px;\"><a style=\"color: #0d134c; text-decoration: underline;\" href=\"https:\/\/pos.grancursosonline.com.br\/\" target=\"_blank\" rel=\"noopener\">P\u00d3S-GRADUA\u00c7\u00c3O<\/a><\/p>\n<p class=\"has-background has-dark-bluish-background-color\" style=\"font-size: 25px; text-align: center; background: #f0f0f0; color: #ffffff; padding: 4px 0px 4xp 0px;\"><a style=\"color: #0d134c; text-decoration: underline;\" href=\"https:\/\/faculdade.grancursosonline.com.br\/nossos-cursos\/\" target=\"_blank\" rel=\"noopener\">TUDO SOBRE A GRAN FACULDADE<\/a><\/p>\n<\/nav>\n<p><strong>Receba <span style=\"color: #cf1e25;\">gratuitamente<\/span> no seu celular as principais not\u00edcias sobre a Gran Faculdade! <br \/>Clique no link abaixo e inscreva-se:<\/strong><\/p>\n<p class=\"has-background has-dark-bluish-background-color\" style=\"font-size: 25px; text-align: center; background: #f0f0f0; color: #ffffff; padding: 4px 0px 4xp 0px;\"><a style=\"color: #0d134c; text-decoration: underline;\" href=\"https:\/\/whatsapp.com\/channel\/0029VaG1sChI7Be7PNndhL43\" target=\"_blank\" rel=\"noopener noreferrer\">WHATSAPP<\/a><\/p>\n<p class=\"has-background has-dark-bluish-background-color\" style=\"font-size: 25px; text-align: center; background: #f0f0f0; color: #ffffff; padding: 4px 0px 4xp 0px;\"><a style=\"color: #0d134c; text-decoration: underline;\" href=\"https:\/\/t.me\/GranFaculdade\" target=\"_blank\" rel=\"noopener noreferrer\">TELEGRAM<\/a><\/p>\n<\/section>\n<\/div><\/div>\n<\/div><\/div>\n","protected":false},"excerpt":{"rendered":"<p>O curso de An\u00e1lise e Desenvolvimento de Sistemas (ADS) \u00e9 um dos mais procurados por quem deseja ingressar rapidamente no mercado de tecnologia. Com dura\u00e7\u00e3o m\u00e9dia de 2 anos, a forma\u00e7\u00e3o destaca-se pela alta empregabilidade no setor privado. Contudo, surge uma d\u00favida recorrente entre os estudantes: quem faz ADS pode prestar concurso p\u00fablico de n\u00edvel&hellip;<\/p>\n","protected":false},"author":514,"featured_media":79768931,"comment_status":"open","ping_status":"open","sticky":false,"template":"","format":"standard","meta":{"_acf_changed":false,"content-type":"","footnotes":""},"categories":[218669,218545,2],"tags":[],"class_list":["post-79768930","post","type-post","status-publish","format-standard","has-post-thumbnail","hentry","category-empregabilidade","category-graduacao","category-ultimas-noticias"],"acf":[],"yoast_head":"<!-- This site is optimized with the Yoast SEO Premium plugin v27.2 (Yoast SEO v27.2) - https:\/\/yoast.com\/product\/yoast-seo-premium-wordpress\/ -->\n<title>Quem faz ADS pode prestar concurso p\u00fablico? Cargos, requisitos e prepara\u00e7\u00e3o<\/title>\n<meta name=\"description\" content=\"Quem faz ADS pode fazer concurso p\u00fablico de n\u00edvel superior? Sim! Confira os melhores cargos de TI, sal\u00e1rios, requisitos dos editais e como se preparar.\" \/>\n<meta name=\"robots\" content=\"index, follow, max-snippet:-1, max-image-preview:large, max-video-preview:-1\" \/>\n<link rel=\"canonical\" href=\"https:\/\/faculdade.grancursosonline.com.br\/blog\/quem-faz-ads-pode-prestar-concurso\/\" \/>\n<meta property=\"og:locale\" content=\"pt_BR\" \/>\n<meta property=\"og:type\" content=\"article\" \/>\n<meta property=\"og:title\" content=\"Quem faz ADS pode prestar concurso p\u00fablico? Cargos, requisitos e prepara\u00e7\u00e3o\" \/>\n<meta property=\"og:description\" content=\"Quem faz ADS pode fazer concurso p\u00fablico de n\u00edvel superior? Sim! Confira os melhores cargos de TI, sal\u00e1rios, requisitos dos editais e como se preparar.\" \/>\n<meta property=\"og:url\" content=\"https:\/\/faculdade.grancursosonline.com.br\/blog\/quem-faz-ads-pode-prestar-concurso\/\" \/>\n<meta property=\"og:site_name\" content=\"Blog Gran Faculdade\" \/>\n<meta property=\"article:publisher\" content=\"https:\/\/www.facebook.com\/grancursosonline\/\" \/>\n<meta property=\"article:published_time\" content=\"2026-08-31T21:47:22+00:00\" \/>\n<meta property=\"article:modified_time\" content=\"2026-08-31T21:47:25+00:00\" \/>\n<meta property=\"og:image\" content=\"https:\/\/blog-es-static.infra.grancursosonline.com.br\/wp-content\/uploads\/2026\/08\/31184209\/1-Facebook_1200x630-copia-5.jpg\" \/>\n\t<meta property=\"og:image:width\" content=\"1200\" \/>\n\t<meta property=\"og:image:height\" content=\"630\" \/>\n\t<meta property=\"og:image:type\" content=\"image\/jpeg\" \/>\n<meta name=\"author\" content=\"Guilherme Henrique\" \/>\n<meta name=\"twitter:card\" content=\"summary_large_image\" \/>\n<meta name=\"twitter:creator\" content=\"@gran_online\" \/>\n<meta name=\"twitter:site\" content=\"@gran_online\" \/>\n<meta name=\"twitter:label1\" content=\"Written by\" \/>\n\t<meta name=\"twitter:data1\" content=\"Guilherme Henrique\" \/>\n\t<meta name=\"twitter:label2\" content=\"Est. reading time\" \/>\n\t<meta name=\"twitter:data2\" content=\"7 minutos\" \/>\n<script type=\"application\/ld+json\" class=\"yoast-schema-graph\">{\"@context\":\"https:\/\/schema.org\",\"@graph\":[{\"@type\":\"NewsArticle\",\"@id\":\"https:\/\/faculdade.grancursosonline.com.br\/blog\/quem-faz-ads-pode-prestar-concurso\/#article\",\"isPartOf\":{\"@id\":\"https:\/\/faculdade.grancursosonline.com.br\/blog\/quem-faz-ads-pode-prestar-concurso\/\"},\"author\":{\"name\":\"Guilherme Henrique\",\"@id\":\"https:\/\/faculdade.grancursosonline.com.br\/blog\/#\/schema\/person\/9745f9b6db8976613c1f439dbcfe717d\"},\"headline\":\"Quem faz ADS pode prestar concurso p\u00fablico? Cargos, requisitos e prepara\u00e7\u00e3o\",\"datePublished\":\"2026-08-31T21:47:22+00:00\",\"dateModified\":\"2026-08-31T21:47:25+00:00\",\"mainEntityOfPage\":{\"@id\":\"https:\/\/faculdade.grancursosonline.com.br\/blog\/quem-faz-ads-pode-prestar-concurso\/\"},\"wordCount\":1076,\"commentCount\":0,\"publisher\":{\"@id\":\"https:\/\/faculdade.grancursosonline.com.br\/blog\/#organization\"},\"image\":{\"@id\":\"https:\/\/faculdade.grancursosonline.com.br\/blog\/quem-faz-ads-pode-prestar-concurso\/#primaryimage\"},\"thumbnailUrl\":\"https:\/\/blog-es-static.infra.grancursosonline.com.br\/wp-content\/uploads\/2026\/08\/31184209\/1-Facebook_1200x630-copia-5.jpg\",\"articleSection\":[\"Empregabilidade\",\"Gradua\u00e7\u00e3o Gran Faculdade\",\"\u00daltimas Not\u00edcias\"],\"inLanguage\":\"pt-BR\",\"potentialAction\":[{\"@type\":\"CommentAction\",\"name\":\"Comment\",\"target\":[\"https:\/\/faculdade.grancursosonline.com.br\/blog\/quem-faz-ads-pode-prestar-concurso\/#respond\"]}],\"copyrightYear\":\"2026\",\"copyrightHolder\":{\"@id\":\"https:\/\/faculdade.grancursosonline.com.br\/blog\/#organization\"}},{\"@type\":\"WebPage\",\"@id\":\"https:\/\/faculdade.grancursosonline.com.br\/blog\/quem-faz-ads-pode-prestar-concurso\/\",\"url\":\"https:\/\/faculdade.grancursosonline.com.br\/blog\/quem-faz-ads-pode-prestar-concurso\/\",\"name\":\"Quem faz ADS pode prestar concurso p\u00fablico? Cargos, requisitos e prepara\u00e7\u00e3o\",\"isPartOf\":{\"@id\":\"https:\/\/faculdade.grancursosonline.com.br\/blog\/#website\"},\"primaryImageOfPage\":{\"@id\":\"https:\/\/faculdade.grancursosonline.com.br\/blog\/quem-faz-ads-pode-prestar-concurso\/#primaryimage\"},\"image\":{\"@id\":\"https:\/\/faculdade.grancursosonline.com.br\/blog\/quem-faz-ads-pode-prestar-concurso\/#primaryimage\"},\"thumbnailUrl\":\"https:\/\/blog-es-static.infra.grancursosonline.com.br\/wp-content\/uploads\/2026\/08\/31184209\/1-Facebook_1200x630-copia-5.jpg\",\"datePublished\":\"2026-08-31T21:47:22+00:00\",\"dateModified\":\"2026-08-31T21:47:25+00:00\",\"description\":\"Quem faz ADS pode fazer concurso p\u00fablico de n\u00edvel superior? Sim! Confira os melhores cargos de TI, sal\u00e1rios, requisitos dos editais e como se preparar.\",\"breadcrumb\":{\"@id\":\"https:\/\/faculdade.grancursosonline.com.br\/blog\/quem-faz-ads-pode-prestar-concurso\/#breadcrumb\"},\"inLanguage\":\"pt-BR\",\"potentialAction\":[{\"@type\":\"ReadAction\",\"target\":[\"https:\/\/faculdade.grancursosonline.com.br\/blog\/quem-faz-ads-pode-prestar-concurso\/\"]}]},{\"@type\":\"ImageObject\",\"inLanguage\":\"pt-BR\",\"@id\":\"https:\/\/faculdade.grancursosonline.com.br\/blog\/quem-faz-ads-pode-prestar-concurso\/#primaryimage\",\"url\":\"https:\/\/blog-es-static.infra.grancursosonline.com.br\/wp-content\/uploads\/2026\/08\/31184209\/1-Facebook_1200x630-copia-5.jpg\",\"contentUrl\":\"https:\/\/blog-es-static.infra.grancursosonline.com.br\/wp-content\/uploads\/2026\/08\/31184209\/1-Facebook_1200x630-copia-5.jpg\",\"width\":1200,\"height\":630},{\"@type\":\"BreadcrumbList\",\"@id\":\"https:\/\/faculdade.grancursosonline.com.br\/blog\/quem-faz-ads-pode-prestar-concurso\/#breadcrumb\",\"itemListElement\":[{\"@type\":\"ListItem\",\"position\":1,\"name\":\"In\u00edcio\",\"item\":\"https:\/\/faculdade.grancursosonline.com.br\/blog\/\"},{\"@type\":\"ListItem\",\"position\":2,\"name\":\"Empregabilidade\",\"item\":\"https:\/\/faculdade.grancursosonline.com.br\/blog\/categoria\/empregabilidade\/\"},{\"@type\":\"ListItem\",\"position\":3,\"name\":\"Quem faz ADS pode prestar concurso p\u00fablico? Cargos, requisitos e prepara\u00e7\u00e3o\"}]},{\"@type\":\"WebSite\",\"@id\":\"https:\/\/faculdade.grancursosonline.com.br\/blog\/#website\",\"url\":\"https:\/\/faculdade.grancursosonline.com.br\/blog\/\",\"name\":\"Blog Gran Faculdade\",\"description\":\"Tudo sobre ensino superior, p\u00f3s-gradua\u00e7\u00e3o, enem e carreira.\",\"publisher\":{\"@id\":\"https:\/\/faculdade.grancursosonline.com.br\/blog\/#organization\"},\"potentialAction\":[{\"@type\":\"SearchAction\",\"target\":{\"@type\":\"EntryPoint\",\"urlTemplate\":\"https:\/\/faculdade.grancursosonline.com.br\/blog\/?s={search_term_string}\"},\"query-input\":{\"@type\":\"PropertyValueSpecification\",\"valueRequired\":true,\"valueName\":\"search_term_string\"}}],\"inLanguage\":\"pt-BR\"},{\"@type\":\"Organization\",\"@id\":\"https:\/\/faculdade.grancursosonline.com.br\/blog\/#organization\",\"name\":\"Gran Cursos Online\",\"url\":\"https:\/\/faculdade.grancursosonline.com.br\/blog\/\",\"logo\":{\"@type\":\"ImageObject\",\"inLanguage\":\"pt-BR\",\"@id\":\"https:\/\/faculdade.grancursosonline.com.br\/blog\/#\/schema\/logo\/image\/\",\"url\":\"https:\/\/blog-es-static.infra.grancursosonline.com.br\/wp-content\/uploads\/2019\/08\/03123934\/logo.png\",\"contentUrl\":\"https:\/\/blog-es-static.infra.grancursosonline.com.br\/wp-content\/uploads\/2019\/08\/03123934\/logo.png\",\"width\":300,\"height\":57,\"caption\":\"Gran Cursos Online\"},\"image\":{\"@id\":\"https:\/\/faculdade.grancursosonline.com.br\/blog\/#\/schema\/logo\/image\/\"},\"sameAs\":[\"https:\/\/www.facebook.com\/grancursosonline\/\",\"https:\/\/x.com\/gran_online\",\"https:\/\/www.instagram.com\/grancursosonline\/\",\"https:\/\/www.youtube.com\/user\/grancursostv\"]},{\"@type\":\"Person\",\"@id\":\"https:\/\/faculdade.grancursosonline.com.br\/blog\/#\/schema\/person\/9745f9b6db8976613c1f439dbcfe717d\",\"name\":\"Guilherme Henrique\",\"url\":\"https:\/\/faculdade.grancursosonline.com.br\/blog\/author\/guilherme-lourenco\/\"}]}<\/script>\n<!-- \/ Yoast SEO Premium plugin. -->","yoast_head_json":{"title":"Quem faz ADS pode prestar concurso p\u00fablico? Cargos, requisitos e prepara\u00e7\u00e3o","description":"Quem faz ADS pode fazer concurso p\u00fablico de n\u00edvel superior? Sim! Confira os melhores cargos de TI, sal\u00e1rios, requisitos dos editais e como se preparar.","robots":{"index":"index","follow":"follow","max-snippet":"max-snippet:-1","max-image-preview":"max-image-preview:large","max-video-preview":"max-video-preview:-1"},"canonical":"https:\/\/faculdade.grancursosonline.com.br\/blog\/quem-faz-ads-pode-prestar-concurso\/","og_locale":"pt_BR","og_type":"article","og_title":"Quem faz ADS pode prestar concurso p\u00fablico? Cargos, requisitos e prepara\u00e7\u00e3o","og_description":"Quem faz ADS pode fazer concurso p\u00fablico de n\u00edvel superior? Sim! Confira os melhores cargos de TI, sal\u00e1rios, requisitos dos editais e como se preparar.","og_url":"https:\/\/faculdade.grancursosonline.com.br\/blog\/quem-faz-ads-pode-prestar-concurso\/","og_site_name":"Blog Gran Faculdade","article_publisher":"https:\/\/www.facebook.com\/grancursosonline\/","article_published_time":"2026-08-31T21:47:22+00:00","article_modified_time":"2026-08-31T21:47:25+00:00","og_image":[{"width":1200,"height":630,"url":"https:\/\/blog-es-static.infra.grancursosonline.com.br\/wp-content\/uploads\/2026\/08\/31184209\/1-Facebook_1200x630-copia-5.jpg","type":"image\/jpeg"}],"author":"Guilherme Henrique","twitter_card":"summary_large_image","twitter_creator":"@gran_online","twitter_site":"@gran_online","twitter_misc":{"Written by":"Guilherme Henrique","Est. reading time":"7 minutos"},"schema":{"@context":"https:\/\/schema.org","@graph":[{"@type":"NewsArticle","@id":"https:\/\/faculdade.grancursosonline.com.br\/blog\/quem-faz-ads-pode-prestar-concurso\/#article","isPartOf":{"@id":"https:\/\/faculdade.grancursosonline.com.br\/blog\/quem-faz-ads-pode-prestar-concurso\/"},"author":{"name":"Guilherme Henrique","@id":"https:\/\/faculdade.grancursosonline.com.br\/blog\/#\/schema\/person\/9745f9b6db8976613c1f439dbcfe717d"},"headline":"Quem faz ADS pode prestar concurso p\u00fablico? Cargos, requisitos e prepara\u00e7\u00e3o","datePublished":"2026-08-31T21:47:22+00:00","dateModified":"2026-08-31T21:47:25+00:00","mainEntityOfPage":{"@id":"https:\/\/faculdade.grancursosonline.com.br\/blog\/quem-faz-ads-pode-prestar-concurso\/"},"wordCount":1076,"commentCount":0,"publisher":{"@id":"https:\/\/faculdade.grancursosonline.com.br\/blog\/#organization"},"image":{"@id":"https:\/\/faculdade.grancursosonline.com.br\/blog\/quem-faz-ads-pode-prestar-concurso\/#primaryimage"},"thumbnailUrl":"https:\/\/blog-es-static.infra.grancursosonline.com.br\/wp-content\/uploads\/2026\/08\/31184209\/1-Facebook_1200x630-copia-5.jpg","articleSection":["Empregabilidade","Gradua\u00e7\u00e3o Gran Faculdade","\u00daltimas Not\u00edcias"],"inLanguage":"pt-BR","potentialAction":[{"@type":"CommentAction","name":"Comment","target":["https:\/\/faculdade.grancursosonline.com.br\/blog\/quem-faz-ads-pode-prestar-concurso\/#respond"]}],"copyrightYear":"2026","copyrightHolder":{"@id":"https:\/\/faculdade.grancursosonline.com.br\/blog\/#organization"}},{"@type":"WebPage","@id":"https:\/\/faculdade.grancursosonline.com.br\/blog\/quem-faz-ads-pode-prestar-concurso\/","url":"https:\/\/faculdade.grancursosonline.com.br\/blog\/quem-faz-ads-pode-prestar-concurso\/","name":"Quem faz ADS pode prestar concurso p\u00fablico? Cargos, requisitos e prepara\u00e7\u00e3o","isPartOf":{"@id":"https:\/\/faculdade.grancursosonline.com.br\/blog\/#website"},"primaryImageOfPage":{"@id":"https:\/\/faculdade.grancursosonline.com.br\/blog\/quem-faz-ads-pode-prestar-concurso\/#primaryimage"},"image":{"@id":"https:\/\/faculdade.grancursosonline.com.br\/blog\/quem-faz-ads-pode-prestar-concurso\/#primaryimage"},"thumbnailUrl":"https:\/\/blog-es-static.infra.grancursosonline.com.br\/wp-content\/uploads\/2026\/08\/31184209\/1-Facebook_1200x630-copia-5.jpg","datePublished":"2026-08-31T21:47:22+00:00","dateModified":"2026-08-31T21:47:25+00:00","description":"Quem faz ADS pode fazer concurso p\u00fablico de n\u00edvel superior? Sim! Confira os melhores cargos de TI, sal\u00e1rios, requisitos dos editais e como se preparar.","breadcrumb":{"@id":"https:\/\/faculdade.grancursosonline.com.br\/blog\/quem-faz-ads-pode-prestar-concurso\/#breadcrumb"},"inLanguage":"pt-BR","potentialAction":[{"@type":"ReadAction","target":["https:\/\/faculdade.grancursosonline.com.br\/blog\/quem-faz-ads-pode-prestar-concurso\/"]}]},{"@type":"ImageObject","inLanguage":"pt-BR","@id":"https:\/\/faculdade.grancursosonline.com.br\/blog\/quem-faz-ads-pode-prestar-concurso\/#primaryimage","url":"https:\/\/blog-es-static.infra.grancursosonline.com.br\/wp-content\/uploads\/2026\/08\/31184209\/1-Facebook_1200x630-copia-5.jpg","contentUrl":"https:\/\/blog-es-static.infra.grancursosonline.com.br\/wp-content\/uploads\/2026\/08\/31184209\/1-Facebook_1200x630-copia-5.jpg","width":1200,"height":630},{"@type":"BreadcrumbList","@id":"https:\/\/faculdade.grancursosonline.com.br\/blog\/quem-faz-ads-pode-prestar-concurso\/#breadcrumb","itemListElement":[{"@type":"ListItem","position":1,"name":"In\u00edcio","item":"https:\/\/faculdade.grancursosonline.com.br\/blog\/"},{"@type":"ListItem","position":2,"name":"Empregabilidade","item":"https:\/\/faculdade.grancursosonline.com.br\/blog\/categoria\/empregabilidade\/"},{"@type":"ListItem","position":3,"name":"Quem faz ADS pode prestar concurso p\u00fablico? Cargos, requisitos e prepara\u00e7\u00e3o"}]},{"@type":"WebSite","@id":"https:\/\/faculdade.grancursosonline.com.br\/blog\/#website","url":"https:\/\/faculdade.grancursosonline.com.br\/blog\/","name":"Blog Gran Faculdade","description":"Tudo sobre ensino superior, p\u00f3s-gradua\u00e7\u00e3o, enem e carreira.","publisher":{"@id":"https:\/\/faculdade.grancursosonline.com.br\/blog\/#organization"},"potentialAction":[{"@type":"SearchAction","target":{"@type":"EntryPoint","urlTemplate":"https:\/\/faculdade.grancursosonline.com.br\/blog\/?s={search_term_string}"},"query-input":{"@type":"PropertyValueSpecification","valueRequired":true,"valueName":"search_term_string"}}],"inLanguage":"pt-BR"},{"@type":"Organization","@id":"https:\/\/faculdade.grancursosonline.com.br\/blog\/#organization","name":"Gran Cursos Online","url":"https:\/\/faculdade.grancursosonline.com.br\/blog\/","logo":{"@type":"ImageObject","inLanguage":"pt-BR","@id":"https:\/\/faculdade.grancursosonline.com.br\/blog\/#\/schema\/logo\/image\/","url":"https:\/\/blog-es-static.infra.grancursosonline.com.br\/wp-content\/uploads\/2019\/08\/03123934\/logo.png","contentUrl":"https:\/\/blog-es-static.infra.grancursosonline.com.br\/wp-content\/uploads\/2019\/08\/03123934\/logo.png","width":300,"height":57,"caption":"Gran Cursos Online"},"image":{"@id":"https:\/\/faculdade.grancursosonline.com.br\/blog\/#\/schema\/logo\/image\/"},"sameAs":["https:\/\/www.facebook.com\/grancursosonline\/","https:\/\/x.com\/gran_online","https:\/\/www.instagram.com\/grancursosonline\/","https:\/\/www.youtube.com\/user\/grancursostv"]},{"@type":"Person","@id":"https:\/\/faculdade.grancursosonline.com.br\/blog\/#\/schema\/person\/9745f9b6db8976613c1f439dbcfe717d","name":"Guilherme Henrique","url":"https:\/\/faculdade.grancursosonline.com.br\/blog\/author\/guilherme-lourenco\/"}]}},"_links":{"self":[{"href":"https:\/\/faculdade.grancursosonline.com.br\/blog\/wp-json\/wp\/v2\/posts\/79768930","targetHints":{"allow":["GET"]}}],"collection":[{"href":"https:\/\/faculdade.grancursosonline.com.br\/blog\/wp-json\/wp\/v2\/posts"}],"about":[{"href":"https:\/\/faculdade.grancursosonline.com.br\/blog\/wp-json\/wp\/v2\/types\/post"}],"author":[{"embeddable":true,"href":"https:\/\/faculdade.grancursosonline.com.br\/blog\/wp-json\/wp\/v2\/users\/514"}],"replies":[{"embeddable":true,"href":"https:\/\/faculdade.grancursosonline.com.br\/blog\/wp-json\/wp\/v2\/comments?post=79768930"}],"version-history":[{"count":1,"href":"https:\/\/faculdade.grancursosonline.com.br\/blog\/wp-json\/wp\/v2\/posts\/79768930\/revisions"}],"predecessor-version":[{"id":79768932,"href":"https:\/\/faculdade.grancursosonline.com.br\/blog\/wp-json\/wp\/v2\/posts\/79768930\/revisions\/79768932"}],"wp:featuredmedia":[{"embeddable":true,"href":"https:\/\/faculdade.grancursosonline.com.br\/blog\/wp-json\/wp\/v2\/media\/79768931"}],"wp:attachment":[{"href":"https:\/\/faculdade.grancursosonline.com.br\/blog\/wp-json\/wp\/v2\/media?parent=79768930"}],"wp:term":[{"taxonomy":"category","embeddable":true,"href":"https:\/\/faculdade.grancursosonline.com.br\/blog\/wp-json\/wp\/v2\/categories?post=79768930"},{"taxonomy":"post_tag","embeddable":true,"href":"https:\/\/faculdade.grancursosonline.com.br\/blog\/wp-json\/wp\/v2\/tags?post=79768930"}],"curies":[{"name":"wp","href":"https:\/\/api.w.org\/{rel}","templated":true}]}}