{"id":79768940,"date":"2026-09-01T12:30:53","date_gmt":"2026-09-01T15:30:53","guid":{"rendered":"https:\/\/faculdade.grancursosonline.com.br\/blog\/?p=79768940"},"modified":"2026-09-01T15:45:01","modified_gmt":"2026-09-01T18:45:01","slug":"carreira-apos-a-maternidade","status":"publish","type":"post","link":"https:\/\/faculdade.grancursosonline.com.br\/blog\/carreira-apos-a-maternidade\/","title":{"rendered":"Carreira ap\u00f3s a maternidade: como voltar ao mercado de trabalho?"},"content":{"rendered":"\n<p class=\"wp-block-paragraph\">Retomar a vida profissional ap\u00f3s o nascimento dos filhos \u00e9 um momento de profunda transforma\u00e7\u00e3o.<\/p>\n\n\n\n<p class=\"wp-block-paragraph\">Muitas mulheres buscam formas de <strong>conciliar maternidade e carreira profissional<\/strong> sem abrir m\u00e3o da presen\u00e7a na cria\u00e7\u00e3o das crian\u00e7as.<\/p>\n\n\n\n<p class=\"wp-block-paragraph\">Seja para aprender <strong>como voltar a trabalhar depois de ter filho<\/strong>, migrar para uma nova \u00e1rea ou buscar autonomia, o planejamento \u00e9 o caminho principal para estruturar essa nova fase com seguran\u00e7a.<\/p>\n\n\n\n<p class=\"wp-block-paragraph\">Se preferir, navegue pelo \u00edndice:<\/p>\n\n\n\n<ul class=\"wp-block-list\">\n<li><a href=\"#h-carreira-apos-a-maternidade-o-que-muda\">Carreira ap\u00f3s a maternidade: o que muda?<\/a><\/li>\n\n\n\n<li><a href=\"#h-por-que-voltar-ao-mercado-depois-da-maternidade-pode-ser-dificil\">Por que voltar ao mercado depois da maternidade pode ser dif\u00edcil?<\/a><\/li>\n\n\n\n<li><a href=\"#h-como-voltar-ao-mercado-de-trabalho-depois-da-maternidade\">Como voltar ao mercado de trabalho depois da maternidade?<\/a><\/li>\n\n\n\n<li><a href=\"#h-como-montar-um-curriculo-apos-a-maternidade\">Como montar um curr\u00edculo ap\u00f3s a maternidade?<\/a><\/li>\n\n\n\n<li><a href=\"#h-como-explicar-o-gap-profissional\">Como explicar o gap profissional?<\/a><\/li>\n\n\n\n<li><a href=\"#h-quais-areas-oferecem-mais-flexibilidade-para-maes\">Quais \u00e1reas oferecem mais flexibilidade para m\u00e3es?<\/a><\/li>\n\n\n\n<li><a href=\"#h-home-office-e-uma-boa-opcao-para-maes\">Home office \u00e9 uma boa op\u00e7\u00e3o para m\u00e3es?<\/a><\/li>\n\n\n\n<li><a href=\"#h-empreendedorismo-materno-vale-a-pena\">Empreendedorismo materno: vale a pena?<\/a><\/li>\n\n\n\n<li><a href=\"#h-como-fazer-transicao-de-carreira-depois-dos-filhos\">Como fazer transi\u00e7\u00e3o de carreira depois dos filhos?<\/a><\/li>\n\n\n\n<li><a href=\"#h-quais-sao-os-direitos-trabalhistas-da-mae\">Quais s\u00e3o os direitos trabalhistas da m\u00e3e?<\/a><\/li>\n\n\n\n<li><a href=\"#h-como-encontrar-empresas-mais-amigaveis-para-maes\">Como encontrar empresas mais amig\u00e1veis para m\u00e3es?<\/a><\/li>\n\n\n\n<li><a href=\"#h-como-conciliar-maternidade-e-carreira-sem-se-sobrecarregar\">Como conciliar maternidade e carreira sem se sobrecarregar?<\/a><\/li>\n\n\n\n<li><a href=\"#h-maes-atipicas-e-carreira\">M\u00e3es at\u00edpicas e carreira<\/a><\/li>\n\n\n\n<li><a href=\"#h-checklist-para-retomar-a-carreira-pos-maternidade\">Checklist para retomar a carreira<\/a><\/li>\n\n\n\n<li><a href=\"#h-perguntas-frequentes\">Perguntas frequentes<\/a><\/li>\n\n\n\n<li><a href=\"#h-vem-pra-gran-faculdade\">Vem pra Gran Faculdade!<\/a><\/li>\n<\/ul>\n\n\n\n<figure class=\"wp-block-image size-large is-resized\"><img loading=\"lazy\" decoding=\"async\" width=\"1024\" height=\"559\" src=\"https:\/\/blog-es-static.infra.grancursosonline.com.br\/wp-content\/uploads\/2026\/09\/01113055\/Carreira-apos-a-maternidade-1024x559.jpg\" alt=\"Uma mulher sentada em sua mesa de home office abra\u00e7a o filho pequeno no colo, que olha para um tablet com gr\u00e1ficos coloridos. Ela tem uma express\u00e3o feliz e focada ao mesmo tempo, enquanto a luz do sol ilumina o ambiente misturando materiais de trabalho com brinquedos. Esta composi\u00e7\u00e3o representa a uni\u00e3o aut\u00eantica e sonhadora entre os cuidados maternos e o desenvolvimento profissional, onde ambos os mundos se encontram e se impulsionam.\" class=\"wp-image-79768941\" style=\"aspect-ratio:1.8318695106649938;width:663px;height:auto\"\/><\/figure>\n\n\n\n<p class=\"wp-block-paragraph\"><em>Entenda como construir uma nova carreira p\u00f3s-maternidade com mais equil\u00edbrio.<\/em><\/p>\n\n\n\n<h2 id=\"h-carreira-apos-a-maternidade-o-que-muda\" class=\"wp-block-heading\"><strong>Carreira ap\u00f3s a maternidade: o que muda?<\/strong><\/h2>\n\n\n\n<p class=\"wp-block-paragraph\">A chegada de um filho altera prioridades, rotinas e a disponibilidade de tempo. Na rela\u00e7\u00e3o entre <strong>maternidade e mercado de trabalho<\/strong>, a busca por flexibilidade ganha espa\u00e7o.<\/p>\n\n\n\n<p class=\"wp-block-paragraph\">As compet\u00eancias desenvolvidas no cuidado com a fam\u00edlia, como gest\u00e3o do tempo, organiza\u00e7\u00e3o, empatia e negocia\u00e7\u00e3o, tornam a profissional mais preparada para resolver problemas complexos no ambiente corporativo.<\/p>\n\n\n\n<p class=\"wp-block-paragraph\">Um estudo do <strong>FESA Group<\/strong> publicado pela plataforma Meio &amp; Mensagem revela que <strong>mais de 59% das trabalhadoras brasileiras<\/strong> relatam mudan\u00e7as em suas jornadas profissionais em fun\u00e7\u00e3o da maternidade.<\/p>\n\n\n\n<p class=\"wp-block-paragraph\">As estat\u00edsticas evidenciam que os desafios v\u00e3o al\u00e9m de organizar os hor\u00e1rios do dia a dia, pois envolvem o combate a estigmas organizacionais e a constru\u00e7\u00e3o de ambientes que valorizem o potencial dessas profissionais.<\/p>\n\n\n\n<h2 id=\"h-por-que-voltar-ao-mercado-depois-da-maternidade-pode-ser-dificil\" class=\"wp-block-heading\"><strong>Por que voltar ao mercado depois da maternidade pode ser dif\u00edcil?<\/strong><\/h2>\n\n\n\n<p class=\"wp-block-paragraph\">A volta ao ambiente de trabalho exige adapta\u00e7\u00e3o emocional e pr\u00e1tica, enfrentando barreiras estruturais do mercado.<\/p>\n\n\n\n<ul class=\"wp-block-list\">\n<li><strong>Gap no curr\u00edculo:<\/strong> a pausa dedicada aos cuidados do beb\u00ea gera o chamado <strong>gap no curr\u00edculo de maternidade<\/strong>. Muitas mulheres sentem d\u00favida sobre <strong>como fazer curr\u00edculo sem experi\u00eancia recente<\/strong> para demonstrar seu valor profissional;<br><\/li>\n\n\n\n<li><strong>Vi\u00e9s materno:<\/strong> algumas etapas de sele\u00e7\u00e3o ainda apresentam barreiras culturais. Saber gerenciar o <strong>vi\u00e9s materno em entrevistas de emprego<\/strong> ajuda a direcionar as conversas para as compet\u00eancias t\u00e9cnicas e entregas;<br><\/li>\n\n\n\n<li><strong>Dupla jornada:<\/strong> dividir o tempo entre responsabilidades dom\u00e9sticas, filhos e demandas profissionais exige organiza\u00e7\u00e3o constante para evitar o esgotamento;<br><\/li>\n\n\n\n<li><strong>Sobrecarga:<\/strong> a falta de suporte externo aliada ao risco de <strong>burnout materno e retorno ao trabalho<\/strong> refor\u00e7a a import\u00e2ncia de redes de apoio. A <strong>sobrecarga materna e trabalho<\/strong> \u00e9 um dos motivos que fazem as mulheres buscarem modelos flex\u00edveis.<\/li>\n<\/ul>\n\n\n\n<h2 id=\"h-como-voltar-ao-mercado-de-trabalho-depois-da-maternidade\" class=\"wp-block-heading\"><strong>Como voltar ao mercado de trabalho depois da maternidade?<\/strong><\/h2>\n\n\n\n<p class=\"wp-block-paragraph\">O processo de <strong>recoloca\u00e7\u00e3o profissional ap\u00f3s maternidade<\/strong> funciona melhor quando dividido em etapas claras.<\/p>\n\n\n\n<h3 id=\"h-defina-seu-objetivo\" class=\"wp-block-heading\"><strong>Defina seu objetivo<\/strong><\/h3>\n\n\n\n<p class=\"wp-block-paragraph\">Avalie se o seu momento pede um emprego formal com <strong>vagas flex\u00edveis para m\u00e3es<\/strong>, a busca por um <strong>trabalho para m\u00e3e que fica em casa<\/strong> ou o in\u00edcio de uma atividade aut\u00f4noma.<\/p>\n\n\n\n<h3 id=\"h-faca-seu-diagnostico-profissional\" class=\"wp-block-heading\"><strong>Fa\u00e7a seu diagn\u00f3stico profissional<\/strong><\/h3>\n\n\n\n<p class=\"wp-block-paragraph\">Analise seu hist\u00f3rico e identifique pontos fortes. Caso precise de orienta\u00e7\u00e3o individualizada, uma <strong>consultoria de transi\u00e7\u00e3o de carreira<\/strong> ou uma <strong>mentoria de carreira feminina<\/strong> ajuda a alinhar suas expectativas com as exig\u00eancias atuais das empresas.<\/p>\n\n\n\n<h3 id=\"h-atualize-suas-competencias\" class=\"wp-block-heading\"><strong>Atualize suas compet\u00eancias<\/strong><\/h3>\n\n\n\n<p class=\"wp-block-paragraph\">Aposte em <a href=\"https:\/\/faculdade.grancursosonline.com.br\/nossos-cursos\/\"><strong>cursos EAD<\/strong><\/a><strong> com certificado para recoloca\u00e7\u00e3o<\/strong> para atualizar conhecimentos t\u00e9cnicos e entender as novas ferramentas do seu setor.<\/p>\n\n\n\n<h3 id=\"h-atualize-curriculo-e-linkedin\" class=\"wp-block-heading\"><strong>Atualize curr\u00edculo e LinkedIn<\/strong><\/h3>\n\n\n\n<p class=\"wp-block-paragraph\">Reescreva seus materiais de apresenta\u00e7\u00e3o. Destaque conquistas passadas, cursos recentes e projetos pontuais. Aprender <strong>como montar curr\u00edculo para recoloca\u00e7\u00e3o profissional ap\u00f3s maternidade<\/strong> aumenta suas chances com recrutadores.<\/p>\n\n\n\n<h3 id=\"h-faca-networking\" class=\"wp-block-heading\"><strong>Fa\u00e7a networking<\/strong><\/h3>\n\n\n\n<p class=\"wp-block-paragraph\">Conecte-se com antigos colegas de trabalho e participe de grupos focados em <a href=\"https:\/\/faculdade.grancursosonline.com.br\/blog\/networking\/\"><strong>networking <\/strong><\/a><strong>para m\u00e3es profissionais<\/strong>. Indica\u00e7\u00f5es diretas facilitam o acesso a novas oportunidades.<\/p>\n\n\n\n<h3 id=\"h-procure-empresas\" class=\"wp-block-heading\"><strong>Procure empresas<\/strong><\/h3>\n\n\n\n<p class=\"wp-block-paragraph\">Busque organiza\u00e7\u00f5es com programas de diversidade que valorizem <strong>empresas que contratam m\u00e3es<\/strong>. Saber <strong>onde encontrar vagas de emprego amig\u00e1veis para m\u00e3es<\/strong> reduz o tempo de procura por vagas alinhadas com seus valores.<\/p>\n\n\n\n<h3 id=\"h-prepare-se-para-entrevistas\" class=\"wp-block-heading\"><strong>Prepare-se para entrevistas<\/strong><\/h3>\n\n\n\n<p class=\"wp-block-paragraph\">Treine respostas sobre seu per\u00edodo de afastamento com clareza. Descubra <strong>como se preparar para entrevistas de emprego na volta da licen\u00e7a maternidade<\/strong> para demonstrar foco em resultados e organiza\u00e7\u00e3o pessoal.<\/p>\n\n\n\n<h2 id=\"h-como-montar-um-curriculo-apos-a-maternidade\" class=\"wp-block-heading\"><strong>Como montar um curr\u00edculo ap\u00f3s a maternidade?<\/strong><\/h2>\n\n\n\n<p class=\"wp-block-paragraph\">O modelo ideal de curr\u00edculo para este momento \u00e9 o funcional ou h\u00edbrido. Em vez de focar apenas na ordem cronol\u00f3gica, priorize suas compet\u00eancias, qualifica\u00e7\u00f5es, projetos finalizados e resultados alcan\u00e7ados.<\/p>\n\n\n\n<p class=\"wp-block-paragraph\">Ao aprender <strong>como montar curr\u00edculo para recoloca\u00e7\u00e3o profissional ap\u00f3s maternidade<\/strong>, inclua trabalhos volunt\u00e1rios, cursos r\u00e1pidos e consultorias prestadas no per\u00edodo de pausa.<\/p>\n\n\n\n<h2 id=\"h-como-explicar-o-gap-profissional\" class=\"wp-block-heading\"><strong>Como explicar o gap profissional?<\/strong><\/h2>\n\n\n\n<p class=\"wp-block-paragraph\">A transpar\u00eancia \u00e9 a melhor estrat\u00e9gia para sanar d\u00favidas sobre o <strong>gap no curr\u00edculo de maternidade<\/strong>.<\/p>\n\n\n\n<p class=\"wp-block-paragraph\">No resumo profissional, mencione de forma breve que voc\u00ea fez uma pausa planejada para dedica\u00e7\u00e3o \u00e0 fam\u00edlia.<\/p>\n\n\n\n<p class=\"wp-block-paragraph\">Ao entender <strong>como contornar o hiato no curr\u00edculo devido \u00e0 maternidade<\/strong>, apresente esse per\u00edodo como um ciclo conclu\u00eddo com sucesso, destacando seu entusiasmo e prepara\u00e7\u00e3o para o retorno.<\/p>\n\n\n\n<h2 id=\"h-quais-areas-oferecem-mais-flexibilidade-para-maes\" class=\"wp-block-heading\"><strong>Quais \u00e1reas oferecem mais flexibilidade para m\u00e3es?<\/strong><\/h2>\n\n\n\n<p class=\"wp-block-paragraph\">A busca por saber <strong>quais as melhores \u00e1reas para transi\u00e7\u00e3o de carreira<\/strong> aponta para mercados din\u00e2micos e digitais.<\/p>\n\n\n\n<p class=\"wp-block-paragraph\">Se voc\u00ea busca respostas sobre <strong>qual a melhor profiss\u00e3o para m\u00e3e que trabalha em casa<\/strong>, vale explorar setores como <a href=\"https:\/\/faculdade.grancursosonline.com.br\/curso\/marketing\/\">marketing digital<\/a>, <a href=\"https:\/\/faculdade.grancursosonline.com.br\/nossos-cursos\/?area=tecnologia\">tecnologia<\/a>, atendimento ao cliente (CX) e gest\u00e3o de m\u00eddias sociais.<\/p>\n\n\n\n<p class=\"wp-block-paragraph\">Fazer um <strong>curso de assistente virtual<\/strong> tamb\u00e9m \u00e9 uma porta de entrada eficiente para prestar servi\u00e7os de apoio administrativo de forma remota.<\/p>\n\n\n\n<h2 id=\"h-home-office-e-uma-boa-opcao-para-maes\" class=\"wp-block-heading\"><strong>Home office \u00e9 uma boa op\u00e7\u00e3o para m\u00e3es?<\/strong><\/h2>\n\n\n\n<p class=\"wp-block-paragraph\">A procura por <strong>vagas home office para m\u00e3es<\/strong> cresce porque o trabalho remoto elimina o tempo gasto no tr\u00e2nsito, permitindo maior proximidade com a rotina dos filhos.<\/p>\n\n\n\n<p class=\"wp-block-paragraph\">Descobrir <strong>como conseguir trabalho home office para m\u00e3es iniciantes<\/strong> exige foco em cargos operacionais ou administrativos, sendo uma excelente op\u00e7\u00e3o de <strong>trabalho para m\u00e3e que ficam em casa<\/strong> com flexibilidade de hor\u00e1rios.<\/p>\n\n\n\n<h2 id=\"h-empreendedorismo-materno-vale-a-pena\" class=\"wp-block-heading\"><strong>Empreendedorismo materno: vale a pena?<\/strong><\/h2>\n\n\n\n<p class=\"wp-block-paragraph\">O <strong>empreendedorismo materno<\/strong> \u00e9 uma alternativa para quem busca autonomia total na gest\u00e3o da rotina.<\/p>\n\n\n\n<p class=\"wp-block-paragraph\">Entender <strong>como empreender sendo m\u00e3e<\/strong> envolve identificar oportunidades no mercado e buscar <strong>ideias de neg\u00f3cios lucrativos para m\u00e3es trabalharem em casa<\/strong>.<\/p>\n\n\n\n<figure class=\"wp-block-table\"><div class=\"container-tabela\"><table class=\"has-fixed-layout\"><tbody><tr><td><strong>Modelo de neg\u00f3cio<\/strong><\/td><td><strong>Principais vantagens<\/strong><\/td><td><strong>Op\u00e7\u00f5es de in\u00edcio<\/strong><\/td><\/tr><tr><td>Presta\u00e7\u00e3o de Servi\u00e7os Remotos<\/td><td>Baixo investimento inicial e uso do conhecimento pr\u00e9vio.<\/td><td>Consultoria, curso de assistente virtual, reda\u00e7\u00e3o.<\/td><\/tr><tr><td>Vendas e E-commerce<\/td><td>Escala de vendas sem necessidade de loja f\u00edsica.<\/td><td>Loja virtual, produtos artesanais, revenda.<\/td><\/tr><tr><td>Franquias e Microfranquias<\/td><td>Modelo de neg\u00f3cio testado e suporte operacional.<\/td><td>Franquias home office baratas, servi\u00e7os de turismo.<\/td><\/tr><\/tbody><\/table><\/div><\/figure>\n\n\n\n<p class=\"wp-block-paragraph\"><\/p>\n\n\n\n<p class=\"wp-block-paragraph\">Existem diversas <strong>ideias de renda extra para m\u00e3es<\/strong> que podem come\u00e7ar pequenas e se transformar em fontes de renda consolidadas.<\/p>\n\n\n\n<h2 id=\"h-como-fazer-transicao-de-carreira-depois-dos-filhos\" class=\"wp-block-heading\"><strong>Como fazer transi\u00e7\u00e3o de carreira depois dos filhos?<\/strong><\/h2>\n\n\n\n<p class=\"wp-block-paragraph\">Saber <strong>como fazer transi\u00e7\u00e3o de carreira ap\u00f3s licen\u00e7a maternidade<\/strong> ou <strong>como mudar de \u00e1rea profissional depois dos 30 e com filhos<\/strong> exige planejamento e paci\u00eancia.<\/p>\n\n\n\n<p class=\"wp-block-paragraph\">O primeiro passo \u00e9 construir um <strong>planejamento financeiro para transi\u00e7\u00e3o de carreira<\/strong>, garantindo uma reserva para o per\u00edodo de mudan\u00e7a. Mapeie habilidades transfer\u00edveis de sua \u00e1rea antiga para o novo setor escolhido.<\/p>\n\n\n\n<h2 id=\"h-quais-sao-os-direitos-trabalhistas-da-mae\" class=\"wp-block-heading\"><strong>Quais s\u00e3o os direitos trabalhistas da m\u00e3e?<\/strong><\/h2>\n\n\n\n<p class=\"wp-block-paragraph\">Conhecer os <strong>direitos da m\u00e3e que trabalha CLT<\/strong> garante prote\u00e7\u00e3o no retorno das atividades. A lei assegura a <strong>estabilidade provis\u00f3ria \u00e0 gestante e \u00e0 m\u00e3e<\/strong> desde a confirma\u00e7\u00e3o da gravidez at\u00e9 5 meses ap\u00f3s o parto.<\/p>\n\n\n\n<p class=\"wp-block-paragraph\">A legisla\u00e7\u00e3o traz regras claras sobre <strong>licen\u00e7a maternidade, estabilidade e demiss\u00e3o<\/strong>, al\u00e9m de garantir o direito ao <strong>aux\u00edlio creche e direitos trabalhistas<\/strong> como pausas di\u00e1rias para amamenta\u00e7\u00e3o at\u00e9 o beb\u00ea completar 6 meses.<\/p>\n\n\n\n<h2 id=\"h-como-encontrar-empresas-mais-amigaveis-para-maes\" class=\"wp-block-heading\"><strong>Como encontrar empresas mais amig\u00e1veis para m\u00e3es?<\/strong><\/h2>\n\n\n\n<p class=\"wp-block-paragraph\">O movimento de <strong>inclus\u00e3o de m\u00e3es nas empresas<\/strong> tem levado corpora\u00e7\u00f5es a criarem ambientes mais acolhedores.<\/p>\n\n\n\n<p class=\"wp-block-paragraph\">Para localizar <strong>empresas que contratam m\u00e3es<\/strong>, pesquise sobre a cultura da organiza\u00e7\u00e3o no LinkedIn, procure por selos de diversidade e consulte redes focadas em indicar <strong>onde encontrar vagas de emprego amig\u00e1veis para m\u00e3es<\/strong>.<\/p>\n\n\n\n<h2 id=\"h-como-conciliar-maternidade-e-carreira-sem-se-sobrecarregar\" class=\"wp-block-heading\"><strong>Como conciliar maternidade e carreira sem se sobrecarregar?<\/strong><\/h2>\n\n\n\n<p class=\"wp-block-paragraph\">O equil\u00edbrio depende da constru\u00e7\u00e3o de uma <strong>rede de apoio e trabalho<\/strong> estruturada, contando com a participa\u00e7\u00e3o da fam\u00edlia, escola ou profissionais de apoio.<\/p>\n\n\n\n<p class=\"wp-block-paragraph\">Negociar a <strong>flexibilidade de hor\u00e1rio no trabalho<\/strong> com lideran\u00e7as diretas ajuda na organiza\u00e7\u00e3o di\u00e1ria.<\/p>\n\n\n\n<p class=\"wp-block-paragraph\">Fortalecer a <strong>autoconfian\u00e7a profissional p\u00f3s-parto<\/strong> \u00e9 fundamental para reconhecer seus limites e evitar cobran\u00e7as irrealistas.<\/p>\n\n\n\n<h2 id=\"h-maes-atipicas-e-carreira\" class=\"wp-block-heading\"><strong>M\u00e3es at\u00edpicas e carreira<\/strong><\/h2>\n\n\n\n<p class=\"wp-block-paragraph\">A rotina de m\u00e3es de crian\u00e7as neurodivergentes ou com defici\u00eancia exige ainda mais flexibilidade de hor\u00e1rios para acompanhar terapias e rotinas de sa\u00fade.<\/p>\n\n\n\n<p class=\"wp-block-paragraph\">Nesses cen\u00e1rios, a busca por atua\u00e7\u00e3o aut\u00f4noma, modelos de trabalho por projetos ou o acompanhamento via <strong>mentoria de carreira para m\u00e3es at\u00edpicas online<\/strong> oferecem caminhos para manter a renda sem comprometer o cuidado necess\u00e1rio.<\/p>\n\n\n\n<h2 id=\"h-checklist-para-retomar-a-carreira-pos-maternidade\" class=\"wp-block-heading\"><strong>Checklist para retomar a carreira p\u00f3s-maternidade<\/strong><\/h2>\n\n\n\n<ol class=\"wp-block-list\">\n<li>Mapeie suas habilidades e defina a modalidade de trabalho desejada;<\/li>\n\n\n\n<li>Monte uma reserva financeira para apoiar o per\u00edodo de transi\u00e7\u00e3o;<\/li>\n\n\n\n<li>Atualize seu curr\u00edculo com foco em compet\u00eancias e organize seu perfil profissional na internet;<\/li>\n\n\n\n<li>Fa\u00e7a um curso r\u00e1pido de atualiza\u00e7\u00e3o na sua \u00e1rea de interesse;<\/li>\n\n\n\n<li>Ative sua rede de contatos e busque vagas amig\u00e1veis \u00e0 maternidade.<\/li>\n<\/ol>\n\n\n\n<p class=\"wp-block-paragraph\">Recome\u00e7ar ou redefinir a trajet\u00f3ria profissional ap\u00f3s os filhos \u00e9 um processo gradativo que combina autoconhecimento, planejamento estrat\u00e9gico e paci\u00eancia.<\/p>\n\n\n\n<p class=\"wp-block-paragraph\">Seja buscando a volta ao emprego formal, a transi\u00e7\u00e3o para o ambiente digital ou o in\u00edcio do pr\u00f3prio neg\u00f3cio, o mais importante \u00e9 reconhecer que a maternidade desenvolve compet\u00eancias valiosas para qualquer mercado.<\/p>\n\n\n\n<p class=\"wp-block-paragraph\">Ao utilizar as ferramentas adequadas, atualizar suas qualifica\u00e7\u00f5es e definir limites claros para a sua rotina, torna-se plenamente poss\u00edvel construir uma carreira pr\u00f3spera, sustent\u00e1vel e em equil\u00edbrio com a vida familiar.<\/p>\n\n\n\n<h2 id=\"h-perguntas-frequentes\" class=\"wp-block-heading\"><strong>Perguntas frequentes<\/strong><\/h2>\n\n\n\n<p class=\"wp-block-paragraph\"><strong>Como planejar a transi\u00e7\u00e3o de carreira ap\u00f3s a maternidade?<\/strong><\/p>\n\n\n\n<p class=\"wp-block-paragraph\">Mapeie suas habilidades, defina a nova \u00e1rea de atua\u00e7\u00e3o, fa\u00e7a uma reserva financeira e invista em cursos de qualifica\u00e7\u00e3o r\u00e1pida antes de realizar a transi\u00e7\u00e3o.<\/p>\n\n\n\n<p class=\"wp-block-paragraph\"><strong>Quais s\u00e3o os direitos trabalhistas da m\u00e3e na volta da licen\u00e7a-maternidade?<\/strong><\/p>\n\n\n\n<p class=\"wp-block-paragraph\">A lei garante estabilidade de at\u00e9 5 meses ap\u00f3s o parto e dois descansos di\u00e1rios de 30 minutos para amamenta\u00e7\u00e3o at\u00e9 os 6 meses do beb\u00ea.<\/p>\n\n\n\n<p class=\"wp-block-paragraph\"><strong>Como reorganizar o curr\u00edculo ap\u00f3s um per\u00edodo fora do mercado por causa dos filhos?<\/strong>&nbsp;<\/p>\n\n\n\n<p class=\"wp-block-paragraph\">Utilize o formato funcional, destacando suas compet\u00eancias, cursos recentes e conquistas principais no topo do documento.<\/p>\n\n\n\n<p class=\"wp-block-paragraph\"><strong>Quais s\u00e3o as melhores \u00e1reas de trabalho para m\u00e3es que buscam flexibilidade?<\/strong><\/p>\n\n\n\n<p class=\"wp-block-paragraph\">\u00c1reas como marketing digital, tecnologia, atendimento ao cliente, consultorias e servi\u00e7os de assistente virtual.<\/p>\n\n\n\n<p class=\"wp-block-paragraph\"><strong>Como lidar com o vi\u00e9s materno em entrevistas de emprego?<\/strong><\/p>\n\n\n\n<p class=\"wp-block-paragraph\">Mantenha o foco em suas qualifica\u00e7\u00f5es t\u00e9cnicas, resultados passados e na sua capacidade de organiza\u00e7\u00e3o para o trabalho.<\/p>\n\n\n\n<h2 id=\"h-vem-pra-gran-faculdade\" class=\"wp-block-heading\"><strong>Vem pra Gran Faculdade!<\/strong><\/h2>\n\n\n\n<p class=\"wp-block-paragraph\">A Gran Faculdade vem mudando a vida de milhares de pessoas por meio de cursos \u00e0 dist\u00e2ncia de <a href=\"https:\/\/faculdade.grancursosonline.com.br\/\" target=\"_blank\" rel=\"noreferrer noopener\">gradua\u00e7\u00e3o<\/a>, <a href=\"https:\/\/pos.grancursosonline.com.br\/\" target=\"_blank\" rel=\"noreferrer noopener\">p\u00f3s-gradua\u00e7\u00e3o<\/a> e <a href=\"https:\/\/pos.grancursosonline.com.br\/mba\" target=\"_blank\" rel=\"noreferrer noopener\">MBA<\/a>. Seja no digital ou em nosso <a href=\"https:\/\/presencial.grancursosonline.com.br\/\" target=\"_blank\" rel=\"noreferrer noopener\">Campus Presencial em Curitiba<\/a>, a nossa miss\u00e3o \u00e9 transformar a educa\u00e7\u00e3o superior.<\/p>\n\n\n\n<p class=\"wp-block-paragraph\">Como parte de Sistema Gran de Ensino, que \u00e9 reconhecido como marca aprovadora h\u00e1 mais de 10 anos, constru\u00edmos uma renomada reputa\u00e7\u00e3o na \u00e1rea de educa\u00e7\u00e3o.<\/p>\n\n\n\n<p class=\"wp-block-paragraph\">Veja algumas de nossas conquistas:<\/p>\n\n\n\n<ul class=\"wp-block-list\">\n<li>Reconhecido pela Amazon como um dos projetos mais relevantes do mundo na \u00e1rea de Tecnologia e Educa\u00e7\u00e3o;<\/li>\n\n\n\n<li>Foi eleito pelo Project Management Institute (PMI), um dos 50 Projetos Mais Influentes do mundo;<\/li>\n\n\n\n<li>Somos o site de educa\u00e7\u00e3o mais acessado do Brasil;<\/li>\n\n\n\n<li>Somos avaliados com a nota m\u00e1xima pelo MEC;<\/li>\n\n\n\n<li>Aqui o semestre come\u00e7a quando quiser: entrada imediata e cont\u00ednua!<\/li>\n\n\n\n<li>Melhores pre\u00e7os do mercado;<\/li>\n\n\n\n<li>Mais de 800 mil alunos pagantes e mais de 1000 funcion\u00e1rios;<\/li>\n\n\n\n<li>Diversas ferramentas de estudo: PDFs, audiobooks, mapas mentais, videoaulas, quest\u00f5es, gerenciador de estudos e muito mais!<\/li>\n\n\n\n<li>Professores experientes e capacitados;<\/li>\n\n\n\n<li>Acesso imediato e 100% online.<\/li>\n<\/ul>\n\n\n\n<p class=\"has-text-align-center wp-block-paragraph\"><strong><a href=\"https:\/\/faculdade.grancursosonline.com.br\/\">Quero ser aluno da Gran Faculdade<\/a><\/strong><\/p>\n\n\n\n<div class=\"wp-block-group has-background\" style=\"background-color:#8dd2fc7a\"><div class=\"wp-block-group__inner-container is-layout-constrained wp-block-group-is-layout-constrained\">\n<p class=\"wp-block-paragraph\"><strong>Outras not\u00edcias em destaque:<\/strong><\/p>\n\n\n\n<ul class=\"wp-block-list\">\n<li><a href=\"https:\/\/faculdade.grancursosonline.com.br\/blog\/profissoes-que-pagam-mais-de-5-mil-por-mes\/\" target=\"_blank\" rel=\"noopener\">Quais profiss\u00f5es pagam mais de R$5 mil por m\u00eas? 15 op\u00e7\u00f5es!<\/a><\/li>\n\n\n\n<li><a href=\"https:\/\/faculdade.grancursosonline.com.br\/blog\/profissoes-que-a-ia-nao-vai-substituir\/\" target=\"_blank\" rel=\"noopener\">Profiss\u00f5es que a IA n\u00e3o vai substituir no futuro: quais s\u00e3o?&nbsp;<\/a><\/li>\n\n\n\n<li><a href=\"https:\/\/faculdade.grancursosonline.com.br\/blog\/profissoes-futuro\/\" target=\"_blank\" rel=\"noopener\">Profiss\u00f5es do futuro: conhe\u00e7a as carreiras em alta e como se preparar!<\/a><\/li>\n<\/ul>\n<\/div><\/div>\n\n\n\n<div class=\"wp-block-group\"><div class=\"wp-block-group__inner-container is-layout-constrained wp-block-group-is-layout-constrained\">\n<div class=\"wp-block-group\"><div class=\"wp-block-group__inner-container is-layout-constrained wp-block-group-is-layout-constrained\">\n<section style=\"text-align: center;\">\n<p>Quer ficar por dentro da Faculdade Digital mais inovadora do Brasil?<\/p>\n<nav>\n<p class=\"has-background has-dark-bluish-background-color\" style=\"font-size: 25px; text-align: center; background: #f0f0f0; color: #ffffff; padding: 4px 0px 4xp 0px;\"><a style=\"color: #0d134c; text-decoration: underline;\" href=\"https:\/\/faculdade.grancursosonline.com.br\/\" target=\"_blank\" rel=\"noopener\">GRADUA\u00c7\u00c3O<\/a><\/p>\n<p class=\"has-background has-dark-bluish-background-color\" style=\"font-size: 25px; text-align: center; background: #f0f0f0; color: #ffffff; padding: 4px 0px 4xp 0px;\"><a style=\"color: #0d134c; text-decoration: underline;\" href=\"https:\/\/pos.grancursosonline.com.br\/\" target=\"_blank\" rel=\"noopener\">P\u00d3S-GRADUA\u00c7\u00c3O<\/a><\/p>\n<p class=\"has-background has-dark-bluish-background-color\" style=\"font-size: 25px; text-align: center; background: #f0f0f0; color: #ffffff; padding: 4px 0px 4xp 0px;\"><a style=\"color: #0d134c; text-decoration: underline;\" href=\"https:\/\/faculdade.grancursosonline.com.br\/nossos-cursos\/\" target=\"_blank\" rel=\"noopener\">TUDO SOBRE A GRAN FACULDADE<\/a><\/p>\n<\/nav>\n<p><strong>Receba <span style=\"color: #cf1e25;\">gratuitamente<\/span> no seu celular as principais not\u00edcias sobre a Gran Faculdade! <br \/>Clique no link abaixo e inscreva-se:<\/strong><\/p>\n<p class=\"has-background has-dark-bluish-background-color\" style=\"font-size: 25px; text-align: center; background: #f0f0f0; color: #ffffff; padding: 4px 0px 4xp 0px;\"><a style=\"color: #0d134c; text-decoration: underline;\" href=\"https:\/\/whatsapp.com\/channel\/0029VaG1sChI7Be7PNndhL43\" target=\"_blank\" rel=\"noopener noreferrer\">WHATSAPP<\/a><\/p>\n<p class=\"has-background has-dark-bluish-background-color\" style=\"font-size: 25px; text-align: center; background: #f0f0f0; color: #ffffff; padding: 4px 0px 4xp 0px;\"><a style=\"color: #0d134c; text-decoration: underline;\" href=\"https:\/\/t.me\/GranFaculdade\" target=\"_blank\" rel=\"noopener noreferrer\">TELEGRAM<\/a><\/p>\n<\/section>\n<\/div><\/div>\n<\/div><\/div>\n","protected":false},"excerpt":{"rendered":"<p>Retomar a vida profissional ap\u00f3s o nascimento dos filhos \u00e9 um momento de profunda transforma\u00e7\u00e3o. Muitas mulheres buscam formas de conciliar maternidade e carreira profissional sem abrir m\u00e3o da presen\u00e7a na cria\u00e7\u00e3o das crian\u00e7as. Seja para aprender como voltar a trabalhar depois de ter filho, migrar para uma nova \u00e1rea ou buscar autonomia, o planejamento&hellip;<\/p>\n","protected":false},"author":525,"featured_media":79768942,"comment_status":"open","ping_status":"open","sticky":false,"template":"","format":"standard","meta":{"_acf_changed":false,"content-type":"","footnotes":""},"categories":[220350,220352,2],"tags":[],"class_list":["post-79768940","post","type-post","status-publish","format-standard","has-post-thumbnail","hentry","category-atualidades","category-dicas","category-ultimas-noticias"],"acf":[],"yoast_head":"<!-- This site is optimized with the Yoast SEO Premium plugin v27.2 (Yoast SEO v27.2) - https:\/\/yoast.com\/product\/yoast-seo-premium-wordpress\/ -->\n<title>Carreira ap\u00f3s a maternidade: como voltar ao mercado de trabalho?<\/title>\n<meta name=\"description\" content=\"Guia para voltar ao \u00e0 carreira ap\u00f3s a maternidade. Dicas de transi\u00e7\u00e3o de carreira, curr\u00edculo, home office, empreendedorismo e direitos.\" \/>\n<meta name=\"robots\" content=\"index, follow, max-snippet:-1, max-image-preview:large, max-video-preview:-1\" \/>\n<link rel=\"canonical\" href=\"https:\/\/faculdade.grancursosonline.com.br\/blog\/carreira-apos-a-maternidade\/\" \/>\n<meta property=\"og:locale\" content=\"pt_BR\" \/>\n<meta property=\"og:type\" content=\"article\" \/>\n<meta property=\"og:title\" content=\"Carreira ap\u00f3s a maternidade: como voltar ao mercado de trabalho?\" \/>\n<meta property=\"og:description\" content=\"Guia para voltar ao \u00e0 carreira ap\u00f3s a maternidade. Dicas de transi\u00e7\u00e3o de carreira, curr\u00edculo, home office, empreendedorismo e direitos.\" \/>\n<meta property=\"og:url\" content=\"https:\/\/faculdade.grancursosonline.com.br\/blog\/carreira-apos-a-maternidade\/\" \/>\n<meta property=\"og:site_name\" content=\"Blog Gran Faculdade\" \/>\n<meta property=\"article:publisher\" content=\"https:\/\/www.facebook.com\/grancursosonline\/\" \/>\n<meta property=\"article:published_time\" content=\"2026-09-01T15:30:53+00:00\" \/>\n<meta property=\"article:modified_time\" content=\"2026-09-01T18:45:01+00:00\" \/>\n<meta property=\"og:image\" content=\"https:\/\/blog-es-static.infra.grancursosonline.com.br\/wp-content\/uploads\/2026\/09\/01113337\/Carreira-apos-a-maternidade.png\" \/>\n\t<meta property=\"og:image:width\" content=\"1619\" \/>\n\t<meta property=\"og:image:height\" content=\"971\" \/>\n\t<meta property=\"og:image:type\" content=\"image\/png\" \/>\n<meta name=\"author\" content=\"Aline Damettos\" \/>\n<meta name=\"twitter:card\" content=\"summary_large_image\" \/>\n<meta name=\"twitter:creator\" content=\"@gran_online\" \/>\n<meta name=\"twitter:site\" content=\"@gran_online\" \/>\n<meta name=\"twitter:label1\" content=\"Written by\" \/>\n\t<meta name=\"twitter:data1\" content=\"Aline Damettos\" \/>\n\t<meta name=\"twitter:label2\" content=\"Est. reading time\" \/>\n\t<meta name=\"twitter:data2\" content=\"30 minutos\" \/>\n<script type=\"application\/ld+json\" class=\"yoast-schema-graph\">{\"@context\":\"https:\/\/schema.org\",\"@graph\":[{\"@type\":\"NewsArticle\",\"@id\":\"https:\/\/faculdade.grancursosonline.com.br\/blog\/carreira-apos-a-maternidade\/#article\",\"isPartOf\":{\"@id\":\"https:\/\/faculdade.grancursosonline.com.br\/blog\/carreira-apos-a-maternidade\/\"},\"author\":{\"name\":\"Aline Damettos\",\"@id\":\"https:\/\/faculdade.grancursosonline.com.br\/blog\/#\/schema\/person\/14e0fa771c0614c4b7434ee70589c075\"},\"headline\":\"Carreira ap\u00f3s a maternidade: como voltar ao mercado de trabalho?\",\"datePublished\":\"2026-09-01T15:30:53+00:00\",\"dateModified\":\"2026-09-01T18:45:01+00:00\",\"mainEntityOfPage\":{\"@id\":\"https:\/\/faculdade.grancursosonline.com.br\/blog\/carreira-apos-a-maternidade\/\"},\"wordCount\":2002,\"commentCount\":0,\"publisher\":{\"@id\":\"https:\/\/faculdade.grancursosonline.com.br\/blog\/#organization\"},\"image\":{\"@id\":\"https:\/\/faculdade.grancursosonline.com.br\/blog\/carreira-apos-a-maternidade\/#primaryimage\"},\"thumbnailUrl\":\"https:\/\/blog-es-static.infra.grancursosonline.com.br\/wp-content\/uploads\/2026\/09\/01113337\/Carreira-apos-a-maternidade.png\",\"articleSection\":[\"Atualidades\",\"Dicas\",\"\u00daltimas Not\u00edcias\"],\"inLanguage\":\"pt-BR\",\"potentialAction\":[{\"@type\":\"CommentAction\",\"name\":\"Comment\",\"target\":[\"https:\/\/faculdade.grancursosonline.com.br\/blog\/carreira-apos-a-maternidade\/#respond\"]}],\"copyrightYear\":\"2026\",\"copyrightHolder\":{\"@id\":\"https:\/\/faculdade.grancursosonline.com.br\/blog\/#organization\"}},{\"@type\":\"WebPage\",\"@id\":\"https:\/\/faculdade.grancursosonline.com.br\/blog\/carreira-apos-a-maternidade\/\",\"url\":\"https:\/\/faculdade.grancursosonline.com.br\/blog\/carreira-apos-a-maternidade\/\",\"name\":\"Carreira ap\u00f3s a maternidade: como voltar ao mercado de trabalho?\",\"isPartOf\":{\"@id\":\"https:\/\/faculdade.grancursosonline.com.br\/blog\/#website\"},\"primaryImageOfPage\":{\"@id\":\"https:\/\/faculdade.grancursosonline.com.br\/blog\/carreira-apos-a-maternidade\/#primaryimage\"},\"image\":{\"@id\":\"https:\/\/faculdade.grancursosonline.com.br\/blog\/carreira-apos-a-maternidade\/#primaryimage\"},\"thumbnailUrl\":\"https:\/\/blog-es-static.infra.grancursosonline.com.br\/wp-content\/uploads\/2026\/09\/01113337\/Carreira-apos-a-maternidade.png\",\"datePublished\":\"2026-09-01T15:30:53+00:00\",\"dateModified\":\"2026-09-01T18:45:01+00:00\",\"description\":\"Guia para voltar ao \u00e0 carreira ap\u00f3s a maternidade. Dicas de transi\u00e7\u00e3o de carreira, curr\u00edculo, home office, empreendedorismo e direitos.\",\"breadcrumb\":{\"@id\":\"https:\/\/faculdade.grancursosonline.com.br\/blog\/carreira-apos-a-maternidade\/#breadcrumb\"},\"inLanguage\":\"pt-BR\",\"potentialAction\":[{\"@type\":\"ReadAction\",\"target\":[\"https:\/\/faculdade.grancursosonline.com.br\/blog\/carreira-apos-a-maternidade\/\"]}]},{\"@type\":\"ImageObject\",\"inLanguage\":\"pt-BR\",\"@id\":\"https:\/\/faculdade.grancursosonline.com.br\/blog\/carreira-apos-a-maternidade\/#primaryimage\",\"url\":\"https:\/\/blog-es-static.infra.grancursosonline.com.br\/wp-content\/uploads\/2026\/09\/01113337\/Carreira-apos-a-maternidade.png\",\"contentUrl\":\"https:\/\/blog-es-static.infra.grancursosonline.com.br\/wp-content\/uploads\/2026\/09\/01113337\/Carreira-apos-a-maternidade.png\",\"width\":1619,\"height\":971,\"caption\":\"Carreira ap\u00f3s a maternidade\"},{\"@type\":\"BreadcrumbList\",\"@id\":\"https:\/\/faculdade.grancursosonline.com.br\/blog\/carreira-apos-a-maternidade\/#breadcrumb\",\"itemListElement\":[{\"@type\":\"ListItem\",\"position\":1,\"name\":\"In\u00edcio\",\"item\":\"https:\/\/faculdade.grancursosonline.com.br\/blog\/\"},{\"@type\":\"ListItem\",\"position\":2,\"name\":\"Atualidades\",\"item\":\"https:\/\/faculdade.grancursosonline.com.br\/blog\/categoria\/atualidades\/\"},{\"@type\":\"ListItem\",\"position\":3,\"name\":\"Carreira ap\u00f3s a maternidade: como voltar ao mercado de trabalho?\"}]},{\"@type\":\"WebSite\",\"@id\":\"https:\/\/faculdade.grancursosonline.com.br\/blog\/#website\",\"url\":\"https:\/\/faculdade.grancursosonline.com.br\/blog\/\",\"name\":\"Blog Gran Faculdade\",\"description\":\"Tudo sobre ensino superior, p\u00f3s-gradua\u00e7\u00e3o, enem e carreira.\",\"publisher\":{\"@id\":\"https:\/\/faculdade.grancursosonline.com.br\/blog\/#organization\"},\"potentialAction\":[{\"@type\":\"SearchAction\",\"target\":{\"@type\":\"EntryPoint\",\"urlTemplate\":\"https:\/\/faculdade.grancursosonline.com.br\/blog\/?s={search_term_string}\"},\"query-input\":{\"@type\":\"PropertyValueSpecification\",\"valueRequired\":true,\"valueName\":\"search_term_string\"}}],\"inLanguage\":\"pt-BR\"},{\"@type\":\"Organization\",\"@id\":\"https:\/\/faculdade.grancursosonline.com.br\/blog\/#organization\",\"name\":\"Gran Cursos Online\",\"url\":\"https:\/\/faculdade.grancursosonline.com.br\/blog\/\",\"logo\":{\"@type\":\"ImageObject\",\"inLanguage\":\"pt-BR\",\"@id\":\"https:\/\/faculdade.grancursosonline.com.br\/blog\/#\/schema\/logo\/image\/\",\"url\":\"https:\/\/blog-es-static.infra.grancursosonline.com.br\/wp-content\/uploads\/2019\/08\/03123934\/logo.png\",\"contentUrl\":\"https:\/\/blog-es-static.infra.grancursosonline.com.br\/wp-content\/uploads\/2019\/08\/03123934\/logo.png\",\"width\":300,\"height\":57,\"caption\":\"Gran Cursos Online\"},\"image\":{\"@id\":\"https:\/\/faculdade.grancursosonline.com.br\/blog\/#\/schema\/logo\/image\/\"},\"sameAs\":[\"https:\/\/www.facebook.com\/grancursosonline\/\",\"https:\/\/x.com\/gran_online\",\"https:\/\/www.instagram.com\/grancursosonline\/\",\"https:\/\/www.youtube.com\/user\/grancursostv\"]},{\"@type\":\"Person\",\"@id\":\"https:\/\/faculdade.grancursosonline.com.br\/blog\/#\/schema\/person\/14e0fa771c0614c4b7434ee70589c075\",\"name\":\"Aline Damettos\",\"url\":\"https:\/\/faculdade.grancursosonline.com.br\/blog\/author\/aline-damettos\/\"}]}<\/script>\n<!-- \/ Yoast SEO Premium plugin. -->","yoast_head_json":{"title":"Carreira ap\u00f3s a maternidade: como voltar ao mercado de trabalho?","description":"Guia para voltar ao \u00e0 carreira ap\u00f3s a maternidade. Dicas de transi\u00e7\u00e3o de carreira, curr\u00edculo, home office, empreendedorismo e direitos.","robots":{"index":"index","follow":"follow","max-snippet":"max-snippet:-1","max-image-preview":"max-image-preview:large","max-video-preview":"max-video-preview:-1"},"canonical":"https:\/\/faculdade.grancursosonline.com.br\/blog\/carreira-apos-a-maternidade\/","og_locale":"pt_BR","og_type":"article","og_title":"Carreira ap\u00f3s a maternidade: como voltar ao mercado de trabalho?","og_description":"Guia para voltar ao \u00e0 carreira ap\u00f3s a maternidade. Dicas de transi\u00e7\u00e3o de carreira, curr\u00edculo, home office, empreendedorismo e direitos.","og_url":"https:\/\/faculdade.grancursosonline.com.br\/blog\/carreira-apos-a-maternidade\/","og_site_name":"Blog Gran Faculdade","article_publisher":"https:\/\/www.facebook.com\/grancursosonline\/","article_published_time":"2026-09-01T15:30:53+00:00","article_modified_time":"2026-09-01T18:45:01+00:00","og_image":[{"width":1619,"height":971,"url":"https:\/\/blog-es-static.infra.grancursosonline.com.br\/wp-content\/uploads\/2026\/09\/01113337\/Carreira-apos-a-maternidade.png","type":"image\/png"}],"author":"Aline Damettos","twitter_card":"summary_large_image","twitter_creator":"@gran_online","twitter_site":"@gran_online","twitter_misc":{"Written by":"Aline Damettos","Est. reading time":"30 minutos"},"schema":{"@context":"https:\/\/schema.org","@graph":[{"@type":"NewsArticle","@id":"https:\/\/faculdade.grancursosonline.com.br\/blog\/carreira-apos-a-maternidade\/#article","isPartOf":{"@id":"https:\/\/faculdade.grancursosonline.com.br\/blog\/carreira-apos-a-maternidade\/"},"author":{"name":"Aline Damettos","@id":"https:\/\/faculdade.grancursosonline.com.br\/blog\/#\/schema\/person\/14e0fa771c0614c4b7434ee70589c075"},"headline":"Carreira ap\u00f3s a maternidade: como voltar ao mercado de trabalho?","datePublished":"2026-09-01T15:30:53+00:00","dateModified":"2026-09-01T18:45:01+00:00","mainEntityOfPage":{"@id":"https:\/\/faculdade.grancursosonline.com.br\/blog\/carreira-apos-a-maternidade\/"},"wordCount":2002,"commentCount":0,"publisher":{"@id":"https:\/\/faculdade.grancursosonline.com.br\/blog\/#organization"},"image":{"@id":"https:\/\/faculdade.grancursosonline.com.br\/blog\/carreira-apos-a-maternidade\/#primaryimage"},"thumbnailUrl":"https:\/\/blog-es-static.infra.grancursosonline.com.br\/wp-content\/uploads\/2026\/09\/01113337\/Carreira-apos-a-maternidade.png","articleSection":["Atualidades","Dicas","\u00daltimas Not\u00edcias"],"inLanguage":"pt-BR","potentialAction":[{"@type":"CommentAction","name":"Comment","target":["https:\/\/faculdade.grancursosonline.com.br\/blog\/carreira-apos-a-maternidade\/#respond"]}],"copyrightYear":"2026","copyrightHolder":{"@id":"https:\/\/faculdade.grancursosonline.com.br\/blog\/#organization"}},{"@type":"WebPage","@id":"https:\/\/faculdade.grancursosonline.com.br\/blog\/carreira-apos-a-maternidade\/","url":"https:\/\/faculdade.grancursosonline.com.br\/blog\/carreira-apos-a-maternidade\/","name":"Carreira ap\u00f3s a maternidade: como voltar ao mercado de trabalho?","isPartOf":{"@id":"https:\/\/faculdade.grancursosonline.com.br\/blog\/#website"},"primaryImageOfPage":{"@id":"https:\/\/faculdade.grancursosonline.com.br\/blog\/carreira-apos-a-maternidade\/#primaryimage"},"image":{"@id":"https:\/\/faculdade.grancursosonline.com.br\/blog\/carreira-apos-a-maternidade\/#primaryimage"},"thumbnailUrl":"https:\/\/blog-es-static.infra.grancursosonline.com.br\/wp-content\/uploads\/2026\/09\/01113337\/Carreira-apos-a-maternidade.png","datePublished":"2026-09-01T15:30:53+00:00","dateModified":"2026-09-01T18:45:01+00:00","description":"Guia para voltar ao \u00e0 carreira ap\u00f3s a maternidade. Dicas de transi\u00e7\u00e3o de carreira, curr\u00edculo, home office, empreendedorismo e direitos.","breadcrumb":{"@id":"https:\/\/faculdade.grancursosonline.com.br\/blog\/carreira-apos-a-maternidade\/#breadcrumb"},"inLanguage":"pt-BR","potentialAction":[{"@type":"ReadAction","target":["https:\/\/faculdade.grancursosonline.com.br\/blog\/carreira-apos-a-maternidade\/"]}]},{"@type":"ImageObject","inLanguage":"pt-BR","@id":"https:\/\/faculdade.grancursosonline.com.br\/blog\/carreira-apos-a-maternidade\/#primaryimage","url":"https:\/\/blog-es-static.infra.grancursosonline.com.br\/wp-content\/uploads\/2026\/09\/01113337\/Carreira-apos-a-maternidade.png","contentUrl":"https:\/\/blog-es-static.infra.grancursosonline.com.br\/wp-content\/uploads\/2026\/09\/01113337\/Carreira-apos-a-maternidade.png","width":1619,"height":971,"caption":"Carreira ap\u00f3s a maternidade"},{"@type":"BreadcrumbList","@id":"https:\/\/faculdade.grancursosonline.com.br\/blog\/carreira-apos-a-maternidade\/#breadcrumb","itemListElement":[{"@type":"ListItem","position":1,"name":"In\u00edcio","item":"https:\/\/faculdade.grancursosonline.com.br\/blog\/"},{"@type":"ListItem","position":2,"name":"Atualidades","item":"https:\/\/faculdade.grancursosonline.com.br\/blog\/categoria\/atualidades\/"},{"@type":"ListItem","position":3,"name":"Carreira ap\u00f3s a maternidade: como voltar ao mercado de trabalho?"}]},{"@type":"WebSite","@id":"https:\/\/faculdade.grancursosonline.com.br\/blog\/#website","url":"https:\/\/faculdade.grancursosonline.com.br\/blog\/","name":"Blog Gran Faculdade","description":"Tudo sobre ensino superior, p\u00f3s-gradua\u00e7\u00e3o, enem e carreira.","publisher":{"@id":"https:\/\/faculdade.grancursosonline.com.br\/blog\/#organization"},"potentialAction":[{"@type":"SearchAction","target":{"@type":"EntryPoint","urlTemplate":"https:\/\/faculdade.grancursosonline.com.br\/blog\/?s={search_term_string}"},"query-input":{"@type":"PropertyValueSpecification","valueRequired":true,"valueName":"search_term_string"}}],"inLanguage":"pt-BR"},{"@type":"Organization","@id":"https:\/\/faculdade.grancursosonline.com.br\/blog\/#organization","name":"Gran Cursos Online","url":"https:\/\/faculdade.grancursosonline.com.br\/blog\/","logo":{"@type":"ImageObject","inLanguage":"pt-BR","@id":"https:\/\/faculdade.grancursosonline.com.br\/blog\/#\/schema\/logo\/image\/","url":"https:\/\/blog-es-static.infra.grancursosonline.com.br\/wp-content\/uploads\/2019\/08\/03123934\/logo.png","contentUrl":"https:\/\/blog-es-static.infra.grancursosonline.com.br\/wp-content\/uploads\/2019\/08\/03123934\/logo.png","width":300,"height":57,"caption":"Gran Cursos Online"},"image":{"@id":"https:\/\/faculdade.grancursosonline.com.br\/blog\/#\/schema\/logo\/image\/"},"sameAs":["https:\/\/www.facebook.com\/grancursosonline\/","https:\/\/x.com\/gran_online","https:\/\/www.instagram.com\/grancursosonline\/","https:\/\/www.youtube.com\/user\/grancursostv"]},{"@type":"Person","@id":"https:\/\/faculdade.grancursosonline.com.br\/blog\/#\/schema\/person\/14e0fa771c0614c4b7434ee70589c075","name":"Aline Damettos","url":"https:\/\/faculdade.grancursosonline.com.br\/blog\/author\/aline-damettos\/"}]}},"_links":{"self":[{"href":"https:\/\/faculdade.grancursosonline.com.br\/blog\/wp-json\/wp\/v2\/posts\/79768940","targetHints":{"allow":["GET"]}}],"collection":[{"href":"https:\/\/faculdade.grancursosonline.com.br\/blog\/wp-json\/wp\/v2\/posts"}],"about":[{"href":"https:\/\/faculdade.grancursosonline.com.br\/blog\/wp-json\/wp\/v2\/types\/post"}],"author":[{"embeddable":true,"href":"https:\/\/faculdade.grancursosonline.com.br\/blog\/wp-json\/wp\/v2\/users\/525"}],"replies":[{"embeddable":true,"href":"https:\/\/faculdade.grancursosonline.com.br\/blog\/wp-json\/wp\/v2\/comments?post=79768940"}],"version-history":[{"count":3,"href":"https:\/\/faculdade.grancursosonline.com.br\/blog\/wp-json\/wp\/v2\/posts\/79768940\/revisions"}],"predecessor-version":[{"id":79768953,"href":"https:\/\/faculdade.grancursosonline.com.br\/blog\/wp-json\/wp\/v2\/posts\/79768940\/revisions\/79768953"}],"wp:featuredmedia":[{"embeddable":true,"href":"https:\/\/faculdade.grancursosonline.com.br\/blog\/wp-json\/wp\/v2\/media\/79768942"}],"wp:attachment":[{"href":"https:\/\/faculdade.grancursosonline.com.br\/blog\/wp-json\/wp\/v2\/media?parent=79768940"}],"wp:term":[{"taxonomy":"category","embeddable":true,"href":"https:\/\/faculdade.grancursosonline.com.br\/blog\/wp-json\/wp\/v2\/categories?post=79768940"},{"taxonomy":"post_tag","embeddable":true,"href":"https:\/\/faculdade.grancursosonline.com.br\/blog\/wp-json\/wp\/v2\/tags?post=79768940"}],"curies":[{"name":"wp","href":"https:\/\/api.w.org\/{rel}","templated":true}]}}