{"id":79768954,"date":"2026-09-01T17:11:58","date_gmt":"2026-09-01T20:11:58","guid":{"rendered":"https:\/\/faculdade.grancursosonline.com.br\/blog\/?p=79768954"},"modified":"2026-09-03T17:23:37","modified_gmt":"2026-09-03T20:23:37","slug":"como-evoluir-profissionalmente","status":"publish","type":"post","link":"https:\/\/faculdade.grancursosonline.com.br\/blog\/como-evoluir-profissionalmente\/","title":{"rendered":"Como evoluir profissionalmente? Confira 7 dicas para alavancar sua carreira"},"content":{"rendered":"\n<p class=\"wp-block-paragraph\">O mercado de trabalho atual exige mais do que o cumprimento de tarefas operacionais. Em um cen\u00e1rio corporativo, impulsionado pela transforma\u00e7\u00e3o digital e pela constante mudan\u00e7a nas exig\u00eancias das empresas, saber <strong>como evoluir profissionalmente<\/strong> tornou-se um requisito indispens\u00e1vel para quem busca estabilidade, promo\u00e7\u00f5es e sal\u00e1rios mais altos.<\/p>\n\n\n\n<p class=\"wp-block-paragraph\">Evoluir na carreira n\u00e3o \u00e9 uma quest\u00e3o de sorte, mas sim de <strong>planejamento intencional, desenvolvimento cont\u00ednuo de compet\u00eancias e posicionamento estrat\u00e9gico<\/strong>.<\/p>\n\n\n\n<p class=\"wp-block-paragraph\">Se voc\u00ea sente que sua carreira estagnou ou deseja se preparar para dar o pr\u00f3ximo salto profissional, confira abaixo as melhores estrat\u00e9gias para alcan\u00e7ar seus objetivos. Acompanhe na \u00edntegra, ou pelo \u00edndice, se preferir: <\/p>\n\n\n\n<ul class=\"wp-block-list\">\n<li><a href=\"#h-7-dicas-praticas-para-evoluir-profissionalmente\" id=\"#h-7-dicas-praticas-para-evoluir-profissionalmente\">7 dicas pr\u00e1ticas para evoluir profissionalmente<\/a><\/li>\n\n\n\n<li><a href=\"#h-a-importancia-do-plano-de-desenvolvimento-individual-pdi\" id=\"#h-a-importancia-do-plano-de-desenvolvimento-individual-pdi\">A import\u00e2ncia do Plano de Desenvolvimento Individual (PDI)<\/a><\/li>\n\n\n\n<li><a href=\"#h-alavanque-sua-carreira-com-a-gran-faculdade\" id=\"#h-alavanque-sua-carreira-com-a-gran-faculdade\">Alavanque sua carreira com a Gran Faculdade!<\/a><\/li>\n\n\n\n<li><a href=\"#h-faq-duvidas-frequentes-sobre-evolucao-profissional\" id=\"#h-faq-duvidas-frequentes-sobre-evolucao-profissional\">FAQ: D\u00favidas frequentes sobre evolu\u00e7\u00e3o profissional<\/a><\/li>\n<\/ul>\n\n\n\n<h2 id=\"h-7-dicas-praticas-para-evoluir-profissionalmente\" class=\"wp-block-heading\"><strong>7 dicas pr\u00e1ticas para evoluir profissionalmente<\/strong><\/h2>\n\n\n\n<h3 id=\"h-1-estabeleca-metas-de-carreira-claras-curto-medio-e-longo-prazo\" class=\"wp-block-heading\"><strong>1. Estabele\u00e7a metas de carreira claras (Curto, m\u00e9dio e longo prazo)<\/strong><\/h3>\n\n\n\n<p class=\"wp-block-paragraph\">Sem um destino definido, qualquer caminho serve. Defina com clareza onde voc\u00ea quer estar daqui a 1, 3 e 5 anos. Trace objetivos espec\u00edficos (ex: <em>&#8220;Assumir um cargo de Analista S\u00eanior em 2 anos&#8221;<\/em> ou <em>&#8220;Conquistar uma vaga remota internacional&#8221;<\/em>), desmembrando-os em pequenas metas di\u00e1rias e semanais.<\/p>\n\n\n\n<h3 id=\"h-2-invista-na-sua-qualificacao-academica-e-continuada\" class=\"wp-block-heading\"><strong>2. Invista na sua qualifica\u00e7\u00e3o acad\u00eamica e continuada<\/strong><\/h3>\n\n\n\n<p class=\"wp-block-paragraph\">A <a href=\"https:\/\/faculdade.grancursosonline.com.br\/nossos-cursos\/\" id=\"https:\/\/faculdade.grancursosonline.com.br\/nossos-cursos\/\" target=\"_blank\" rel=\"noopener\">gradua\u00e7\u00e3o<\/a> \u00e9 o ponto de partida, mas o aprendizado nunca deve parar (conceito de <em><a href=\"https:\/\/faculdade.grancursosonline.com.br\/blog\/lifelong-learning\/\" id=\"https:\/\/faculdade.grancursosonline.com.br\/blog\/lifelong-learning\/\" target=\"_blank\" rel=\"noopener\">Lifelong Learning<\/a><\/em>). Invista em uma <a href=\"https:\/\/faculdade.grancursosonline.com.br\/nossos-cursos\/\" id=\"https:\/\/faculdade.grancursosonline.com.br\/nossos-cursos\/\" target=\"_blank\" rel=\"noopener\">segunda gradua\u00e7\u00e3o<\/a>, <a href=\"https:\/\/pos.grancursosonline.com.br\/nossos-cursos\/?page=1\" id=\"https:\/\/pos.grancursosonline.com.br\/nossos-cursos\/?page=1\" target=\"_blank\" rel=\"noopener\">cursos de p\u00f3s-gradua\u00e7\u00e3o<\/a>, <a href=\"https:\/\/pos.grancursosonline.com.br\/nossos-cursos\/?area=mba&amp;page=1\" id=\"https:\/\/pos.grancursosonline.com.br\/nossos-cursos\/?area=mba&amp;page=1\" target=\"_blank\" rel=\"noopener\">MBA<\/a> ou forma\u00e7\u00f5es de extens\u00e3o que agreguem valor real ao seu curr\u00edculo e dominem as novas tecnologias da sua \u00e1rea.<\/p>\n\n\n\n<h3 id=\"h-3-desenvolva-soft-skills-habilidades-comportamentais\" class=\"wp-block-heading\"><strong>3. Desenvolva soft skills (Habilidades comportamentais)<\/strong><\/h3>\n\n\n\n<p class=\"wp-block-paragraph\">Conhecimento t\u00e9cnico pode abrir portas, mas s\u00e3o as compet\u00eancias comportamentais que sustentam promo\u00e7\u00f5es e cargos de lideran\u00e7a. Desenvolva sua <a href=\"https:\/\/faculdade.grancursosonline.com.br\/blog\/inteligencia-emocional\/\" id=\"https:\/\/faculdade.grancursosonline.com.br\/blog\/inteligencia-emocional\/\" target=\"_blank\" rel=\"noopener\">intelig\u00eancia emocional<\/a>, comunica\u00e7\u00e3o assertiva, capacidade de resolu\u00e7\u00e3o de problemas, adaptabilidade e intelig\u00eancia interpessoal.<\/p>\n\n\n\n<h3 id=\"h-4-construa-e-nutra-uma-rede-de-networking-ativa\" class=\"wp-block-heading\"><strong>4. Construa e nutra uma rede de networking ativa<\/strong><\/h3>\n\n\n\n<p class=\"wp-block-paragraph\">Relacionamentos profissionais abrem oportunidades que muitas vezes nem chegam a ser publicadas em sites de vagas. Mantenha seu perfil do LinkedIn atualizado, participe de eventos do seu setor, conecte-se com profissionais da sua \u00e1rea e troque experi\u00eancias de forma genu\u00edna.<\/p>\n\n\n\n<h3 id=\"h-5-busque-feedbacks-constantes-e-desenvolva-autocritica\" class=\"wp-block-heading\"><strong>5. Busque feedbacks constantes e desenvolva autocr\u00edtica<\/strong><\/h3>\n\n\n\n<p class=\"wp-block-paragraph\">N\u00e3o espere a avalia\u00e7\u00e3o de desempenho anual para saber como est\u00e1 o seu trabalho. Solicite feedbacks peri\u00f3dicos aos seus gestores e colegas de equipe para identificar pontos c\u00e9ticos de melhoria e aperfei\u00e7oar suas entregas de forma proativa.<\/p>\n\n\n\n<h3 id=\"h-6-assuma-a-responsabilidade-pelo-seu-proprio-crescimento-proatividade\" class=\"wp-block-heading\"><strong>6. Assuma a responsabilidade pelo seu pr\u00f3prio crescimento (Proatividade)<\/strong><\/h3>\n\n\n\n<p class=\"wp-block-paragraph\">N\u00e3o espere que a empresa planeje a sua carreira por voc\u00ea. Seja proativo: proponha solu\u00e7\u00f5es para problemas antigos da equipe, voluntarie-se para novos projetos e demonstre interesse em aprender processos al\u00e9m da sua rotina padr\u00e3o.<\/p>\n\n\n\n<h3 id=\"h-7-trabalhe-sua-marca-pessoal-personal-branding\" class=\"wp-block-heading\"><strong>7. Trabalhe sua marca pessoal (Personal branding)<\/strong><\/h3>\n\n\n\n<p class=\"wp-block-paragraph\">Demonstre a sua expertise para o mercado. Compartilhe aprendizados no LinkedIn, participe de debates acad\u00eamicos, produza artigos ou apresente projetos em sua empresa. Ser visto como uma refer\u00eancia no que voc\u00ea faz atrai convites e propostas de trabalho.<\/p>\n\n\n\n<h2 id=\"h-a-importancia-do-plano-de-desenvolvimento-individual-pdi\" class=\"wp-block-heading\"><strong>A import\u00e2ncia do Plano de Desenvolvimento Individual (PDI)<\/strong><\/h2>\n\n\n\n<p class=\"wp-block-paragraph\">Para colocar essas dicas em pr\u00e1tica de forma organizada, a ferramenta mais recomendada por especialistas em RH \u00e9 o <strong><a href=\"https:\/\/faculdade.grancursosonline.com.br\/blog\/pdi-plano-de-desenvolvimento-individual\/\" id=\"https:\/\/faculdade.grancursosonline.com.br\/blog\/pdi-plano-de-desenvolvimento-individual\/\" target=\"_blank\" rel=\"noopener\">Plano de Desenvolvimento Individual (PDI)<\/a><\/strong>.<\/p>\n\n\n\n<p class=\"wp-block-paragraph\">O PDI funciona como um roteiro personalizado que conecta o seu estado atual ao seu objetivo de carreira final. Ele deve conter:<\/p>\n\n\n\n<ul class=\"wp-block-list\">\n<li><strong>Diagn\u00f3stico atual:<\/strong> Mapeamento das suas fortalezas e lacunas de conhecimento;<\/li>\n\n\n\n<li><strong>Objetivo principal:<\/strong> O cargo ou conquista profissional desejada;<\/li>\n\n\n\n<li><strong>A\u00e7\u00f5es pr\u00e1ticas:<\/strong> Cursos a fazer, livros a ler, projetos a assumir e prazos definidos para execu\u00e7\u00e3o.<\/li>\n<\/ul>\n\n\n\n<h2 id=\"h-alavanque-sua-carreira-com-a-gran-faculdade\" class=\"wp-block-heading\"><strong>Alavanque sua carreira com a Gran Faculdade!<\/strong><\/h2>\n\n\n\n<p class=\"wp-block-paragraph\">A qualifica\u00e7\u00e3o de alto n\u00edvel \u00e9 o acelerador mais eficiente para a sua evolu\u00e7\u00e3o profissional. Se voc\u00ea quer conquistar promo\u00e7\u00f5es ou fazer uma transi\u00e7\u00e3o de carreira bem-sucedida, o caminho come\u00e7a na educa\u00e7\u00e3o.<\/p>\n\n\n\n<p class=\"wp-block-paragraph\">Na <strong><a href=\"https:\/\/faculdade.grancursosonline.com.br\/nossos-cursos\/\" id=\"https:\/\/faculdade.grancursosonline.com.br\/nossos-cursos\/\" target=\"_blank\" rel=\"noopener\">Gran Faculdade<\/a><\/strong>, voc\u00ea encontra cursos de <strong><a href=\"https:\/\/faculdade.grancursosonline.com.br\/nossos-cursos\/\" id=\"https:\/\/faculdade.grancursosonline.com.br\/nossos-cursos\/\" target=\"_blank\" rel=\"noopener\">Gradua\u00e7\u00e3o<\/a> e <a href=\"https:\/\/pos.grancursosonline.com.br\/nossos-cursos\/?page=1\" id=\"https:\/\/pos.grancursosonline.com.br\/nossos-cursos\/?page=1\" target=\"_blank\" rel=\"noopener\">P\u00f3s-Gradua\u00e7\u00e3o EAD<\/a><\/strong> com <strong>nota m\u00e1xima no MEC<\/strong>:<\/p>\n\n\n\n<ul class=\"wp-block-list\">\n<li><strong>Forma\u00e7\u00e3o flex\u00edvel e acess\u00edvel:<\/strong> Estude no seu pr\u00f3prio ritmo, conciliando os estudos com a sua rotina de trabalho;<\/li>\n\n\n\n<li><strong>Matriz curricular atualizada:<\/strong> Aprenda o que o mercado corporativo realmente exige, com professores atuantes no mercado e conte\u00fados pr\u00e1ticos;<\/li>\n\n\n\n<li><strong>Certifica\u00e7\u00f5es intermedi\u00e1rias:<\/strong> Valorize seu curr\u00edculo ao longo do curso antes mesmo da formatura.<\/li>\n<\/ul>\n\n\n\n<h3 class=\"wp-block-heading has-text-align-center\" id=\"h-conheca-os-cursos-da-gran-faculdade-e-de-o-proximo-passo-na-sua-evolucao-profissional\"><a href=\"https:\/\/faculdade.grancursosonline.com.br\/nossos-cursos\/\" id=\"https:\/\/faculdade.grancursosonline.com.br\/nossos-cursos\/\" target=\"_blank\" rel=\"noopener\"><strong>Conhe\u00e7a os cursos da Gran Faculdade e d\u00ea o pr\u00f3ximo passo na sua evolu\u00e7\u00e3o profissional!<\/strong><\/a><\/h3>\n\n\n\n<h2 id=\"h-faq-duvidas-frequentes-sobre-evolucao-profissional\" class=\"wp-block-heading\"><strong>FAQ: D\u00favidas frequentes sobre evolu\u00e7\u00e3o profissional<\/strong><\/h2>\n\n\n\n<h3 id=\"h-quanto-tempo-leva-para-evoluir-de-um-cargo-junior-para-pleno\" class=\"wp-block-heading\"><strong>Quanto tempo leva para evoluir de um cargo J\u00fanior para Pleno?<\/strong><\/h3>\n\n\n\n<p class=\"wp-block-paragraph\">Em m\u00e9dia, a transi\u00e7\u00e3o de um n\u00edvel J\u00fanior para Pleno leva entre <strong>2 a 4 anos<\/strong>, dependendo do desempenho individual, da busca por qualifica\u00e7\u00f5es (como p\u00f3s-gradua\u00e7\u00f5es) e da estrutura de cargos da empresa.<\/p>\n\n\n\n<h3 id=\"h-fazer-pos-graduacao-realmente-ajuda-a-subir-de-cargo\" class=\"wp-block-heading\"><strong>Fazer p\u00f3s-gradua\u00e7\u00e3o realmente ajuda a subir de cargo?<\/strong><\/h3>\n\n\n\n<p class=\"wp-block-paragraph\"><strong>Sim.<\/strong> Cursos de p\u00f3s-gradua\u00e7\u00e3o e MBA comprovam especializa\u00e7\u00e3o, dom\u00ednio t\u00e9cnico avan\u00e7ado e vis\u00e3o estrat\u00e9gica. Em muitas empresas e em provas de t\u00edtulos de concursos p\u00fablicos, a p\u00f3s-gradua\u00e7\u00e3o \u00e9 pr\u00e9-requisito obrigat\u00f3rio para assumir cargos de lideran\u00e7a e coordena\u00e7\u00e3o.<\/p>\n\n\n\n<h3 id=\"h-como-saber-se-e-hora-de-mudar-de-empresa-para-crescer\" class=\"wp-block-heading\"><strong>Como saber se \u00e9 hora de mudar de empresa para crescer?<\/strong><\/h3>\n\n\n\n<p class=\"wp-block-paragraph\">Se voc\u00ea j\u00e1 conversou com seus gestores, apresentou resultados consistentes, buscou novas qualifica\u00e7\u00f5es e, ainda assim, a empresa n\u00e3o oferece perspectiva de crescimento ou plano de carreira claro, pode ser o momento ideal de buscar novas oportunidades no mercado.<\/p>\n\n\n\n<h2 id=\"h-vem-ser-gran\" class=\"wp-block-heading\">Vem ser Gran!<\/h2>\n\n\n\n<p class=\"wp-block-paragraph\">A Gran Faculdade vem mudando a vida de milhares de pessoas por meio de cursos \u00e0 dist\u00e2ncia de <a href=\"https:\/\/faculdade.grancursosonline.com.br\/\" target=\"_blank\" rel=\"noreferrer noopener\">gradua\u00e7\u00e3o<\/a>, <a href=\"https:\/\/pos.grancursosonline.com.br\/\" target=\"_blank\" rel=\"noreferrer noopener\">p\u00f3s-gradua\u00e7\u00e3o<\/a> e <a href=\"https:\/\/pos.grancursosonline.com.br\/mba\" target=\"_blank\" rel=\"noreferrer noopener\">MBA<\/a>. Seja no digital ou em nosso <a href=\"https:\/\/presencial.grancursosonline.com.br\/\" target=\"_blank\" rel=\"noreferrer noopener\">Campus Presencial em Curitiba<\/a>, a nossa miss\u00e3o \u00e9 transformar a educa\u00e7\u00e3o superior.<\/p>\n\n\n\n<p class=\"wp-block-paragraph\">Como parte de Sistema Gran de Ensino, que \u00e9 reconhecido como marca aprovadora h\u00e1 mais de 10 anos, constru\u00edmos uma renomada reputa\u00e7\u00e3o na \u00e1rea de educa\u00e7\u00e3o.<\/p>\n\n\n\n<p class=\"wp-block-paragraph\">Veja algumas de nossas conquistas:<\/p>\n\n\n\n<ul class=\"wp-block-list\">\n<li>Reconhecido pela Amazon como um dos projetos mais relevantes do mundo na \u00e1rea de Tecnologia e Educa\u00e7\u00e3o;<\/li>\n\n\n\n<li>Foi eleito pelo Project Management Institute (PMI), um dos 50 Projetos Mais Influentes do mundo;<\/li>\n\n\n\n<li>Somos o site de educa\u00e7\u00e3o mais acessado do Brasil;<\/li>\n\n\n\n<li>Somos avaliados com a nota m\u00e1xima pelo MEC;<\/li>\n\n\n\n<li>Aqui o semestre come\u00e7a quando quiser: entrada imediata e cont\u00ednua!<\/li>\n\n\n\n<li>Melhores pre\u00e7os do mercado;<\/li>\n\n\n\n<li>Mais de 800 mil alunos pagantes e mais de 1000 funcion\u00e1rios;<\/li>\n\n\n\n<li>Diversas ferramentas de estudo: PDFs, audiobooks, mapas mentais, videoaulas, quest\u00f5es, gerenciador de estudos e muito mais!<\/li>\n\n\n\n<li>Professores experientes e capacitados;<\/li>\n\n\n\n<li>Acesso imediato e 100% online.<\/li>\n<\/ul>\n\n\n\n<p class=\"has-text-align-center wp-block-paragraph\"><strong><a href=\"https:\/\/faculdade.grancursosonline.com.br\/\">Quero ser aluno da Gran Faculdade<\/a><\/strong><\/p>\n\n\n\n<div class=\"wp-block-group has-background\" style=\"background-color:#8dd2fc7a\"><div class=\"wp-block-group__inner-container is-layout-constrained wp-block-group-is-layout-constrained\">\n<p class=\"wp-block-paragraph\"><strong>Outras not\u00edcias em destaque:<\/strong><\/p>\n\n\n\n<ul class=\"wp-block-list\">\n<li><a href=\"https:\/\/faculdade.grancursosonline.com.br\/blog\/pdi-plano-de-desenvolvimento-individual\/\" target=\"_blank\" rel=\"noopener\">Plano de Desenvolvimento Individual (PDI): o que \u00e9? Entenda!<\/a><\/li>\n\n\n\n<li><a href=\"https:\/\/faculdade.grancursosonline.com.br\/blog\/como-mudar-de-cargo-na-empresa\/\" target=\"_blank\" rel=\"noopener\">Como mudar de cargo na empresa? Passo a passo e dicas do RH<\/a><\/li>\n\n\n\n<li><a href=\"https:\/\/faculdade.grancursosonline.com.br\/blog\/erros-no-trabalho\/\" target=\"_blank\" rel=\"noopener\">10 erros no trabalho que impedem o crescimento profissional (e como evit\u00e1-los)<\/a><\/li>\n<\/ul>\n<\/div><\/div>\n\n\n\n<div class=\"wp-block-group\"><div class=\"wp-block-group__inner-container is-layout-constrained wp-block-group-is-layout-constrained\">\n<div class=\"wp-block-group\"><div class=\"wp-block-group__inner-container is-layout-constrained wp-block-group-is-layout-constrained\">\n<section style=\"text-align: center;\">\n<p>Quer ficar por dentro da Faculdade Digital mais inovadora do Brasil?<\/p>\n<nav>\n<p class=\"has-background has-dark-bluish-background-color\" style=\"font-size: 25px; text-align: center; background: #f0f0f0; color: #ffffff; padding: 4px 0px 4xp 0px;\"><a style=\"color: #0d134c; text-decoration: underline;\" href=\"https:\/\/faculdade.grancursosonline.com.br\/\" target=\"_blank\" rel=\"noopener\">GRADUA\u00c7\u00c3O<\/a><\/p>\n<p class=\"has-background has-dark-bluish-background-color\" style=\"font-size: 25px; text-align: center; background: #f0f0f0; color: #ffffff; padding: 4px 0px 4xp 0px;\"><a style=\"color: #0d134c; text-decoration: underline;\" href=\"https:\/\/pos.grancursosonline.com.br\/\" target=\"_blank\" rel=\"noopener\">P\u00d3S-GRADUA\u00c7\u00c3O<\/a><\/p>\n<p class=\"has-background has-dark-bluish-background-color\" style=\"font-size: 25px; text-align: center; background: #f0f0f0; color: #ffffff; padding: 4px 0px 4xp 0px;\"><a style=\"color: #0d134c; text-decoration: underline;\" href=\"https:\/\/faculdade.grancursosonline.com.br\/nossos-cursos\/\" target=\"_blank\" rel=\"noopener\">TUDO SOBRE A GRAN FACULDADE<\/a><\/p>\n<\/nav>\n<p><strong>Receba <span style=\"color: #cf1e25;\">gratuitamente<\/span> no seu celular as principais not\u00edcias sobre a Gran Faculdade! <br \/>Clique no link abaixo e inscreva-se:<\/strong><\/p>\n<p class=\"has-background has-dark-bluish-background-color\" style=\"font-size: 25px; text-align: center; background: #f0f0f0; color: #ffffff; padding: 4px 0px 4xp 0px;\"><a style=\"color: #0d134c; text-decoration: underline;\" href=\"https:\/\/whatsapp.com\/channel\/0029VaG1sChI7Be7PNndhL43\" target=\"_blank\" rel=\"noopener noreferrer\">WHATSAPP<\/a><\/p>\n<p class=\"has-background has-dark-bluish-background-color\" style=\"font-size: 25px; text-align: center; background: #f0f0f0; color: #ffffff; padding: 4px 0px 4xp 0px;\"><a style=\"color: #0d134c; text-decoration: underline;\" href=\"https:\/\/t.me\/GranFaculdade\" target=\"_blank\" rel=\"noopener noreferrer\">TELEGRAM<\/a><\/p>\n<\/section>\n<\/div><\/div>\n<\/div><\/div>\n","protected":false},"excerpt":{"rendered":"<p>O mercado de trabalho atual exige mais do que o cumprimento de tarefas operacionais. Em um cen\u00e1rio corporativo, impulsionado pela transforma\u00e7\u00e3o digital e pela constante mudan\u00e7a nas exig\u00eancias das empresas, saber como evoluir profissionalmente tornou-se um requisito indispens\u00e1vel para quem busca estabilidade, promo\u00e7\u00f5es e sal\u00e1rios mais altos. Evoluir na carreira n\u00e3o \u00e9 uma quest\u00e3o de&hellip;<\/p>\n","protected":false},"author":514,"featured_media":79769029,"comment_status":"open","ping_status":"open","sticky":false,"template":"","format":"standard","meta":{"_acf_changed":false,"content-type":"","footnotes":""},"categories":[218669,2],"tags":[],"class_list":["post-79768954","post","type-post","status-publish","format-standard","has-post-thumbnail","hentry","category-empregabilidade","category-ultimas-noticias"],"acf":[],"yoast_head":"<!-- This site is optimized with the Yoast SEO Premium plugin v27.2 (Yoast SEO v27.2) - https:\/\/yoast.com\/product\/yoast-seo-premium-wordpress\/ -->\n<title>Como evoluir profissionalmente? Confira 7 dicas para alavancar sua carreira<\/title>\n<meta name=\"description\" content=\"Quer crescer na carreira e alcan\u00e7ar melhores sal\u00e1rios? Confira 7 dicas pr\u00e1ticas para evoluir profissionalmente\" \/>\n<meta name=\"robots\" content=\"index, follow, max-snippet:-1, max-image-preview:large, max-video-preview:-1\" \/>\n<link rel=\"canonical\" href=\"https:\/\/faculdade.grancursosonline.com.br\/blog\/como-evoluir-profissionalmente\/\" \/>\n<meta property=\"og:locale\" content=\"pt_BR\" \/>\n<meta property=\"og:type\" content=\"article\" \/>\n<meta property=\"og:title\" content=\"Como evoluir profissionalmente? Confira 7 dicas para alavancar sua carreira\" \/>\n<meta property=\"og:description\" content=\"Quer crescer na carreira e alcan\u00e7ar melhores sal\u00e1rios? Confira 7 dicas pr\u00e1ticas para evoluir profissionalmente\" \/>\n<meta property=\"og:url\" content=\"https:\/\/faculdade.grancursosonline.com.br\/blog\/como-evoluir-profissionalmente\/\" \/>\n<meta property=\"og:site_name\" content=\"Blog Gran Faculdade\" \/>\n<meta property=\"article:publisher\" content=\"https:\/\/www.facebook.com\/grancursosonline\/\" \/>\n<meta property=\"article:published_time\" content=\"2026-09-01T20:11:58+00:00\" \/>\n<meta property=\"article:modified_time\" content=\"2026-09-03T20:23:37+00:00\" \/>\n<meta property=\"og:image\" content=\"https:\/\/blog-es-static.infra.grancursosonline.com.br\/wp-content\/uploads\/2026\/09\/03172325\/como-evoluir-profissionalmente-2.png\" \/>\n\t<meta property=\"og:image:width\" content=\"510\" \/>\n\t<meta property=\"og:image:height\" content=\"310\" \/>\n\t<meta property=\"og:image:type\" content=\"image\/png\" \/>\n<meta name=\"author\" content=\"Guilherme Henrique\" \/>\n<meta name=\"twitter:card\" content=\"summary_large_image\" \/>\n<meta name=\"twitter:creator\" content=\"@gran_online\" \/>\n<meta name=\"twitter:site\" content=\"@gran_online\" \/>\n<meta name=\"twitter:label1\" content=\"Written by\" \/>\n\t<meta name=\"twitter:data1\" content=\"Guilherme Henrique\" \/>\n\t<meta name=\"twitter:label2\" content=\"Est. reading time\" \/>\n\t<meta name=\"twitter:data2\" content=\"15 minutos\" \/>\n<script type=\"application\/ld+json\" class=\"yoast-schema-graph\">{\"@context\":\"https:\/\/schema.org\",\"@graph\":[{\"@type\":\"NewsArticle\",\"@id\":\"https:\/\/faculdade.grancursosonline.com.br\/blog\/como-evoluir-profissionalmente\/#article\",\"isPartOf\":{\"@id\":\"https:\/\/faculdade.grancursosonline.com.br\/blog\/como-evoluir-profissionalmente\/\"},\"author\":{\"name\":\"Guilherme Henrique\",\"@id\":\"https:\/\/faculdade.grancursosonline.com.br\/blog\/#\/schema\/person\/9745f9b6db8976613c1f439dbcfe717d\"},\"headline\":\"Como evoluir profissionalmente? Confira 7 dicas para alavancar sua carreira\",\"datePublished\":\"2026-09-01T20:11:58+00:00\",\"dateModified\":\"2026-09-03T20:23:37+00:00\",\"mainEntityOfPage\":{\"@id\":\"https:\/\/faculdade.grancursosonline.com.br\/blog\/como-evoluir-profissionalmente\/\"},\"wordCount\":965,\"commentCount\":0,\"publisher\":{\"@id\":\"https:\/\/faculdade.grancursosonline.com.br\/blog\/#organization\"},\"image\":{\"@id\":\"https:\/\/faculdade.grancursosonline.com.br\/blog\/como-evoluir-profissionalmente\/#primaryimage\"},\"thumbnailUrl\":\"https:\/\/blog-es-static.infra.grancursosonline.com.br\/wp-content\/uploads\/2026\/09\/03172315\/como-evoluir-profissionalmente.png\",\"articleSection\":[\"Empregabilidade\",\"\u00daltimas Not\u00edcias\"],\"inLanguage\":\"pt-BR\",\"potentialAction\":[{\"@type\":\"CommentAction\",\"name\":\"Comment\",\"target\":[\"https:\/\/faculdade.grancursosonline.com.br\/blog\/como-evoluir-profissionalmente\/#respond\"]}],\"copyrightYear\":\"2026\",\"copyrightHolder\":{\"@id\":\"https:\/\/faculdade.grancursosonline.com.br\/blog\/#organization\"}},{\"@type\":\"WebPage\",\"@id\":\"https:\/\/faculdade.grancursosonline.com.br\/blog\/como-evoluir-profissionalmente\/\",\"url\":\"https:\/\/faculdade.grancursosonline.com.br\/blog\/como-evoluir-profissionalmente\/\",\"name\":\"Como evoluir profissionalmente? Confira 7 dicas para alavancar sua carreira\",\"isPartOf\":{\"@id\":\"https:\/\/faculdade.grancursosonline.com.br\/blog\/#website\"},\"primaryImageOfPage\":{\"@id\":\"https:\/\/faculdade.grancursosonline.com.br\/blog\/como-evoluir-profissionalmente\/#primaryimage\"},\"image\":{\"@id\":\"https:\/\/faculdade.grancursosonline.com.br\/blog\/como-evoluir-profissionalmente\/#primaryimage\"},\"thumbnailUrl\":\"https:\/\/blog-es-static.infra.grancursosonline.com.br\/wp-content\/uploads\/2026\/09\/03172315\/como-evoluir-profissionalmente.png\",\"datePublished\":\"2026-09-01T20:11:58+00:00\",\"dateModified\":\"2026-09-03T20:23:37+00:00\",\"description\":\"Quer crescer na carreira e alcan\u00e7ar melhores sal\u00e1rios? Confira 7 dicas pr\u00e1ticas para evoluir profissionalmente\",\"breadcrumb\":{\"@id\":\"https:\/\/faculdade.grancursosonline.com.br\/blog\/como-evoluir-profissionalmente\/#breadcrumb\"},\"inLanguage\":\"pt-BR\",\"potentialAction\":[{\"@type\":\"ReadAction\",\"target\":[\"https:\/\/faculdade.grancursosonline.com.br\/blog\/como-evoluir-profissionalmente\/\"]}]},{\"@type\":\"ImageObject\",\"inLanguage\":\"pt-BR\",\"@id\":\"https:\/\/faculdade.grancursosonline.com.br\/blog\/como-evoluir-profissionalmente\/#primaryimage\",\"url\":\"https:\/\/blog-es-static.infra.grancursosonline.com.br\/wp-content\/uploads\/2026\/09\/03172315\/como-evoluir-profissionalmente.png\",\"contentUrl\":\"https:\/\/blog-es-static.infra.grancursosonline.com.br\/wp-content\/uploads\/2026\/09\/03172315\/como-evoluir-profissionalmente.png\",\"width\":1000,\"height\":600,\"caption\":\"Como evoluir profissionalmente? Confira 7 dicas para alavancar sua carreira\"},{\"@type\":\"BreadcrumbList\",\"@id\":\"https:\/\/faculdade.grancursosonline.com.br\/blog\/como-evoluir-profissionalmente\/#breadcrumb\",\"itemListElement\":[{\"@type\":\"ListItem\",\"position\":1,\"name\":\"In\u00edcio\",\"item\":\"https:\/\/faculdade.grancursosonline.com.br\/blog\/\"},{\"@type\":\"ListItem\",\"position\":2,\"name\":\"Empregabilidade\",\"item\":\"https:\/\/faculdade.grancursosonline.com.br\/blog\/categoria\/empregabilidade\/\"},{\"@type\":\"ListItem\",\"position\":3,\"name\":\"Como evoluir profissionalmente? Confira 7 dicas para alavancar sua carreira\"}]},{\"@type\":\"WebSite\",\"@id\":\"https:\/\/faculdade.grancursosonline.com.br\/blog\/#website\",\"url\":\"https:\/\/faculdade.grancursosonline.com.br\/blog\/\",\"name\":\"Blog Gran Faculdade\",\"description\":\"Tudo sobre ensino superior, p\u00f3s-gradua\u00e7\u00e3o, enem e carreira.\",\"publisher\":{\"@id\":\"https:\/\/faculdade.grancursosonline.com.br\/blog\/#organization\"},\"potentialAction\":[{\"@type\":\"SearchAction\",\"target\":{\"@type\":\"EntryPoint\",\"urlTemplate\":\"https:\/\/faculdade.grancursosonline.com.br\/blog\/?s={search_term_string}\"},\"query-input\":{\"@type\":\"PropertyValueSpecification\",\"valueRequired\":true,\"valueName\":\"search_term_string\"}}],\"inLanguage\":\"pt-BR\"},{\"@type\":\"Organization\",\"@id\":\"https:\/\/faculdade.grancursosonline.com.br\/blog\/#organization\",\"name\":\"Gran Cursos Online\",\"url\":\"https:\/\/faculdade.grancursosonline.com.br\/blog\/\",\"logo\":{\"@type\":\"ImageObject\",\"inLanguage\":\"pt-BR\",\"@id\":\"https:\/\/faculdade.grancursosonline.com.br\/blog\/#\/schema\/logo\/image\/\",\"url\":\"https:\/\/blog-es-static.infra.grancursosonline.com.br\/wp-content\/uploads\/2019\/08\/03123934\/logo.png\",\"contentUrl\":\"https:\/\/blog-es-static.infra.grancursosonline.com.br\/wp-content\/uploads\/2019\/08\/03123934\/logo.png\",\"width\":300,\"height\":57,\"caption\":\"Gran Cursos Online\"},\"image\":{\"@id\":\"https:\/\/faculdade.grancursosonline.com.br\/blog\/#\/schema\/logo\/image\/\"},\"sameAs\":[\"https:\/\/www.facebook.com\/grancursosonline\/\",\"https:\/\/x.com\/gran_online\",\"https:\/\/www.instagram.com\/grancursosonline\/\",\"https:\/\/www.youtube.com\/user\/grancursostv\"]},{\"@type\":\"Person\",\"@id\":\"https:\/\/faculdade.grancursosonline.com.br\/blog\/#\/schema\/person\/9745f9b6db8976613c1f439dbcfe717d\",\"name\":\"Guilherme Henrique\",\"url\":\"https:\/\/faculdade.grancursosonline.com.br\/blog\/author\/guilherme-lourenco\/\"}]}<\/script>\n<!-- \/ Yoast SEO Premium plugin. -->","yoast_head_json":{"title":"Como evoluir profissionalmente? Confira 7 dicas para alavancar sua carreira","description":"Quer crescer na carreira e alcan\u00e7ar melhores sal\u00e1rios? Confira 7 dicas pr\u00e1ticas para evoluir profissionalmente","robots":{"index":"index","follow":"follow","max-snippet":"max-snippet:-1","max-image-preview":"max-image-preview:large","max-video-preview":"max-video-preview:-1"},"canonical":"https:\/\/faculdade.grancursosonline.com.br\/blog\/como-evoluir-profissionalmente\/","og_locale":"pt_BR","og_type":"article","og_title":"Como evoluir profissionalmente? Confira 7 dicas para alavancar sua carreira","og_description":"Quer crescer na carreira e alcan\u00e7ar melhores sal\u00e1rios? Confira 7 dicas pr\u00e1ticas para evoluir profissionalmente","og_url":"https:\/\/faculdade.grancursosonline.com.br\/blog\/como-evoluir-profissionalmente\/","og_site_name":"Blog Gran Faculdade","article_publisher":"https:\/\/www.facebook.com\/grancursosonline\/","article_published_time":"2026-09-01T20:11:58+00:00","article_modified_time":"2026-09-03T20:23:37+00:00","og_image":[{"width":510,"height":310,"url":"https:\/\/blog-es-static.infra.grancursosonline.com.br\/wp-content\/uploads\/2026\/09\/03172325\/como-evoluir-profissionalmente-2.png","type":"image\/png"}],"author":"Guilherme Henrique","twitter_card":"summary_large_image","twitter_creator":"@gran_online","twitter_site":"@gran_online","twitter_misc":{"Written by":"Guilherme Henrique","Est. reading time":"15 minutos"},"schema":{"@context":"https:\/\/schema.org","@graph":[{"@type":"NewsArticle","@id":"https:\/\/faculdade.grancursosonline.com.br\/blog\/como-evoluir-profissionalmente\/#article","isPartOf":{"@id":"https:\/\/faculdade.grancursosonline.com.br\/blog\/como-evoluir-profissionalmente\/"},"author":{"name":"Guilherme Henrique","@id":"https:\/\/faculdade.grancursosonline.com.br\/blog\/#\/schema\/person\/9745f9b6db8976613c1f439dbcfe717d"},"headline":"Como evoluir profissionalmente? Confira 7 dicas para alavancar sua carreira","datePublished":"2026-09-01T20:11:58+00:00","dateModified":"2026-09-03T20:23:37+00:00","mainEntityOfPage":{"@id":"https:\/\/faculdade.grancursosonline.com.br\/blog\/como-evoluir-profissionalmente\/"},"wordCount":965,"commentCount":0,"publisher":{"@id":"https:\/\/faculdade.grancursosonline.com.br\/blog\/#organization"},"image":{"@id":"https:\/\/faculdade.grancursosonline.com.br\/blog\/como-evoluir-profissionalmente\/#primaryimage"},"thumbnailUrl":"https:\/\/blog-es-static.infra.grancursosonline.com.br\/wp-content\/uploads\/2026\/09\/03172315\/como-evoluir-profissionalmente.png","articleSection":["Empregabilidade","\u00daltimas Not\u00edcias"],"inLanguage":"pt-BR","potentialAction":[{"@type":"CommentAction","name":"Comment","target":["https:\/\/faculdade.grancursosonline.com.br\/blog\/como-evoluir-profissionalmente\/#respond"]}],"copyrightYear":"2026","copyrightHolder":{"@id":"https:\/\/faculdade.grancursosonline.com.br\/blog\/#organization"}},{"@type":"WebPage","@id":"https:\/\/faculdade.grancursosonline.com.br\/blog\/como-evoluir-profissionalmente\/","url":"https:\/\/faculdade.grancursosonline.com.br\/blog\/como-evoluir-profissionalmente\/","name":"Como evoluir profissionalmente? Confira 7 dicas para alavancar sua carreira","isPartOf":{"@id":"https:\/\/faculdade.grancursosonline.com.br\/blog\/#website"},"primaryImageOfPage":{"@id":"https:\/\/faculdade.grancursosonline.com.br\/blog\/como-evoluir-profissionalmente\/#primaryimage"},"image":{"@id":"https:\/\/faculdade.grancursosonline.com.br\/blog\/como-evoluir-profissionalmente\/#primaryimage"},"thumbnailUrl":"https:\/\/blog-es-static.infra.grancursosonline.com.br\/wp-content\/uploads\/2026\/09\/03172315\/como-evoluir-profissionalmente.png","datePublished":"2026-09-01T20:11:58+00:00","dateModified":"2026-09-03T20:23:37+00:00","description":"Quer crescer na carreira e alcan\u00e7ar melhores sal\u00e1rios? Confira 7 dicas pr\u00e1ticas para evoluir profissionalmente","breadcrumb":{"@id":"https:\/\/faculdade.grancursosonline.com.br\/blog\/como-evoluir-profissionalmente\/#breadcrumb"},"inLanguage":"pt-BR","potentialAction":[{"@type":"ReadAction","target":["https:\/\/faculdade.grancursosonline.com.br\/blog\/como-evoluir-profissionalmente\/"]}]},{"@type":"ImageObject","inLanguage":"pt-BR","@id":"https:\/\/faculdade.grancursosonline.com.br\/blog\/como-evoluir-profissionalmente\/#primaryimage","url":"https:\/\/blog-es-static.infra.grancursosonline.com.br\/wp-content\/uploads\/2026\/09\/03172315\/como-evoluir-profissionalmente.png","contentUrl":"https:\/\/blog-es-static.infra.grancursosonline.com.br\/wp-content\/uploads\/2026\/09\/03172315\/como-evoluir-profissionalmente.png","width":1000,"height":600,"caption":"Como evoluir profissionalmente? Confira 7 dicas para alavancar sua carreira"},{"@type":"BreadcrumbList","@id":"https:\/\/faculdade.grancursosonline.com.br\/blog\/como-evoluir-profissionalmente\/#breadcrumb","itemListElement":[{"@type":"ListItem","position":1,"name":"In\u00edcio","item":"https:\/\/faculdade.grancursosonline.com.br\/blog\/"},{"@type":"ListItem","position":2,"name":"Empregabilidade","item":"https:\/\/faculdade.grancursosonline.com.br\/blog\/categoria\/empregabilidade\/"},{"@type":"ListItem","position":3,"name":"Como evoluir profissionalmente? Confira 7 dicas para alavancar sua carreira"}]},{"@type":"WebSite","@id":"https:\/\/faculdade.grancursosonline.com.br\/blog\/#website","url":"https:\/\/faculdade.grancursosonline.com.br\/blog\/","name":"Blog Gran Faculdade","description":"Tudo sobre ensino superior, p\u00f3s-gradua\u00e7\u00e3o, enem e carreira.","publisher":{"@id":"https:\/\/faculdade.grancursosonline.com.br\/blog\/#organization"},"potentialAction":[{"@type":"SearchAction","target":{"@type":"EntryPoint","urlTemplate":"https:\/\/faculdade.grancursosonline.com.br\/blog\/?s={search_term_string}"},"query-input":{"@type":"PropertyValueSpecification","valueRequired":true,"valueName":"search_term_string"}}],"inLanguage":"pt-BR"},{"@type":"Organization","@id":"https:\/\/faculdade.grancursosonline.com.br\/blog\/#organization","name":"Gran Cursos Online","url":"https:\/\/faculdade.grancursosonline.com.br\/blog\/","logo":{"@type":"ImageObject","inLanguage":"pt-BR","@id":"https:\/\/faculdade.grancursosonline.com.br\/blog\/#\/schema\/logo\/image\/","url":"https:\/\/blog-es-static.infra.grancursosonline.com.br\/wp-content\/uploads\/2019\/08\/03123934\/logo.png","contentUrl":"https:\/\/blog-es-static.infra.grancursosonline.com.br\/wp-content\/uploads\/2019\/08\/03123934\/logo.png","width":300,"height":57,"caption":"Gran Cursos Online"},"image":{"@id":"https:\/\/faculdade.grancursosonline.com.br\/blog\/#\/schema\/logo\/image\/"},"sameAs":["https:\/\/www.facebook.com\/grancursosonline\/","https:\/\/x.com\/gran_online","https:\/\/www.instagram.com\/grancursosonline\/","https:\/\/www.youtube.com\/user\/grancursostv"]},{"@type":"Person","@id":"https:\/\/faculdade.grancursosonline.com.br\/blog\/#\/schema\/person\/9745f9b6db8976613c1f439dbcfe717d","name":"Guilherme Henrique","url":"https:\/\/faculdade.grancursosonline.com.br\/blog\/author\/guilherme-lourenco\/"}]}},"_links":{"self":[{"href":"https:\/\/faculdade.grancursosonline.com.br\/blog\/wp-json\/wp\/v2\/posts\/79768954","targetHints":{"allow":["GET"]}}],"collection":[{"href":"https:\/\/faculdade.grancursosonline.com.br\/blog\/wp-json\/wp\/v2\/posts"}],"about":[{"href":"https:\/\/faculdade.grancursosonline.com.br\/blog\/wp-json\/wp\/v2\/types\/post"}],"author":[{"embeddable":true,"href":"https:\/\/faculdade.grancursosonline.com.br\/blog\/wp-json\/wp\/v2\/users\/514"}],"replies":[{"embeddable":true,"href":"https:\/\/faculdade.grancursosonline.com.br\/blog\/wp-json\/wp\/v2\/comments?post=79768954"}],"version-history":[{"count":1,"href":"https:\/\/faculdade.grancursosonline.com.br\/blog\/wp-json\/wp\/v2\/posts\/79768954\/revisions"}],"predecessor-version":[{"id":79768963,"href":"https:\/\/faculdade.grancursosonline.com.br\/blog\/wp-json\/wp\/v2\/posts\/79768954\/revisions\/79768963"}],"wp:featuredmedia":[{"embeddable":true,"href":"https:\/\/faculdade.grancursosonline.com.br\/blog\/wp-json\/wp\/v2\/media\/79769029"}],"wp:attachment":[{"href":"https:\/\/faculdade.grancursosonline.com.br\/blog\/wp-json\/wp\/v2\/media?parent=79768954"}],"wp:term":[{"taxonomy":"category","embeddable":true,"href":"https:\/\/faculdade.grancursosonline.com.br\/blog\/wp-json\/wp\/v2\/categories?post=79768954"},{"taxonomy":"post_tag","embeddable":true,"href":"https:\/\/faculdade.grancursosonline.com.br\/blog\/wp-json\/wp\/v2\/tags?post=79768954"}],"curies":[{"name":"wp","href":"https:\/\/api.w.org\/{rel}","templated":true}]}}